{"id":67043,"date":"2023-11-12T20:05:17","date_gmt":"2023-11-13T00:05:17","guid":{"rendered":"https:\/\/lasprimeras.com.do\/?p=67043"},"modified":"2023-11-12T20:05:19","modified_gmt":"2023-11-13T00:05:19","slug":"leonel-asegura-que-nunca-habia-sentido-tanto-apoyo-en-europa-como-ahora","status":"publish","type":"post","link":"https:\/\/lasprimeras.com.do\/index.php\/2023\/11\/12\/leonel-asegura-que-nunca-habia-sentido-tanto-apoyo-en-europa-como-ahora\/","title":{"rendered":"Leonel asegura que nunca hab\u00eda sentido tanto apoyo en Europa como ahora"},"content":{"rendered":"\n<p><strong>Madrid, Espa\u00f1a.-<\/strong> El presidente de la Fuerza del Pueblo, doctor Leonel Fern\u00e1ndez asegur\u00f3 este domingo en Madrid que, en Europa nunca hab\u00eda sentido tanto apoyo como el que est\u00e1 sintiendo en estos momentos.<\/p>\n\n\n\n<p>Las afirmaciones del presidente de la Fuerza del Pueblo fueron emitidas en un encuentro regional de dirigentes de esa organizaci\u00f3n, en el que los representantes de cada localidad presentaron un informe de las metas propuestas, de cara a ganar las elecciones presidenciales de mayo del 2024.<\/p>\n\n\n\n<p>El presidente de la FP confes\u00f3 su sorpresa al entrar a la asamblea, por lo que dijo: \u201cLa verdad es que cuando entr\u00e9 a este lugar esta noche, sent\u00ed que hab\u00edamos rebosado todas las expectativas\u201d.<\/p>\n\n\n\n<p>\u201cNunca antes hab\u00eda sentido este auditorio con tanta presencia de nuestros compa\u00f1eros de la Fuerza del Pueblo, aqu\u00ed en Espa\u00f1a y en toda Europa\u201d, dijo el candidato presidencial de la FP.<\/p>\n\n\n\n<p>El expresidente dominicano arrib\u00f3 al Aeropuerto Adolfo Su\u00e1rez Madrid-Barajas, la ma\u00f1ana de este domingo, donde fue recibido por una amplia delegaci\u00f3n de miembros y dirigentes de la Fuerza del Pueblo.<\/p>\n\n\n\n<p>La primera actividad de la agenda en la capital espa\u00f1ola del l\u00edder de la oposici\u00f3n pol\u00edtica dominicana, fue encabezar un encuentro con dirigentes de la Fuerza del Pueblo, en el local de la Uni\u00f3n General de Trabajadores (UGT), con la coordinaci\u00f3n del Diputado de la Patria, y titular de la Secretar\u00eda de Dominicanos del Exterior de la FP, Marcos Cross.<\/p>\n\n\n\n<p>Agenda de Fern\u00e1ndez en Espa\u00f1a: Este lunes el expresidente de la Rep\u00fablica Dominicana asistir\u00e1 a la reuni\u00f3n del Consejo Rector de la C\u00e1tedra Iberoamericana de Integraci\u00f3n de la Organizaci\u00f3n de Estados Iberoamericanos, en la que tambi\u00e9n participar\u00e1n Mariano Jabonero, secretario general de la Organizaci\u00f3n de Estados Iberoamericanos para la Educaci\u00f3n, la Ciencia y la Cultura (OEI); Andr\u00e9s Delich, secretario general adjunto de la OEI; y Jos\u00e9 Luis Rodr\u00edguez Zapatero, expresidente de Espa\u00f1a.<\/p>\n\n\n\n<p>Igualmente asistir\u00e1n al encuentro: Ernesto Samper Pizano, expresidente de Colombia; Vinicio Cerezo, expresidente de Guatemala; Jos\u00e9 Octavio Bord\u00f3n, expresidente del Consejo Argentino para las Relaciones Internacionales; Diego L\u00f3pez Garrido, vicepresidente ejecutivo de la Fundaci\u00f3n Alternativas; Erika Rodr\u00edguez Pinz\u00f3n, investigadora de la Universidad Complutense de Madrid; y Luis Scasso, director de la oficina de OEI en Argentina y coordinador de la C\u00e1tedra Iberoamericana de Integraci\u00f3n de la OEI.&nbsp;<\/p>\n\n\n\n<p>En la reuni\u00f3n del Consejo Rector de la C\u00e1tedra Iberoamericana de Integraci\u00f3n de la Organizaci\u00f3n de Estados Iberoamericanos se abordar\u00e1n temas relacionados a los pilares necesarios para construir la integraci\u00f3n de Iberoam\u00e9rica, la sostenibilidad ecol\u00f3gica, inteligencia artificial, transformaci\u00f3n educativa digital, integraci\u00f3n cultural, entre otros.<\/p>\n\n\n\n<p>El martes Fern\u00e1ndez, quien es el candidato a la presidencia por la Fuerza del Pueblo y partidos aliados, realizar\u00e1 varios encuentros acad\u00e9micos durante el d\u00eda y participar\u00e1 en un evento de recaudaci\u00f3n de fondos, organizado por el Sector Externo de la campa\u00f1a en Europa.<\/p>\n\n\n\n<p>El mi\u00e9rcoles el tambi\u00e9n presidente de la Fuerza del Pueblo sostendr\u00e1 diversas actividades acad\u00e9micas y encuentros con la di\u00e1spora dominicana radicada en Espa\u00f1a. Regresar\u00e1 a Rep\u00fablica Dominicana el jueves 16 de noviembre.<\/p>\n","protected":false},"excerpt":{"rendered":"<p>Madrid, Espa\u00f1a.- El presidente de la Fuerza del Pueblo, doctor Leonel Fern\u00e1ndez asegur\u00f3 este domingo en Madrid que, en Europa nunca hab\u00eda sentido tanto apoyo como el que est\u00e1 sintiendo&hellip;<\/p>\n","protected":false},"author":2,"featured_media":67044,"comment_status":"open","ping_status":"open","sticky":false,"template":"","format":"standard","meta":{"content-type":"","jetpack_post_was_ever_published":false,"_jetpack_newsletter_access":"","_jetpack_dont_email_post_to_subs":false,"_jetpack_newsletter_tier_id":0,"_jetpack_memberships_contains_paywalled_content":false,"_jetpack_memberships_contains_paid_content":false,"footnotes":""},"categories":[25],"tags":[1486,158,51,670],"class_list":["post-67043","post","type-post","status-publish","format-standard","has-post-thumbnail","hentry","category-portada","tag-europa","tag-fuerza-del-pueblo","tag-leonel-fernandez","tag-madrid"],"jetpack_featured_media_url":"https:\/\/lasprimeras.com.do\/wp-content\/uploads\/2023\/11\/Leonel-Fernandez-1.jpg","jetpack-related-posts":[{"id":49153,"url":"https:\/\/lasprimeras.com.do\/index.php\/2023\/05\/08\/leonel-fernandez-juramenta-mas-de-150-mujeres-del-prm-en-madrid\/","url_meta":{"origin":67043,"position":0},"title":"Leonel Fern\u00e1ndez juramenta m\u00e1s de 150 mujeres del PRM en Madrid","author":"prenxa100","date":"8 de mayo de 2023","format":false,"excerpt":"Madrid, Espa\u00f1a \u2013 El presidente de la Fuerza del Pueblo doctor Leonel Fern\u00e1ndez, jurament\u00f3 m\u00e1s de 150 mujeres en Madrid, provenientes del Partido Revolucionario Moderno (PRM), quienes se unieron oficialmente a la organizaci\u00f3n pol\u00edtica. Este evento marca el inicio del movimiento \u201cMujeres con Leonel en Europa\u201d, liderado por Corcia Moreno\u2026","rel":"","context":"En \u00abPORTADA\u00bb","block_context":{"text":"PORTADA","link":"https:\/\/lasprimeras.com.do\/index.php\/category\/portada\/"},"img":{"alt_text":"","src":"","width":0,"height":0},"classes":[]},{"id":48887,"url":"https:\/\/lasprimeras.com.do\/index.php\/2023\/05\/04\/leonel-fernandez-juramentara-cientos-de-ex-dirigentes-del-prm-en-espana\/","url_meta":{"origin":67043,"position":1},"title":"Leonel Fern\u00e1ndez juramentar\u00e1 cientos de ex dirigentes del PRM en Espa\u00f1a","author":"prenxa100","date":"4 de mayo de 2023","format":false,"excerpt":"Madrid, Espa\u00f1a.-. El presidente de la Fuerza del Pueblo, Leonel Fern\u00e1ndez, lleg\u00f3 hoy a Madrid para celebrar diversos encuentros y tres juramentaciones en el campo intelectual y con dirigentes europeos. El primer evento, al que asistir\u00e1n miembros dirigentes de toda Europa, donde se juramentaran dirigentes del PRSC, del PRM y\u2026","rel":"","context":"En \u00abPORTADA\u00bb","block_context":{"text":"PORTADA","link":"https:\/\/lasprimeras.com.do\/index.php\/category\/portada\/"},"img":{"alt_text":"","src":"","width":0,"height":0},"classes":[]},{"id":109116,"url":"https:\/\/lasprimeras.com.do\/index.php\/2025\/09\/14\/leonel-fernandez-afirma-que-nueva-directiva-de-la-fp-asegurara-el-triunfo-en-el-2028\/","url_meta":{"origin":67043,"position":2},"title":"Leonel Fern\u00e1ndez afirma que nueva directiva de la FP asegurar\u00e1 el &#8220;triunfo&#8221; en el 2028","author":"Nelson Feliz","date":"14 de septiembre de 2025","format":false,"excerpt":"Ante el proceso electoral interno para la reestructuraci\u00f3n del partido Fuerza del Pueblo (FP) realizado este domingo, militantes, incluyendo a su l\u00edder Leonel Fern\u00e1ndez, aseguran que la nueva directiva garantizar\u00e1 el triunfo presidencial para el 2028. As\u00ed lo manifest\u00f3 el presidente de la organizaci\u00f3n pol\u00edtica opositora, luego de ejercer su\u2026","rel":"","context":"En \u00abPOLITICA\u00bb","block_context":{"text":"POLITICA","link":"https:\/\/lasprimeras.com.do\/index.php\/category\/politica\/"},"img":{"alt_text":"Leonel Fern\u00e1ndez","src":"https:\/\/i0.wp.com\/lasprimeras.com.do\/wp-content\/uploads\/2025\/09\/Leonel-Fernandez.jpeg?resize=350%2C200&ssl=1","width":350,"height":200,"srcset":"https:\/\/i0.wp.com\/lasprimeras.com.do\/wp-content\/uploads\/2025\/09\/Leonel-Fernandez.jpeg?resize=350%2C200&ssl=1 1x, https:\/\/i0.wp.com\/lasprimeras.com.do\/wp-content\/uploads\/2025\/09\/Leonel-Fernandez.jpeg?resize=525%2C300&ssl=1 1.5x, https:\/\/i0.wp.com\/lasprimeras.com.do\/wp-content\/uploads\/2025\/09\/Leonel-Fernandez.jpeg?resize=700%2C400&ssl=1 2x"},"classes":[]},{"id":105385,"url":"https:\/\/lasprimeras.com.do\/index.php\/2025\/08\/03\/leonel-califica-de-desbordante-participacion-de-dirigentes-en-elecciones-internas-este-domingo\/","url_meta":{"origin":67043,"position":3},"title":"Leonel califica de \u201cdesbordante\u201d participaci\u00f3n de dirigentes en elecciones internas este domingo","author":"Nelson Feliz","date":"3 de agosto de 2025","format":false,"excerpt":"Elecciones internas de la Fuerza del Pueblo registran participaci\u00f3n masiva; Leonel la define como \u201cdemostraci\u00f3n contundente\u201d El presidente del partido Fuerza del Pueblo (FP), Leonel Fern\u00e1ndez, calific\u00f3 como \u201cdesbordante\u201d la participaci\u00f3n de los dirigentes en las elecciones internas que celebra este domingo la organizaci\u00f3n pol\u00edtica, asegurando que el nivel de\u2026","rel":"","context":"En \u00abPOLITICA\u00bb","block_context":{"text":"POLITICA","link":"https:\/\/lasprimeras.com.do\/index.php\/category\/politica\/"},"img":{"alt_text":"","src":"https:\/\/i0.wp.com\/lasprimeras.com.do\/wp-content\/uploads\/2025\/08\/leonel-5.jpg?resize=350%2C200&ssl=1","width":350,"height":200,"srcset":"https:\/\/i0.wp.com\/lasprimeras.com.do\/wp-content\/uploads\/2025\/08\/leonel-5.jpg?resize=350%2C200&ssl=1 1x, https:\/\/i0.wp.com\/lasprimeras.com.do\/wp-content\/uploads\/2025\/08\/leonel-5.jpg?resize=525%2C300&ssl=1 1.5x, https:\/\/i0.wp.com\/lasprimeras.com.do\/wp-content\/uploads\/2025\/08\/leonel-5.jpg?resize=700%2C400&ssl=1 2x"},"classes":[]},{"id":49034,"url":"https:\/\/lasprimeras.com.do\/index.php\/2023\/05\/07\/madrid-leonel-anuncio-creacion-de-un-ministerio-de-los-dominicanos-en-el-exterior\/","url_meta":{"origin":67043,"position":4},"title":"Madrid: Leonel anunci\u00f3 creaci\u00f3n de un Ministerio de los Dominicanos en el Exterior","author":"prenxa100","date":"7 de mayo de 2023","format":false,"excerpt":"MADRID, ESPA\u00d1A.-El presidente de la Fuerza del Pueblo, Leonel Fern\u00e1ndez, se comprometi\u00f3 hoy en Madrid, ante un grupo de m\u00e1s de trescientos dirigentes de la FP en Europa, a crear un Ministerio de los Dominicanos en el Exterior, en un pr\u00f3ximo mandato. Fern\u00e1ndez, sostuvo que se suprimir\u00e1 el Instituto de\u2026","rel":"","context":"En \u00abPORTADA\u00bb","block_context":{"text":"PORTADA","link":"https:\/\/lasprimeras.com.do\/index.php\/category\/portada\/"},"img":{"alt_text":"","src":"","width":0,"height":0},"classes":[]},{"id":49325,"url":"https:\/\/lasprimeras.com.do\/index.php\/2023\/05\/10\/madrid-fp-juramento-al-presidente-del-movimiento-rai-a-jose-luis-encarnacion\/","url_meta":{"origin":67043,"position":5},"title":"Madrid: FP jurament\u00f3 al presidente del movimiento RAI a Jos\u00e9 Luis Encarnaci\u00f3n","author":"prenxa100","date":"10 de mayo de 2023","format":false,"excerpt":"MADRID, Espa\u00f1a.- El presidente y candidato presidencial de la Fuerza del Pueblo Dr. Leonel Fern\u00e1ndez, jurament\u00f3 al doctor Jos\u00e9 Luis Encarnaci\u00f3n Bautista y parte representativa compuesta por unos 40 integrantes del movimiento Red de Avance Integral (RAI), quienes se sumar\u00e1n a la candidatura presidencial del exmandatario. La juramentaci\u00f3n se llev\u00f3\u2026","rel":"","context":"En \u00abPORTADA\u00bb","block_context":{"text":"PORTADA","link":"https:\/\/lasprimeras.com.do\/index.php\/category\/portada\/"},"img":{"alt_text":"","src":"https:\/\/i0.wp.com\/atento.com.do\/wp-content\/uploads\/2023\/05\/Bautista-y-Leonel.jpg?resize=350%2C200&ssl=1","width":350,"height":200,"srcset":"https:\/\/i0.wp.com\/atento.com.do\/wp-content\/uploads\/2023\/05\/Bautista-y-Leonel.jpg?resize=350%2C200&ssl=1 1x, https:\/\/i0.wp.com\/atento.com.do\/wp-content\/uploads\/2023\/05\/Bautista-y-Leonel.jpg?resize=525%2C300&ssl=1 1.5x"},"classes":[]}],"jetpack_sharing_enabled":true,"_links":{"self":[{"href":"https:\/\/lasprimeras.com.do\/index.php\/wp-json\/wp\/v2\/posts\/67043","targetHints":{"allow":["GET"]}}],"collection":[{"href":"https:\/\/lasprimeras.com.do\/index.php\/wp-json\/wp\/v2\/posts"}],"about":[{"href":"https:\/\/lasprimeras.com.do\/index.php\/wp-json\/wp\/v2\/types\/post"}],"author":[{"embeddable":true,"href":"https:\/\/lasprimeras.com.do\/index.php\/wp-json\/wp\/v2\/users\/2"}],"replies":[{"embeddable":true,"href":"https:\/\/lasprimeras.com.do\/index.php\/wp-json\/wp\/v2\/comments?post=67043"}],"version-history":[{"count":1,"href":"https:\/\/lasprimeras.com.do\/index.php\/wp-json\/wp\/v2\/posts\/67043\/revisions"}],"predecessor-version":[{"id":67045,"href":"https:\/\/lasprimeras.com.do\/index.php\/wp-json\/wp\/v2\/posts\/67043\/revisions\/67045"}],"wp:featuredmedia":[{"embeddable":true,"href":"https:\/\/lasprimeras.com.do\/index.php\/wp-json\/wp\/v2\/media\/67044"}],"wp:attachment":[{"href":"https:\/\/lasprimeras.com.do\/index.php\/wp-json\/wp\/v2\/media?parent=67043"}],"wp:term":[{"taxonomy":"category","embeddable":true,"href":"https:\/\/lasprimeras.com.do\/index.php\/wp-json\/wp\/v2\/categories?post=67043"},{"taxonomy":"post_tag","embeddable":true,"href":"https:\/\/lasprimeras.com.do\/index.php\/wp-json\/wp\/v2\/tags?post=67043"}],"curies":[{"name":"wp","href":"https:\/\/api.w.org\/{rel}","templated":true}]}}