{"id":67046,"date":"2023-11-12T20:22:18","date_gmt":"2023-11-13T00:22:18","guid":{"rendered":"https:\/\/lasprimeras.com.do\/?p=67046"},"modified":"2023-11-12T20:22:19","modified_gmt":"2023-11-13T00:22:19","slug":"roberto-angel-vaticina-contundente-victoria-de-candidatos-del-prm-en-santiago","status":"publish","type":"post","link":"https:\/\/lasprimeras.com.do\/index.php\/2023\/11\/12\/roberto-angel-vaticina-contundente-victoria-de-candidatos-del-prm-en-santiago\/","title":{"rendered":"Roberto \u00c1ngel vaticina contundente victoria de candidatos del PRM en Santiago"},"content":{"rendered":"\n<p><strong>Participa este domingo junto a dirigentes del PRM en actos masivos de apoyo a los aspirantes a dirigir los municipios de Santiago y Santiago Oeste (Cienfuegos)<\/strong><\/p>\n\n\n\n<p>El miembro de la Direcci\u00f3n Ejecutiva del Partido Revolucionario Moderno (PRM), Roberto \u00c1ngel Salcedo, dio un total respaldo a las candidaturas de Ulises Rodr\u00edguez, aspirante a la Alcald\u00eda del municipio cabecera de Santiago de los Caballeros, y Eddy B\u00e1ez, en Santiago Oeste-Cienfuegos, de quienes vaticin\u00f3 sus victorias contundentes en febrero de 2024.<\/p>\n\n\n\n<p>Salcedo acompa\u00f1\u00f3 a B\u00e1ez y los candidatos a regidores y dirigentes municipales y provinciales del PRM en un acto pol\u00edtico realizado este domingo en el Polideportivo de Cienfuegos y posteriormente en un mano a mano-caravana junto a Ulises Rodr\u00edguez que parti\u00f3 de la intersecci\u00f3n de las calles Proyecto y Primera, del populoso sector Los Salados, recorriendo varias calles y barrios.<\/p>\n\n\n\n<p>En ambas actividades Ulises Rodr\u00edguez y Eddy B\u00e1ez recibieron un apoyo masivo de los perremeistas y mun\u00edcipes, como un preludio de sus seguras y contundentes victorias electorales en las elecciones municipales de febrero de 2024.<\/p>\n\n\n\n<p>Roberto \u00c1ngel, quien adem\u00e1s de alto dirigente del PRM es coordinador y l\u00edder nacional del movimiento Unidad Externa con Luis, plataforma electoral del sector externo de ese partido, al hablar de su apoyo a Rodr\u00edguez y B\u00e1ez dijo que les acompa\u00f1ar\u00e1 en sus actos de campa\u00f1a, como parte de la estrategia politica para impulsar, promover y respaldar las candidaturas municipales y congresuales perremeistas en todo el pa\u00eds.<\/p>\n\n\n\n<p>Se\u00f1al\u00f3 que la ganancia de causa que le dan las encuestas de manera sostenida a Luis Abinader y al PRM, debe ser aprovechada, no detener los trabajos y redoblar los esfuerzos para que el triunfo sea contundente en primera vuelta el 19 de mayo del 2024.<\/p>\n\n\n\n<p>Afirm\u00f3 que estos triunfos de los candidatos perremeistas en febrero ser\u00e1 el impulso para ganar las congresuales y la reelecci\u00f3n por cuatro a\u00f1os m\u00e1s del presidente Luis Abinader.<\/p>\n\n\n\n<p>En el mano a mano, Salcedo y Rodr\u00edguez estuvieron acompa\u00f1ados del presidente provincial de Santiago, Andr\u00e9s Cueto, y candidatos a diputados, a directores municipales, a vocales y concejales.<\/p>\n\n\n\n<p>En Cienfuegos<\/p>\n\n\n\n<p>En el acto pol\u00edtico de apoyo a Eddy B\u00e1ez en Cienfuegos tambi\u00e9n estuvieron presentes los candidatos a diputados Fausto Dom\u00ednguez y Deisy D\u00edaz, aspirantes a regidores, dirigentes municipales del PRM y de partidos aliados. La actividad se llev\u00f3 a cabo en el Polideportivo de Santiago Oeste-Cienfuegos.<\/p>\n","protected":false},"excerpt":{"rendered":"<p>Participa este domingo junto a dirigentes del PRM en actos masivos de apoyo a los aspirantes a dirigir los municipios de Santiago y Santiago Oeste (Cienfuegos) El miembro de la&hellip;<\/p>\n","protected":false},"author":2,"featured_media":67047,"comment_status":"open","ping_status":"open","sticky":false,"template":"","format":"standard","meta":{"content-type":"","jetpack_post_was_ever_published":false,"_jetpack_newsletter_access":"","_jetpack_dont_email_post_to_subs":false,"_jetpack_newsletter_tier_id":0,"_jetpack_memberships_contains_paywalled_content":false,"_jetpack_memberships_contains_paid_content":false,"footnotes":""},"categories":[25],"tags":[2621,31,646,1049,2779],"class_list":["post-67046","post","type-post","status-publish","format-standard","has-post-thumbnail","hentry","category-portada","tag-candidatos","tag-prm","tag-roberto-angel-salcedo","tag-santiago","tag-victoria"],"jetpack_featured_media_url":"https:\/\/lasprimeras.com.do\/wp-content\/uploads\/2023\/11\/Roberto-Angel-Salcedo-1-1.jpg","jetpack-related-posts":[{"id":54844,"url":"https:\/\/lasprimeras.com.do\/index.php\/2023\/07\/15\/roberto-angel-unidad-del-prm-en-santiago-permitira-barrido-en-febrero-y-mayo-2024\/","url_meta":{"origin":67046,"position":0},"title":"Roberto \u00c1ngel: unidad del PRM en Santiago permitir\u00e1 \u201cbarrido\u201d en febrero y mayo 2024","author":"Nelson Feliz","date":"15 de julio de 2023","format":false,"excerpt":"El miembro de la Direcci\u00f3n Ejecutiva dijo que la fortaleza del precandidato a alcalde en ese municipio, Ulises Rodr\u00edguez, garantiza la victoria en el 2024. Por Martin Restituyo El miembro de la Direcci\u00f3n Ejecutiva del Partido Revolucionario Moderno (PRM), Roberto \u00c1ngel Salcedo, asegur\u00f3 este s\u00e1bado que la unidad de esa\u2026","rel":"","context":"En \u00abPORTADA\u00bb","block_context":{"text":"PORTADA","link":"https:\/\/lasprimeras.com.do\/index.php\/category\/portada\/"},"img":{"alt_text":"Roberto \u00c1ngel Salcedo","src":"https:\/\/i0.wp.com\/lasprimeras.com.do\/wp-content\/uploads\/2023\/07\/Roberto-Angel-2.jpg?resize=350%2C200&ssl=1","width":350,"height":200,"srcset":"https:\/\/i0.wp.com\/lasprimeras.com.do\/wp-content\/uploads\/2023\/07\/Roberto-Angel-2.jpg?resize=350%2C200&ssl=1 1x, https:\/\/i0.wp.com\/lasprimeras.com.do\/wp-content\/uploads\/2023\/07\/Roberto-Angel-2.jpg?resize=525%2C300&ssl=1 1.5x, https:\/\/i0.wp.com\/lasprimeras.com.do\/wp-content\/uploads\/2023\/07\/Roberto-Angel-2.jpg?resize=700%2C400&ssl=1 2x"},"classes":[]},{"id":76431,"url":"https:\/\/lasprimeras.com.do\/index.php\/2024\/02\/10\/roberto-angel-santiago-y-puerto-plata-confirmaran-el-18-de-febrero-que-son-bastiones-del-prm\/","url_meta":{"origin":67046,"position":1},"title":"Roberto \u00c1ngel: \u201cSantiago y Puerto Plata confirmar\u00e1n el 18 de febrero que son bastiones del PRM\u201d","author":"Nelson Feliz","date":"10 de febrero de 2024","format":false,"excerpt":"El alto dirigente pol\u00edtico se reuni\u00f3 con candidatos de Tamboril y Jacagua, en Santiago, y encabez\u00f3 una marcha caravana para respaldar a aspirantes municipales de Luper\u00f3n, en Puerto Plata El dirigente pol\u00edtico y miembro de la Direcci\u00f3n Ejecutiva del Partido Revolucionario Moderno (PRM) Roberto \u00c1ngel Salcedo afirm\u00f3 este s\u00e1bado que\u2026","rel":"","context":"En \u00abPORTADA\u00bb","block_context":{"text":"PORTADA","link":"https:\/\/lasprimeras.com.do\/index.php\/category\/portada\/"},"img":{"alt_text":"Roberto \u00c1ngel Salcedo","src":"https:\/\/i0.wp.com\/lasprimeras.com.do\/wp-content\/uploads\/2024\/02\/Roberto-Angel-Salcedo-7.jpg?resize=350%2C200&ssl=1","width":350,"height":200,"srcset":"https:\/\/i0.wp.com\/lasprimeras.com.do\/wp-content\/uploads\/2024\/02\/Roberto-Angel-Salcedo-7.jpg?resize=350%2C200&ssl=1 1x, https:\/\/i0.wp.com\/lasprimeras.com.do\/wp-content\/uploads\/2024\/02\/Roberto-Angel-Salcedo-7.jpg?resize=525%2C300&ssl=1 1.5x, https:\/\/i0.wp.com\/lasprimeras.com.do\/wp-content\/uploads\/2024\/02\/Roberto-Angel-Salcedo-7.jpg?resize=700%2C400&ssl=1 2x"},"classes":[]},{"id":80930,"url":"https:\/\/lasprimeras.com.do\/index.php\/2024\/04\/14\/roberto-angel-afirma-prm-arrasara-el-proximo-19-de-mayo-en-santiago\/","url_meta":{"origin":67046,"position":2},"title":"Roberto \u00c1ngel afirma PRM arrasar\u00e1 el pr\u00f3ximo 19 de mayo en Santiago","author":"Nelson Feliz","date":"14 de abril de 2024","format":false,"excerpt":"Encabeza actos de campa\u00f1a en Navarrete y Villa Gonz\u00e1lez, Santiago; junto al candidato a senador, Daniel Rivera, y se re\u00fane con los dirigentes y candidatos municipales electos en febrero en los municipios J\u00e1nico, Sabana Iglesia y de Baitoa. El miembro de la Direcci\u00f3n Ejecutiva del Partido Revolucionario Moderno (PRM), Roberto\u2026","rel":"","context":"En \u00abPORTADA\u00bb","block_context":{"text":"PORTADA","link":"https:\/\/lasprimeras.com.do\/index.php\/category\/portada\/"},"img":{"alt_text":"Roberto \u00c1ngel Salcedo","src":"https:\/\/i0.wp.com\/lasprimeras.com.do\/wp-content\/uploads\/2024\/04\/Roberto-Angel-Salcedo-6.jpg?resize=350%2C200&ssl=1","width":350,"height":200,"srcset":"https:\/\/i0.wp.com\/lasprimeras.com.do\/wp-content\/uploads\/2024\/04\/Roberto-Angel-Salcedo-6.jpg?resize=350%2C200&ssl=1 1x, https:\/\/i0.wp.com\/lasprimeras.com.do\/wp-content\/uploads\/2024\/04\/Roberto-Angel-Salcedo-6.jpg?resize=525%2C300&ssl=1 1.5x, https:\/\/i0.wp.com\/lasprimeras.com.do\/wp-content\/uploads\/2024\/04\/Roberto-Angel-Salcedo-6.jpg?resize=700%2C400&ssl=1 2x"},"classes":[]},{"id":76934,"url":"https:\/\/lasprimeras.com.do\/index.php\/2024\/02\/16\/roberto-angel-el-prm-cierra-campana-que-completara-con-un-triunfo-arrollador-el-domingo\/","url_meta":{"origin":67046,"position":3},"title":"Roberto \u00c1ngel: \u201cEl PRM cierra campa\u00f1a que completar\u00e1 con un triunfo arrollador el domingo\u201d.","author":"Nelson Feliz","date":"16 de febrero de 2024","format":false,"excerpt":"Encabeza una gran marcha caravana de cierre en el municipio cabecera de Hato Mayor junto al enlace provincial Santiago Hazim, en apoyo a Amado de la Cruz, alcalde y candidato a la misma posici\u00f3n. A solo tres d\u00edas para celebrarse las elecciones municipales en el pa\u00eds, Roberto \u00c1ngel Salcedo proclam\u00f3\u2026","rel":"","context":"En \u00abPORTADA\u00bb","block_context":{"text":"PORTADA","link":"https:\/\/lasprimeras.com.do\/index.php\/category\/portada\/"},"img":{"alt_text":"Roberto \u00c1ngel Salcedo","src":"https:\/\/i0.wp.com\/lasprimeras.com.do\/wp-content\/uploads\/2024\/02\/Roberto-Angel-Salcedo-10.jpg?resize=350%2C200&ssl=1","width":350,"height":200,"srcset":"https:\/\/i0.wp.com\/lasprimeras.com.do\/wp-content\/uploads\/2024\/02\/Roberto-Angel-Salcedo-10.jpg?resize=350%2C200&ssl=1 1x, https:\/\/i0.wp.com\/lasprimeras.com.do\/wp-content\/uploads\/2024\/02\/Roberto-Angel-Salcedo-10.jpg?resize=525%2C300&ssl=1 1.5x, https:\/\/i0.wp.com\/lasprimeras.com.do\/wp-content\/uploads\/2024\/02\/Roberto-Angel-Salcedo-10.jpg?resize=700%2C400&ssl=1 2x"},"classes":[]},{"id":73602,"url":"https:\/\/lasprimeras.com.do\/index.php\/2024\/01\/13\/roberto-angel-vaticina-prm-ganara-mucho-a-poco-en-la-linea-noroeste\/","url_meta":{"origin":67046,"position":4},"title":"Roberto \u00c1ngel vaticina PRM ganar\u00e1 \u201cmucho a poco\u201d en la L\u00ednea Noroeste","author":"BIMARY DE JES\u00daS Matos","date":"13 de enero de 2024","format":false,"excerpt":"Esperanza, Valverde -Roberto \u00c1ngel Salcedo, miembro de la Direcci\u00f3n Ejecutiva del Partido Revolucionario Moderno (PRM) vaticin\u00f3 este s\u00e1bado que esa organizaci\u00f3n pol\u00edtica ganar\u00e1 \"mucho a poco\" en la L\u00ednea Noroeste, lo que es evidente por el efusivo y masivo respaldo que recibe de la gente en todas las actividades proselitistas\u2026","rel":"","context":"En \u00abPORTADA\u00bb","block_context":{"text":"PORTADA","link":"https:\/\/lasprimeras.com.do\/index.php\/category\/portada\/"},"img":{"alt_text":"","src":"https:\/\/i0.wp.com\/lasprimeras.com.do\/wp-content\/uploads\/2024\/01\/Bajo-Consigna-Arreglo-el-Sur-miles-de-ciudadanos-reciben-a-Luis-Abinader-en-su-primera-caravana-politica-en-Barahona.jpg?resize=350%2C200&ssl=1","width":350,"height":200,"srcset":"https:\/\/i0.wp.com\/lasprimeras.com.do\/wp-content\/uploads\/2024\/01\/Bajo-Consigna-Arreglo-el-Sur-miles-de-ciudadanos-reciben-a-Luis-Abinader-en-su-primera-caravana-politica-en-Barahona.jpg?resize=350%2C200&ssl=1 1x, https:\/\/i0.wp.com\/lasprimeras.com.do\/wp-content\/uploads\/2024\/01\/Bajo-Consigna-Arreglo-el-Sur-miles-de-ciudadanos-reciben-a-Luis-Abinader-en-su-primera-caravana-politica-en-Barahona.jpg?resize=525%2C300&ssl=1 1.5x, https:\/\/i0.wp.com\/lasprimeras.com.do\/wp-content\/uploads\/2024\/01\/Bajo-Consigna-Arreglo-el-Sur-miles-de-ciudadanos-reciben-a-Luis-Abinader-en-su-primera-caravana-politica-en-Barahona.jpg?resize=700%2C400&ssl=1 2x"},"classes":[]},{"id":66265,"url":"https:\/\/lasprimeras.com.do\/index.php\/2023\/11\/05\/roberto-angel-afirma-la-victoria-del-prm-en-las-elecciones-municipales-sera-contundente\/","url_meta":{"origin":67046,"position":5},"title":"Roberto \u00c1ngel afirma la victoria del PRM en las elecciones municipales ser\u00e1 contundente","author":"Nelson Feliz","date":"5 de noviembre de 2023","format":false,"excerpt":"Encabez\u00f3 actos este fin de semana en favor de los candidatos en Ocoa, El Seibo y La Caleta El miembro de la Direcci\u00f3n Ejecutiva del Partido Revolucionario Moderno (PRM), Roberto \u00c1ngel Salcedo, inici\u00f3 un ciclo de contactos con dirigentes provinciales, municipales y zonales de todo el pa\u00eds para fortalecer los\u2026","rel":"","context":"En \u00abPORTADA\u00bb","block_context":{"text":"PORTADA","link":"https:\/\/lasprimeras.com.do\/index.php\/category\/portada\/"},"img":{"alt_text":"Roberto \u00c1ngel Salcedo","src":"https:\/\/i0.wp.com\/lasprimeras.com.do\/wp-content\/uploads\/2023\/11\/Roberto-Angel-Salcedo-7.jpg?resize=350%2C200&ssl=1","width":350,"height":200,"srcset":"https:\/\/i0.wp.com\/lasprimeras.com.do\/wp-content\/uploads\/2023\/11\/Roberto-Angel-Salcedo-7.jpg?resize=350%2C200&ssl=1 1x, https:\/\/i0.wp.com\/lasprimeras.com.do\/wp-content\/uploads\/2023\/11\/Roberto-Angel-Salcedo-7.jpg?resize=525%2C300&ssl=1 1.5x, https:\/\/i0.wp.com\/lasprimeras.com.do\/wp-content\/uploads\/2023\/11\/Roberto-Angel-Salcedo-7.jpg?resize=700%2C400&ssl=1 2x"},"classes":[]}],"jetpack_sharing_enabled":true,"_links":{"self":[{"href":"https:\/\/lasprimeras.com.do\/index.php\/wp-json\/wp\/v2\/posts\/67046","targetHints":{"allow":["GET"]}}],"collection":[{"href":"https:\/\/lasprimeras.com.do\/index.php\/wp-json\/wp\/v2\/posts"}],"about":[{"href":"https:\/\/lasprimeras.com.do\/index.php\/wp-json\/wp\/v2\/types\/post"}],"author":[{"embeddable":true,"href":"https:\/\/lasprimeras.com.do\/index.php\/wp-json\/wp\/v2\/users\/2"}],"replies":[{"embeddable":true,"href":"https:\/\/lasprimeras.com.do\/index.php\/wp-json\/wp\/v2\/comments?post=67046"}],"version-history":[{"count":1,"href":"https:\/\/lasprimeras.com.do\/index.php\/wp-json\/wp\/v2\/posts\/67046\/revisions"}],"predecessor-version":[{"id":67048,"href":"https:\/\/lasprimeras.com.do\/index.php\/wp-json\/wp\/v2\/posts\/67046\/revisions\/67048"}],"wp:featuredmedia":[{"embeddable":true,"href":"https:\/\/lasprimeras.com.do\/index.php\/wp-json\/wp\/v2\/media\/67047"}],"wp:attachment":[{"href":"https:\/\/lasprimeras.com.do\/index.php\/wp-json\/wp\/v2\/media?parent=67046"}],"wp:term":[{"taxonomy":"category","embeddable":true,"href":"https:\/\/lasprimeras.com.do\/index.php\/wp-json\/wp\/v2\/categories?post=67046"},{"taxonomy":"post_tag","embeddable":true,"href":"https:\/\/lasprimeras.com.do\/index.php\/wp-json\/wp\/v2\/tags?post=67046"}],"curies":[{"name":"wp","href":"https:\/\/api.w.org\/{rel}","templated":true}]}}