{"id":67051,"date":"2023-11-12T20:46:51","date_gmt":"2023-11-13T00:46:51","guid":{"rendered":"https:\/\/lasprimeras.com.do\/?p=67051"},"modified":"2023-11-12T21:10:35","modified_gmt":"2023-11-13T01:10:35","slug":"abinader-designa-al-coronel-randolfo-rijo-como-director-interino-del-intrant","status":"publish","type":"post","link":"https:\/\/lasprimeras.com.do\/index.php\/2023\/11\/12\/abinader-designa-al-coronel-randolfo-rijo-como-director-interino-del-intrant\/","title":{"rendered":"Abinader designa al coronel Randolfo Rijo como director interino del INTRANT"},"content":{"rendered":"\n<p>El presidente Luis Abinader mediante el decreto 578-23 design\u00f3 al coronel Randolfo Rijo como director ejecutivo del Instituto Nacional de Tr\u00e1nsito y Transporte Terrestre (INTRANT), de forma interina y a titulo honor\u00edfico.<\/p>\n\n\n\n<p>El funcionario, se desempe\u00f1aba como director ejecutivo del Sistema Nacional de Atenci\u00f3n a Emergencias y Seguridad 9-1-1<\/p>\n\n\n\n<p>Se mantiene el conocimiento del nombramiento del director ejecutivo en el Instituto Nacional de Tr\u00e1nsito y Terrestre , se\u00f1or Hugo Marino Beras Goico Ram\u00edrez solicit\u00f3 una licencia sin disfrute de sueldo <\/p>\n\n\n\n<p>Sin embargo, resulta necesaria la designaci\u00f3n provisional de un funcionario que asuma la direcci\u00f3n ejecutiva del Instituto Nacional de Transito y Terrestre<\/p>\n\n\n\n<p>La constituci\u00f3n de la Rep\u00fablica Dominicana proclamada el 13 de junio del 2015 <\/p>\n\n\n\n<p>La ley n\u00famero 41 del 16 de enero de 2008 de Funci\u00f3n P\u00fablica <\/p>\n\n\n\n<p>El decreto n\u00famero 414 del 3 de agosto del a\u00f1o 2022 que design\u00f3 a varios funcionarios en distintas dependencia del estado <\/p>\n\n\n\n<p>En ejercicio de las atribuciones que me confiere el art\u00edculo 128 de la constituci\u00f3n de la Rep\u00fablica <\/p>\n\n\n\n<figure class=\"wp-block-image size-full\"><img decoding=\"async\" width=\"765\" height=\"1024\" src=\"https:\/\/lasprimeras.com.do\/wp-content\/uploads\/2023\/11\/WhatsApp-Image-2023-11-12-at-8.36.41-PM.jpeg\" alt=\"\" class=\"wp-image-67053\" srcset=\"https:\/\/lasprimeras.com.do\/wp-content\/uploads\/2023\/11\/WhatsApp-Image-2023-11-12-at-8.36.41-PM.jpeg 765w, https:\/\/lasprimeras.com.do\/wp-content\/uploads\/2023\/11\/WhatsApp-Image-2023-11-12-at-8.36.41-PM-224x300.jpeg 224w\" sizes=\"(max-width: 765px) 100vw, 765px\" \/><\/figure>\n\n\n\n<figure class=\"wp-block-image size-full\"><img decoding=\"async\" width=\"765\" height=\"1024\" src=\"https:\/\/lasprimeras.com.do\/wp-content\/uploads\/2023\/11\/WhatsApp-Image-2023-11-12-at-8.30.04-PM.jpeg\" alt=\"\" class=\"wp-image-67054\" srcset=\"https:\/\/lasprimeras.com.do\/wp-content\/uploads\/2023\/11\/WhatsApp-Image-2023-11-12-at-8.30.04-PM.jpeg 765w, https:\/\/lasprimeras.com.do\/wp-content\/uploads\/2023\/11\/WhatsApp-Image-2023-11-12-at-8.30.04-PM-224x300.jpeg 224w\" sizes=\"(max-width: 765px) 100vw, 765px\" \/><\/figure>\n","protected":false},"excerpt":{"rendered":"<p>El presidente Luis Abinader mediante el decreto 578-23 design\u00f3 al coronel Randolfo Rijo como director ejecutivo del Instituto Nacional de Tr\u00e1nsito y Transporte Terrestre (INTRANT), de forma interina y a&hellip;<\/p>\n","protected":false},"author":2,"featured_media":67052,"comment_status":"open","ping_status":"open","sticky":false,"template":"","format":"standard","meta":{"content-type":"","jetpack_post_was_ever_published":false,"_jetpack_newsletter_access":"","_jetpack_dont_email_post_to_subs":false,"_jetpack_newsletter_tier_id":0,"_jetpack_memberships_contains_paywalled_content":false,"_jetpack_memberships_contains_paid_content":false,"footnotes":""},"categories":[35,25],"tags":[4197,247,9401,349,67,9402],"class_list":["post-67051","post","type-post","status-publish","format-standard","has-post-thumbnail","hentry","category-nacionales","category-portada","tag-coronel","tag-director","tag-interino","tag-intrant","tag-luis-abinader","tag-randolfo-rijo"],"jetpack_featured_media_url":"https:\/\/lasprimeras.com.do\/wp-content\/uploads\/2023\/11\/Randolfo-Rijo-Gomez.jpg","jetpack-related-posts":[{"id":67170,"url":"https:\/\/lasprimeras.com.do\/index.php\/2023\/11\/13\/coronel-randolfo-rijo-asume-direccion-del-intrant\/","url_meta":{"origin":67051,"position":0},"title":"Coronel Randolfo Rijo asume direcci\u00f3n del Intrant","author":"Nelson Feliz","date":"13 de noviembre de 2023","format":false,"excerpt":"Dice cumplir\u00e1 mandato del presidente de la Rep\u00fablica, Luis Abinader, y mantendr\u00e1 operatividad institucional. Por Martin Restituyo\u00a0 El coronel piloto Randolfo Rijo, asumi\u00f3 este lunes como nuevo director ejecutivo del Instituto Nacional de Tr\u00e1nsito y Transporte Terrestre (INTRANT), quien estar\u00e1 en la instituci\u00f3n de forma interina y a t\u00edtulo honor\u00edfico,\u2026","rel":"","context":"En \u00abNACIONALES\u00bb","block_context":{"text":"NACIONALES","link":"https:\/\/lasprimeras.com.do\/index.php\/category\/nacionales\/"},"img":{"alt_text":"Coronel Randolfo","src":"https:\/\/i0.wp.com\/lasprimeras.com.do\/wp-content\/uploads\/2023\/11\/Coronel-Randolfo-1.jpg?resize=350%2C200&ssl=1","width":350,"height":200,"srcset":"https:\/\/i0.wp.com\/lasprimeras.com.do\/wp-content\/uploads\/2023\/11\/Coronel-Randolfo-1.jpg?resize=350%2C200&ssl=1 1x, https:\/\/i0.wp.com\/lasprimeras.com.do\/wp-content\/uploads\/2023\/11\/Coronel-Randolfo-1.jpg?resize=525%2C300&ssl=1 1.5x, https:\/\/i0.wp.com\/lasprimeras.com.do\/wp-content\/uploads\/2023\/11\/Coronel-Randolfo-1.jpg?resize=700%2C400&ssl=1 2x"},"classes":[]},{"id":67383,"url":"https:\/\/lasprimeras.com.do\/index.php\/2023\/11\/15\/transportistas-saludan-designacion-del-coronel-rijo-en-intrant\/","url_meta":{"origin":67051,"position":1},"title":"Transportistas saludan designaci\u00f3n del coronel Rijo en Intrant","author":"Nelson Feliz","date":"15 de noviembre de 2023","format":false,"excerpt":"Dirigentes de organizaciones de choferes saludaron la decisi\u00f3n del presidente Luis Abinader, por designar al coronel piloto Randolfo Rijo como director ejecutivo del Instituto Nacional de Tr\u00e1nsito y Transporte Terrestre (INTRANT), de forma interina y a t\u00edtulo honor\u00edfico, conforme al Decreto 578-23. La designaci\u00f3n de Randolfo Rijo recibi\u00f3 el respaldo\u2026","rel":"","context":"En \u00abNACIONALES\u00bb","block_context":{"text":"NACIONALES","link":"https:\/\/lasprimeras.com.do\/index.php\/category\/nacionales\/"},"img":{"alt_text":"","src":"https:\/\/i0.wp.com\/lasprimeras.com.do\/wp-content\/uploads\/2023\/11\/transportistas.jpg?resize=350%2C200&ssl=1","width":350,"height":200,"srcset":"https:\/\/i0.wp.com\/lasprimeras.com.do\/wp-content\/uploads\/2023\/11\/transportistas.jpg?resize=350%2C200&ssl=1 1x, https:\/\/i0.wp.com\/lasprimeras.com.do\/wp-content\/uploads\/2023\/11\/transportistas.jpg?resize=525%2C300&ssl=1 1.5x"},"classes":[]},{"id":86325,"url":"https:\/\/lasprimeras.com.do\/index.php\/2024\/07\/22\/joel-santos-juramenta-a-milton-morrison-como-director-del-intrant\/","url_meta":{"origin":67051,"position":2},"title":"Joel Santos juramenta a Milton Morrison como director del Intrant","author":"Nelson Feliz","date":"22 de julio de 2024","format":false,"excerpt":"Morrison asegura cumplir\u00e1 mandato del presidente de la Rep\u00fablica, Luis Abinader, para fortalecer la operatividad institucional. El ministro de la Presidencia y presidente del Gabinete de Transporte, Joel Santos Echavarr\u00eda, jurament\u00f3 este lunes al nuevo director del Instituto Nacional de Tr\u00e1nsito y Transporte Terrestre (Intrant), Milton Morrison, designado en esas\u2026","rel":"","context":"En \u00abNACIONALES\u00bb","block_context":{"text":"NACIONALES","link":"https:\/\/lasprimeras.com.do\/index.php\/category\/nacionales\/"},"img":{"alt_text":"","src":"https:\/\/i0.wp.com\/lasprimeras.com.do\/wp-content\/uploads\/2024\/07\/Milton-Morrizon.jpg?resize=350%2C200&ssl=1","width":350,"height":200,"srcset":"https:\/\/i0.wp.com\/lasprimeras.com.do\/wp-content\/uploads\/2024\/07\/Milton-Morrizon.jpg?resize=350%2C200&ssl=1 1x, https:\/\/i0.wp.com\/lasprimeras.com.do\/wp-content\/uploads\/2024\/07\/Milton-Morrizon.jpg?resize=525%2C300&ssl=1 1.5x, https:\/\/i0.wp.com\/lasprimeras.com.do\/wp-content\/uploads\/2024\/07\/Milton-Morrizon.jpg?resize=700%2C400&ssl=1 2x"},"classes":[]},{"id":67446,"url":"https:\/\/lasprimeras.com.do\/index.php\/2023\/11\/15\/9-1-1-apoya-con-tecnologia-de-interconexion-nuevo-centro-de-mando-y-comando-de-la-digesett\/","url_meta":{"origin":67051,"position":3},"title":"9-1-1 apoya con tecnolog\u00eda de interconexi\u00f3n nuevo Centro de Mando y Comando de la DIGESETT","author":"Nelson Feliz","date":"15 de noviembre de 2023","format":false,"excerpt":"Coronel Rijo G\u00f3mez felicita iniciativa. Por Martin Restituyo El director ejecutivo del Sistema Nacional de Atenci\u00f3n a Emergencias y Seguridad 9-1-1, coronel piloto Randolfo Rijo G\u00f3mez, particip\u00f3 en la inauguraci\u00f3n del Centro de Mando y Comando de la Direcci\u00f3n General de Seguridad de Tr\u00e1nsito y Transporte Terrestre (DIGESETT), respaldado por\u2026","rel":"","context":"En \u00abNACIONALES\u00bb","block_context":{"text":"NACIONALES","link":"https:\/\/lasprimeras.com.do\/index.php\/category\/nacionales\/"},"img":{"alt_text":"Coronel piloto, Randolfo Rijo G\u00f3mez, ERD, recorre las instalaciones del ...","src":"https:\/\/i0.wp.com\/lasprimeras.com.do\/wp-content\/uploads\/2023\/11\/Coronel-piloto-Randolfo-Rijo-Gomez-ERD-junto-al-generald-e-brigada-R.jpg?resize=350%2C200&ssl=1","width":350,"height":200,"srcset":"https:\/\/i0.wp.com\/lasprimeras.com.do\/wp-content\/uploads\/2023\/11\/Coronel-piloto-Randolfo-Rijo-Gomez-ERD-junto-al-generald-e-brigada-R.jpg?resize=350%2C200&ssl=1 1x, https:\/\/i0.wp.com\/lasprimeras.com.do\/wp-content\/uploads\/2023\/11\/Coronel-piloto-Randolfo-Rijo-Gomez-ERD-junto-al-generald-e-brigada-R.jpg?resize=525%2C300&ssl=1 1.5x, https:\/\/i0.wp.com\/lasprimeras.com.do\/wp-content\/uploads\/2023\/11\/Coronel-piloto-Randolfo-Rijo-Gomez-ERD-junto-al-generald-e-brigada-R.jpg?resize=700%2C400&ssl=1 2x"},"classes":[]},{"id":70395,"url":"https:\/\/lasprimeras.com.do\/index.php\/2023\/12\/11\/intrant-limitara-vehiculos-pesados-en-vias-del-gran-santo-domingo\/","url_meta":{"origin":67051,"position":4},"title":"Intrant limitar\u00e1 veh\u00edculos pesados en v\u00edas del Gran Santo Domingo","author":"BIMARY DE JES\u00daS Matos","date":"11 de diciembre de 2023","format":false,"excerpt":"Santo Domingo.-Ante el caos que registra el Gran Santo Domingo, en t\u00e9rminos de movilidad vehicular que genera estr\u00e9s en la poblaci\u00f3n, el Instituto Nacional de Tr\u00e1nsito y Transporte Terrestre (Intrant) se apresta a enfrentar dos aspectos fundamentales: la viabilidad y la seguridad vial. La entidad ya tiene un diagn\u00f3stico preliminar\u2026","rel":"","context":"En \u00abPORTADA\u00bb","block_context":{"text":"PORTADA","link":"https:\/\/lasprimeras.com.do\/index.php\/category\/portada\/"},"img":{"alt_text":"","src":"https:\/\/i0.wp.com\/lasprimeras.com.do\/wp-content\/uploads\/2023\/12\/juegos-sde.webp?resize=350%2C200&ssl=1","width":350,"height":200,"srcset":"https:\/\/i0.wp.com\/lasprimeras.com.do\/wp-content\/uploads\/2023\/12\/juegos-sde.webp?resize=350%2C200&ssl=1 1x, https:\/\/i0.wp.com\/lasprimeras.com.do\/wp-content\/uploads\/2023\/12\/juegos-sde.webp?resize=525%2C300&ssl=1 1.5x"},"classes":[]},{"id":80117,"url":"https:\/\/lasprimeras.com.do\/index.php\/2024\/04\/04\/directivos-de-comtraboin-y-compostran-desmienten-incremento-de-pasaje-en-rutas-bolivar-independencia-y-herrera-km-9\/","url_meta":{"origin":67051,"position":5},"title":"Directivos de Comtraboin y Compostran desmienten incremento de pasaje en rutas Bol\u00edvar-Independencia y Herrera- KM 9\u00a0","author":"BIMARY DE JES\u00daS Matos","date":"4 de abril de 2024","format":false,"excerpt":"Martin Restituyo Santo Domingo.-Directivos de la Compa\u00f1\u00eda de Transporte de la Bol\u00edvar-Independencia (Comtraboin), y el Consorcio de propietarios del transporte Herrera- KM 9 (Compostran), desmintieron el aumento del pasaje en dichas rutas, en un encuentro con el director ejecutivo interino del Instituto Nacional de Tr\u00e1nsito y Transporte Terrestre (Intrant), coronel\u2026","rel":"","context":"En \u00abNACIONALES\u00bb","block_context":{"text":"NACIONALES","link":"https:\/\/lasprimeras.com.do\/index.php\/category\/nacionales\/"},"img":{"alt_text":"","src":"https:\/\/i0.wp.com\/lasprimeras.com.do\/wp-content\/uploads\/2024\/04\/IMG-20240404-WA0011.jpg?resize=350%2C200&ssl=1","width":350,"height":200,"srcset":"https:\/\/i0.wp.com\/lasprimeras.com.do\/wp-content\/uploads\/2024\/04\/IMG-20240404-WA0011.jpg?resize=350%2C200&ssl=1 1x, https:\/\/i0.wp.com\/lasprimeras.com.do\/wp-content\/uploads\/2024\/04\/IMG-20240404-WA0011.jpg?resize=525%2C300&ssl=1 1.5x, https:\/\/i0.wp.com\/lasprimeras.com.do\/wp-content\/uploads\/2024\/04\/IMG-20240404-WA0011.jpg?resize=700%2C400&ssl=1 2x, https:\/\/i0.wp.com\/lasprimeras.com.do\/wp-content\/uploads\/2024\/04\/IMG-20240404-WA0011.jpg?resize=1050%2C600&ssl=1 3x"},"classes":[]}],"jetpack_sharing_enabled":true,"_links":{"self":[{"href":"https:\/\/lasprimeras.com.do\/index.php\/wp-json\/wp\/v2\/posts\/67051","targetHints":{"allow":["GET"]}}],"collection":[{"href":"https:\/\/lasprimeras.com.do\/index.php\/wp-json\/wp\/v2\/posts"}],"about":[{"href":"https:\/\/lasprimeras.com.do\/index.php\/wp-json\/wp\/v2\/types\/post"}],"author":[{"embeddable":true,"href":"https:\/\/lasprimeras.com.do\/index.php\/wp-json\/wp\/v2\/users\/2"}],"replies":[{"embeddable":true,"href":"https:\/\/lasprimeras.com.do\/index.php\/wp-json\/wp\/v2\/comments?post=67051"}],"version-history":[{"count":3,"href":"https:\/\/lasprimeras.com.do\/index.php\/wp-json\/wp\/v2\/posts\/67051\/revisions"}],"predecessor-version":[{"id":67060,"href":"https:\/\/lasprimeras.com.do\/index.php\/wp-json\/wp\/v2\/posts\/67051\/revisions\/67060"}],"wp:featuredmedia":[{"embeddable":true,"href":"https:\/\/lasprimeras.com.do\/index.php\/wp-json\/wp\/v2\/media\/67052"}],"wp:attachment":[{"href":"https:\/\/lasprimeras.com.do\/index.php\/wp-json\/wp\/v2\/media?parent=67051"}],"wp:term":[{"taxonomy":"category","embeddable":true,"href":"https:\/\/lasprimeras.com.do\/index.php\/wp-json\/wp\/v2\/categories?post=67051"},{"taxonomy":"post_tag","embeddable":true,"href":"https:\/\/lasprimeras.com.do\/index.php\/wp-json\/wp\/v2\/tags?post=67051"}],"curies":[{"name":"wp","href":"https:\/\/api.w.org\/{rel}","templated":true}]}}