{"id":67062,"date":"2023-11-12T21:53:19","date_gmt":"2023-11-13T01:53:19","guid":{"rendered":"https:\/\/lasprimeras.com.do\/?p=67062"},"modified":"2023-11-12T21:53:21","modified_gmt":"2023-11-13T01:53:21","slug":"haiti-registra-el-mayor-numero-de-estudiantes-matriculados-en-universidades-dominicanas","status":"publish","type":"post","link":"https:\/\/lasprimeras.com.do\/index.php\/2023\/11\/12\/haiti-registra-el-mayor-numero-de-estudiantes-matriculados-en-universidades-dominicanas\/","title":{"rendered":"Hait\u00ed registra el mayor n\u00famero de estudiantes matriculados en universidades dominicanas"},"content":{"rendered":"\n<p><em>Estados Unidos ocupa la segunda posici\u00f3n con 4,284 bachilleres<\/em><\/p>\n\n\n\n<p>Hait\u00ed registra el primer lugar con la mayor cantidad de estudiantes extranjeros matriculados en las universidades dominicanas, durante los \u00faltimos tres a\u00f1os, de un grupo de 79 pa\u00edses, con 15,884 alumnos de un total de 31,890 bachilleres, entre los que se incluyen dominicanos.<\/p>\n\n\n\n<p>Los alumnos haitianos que se matricularon durante el periodo 2020-2022 representan el 0.49 % de todos los estudiantes internacionales que se inscribieron en las Instituciones de Educaci\u00f3n Superior (IES) de la Rep\u00fablica Dominicana.<\/p>\n\n\n\n<p>El segundo lugar es ocupado por Estados Unidos, con 4 mil 284 alumnos que se matricularon en el referido periodo.<\/p>\n\n\n\n<p>Puerto Rico se posicion\u00f3 en el tercer escalaf\u00f3n al registrar 2,096 estudiantes durante los \u00faltimos tres a\u00f1os.<\/p>\n\n\n\n<p>El ministro de Educaci\u00f3n Superior, Ciencia y Tecnolog\u00eda, doctor Franklin Garc\u00eda Ferm\u00edn, asegur\u00f3 que las cifras representan el grado de confianza que se registra en el campo internacional sobre el fortalecimiento de la democracia impulsada por el presidente Luis Abinader y la pol\u00edtica de pleno respaldo a las universidades dominicanas.<\/p>\n\n\n\n<p>\u201cCon la visi\u00f3n del presidente Luis Abinader, estamos siendo valorados como uno de los pa\u00edses de la regi\u00f3n de mayor desarrollo en la educaci\u00f3n universitaria\u201d, dijo.<\/p>\n\n\n\n<p>Los haitianos que se matricularon en ese lapso figuran 8 mil 523 mujeres, y siete mil 361 hombres.<\/p>\n\n\n\n<p>De los estudiantes de Estados Unidos, durante el periodo 2020-2022, un total de 2,511 correspondi\u00f3 al sector femenino, mientras que los hombres fueron mil 796.<\/p>\n\n\n\n<p>Entre las naciones con mayor matriculaci\u00f3n, figuran Venezuela, Cuba, Espa\u00f1a, Italia, Honduras, Francia, M\u00e9xico y Argentina, entre otros.<\/p>\n","protected":false},"excerpt":{"rendered":"<p>Estados Unidos ocupa la segunda posici\u00f3n con 4,284 bachilleres Hait\u00ed registra el primer lugar con la mayor cantidad de estudiantes extranjeros matriculados en las universidades dominicanas, durante los \u00faltimos tres&hellip;<\/p>\n","protected":false},"author":2,"featured_media":67063,"comment_status":"open","ping_status":"open","sticky":false,"template":"","format":"standard","meta":{"content-type":"","jetpack_post_was_ever_published":false,"_jetpack_newsletter_access":"","_jetpack_dont_email_post_to_subs":false,"_jetpack_newsletter_tier_id":0,"_jetpack_memberships_contains_paywalled_content":false,"_jetpack_memberships_contains_paid_content":false,"footnotes":""},"categories":[35],"tags":[1373],"class_list":["post-67062","post","type-post","status-publish","format-standard","has-post-thumbnail","hentry","category-nacionales","tag-franklin-garcia-fermin"],"jetpack_featured_media_url":"https:\/\/lasprimeras.com.do\/wp-content\/uploads\/2023\/11\/MESCYT.jpg","jetpack-related-posts":[{"id":107316,"url":"https:\/\/lasprimeras.com.do\/index.php\/2025\/08\/26\/abinader-dice-ano-escolar-se-inicia-con-una-matricula-de-2664028-estudiantes\/","url_meta":{"origin":67062,"position":0},"title":"Abinader dice a\u00f1o escolar se inicia con una matr\u00edcula de 2,664,028 estudiantes","author":"Nelson Feliz","date":"26 de agosto de 2025","format":false,"excerpt":"Gobierno garantiza entrega de todos los kits escolares a estudiantes del pa\u00eds y resalta avances en la educaci\u00f3n. El presidente Luis Abinader inform\u00f3 que el sistema educativo dominicano inicia el a\u00f1o escolar 2025-2026 con una matr\u00edcula total de 2,664,028 estudiantes, de los cuales el 77.5 % corresponde al sector p\u00fablico\u2026","rel":"","context":"En \u00abNACIONALES\u00bb","block_context":{"text":"NACIONALES","link":"https:\/\/lasprimeras.com.do\/index.php\/category\/nacionales\/"},"img":{"alt_text":"","src":"https:\/\/i0.wp.com\/lasprimeras.com.do\/wp-content\/uploads\/2025\/08\/LUIS-ABINADER-8.jpg?resize=350%2C200&ssl=1","width":350,"height":200,"srcset":"https:\/\/i0.wp.com\/lasprimeras.com.do\/wp-content\/uploads\/2025\/08\/LUIS-ABINADER-8.jpg?resize=350%2C200&ssl=1 1x, https:\/\/i0.wp.com\/lasprimeras.com.do\/wp-content\/uploads\/2025\/08\/LUIS-ABINADER-8.jpg?resize=525%2C300&ssl=1 1.5x, https:\/\/i0.wp.com\/lasprimeras.com.do\/wp-content\/uploads\/2025\/08\/LUIS-ABINADER-8.jpg?resize=700%2C400&ssl=1 2x"},"classes":[]},{"id":126869,"url":"https:\/\/lasprimeras.com.do\/index.php\/2026\/04\/06\/por-practica-y-costumbre-pocos-centros-escolares-imparten-docencia-el-lunes-despues-de-semana-santa\/","url_meta":{"origin":67062,"position":1},"title":"Por pr\u00e1ctica y costumbre, pocos centros escolares imparten docencia el lunes despu\u00e9s de Semana Santa","author":"Nelson Feliz","date":"6 de abril de 2026","format":false,"excerpt":"Algunos centros educativos registraron apenas un 31 % de asistencia, mientras otros superaron el 80 % en el reinicio de la docencia. El reinicio de la docencia en escuelas p\u00fablicas en algunos sectores del Gran Santo Domingo estuvo marcado este lunes por una asistencia irregular, con centros que reportaron niveles\u2026","rel":"","context":"En \u00abNACIONALES\u00bb","block_context":{"text":"NACIONALES","link":"https:\/\/lasprimeras.com.do\/index.php\/category\/nacionales\/"},"img":{"alt_text":"","src":"https:\/\/i0.wp.com\/lasprimeras.com.do\/wp-content\/uploads\/2026\/04\/esc-1-scaled.jpg?resize=350%2C200&ssl=1","width":350,"height":200,"srcset":"https:\/\/i0.wp.com\/lasprimeras.com.do\/wp-content\/uploads\/2026\/04\/esc-1-scaled.jpg?resize=350%2C200&ssl=1 1x, https:\/\/i0.wp.com\/lasprimeras.com.do\/wp-content\/uploads\/2026\/04\/esc-1-scaled.jpg?resize=525%2C300&ssl=1 1.5x, https:\/\/i0.wp.com\/lasprimeras.com.do\/wp-content\/uploads\/2026\/04\/esc-1-scaled.jpg?resize=700%2C400&ssl=1 2x, https:\/\/i0.wp.com\/lasprimeras.com.do\/wp-content\/uploads\/2026\/04\/esc-1-scaled.jpg?resize=1050%2C600&ssl=1 3x, https:\/\/i0.wp.com\/lasprimeras.com.do\/wp-content\/uploads\/2026\/04\/esc-1-scaled.jpg?resize=1400%2C800&ssl=1 4x"},"classes":[]},{"id":122854,"url":"https:\/\/lasprimeras.com.do\/index.php\/2026\/02\/23\/congresista-espaillat-entregara-us500-mil-a-escuela-publica-de-harlem-con-774-alumnos-hay-decenas-de-dominicanos\/","url_meta":{"origin":67062,"position":2},"title":"Congresista Espaillat entregar\u00e1 US$500 mil a escuela p\u00fablica de Harlem con 774 alumnos; hay decenas de dominicanos","author":"Nelson Feliz","date":"23 de febrero de 2026","format":false,"excerpt":"Por Ram\u00f3n Mercedes NUEVA YORK.- El congresista por el Distrito 13 de Nueva York, Adriano Espaillat, cuyo territorio abarca Harlem, East Harlem, West Harlem, Hamilton Heights, Washington Heights, Inwood, Marble Hill y el noroeste de El Bronx, con una poblaci\u00f3n de m\u00e1s de 710 mil habitantes, entre ellos decenas de\u2026","rel":"","context":"En \u00abINTERNACIONALES\u00bb","block_context":{"text":"INTERNACIONALES","link":"https:\/\/lasprimeras.com.do\/index.php\/category\/sin-categoria\/internacionales\/"},"img":{"alt_text":"","src":"https:\/\/i0.wp.com\/lasprimeras.com.do\/wp-content\/uploads\/2026\/02\/IMG-20260223-WA0058.jpg?resize=350%2C200&ssl=1","width":350,"height":200,"srcset":"https:\/\/i0.wp.com\/lasprimeras.com.do\/wp-content\/uploads\/2026\/02\/IMG-20260223-WA0058.jpg?resize=350%2C200&ssl=1 1x, https:\/\/i0.wp.com\/lasprimeras.com.do\/wp-content\/uploads\/2026\/02\/IMG-20260223-WA0058.jpg?resize=525%2C300&ssl=1 1.5x"},"classes":[]},{"id":123410,"url":"https:\/\/lasprimeras.com.do\/index.php\/2026\/02\/28\/melanio-paredes-no-es-cierto-el-aumento-de-la-cobertura-escolar\/","url_meta":{"origin":67062,"position":3},"title":"Melanio Paredes: No es cierto el aumento de la cobertura escolar","author":"Nelson Feliz","date":"28 de febrero de 2026","format":false,"excerpt":"Un discurso distante de la realidad que vivi\u00f3 el pueblo dominicano durante el a\u00f1o 2025, argumenta Melanio Paredes. El miembro del Comit\u00e9 Pol\u00edtico del Partido de la Liberaci\u00f3n Dominicana (PLD) Melanio Paredes, afirm\u00f3 que el discurso de rendici\u00f3n de cuentas del presidente Luis Abinader dista mucho de la realidad que\u2026","rel":"","context":"En \u00abPOLITICA\u00bb","block_context":{"text":"POLITICA","link":"https:\/\/lasprimeras.com.do\/index.php\/category\/politica\/"},"img":{"alt_text":"","src":"https:\/\/i0.wp.com\/lasprimeras.com.do\/wp-content\/uploads\/2024\/06\/Melanio-Paredes-14.jpeg?resize=350%2C200&ssl=1","width":350,"height":200,"srcset":"https:\/\/i0.wp.com\/lasprimeras.com.do\/wp-content\/uploads\/2024\/06\/Melanio-Paredes-14.jpeg?resize=350%2C200&ssl=1 1x, https:\/\/i0.wp.com\/lasprimeras.com.do\/wp-content\/uploads\/2024\/06\/Melanio-Paredes-14.jpeg?resize=525%2C300&ssl=1 1.5x"},"classes":[]},{"id":107811,"url":"https:\/\/lasprimeras.com.do\/index.php\/2025\/08\/31\/centro-educativo-en-bani-no-inicia-docencia-por-falta-de-plantel-escolar\/","url_meta":{"origin":67062,"position":4},"title":"Centro Educativo en Ban\u00ed no inicia docencia por falta de plantel escolar","author":"Nelson Feliz","date":"31 de agosto de 2025","format":false,"excerpt":"El nuevo centro escolar ten\u00eda fecha para ser entregado en el 2023. Jos\u00e9 Dicen Los alumnos que conforman la Escuela B\u00e1sica de Las Carreras, en Ban\u00ed, no iniciar\u00e1n este a\u00f1o escolar 2025-2026, debido a que el Ministerio de Educaci\u00f3n no ha cumplido con su promesa de construirles el plantel que\u2026","rel":"","context":"En \u00abNACIONALES\u00bb","block_context":{"text":"NACIONALES","link":"https:\/\/lasprimeras.com.do\/index.php\/category\/nacionales\/"},"img":{"alt_text":"","src":"https:\/\/i0.wp.com\/lasprimeras.com.do\/wp-content\/uploads\/2025\/08\/Escuela-de-Las-Carreras.jpeg?resize=350%2C200&ssl=1","width":350,"height":200,"srcset":"https:\/\/i0.wp.com\/lasprimeras.com.do\/wp-content\/uploads\/2025\/08\/Escuela-de-Las-Carreras.jpeg?resize=350%2C200&ssl=1 1x, https:\/\/i0.wp.com\/lasprimeras.com.do\/wp-content\/uploads\/2025\/08\/Escuela-de-Las-Carreras.jpeg?resize=525%2C300&ssl=1 1.5x, https:\/\/i0.wp.com\/lasprimeras.com.do\/wp-content\/uploads\/2025\/08\/Escuela-de-Las-Carreras.jpeg?resize=700%2C400&ssl=1 2x"},"classes":[]},{"id":100392,"url":"https:\/\/lasprimeras.com.do\/index.php\/2025\/06\/06\/juez-suspende-temporalmente-el-ultimo-veto-de-trump-a-estudiantes-extranjeros-de-harvard\/","url_meta":{"origin":67062,"position":5},"title":"Juez suspende temporalmente el \u00faltimo veto de Trump a estudiantes extranjeros de Harvard","author":"Nelson Feliz","date":"6 de junio de 2025","format":false,"excerpt":"POR CHRISSIE THOMPSON and COLLIN BINKLEY WASHINGTON (AP) \u2014 Un juez federal bloque\u00f3 temporalmente el jueves por la noche una proclamaci\u00f3n del presidente Donald Trump que prohib\u00eda la entrada de estudiantes extranjeros a Estados Unidos para asistir a la Universidad de Harvard. La proclamaci\u00f3n de Trump, emitida el mi\u00e9rcoles, fue\u2026","rel":"","context":"En \u00abINTERNACIONALES\u00bb","block_context":{"text":"INTERNACIONALES","link":"https:\/\/lasprimeras.com.do\/index.php\/category\/sin-categoria\/internacionales\/"},"img":{"alt_text":"","src":"https:\/\/i0.wp.com\/lasprimeras.com.do\/wp-content\/uploads\/2025\/06\/Universidad-de-Harvard.jpg?resize=350%2C200&ssl=1","width":350,"height":200,"srcset":"https:\/\/i0.wp.com\/lasprimeras.com.do\/wp-content\/uploads\/2025\/06\/Universidad-de-Harvard.jpg?resize=350%2C200&ssl=1 1x, https:\/\/i0.wp.com\/lasprimeras.com.do\/wp-content\/uploads\/2025\/06\/Universidad-de-Harvard.jpg?resize=525%2C300&ssl=1 1.5x, https:\/\/i0.wp.com\/lasprimeras.com.do\/wp-content\/uploads\/2025\/06\/Universidad-de-Harvard.jpg?resize=700%2C400&ssl=1 2x"},"classes":[]}],"jetpack_sharing_enabled":true,"_links":{"self":[{"href":"https:\/\/lasprimeras.com.do\/index.php\/wp-json\/wp\/v2\/posts\/67062","targetHints":{"allow":["GET"]}}],"collection":[{"href":"https:\/\/lasprimeras.com.do\/index.php\/wp-json\/wp\/v2\/posts"}],"about":[{"href":"https:\/\/lasprimeras.com.do\/index.php\/wp-json\/wp\/v2\/types\/post"}],"author":[{"embeddable":true,"href":"https:\/\/lasprimeras.com.do\/index.php\/wp-json\/wp\/v2\/users\/2"}],"replies":[{"embeddable":true,"href":"https:\/\/lasprimeras.com.do\/index.php\/wp-json\/wp\/v2\/comments?post=67062"}],"version-history":[{"count":1,"href":"https:\/\/lasprimeras.com.do\/index.php\/wp-json\/wp\/v2\/posts\/67062\/revisions"}],"predecessor-version":[{"id":67064,"href":"https:\/\/lasprimeras.com.do\/index.php\/wp-json\/wp\/v2\/posts\/67062\/revisions\/67064"}],"wp:featuredmedia":[{"embeddable":true,"href":"https:\/\/lasprimeras.com.do\/index.php\/wp-json\/wp\/v2\/media\/67063"}],"wp:attachment":[{"href":"https:\/\/lasprimeras.com.do\/index.php\/wp-json\/wp\/v2\/media?parent=67062"}],"wp:term":[{"taxonomy":"category","embeddable":true,"href":"https:\/\/lasprimeras.com.do\/index.php\/wp-json\/wp\/v2\/categories?post=67062"},{"taxonomy":"post_tag","embeddable":true,"href":"https:\/\/lasprimeras.com.do\/index.php\/wp-json\/wp\/v2\/tags?post=67062"}],"curies":[{"name":"wp","href":"https:\/\/api.w.org\/{rel}","templated":true}]}}