{"id":67068,"date":"2023-11-13T06:45:54","date_gmt":"2023-11-13T10:45:54","guid":{"rendered":"https:\/\/lasprimeras.com.do\/?p=67068"},"modified":"2023-11-13T06:45:56","modified_gmt":"2023-11-13T10:45:56","slug":"abinader-y-david-supervisan-trabajos-en-ciudad-colonial","status":"publish","type":"post","link":"https:\/\/lasprimeras.com.do\/index.php\/2023\/11\/13\/abinader-y-david-supervisan-trabajos-en-ciudad-colonial\/","title":{"rendered":"Abinader y David supervisan trabajos en Ciudad Colonial"},"content":{"rendered":"\n<p>Santo Domingo.-El presidente Luis Abinader y el ministro de Turismo, David Collado, realizaron un recorrido y supervisi\u00f3n en los trabajos de embellecimiento y remozamiento de las obras que se ejecutan en la emblem\u00e1tica Ciudad Colonial.<\/p>\n\n\n\n<p>El recorrido inici\u00f3 en la Puerta de la Misericordia, obra que el mandatario asever\u00f3 se estar\u00eda entregando a final de este a\u00f1o.<\/p>\n\n\n\n<p>La renovaci\u00f3n de la plaza incluy\u00f3 restauraci\u00f3n de la muralla de la piedra, limpieza y saneamiento de los par\u00e1metros de muros, as\u00ed como ampliaci\u00f3n y adecuaci\u00f3n de los andenes; alumbrado el\u00e9ctrico, nuevos bancos, \u00e1rea de jardiner\u00eda y embellecimiento general del entorno.<\/p>\n\n\n\n<p>Sobre los trabajos, el jefe del Estado asegur\u00f3, que estos transformaran la zona tur\u00edstica y la convertir\u00e1 en una ciudad tem\u00e1tica.<\/p>\n\n\n\n<p>\u201cVa a mejorar (el plan) la Ciudad Colonial y yo te puedo decir casi a transformarla, todos esos cables el\u00e9ctricos van soterrados, las calles adoquinadas, mejoradas, para convertirla en lo que debe de ser y ha debido de ser siempre la Ciudad Colonial, que es una ciudad tem\u00e1tica\u201d, manifest\u00f3 el mandatario.<\/p>\n","protected":false},"excerpt":{"rendered":"<p>Santo Domingo.-El presidente Luis Abinader y el ministro de Turismo, David Collado, realizaron un recorrido y supervisi\u00f3n en los trabajos de embellecimiento y remozamiento de las obras que se ejecutan&hellip;<\/p>\n","protected":false},"author":3,"featured_media":67070,"comment_status":"open","ping_status":"open","sticky":false,"template":"","format":"standard","meta":{"content-type":"","jetpack_post_was_ever_published":false,"_jetpack_newsletter_access":"","_jetpack_dont_email_post_to_subs":false,"_jetpack_newsletter_tier_id":0,"_jetpack_memberships_contains_paywalled_content":false,"_jetpack_memberships_contains_paid_content":false,"footnotes":""},"categories":[35],"tags":[4320,67],"class_list":["post-67068","post","type-post","status-publish","format-standard","has-post-thumbnail","hentry","category-nacionales","tag-ciudad-colonial","tag-luis-abinader"],"jetpack_featured_media_url":"https:\/\/lasprimeras.com.do\/wp-content\/uploads\/2023\/11\/WhatsApp-Image-2023-11-12-at-4.11.32-PM-1-1.jpeg","jetpack-related-posts":[{"id":67049,"url":"https:\/\/lasprimeras.com.do\/index.php\/2023\/11\/12\/abinader-supervisa-trabajos-de-remozamiento-de-la-zc-y-ceiztur\/","url_meta":{"origin":67068,"position":0},"title":"Abinader supervisa trabajos de remozamiento de la ZC y CEIZTUR","author":"Nelson Feliz","date":"12 de noviembre de 2023","format":false,"excerpt":"Dej\u00f3 iniciado lo trabajos de parqueo p\u00fablico en la Zona Colonial e inaugur\u00f3 escuela en el Naranjo en San Luis; tambi\u00e9n aprovech\u00f3 para tomarse caf\u00e9 con visitantes de la ZC en el Parque Colon en la cafeter\u00eda Esquizofrenia. El presidente Luis Abinader realiz\u00f3 un amplio recorrido por la Ciudad Colonial,\u2026","rel":"","context":"En \u00abECONOM\u00cdA\u00bb","block_context":{"text":"ECONOM\u00cdA","link":"https:\/\/lasprimeras.com.do\/index.php\/category\/economia\/"},"img":{"alt_text":"Luis Abinader","src":"https:\/\/i0.wp.com\/lasprimeras.com.do\/wp-content\/uploads\/2023\/11\/abinader-1.jpg?resize=350%2C200&ssl=1","width":350,"height":200,"srcset":"https:\/\/i0.wp.com\/lasprimeras.com.do\/wp-content\/uploads\/2023\/11\/abinader-1.jpg?resize=350%2C200&ssl=1 1x, https:\/\/i0.wp.com\/lasprimeras.com.do\/wp-content\/uploads\/2023\/11\/abinader-1.jpg?resize=525%2C300&ssl=1 1.5x, https:\/\/i0.wp.com\/lasprimeras.com.do\/wp-content\/uploads\/2023\/11\/abinader-1.jpg?resize=700%2C400&ssl=1 2x"},"classes":[]},{"id":94527,"url":"https:\/\/lasprimeras.com.do\/index.php\/2025\/03\/02\/presidente-luis-abinader-rescata-carnaval-de-la-zona-colonial\/","url_meta":{"origin":67068,"position":1},"title":"Presidente Luis Abinader rescata Carnaval de la Zona Colonial","author":"Nelson Feliz","date":"2 de marzo de 2025","format":false,"excerpt":"Como cada a\u00f1o, Luis Acosta Moreta, conocido como Luis \"El Gallo\", presidente del Partido Uni\u00f3n Dem\u00f3crata Cristiana (UDC), en conjunto con la Mesa Redonda Panamericana Ciudad Colonial, celebraron el tradicional desfile de carnaval, que cont\u00f3 con la participaci\u00f3n de diversas comparsas. La Ciudad Primada de Am\u00e9rica se visti\u00f3 de colores\u2026","rel":"","context":"En \u00abPOLITICA\u00bb","block_context":{"text":"POLITICA","link":"https:\/\/lasprimeras.com.do\/index.php\/category\/politica\/"},"img":{"alt_text":"Luis Acosta Moreta","src":"https:\/\/i0.wp.com\/lasprimeras.com.do\/wp-content\/uploads\/2025\/03\/Luis-Acosta-Moreta-1.jpg?resize=350%2C200&ssl=1","width":350,"height":200,"srcset":"https:\/\/i0.wp.com\/lasprimeras.com.do\/wp-content\/uploads\/2025\/03\/Luis-Acosta-Moreta-1.jpg?resize=350%2C200&ssl=1 1x, https:\/\/i0.wp.com\/lasprimeras.com.do\/wp-content\/uploads\/2025\/03\/Luis-Acosta-Moreta-1.jpg?resize=525%2C300&ssl=1 1.5x, https:\/\/i0.wp.com\/lasprimeras.com.do\/wp-content\/uploads\/2025\/03\/Luis-Acosta-Moreta-1.jpg?resize=700%2C400&ssl=1 2x"},"classes":[]},{"id":75939,"url":"https:\/\/lasprimeras.com.do\/index.php\/2024\/02\/06\/zona-colonial-avanza-en-su-remodelacion\/","url_meta":{"origin":67068,"position":2},"title":"Zona Colonial avanza en su remodelaci\u00f3n","author":"BIMARY DE JES\u00daS Matos","date":"6 de febrero de 2024","format":false,"excerpt":"Santo Domingo.-La intervenci\u00f3n y recuperaci\u00f3n de los espacios en la Ciudad Colonial han sido llevadas a cabo por la inversi\u00f3n millonaria realizada por los sectores p\u00fablicos y privados. De acuerdo con David Collado, ministro de Turismo, los avances presentados en el remozamiento del destino ha permitido la atracci\u00f3n de m\u00e1s\u2026","rel":"","context":"En \u00abPORTADA\u00bb","block_context":{"text":"PORTADA","link":"https:\/\/lasprimeras.com.do\/index.php\/category\/portada\/"},"img":{"alt_text":"","src":"https:\/\/i0.wp.com\/lasprimeras.com.do\/wp-content\/uploads\/2024\/02\/9_Nacionales_6_1p01.jpg-1.webp?resize=350%2C200&ssl=1","width":350,"height":200,"srcset":"https:\/\/i0.wp.com\/lasprimeras.com.do\/wp-content\/uploads\/2024\/02\/9_Nacionales_6_1p01.jpg-1.webp?resize=350%2C200&ssl=1 1x, https:\/\/i0.wp.com\/lasprimeras.com.do\/wp-content\/uploads\/2024\/02\/9_Nacionales_6_1p01.jpg-1.webp?resize=525%2C300&ssl=1 1.5x, https:\/\/i0.wp.com\/lasprimeras.com.do\/wp-content\/uploads\/2024\/02\/9_Nacionales_6_1p01.jpg-1.webp?resize=700%2C400&ssl=1 2x"},"classes":[]},{"id":53999,"url":"https:\/\/lasprimeras.com.do\/index.php\/2023\/07\/04\/ceiztur-detalla-trabajos-de-intervencion-de-areas-turisticas-y-culturales-en-la-ciudad-colonial\/","url_meta":{"origin":67068,"position":3},"title":"Ceiztur detalla trabajos de intervenci\u00f3n de \u00e1reas tur\u00edsticas y culturales en la Ciudad Colonial","author":"Nelson Feliz","date":"4 de julio de 2023","format":false,"excerpt":"El director del Comit\u00e9 Ejecutor de Infraestructuras de Zonas Tur\u00edsticas (Ceiztur), Sixto Brea, detall\u00f3 este martes algunas de las intervenciones que realiza la dependencia en \u00e1reas tur\u00edsticas y culturales de la Ciudad Colonial. Brea, durante un programa especial de El Gobierno de la Ma\u00f1ana, desde la Ciudad Colonial, manifest\u00f3 que\u2026","rel":"","context":"En \u00abPORTADA\u00bb","block_context":{"text":"PORTADA","link":"https:\/\/lasprimeras.com.do\/index.php\/category\/portada\/"},"img":{"alt_text":"Sixto Brea","src":"https:\/\/i0.wp.com\/lasprimeras.com.do\/wp-content\/uploads\/2023\/07\/Sixto-Brea.jpeg?resize=350%2C200&ssl=1","width":350,"height":200,"srcset":"https:\/\/i0.wp.com\/lasprimeras.com.do\/wp-content\/uploads\/2023\/07\/Sixto-Brea.jpeg?resize=350%2C200&ssl=1 1x, https:\/\/i0.wp.com\/lasprimeras.com.do\/wp-content\/uploads\/2023\/07\/Sixto-Brea.jpeg?resize=525%2C300&ssl=1 1.5x, https:\/\/i0.wp.com\/lasprimeras.com.do\/wp-content\/uploads\/2023\/07\/Sixto-Brea.jpeg?resize=700%2C400&ssl=1 2x"},"classes":[]},{"id":87479,"url":"https:\/\/lasprimeras.com.do\/index.php\/2024\/08\/12\/alcaldesa-mejia-pone-en-marcha-plan-de-seguridad-ciudadana-en-ciudad-colonial\/","url_meta":{"origin":67068,"position":4},"title":"Alcaldesa Mej\u00eda pone en marcha plan de seguridad ciudadana en Ciudad Colonial","author":"Nelson Feliz","date":"12 de agosto de 2024","format":false,"excerpt":"-Mayor general Guzm\u00e1n Peralta aumenta personal y log\u00edstica. La alcaldesa del Distrito Nacional, Carolina Mej\u00eda, junto a mandos de la Polic\u00eda Nacional, encabez\u00f3 el lanzamiento del plan piloto de seguridad ciudadana en la Ciudad Colonial, Distrito Nacional, medida ejecutada por el mayor general Ram\u00f3n Antonio Guzm\u00e1n Peralta, director general de\u2026","rel":"","context":"En \u00abMILITARES\u00bb","block_context":{"text":"MILITARES","link":"https:\/\/lasprimeras.com.do\/index.php\/category\/militares\/"},"img":{"alt_text":"Carolina Mej\u00eda","src":"https:\/\/i0.wp.com\/lasprimeras.com.do\/wp-content\/uploads\/2024\/08\/Carolina-Mejia-1.jpg?resize=350%2C200&ssl=1","width":350,"height":200,"srcset":"https:\/\/i0.wp.com\/lasprimeras.com.do\/wp-content\/uploads\/2024\/08\/Carolina-Mejia-1.jpg?resize=350%2C200&ssl=1 1x, https:\/\/i0.wp.com\/lasprimeras.com.do\/wp-content\/uploads\/2024\/08\/Carolina-Mejia-1.jpg?resize=525%2C300&ssl=1 1.5x, https:\/\/i0.wp.com\/lasprimeras.com.do\/wp-content\/uploads\/2024\/08\/Carolina-Mejia-1.jpg?resize=700%2C400&ssl=1 2x"},"classes":[]},{"id":77855,"url":"https:\/\/lasprimeras.com.do\/index.php\/2024\/02\/26\/turismo-entrega-restaurada-la-puerta-de-la-misericordia\/","url_meta":{"origin":67068,"position":5},"title":"Turismo entrega restaurada la Puerta de la Misericordia","author":"BIMARY DE JES\u00daS Matos","date":"26 de febrero de 2024","format":false,"excerpt":"Santo Domingo.- El ministro de Turismo, David Collado, acompa\u00f1ado de la Primera Dama, Raquel Arbaje, entreg\u00f3 este lunes completamente restaurada la hist\u00f3rica Puerta de la Misericordia, en la Ciudad Colonial, con una inversi\u00f3n superior a los 17 millones de pesos. La intervenci\u00f3n consisti\u00f3 en la restauraci\u00f3n de la muralla de\u2026","rel":"","context":"En \u00abPORTADA\u00bb","block_context":{"text":"PORTADA","link":"https:\/\/lasprimeras.com.do\/index.php\/category\/portada\/"},"img":{"alt_text":"","src":"https:\/\/i0.wp.com\/lasprimeras.com.do\/wp-content\/uploads\/2024\/02\/Captura-de-pantalla-2024-02-26-144645.webp?resize=350%2C200&ssl=1","width":350,"height":200,"srcset":"https:\/\/i0.wp.com\/lasprimeras.com.do\/wp-content\/uploads\/2024\/02\/Captura-de-pantalla-2024-02-26-144645.webp?resize=350%2C200&ssl=1 1x, https:\/\/i0.wp.com\/lasprimeras.com.do\/wp-content\/uploads\/2024\/02\/Captura-de-pantalla-2024-02-26-144645.webp?resize=525%2C300&ssl=1 1.5x, https:\/\/i0.wp.com\/lasprimeras.com.do\/wp-content\/uploads\/2024\/02\/Captura-de-pantalla-2024-02-26-144645.webp?resize=700%2C400&ssl=1 2x"},"classes":[]}],"jetpack_sharing_enabled":true,"_links":{"self":[{"href":"https:\/\/lasprimeras.com.do\/index.php\/wp-json\/wp\/v2\/posts\/67068","targetHints":{"allow":["GET"]}}],"collection":[{"href":"https:\/\/lasprimeras.com.do\/index.php\/wp-json\/wp\/v2\/posts"}],"about":[{"href":"https:\/\/lasprimeras.com.do\/index.php\/wp-json\/wp\/v2\/types\/post"}],"author":[{"embeddable":true,"href":"https:\/\/lasprimeras.com.do\/index.php\/wp-json\/wp\/v2\/users\/3"}],"replies":[{"embeddable":true,"href":"https:\/\/lasprimeras.com.do\/index.php\/wp-json\/wp\/v2\/comments?post=67068"}],"version-history":[{"count":1,"href":"https:\/\/lasprimeras.com.do\/index.php\/wp-json\/wp\/v2\/posts\/67068\/revisions"}],"predecessor-version":[{"id":67071,"href":"https:\/\/lasprimeras.com.do\/index.php\/wp-json\/wp\/v2\/posts\/67068\/revisions\/67071"}],"wp:featuredmedia":[{"embeddable":true,"href":"https:\/\/lasprimeras.com.do\/index.php\/wp-json\/wp\/v2\/media\/67070"}],"wp:attachment":[{"href":"https:\/\/lasprimeras.com.do\/index.php\/wp-json\/wp\/v2\/media?parent=67068"}],"wp:term":[{"taxonomy":"category","embeddable":true,"href":"https:\/\/lasprimeras.com.do\/index.php\/wp-json\/wp\/v2\/categories?post=67068"},{"taxonomy":"post_tag","embeddable":true,"href":"https:\/\/lasprimeras.com.do\/index.php\/wp-json\/wp\/v2\/tags?post=67068"}],"curies":[{"name":"wp","href":"https:\/\/api.w.org\/{rel}","templated":true}]}}