{"id":67069,"date":"2023-11-13T07:00:28","date_gmt":"2023-11-13T11:00:28","guid":{"rendered":"https:\/\/lasprimeras.com.do\/?p=67069"},"modified":"2023-11-13T07:00:29","modified_gmt":"2023-11-13T11:00:29","slug":"comunitarios-rechazan-instalacion-vertedero-en-mata-gorda","status":"publish","type":"post","link":"https:\/\/lasprimeras.com.do\/index.php\/2023\/11\/13\/comunitarios-rechazan-instalacion-vertedero-en-mata-gorda\/","title":{"rendered":"Comunitarios rechazan instalaci\u00f3n vertedero en Mata Gorda"},"content":{"rendered":"\n<p><strong>Denuncian Ministerio Medio Ambiente lo quiere imponer. De ser instalado dicho vertedero por la empresa espa\u00f1ola SAT se pondr\u00eda en peligro la capa vegetal de la zona.-<\/strong><\/p>\n\n\n\n<p>La Comunidad de Mata Gorda, en el municipio Santo Domingo Norte, rechaz\u00f3 la instalaci\u00f3n de un vertedero, que amanaza con destruir la capa vegetal de la zona, as\u00ed como la contaminaci\u00f3n de sus r\u00edos, debido a que el proyecto se pretende construir en un lugar muy cercano a los afluentes.<\/p>\n\n\n\n<p>Los comunitarios de Mata Gorda denunciaron adem\u00e1s, que la empresa espa\u00f1ola SAT, constructora del vertedero, contrat\u00f3 personas ajenas a la comunidad, pagandoles 500 pesos, a quienes llev\u00f3 a las vistas p\u00fablicas, para que expresen su apoyo al proyecto.<\/p>\n\n\n\n<p>\u201cEste vertedero viola totalmente la ley de Medio Ambiente y en el ministerio lo saben, pero hay funcionarios y gente de poder presionando, para que el mismo se construya\u201d, expresaron los comunitarios de Mata Gorda en una protesta, escenificada durante la realizaci\u00f3n de las vistas p\u00fablicas, realizada por la empresa.<\/p>\n\n\n\n<p>En dicha actividad y pese a la negativa de los residentes de la zona y a los da\u00f1os que causar\u00eda a la capa vegetal y los afluentes, la viceministra de Gesti\u00f3n Ambiental, Indhira de Jes\u00fas motiv\u00f3 la instalaci\u00f3n del vertedero. Sin embargo cientos de comunitarios protestaron, dejando claro su oposici\u00f3n a la construcci\u00f3n del proyecto.<\/p>\n\n\n\n<p>La empresa SAT pretende procesar diariamente 5,500 toneladas de residuos, lo que supone el transito de 550 camiones diarios. Los Comunitarios afirm\u00e1n ser\u00eda replicar el mismo error del vertedero de Duquesa.<\/p>\n\n\n\n<figure class=\"wp-block-image size-large\"><img decoding=\"async\" width=\"636\" height=\"1024\" src=\"https:\/\/lasprimeras.com.do\/wp-content\/uploads\/2023\/11\/WhatsApp-Image-2023-11-12-at-9.10.06-PM-636x1024.jpeg\" alt=\"\" class=\"wp-image-67079\" srcset=\"https:\/\/lasprimeras.com.do\/wp-content\/uploads\/2023\/11\/WhatsApp-Image-2023-11-12-at-9.10.06-PM-636x1024.jpeg 636w, https:\/\/lasprimeras.com.do\/wp-content\/uploads\/2023\/11\/WhatsApp-Image-2023-11-12-at-9.10.06-PM-186x300.jpeg 186w, https:\/\/lasprimeras.com.do\/wp-content\/uploads\/2023\/11\/WhatsApp-Image-2023-11-12-at-9.10.06-PM-768x1237.jpeg 768w, https:\/\/lasprimeras.com.do\/wp-content\/uploads\/2023\/11\/WhatsApp-Image-2023-11-12-at-9.10.06-PM.jpeg 874w\" sizes=\"(max-width: 636px) 100vw, 636px\" \/><\/figure>\n\n\n\n<figure class=\"wp-block-image size-large\"><img decoding=\"async\" width=\"636\" height=\"1024\" src=\"https:\/\/lasprimeras.com.do\/wp-content\/uploads\/2023\/11\/WhatsApp-Image-2023-11-12-at-9.10.06-PM-1-636x1024.jpeg\" alt=\"\" class=\"wp-image-67080\" srcset=\"https:\/\/lasprimeras.com.do\/wp-content\/uploads\/2023\/11\/WhatsApp-Image-2023-11-12-at-9.10.06-PM-1-636x1024.jpeg 636w, https:\/\/lasprimeras.com.do\/wp-content\/uploads\/2023\/11\/WhatsApp-Image-2023-11-12-at-9.10.06-PM-1-186x300.jpeg 186w, https:\/\/lasprimeras.com.do\/wp-content\/uploads\/2023\/11\/WhatsApp-Image-2023-11-12-at-9.10.06-PM-1-768x1236.jpeg 768w, https:\/\/lasprimeras.com.do\/wp-content\/uploads\/2023\/11\/WhatsApp-Image-2023-11-12-at-9.10.06-PM-1-954x1536.jpeg 954w, https:\/\/lasprimeras.com.do\/wp-content\/uploads\/2023\/11\/WhatsApp-Image-2023-11-12-at-9.10.06-PM-1.jpeg 994w\" sizes=\"(max-width: 636px) 100vw, 636px\" \/><\/figure>\n","protected":false},"excerpt":{"rendered":"<p>Denuncian Ministerio Medio Ambiente lo quiere imponer. De ser instalado dicho vertedero por la empresa espa\u00f1ola SAT se pondr\u00eda en peligro la capa vegetal de la zona.- La Comunidad de&hellip;<\/p>\n","protected":false},"author":2,"featured_media":67086,"comment_status":"open","ping_status":"open","sticky":false,"template":"","format":"standard","meta":{"content-type":"","jetpack_post_was_ever_published":false,"_jetpack_newsletter_access":"","_jetpack_dont_email_post_to_subs":false,"_jetpack_newsletter_tier_id":0,"_jetpack_memberships_contains_paywalled_content":false,"_jetpack_memberships_contains_paid_content":false,"footnotes":""},"categories":[35,25],"tags":[1013,9406,9405,9404,4491],"class_list":["post-67069","post","type-post","status-publish","format-standard","has-post-thumbnail","hentry","category-nacionales","category-portada","tag-comunitarios","tag-imponer","tag-mata-gorda","tag-ministerio-medio-ambiente","tag-vertedero"],"jetpack_featured_media_url":"https:\/\/lasprimeras.com.do\/wp-content\/uploads\/2023\/11\/vertedero.jpg","jetpack-related-posts":[{"id":63684,"url":"https:\/\/lasprimeras.com.do\/index.php\/2023\/10\/14\/acusan-a-empresarios-de-pagar-por-aprobacion-de-vertedero\/","url_meta":{"origin":67069,"position":0},"title":"Acusan a empresarios de pagar por aprobaci\u00f3n de vertedero","author":"Nelson Feliz","date":"14 de octubre de 2023","format":false,"excerpt":"Residentes en Mata Gorda, Santo Domingo Norte, advierten que est\u00e1n siendo provocados por personas ajenas a la comunidad pagadas supuestamente por los empresarios que quieren instalar un vertedero en la zona. Al realizar una reuni\u00f3n en comunidad, explicaron que estos impostores se hacen pasar como habitantes de esa barriada con\u2026","rel":"","context":"En \u00abNACIONALES\u00bb","block_context":{"text":"NACIONALES","link":"https:\/\/lasprimeras.com.do\/index.php\/category\/nacionales\/"},"img":{"alt_text":"Comunitarios","src":"https:\/\/i0.wp.com\/lasprimeras.com.do\/wp-content\/uploads\/2023\/10\/Comunitarios-1.jpg?resize=350%2C200&ssl=1","width":350,"height":200,"srcset":"https:\/\/i0.wp.com\/lasprimeras.com.do\/wp-content\/uploads\/2023\/10\/Comunitarios-1.jpg?resize=350%2C200&ssl=1 1x, https:\/\/i0.wp.com\/lasprimeras.com.do\/wp-content\/uploads\/2023\/10\/Comunitarios-1.jpg?resize=525%2C300&ssl=1 1.5x, https:\/\/i0.wp.com\/lasprimeras.com.do\/wp-content\/uploads\/2023\/10\/Comunitarios-1.jpg?resize=700%2C400&ssl=1 2x"},"classes":[]},{"id":51046,"url":"https:\/\/lasprimeras.com.do\/index.php\/2023\/05\/26\/residentes-de-pedro-brand-rechazan-instalacion-de-relleno-sanitario\/","url_meta":{"origin":67069,"position":1},"title":"Residentes de Pedro Brand rechazan instalaci\u00f3n de relleno sanitario","author":"prenxa100","date":"26 de mayo de 2023","format":false,"excerpt":"Santo Domingo, RD.-.Decenas de personas se aglomeraron este viernes frente a las instalaciones del Ministerio de Medio Ambiente en rechazo a la instalaci\u00f3n de un relleno sanitario que se ha propuesto construir en la comunidad Los Aguacates, municipio Pedro Brand. Aproximadamente m\u00e1s de 100 personas acudieron a las proximidades de\u2026","rel":"","context":"En \u00abNACIONALES\u00bb","block_context":{"text":"NACIONALES","link":"https:\/\/lasprimeras.com.do\/index.php\/category\/nacionales\/"},"img":{"alt_text":"","src":"","width":0,"height":0},"classes":[]},{"id":64322,"url":"https:\/\/lasprimeras.com.do\/index.php\/2023\/10\/19\/acusan-ejecutivos-ayuntamiento-sdn-de-aliarse-contra-comunidad\/","url_meta":{"origin":67069,"position":2},"title":"Acusan ejecutivos ayuntamiento SDN de aliarse contra comunidad","author":"Nelson Feliz","date":"19 de octubre de 2023","format":false,"excerpt":"Decenas de personas realizaron una protesta frente al Ayuntamiento de Santo Domingo Norte en demanda de que ese cabildo y sus autoridades desistan supuestamente de apoyar a un grupo de empresarios que buscan instalar un relleno sanitario en su sector Mata Gorda. Manifestaron que es un abuso que regidores y\u2026","rel":"","context":"En \u00abNACIONALES\u00bb","block_context":{"text":"NACIONALES","link":"https:\/\/lasprimeras.com.do\/index.php\/category\/nacionales\/"},"img":{"alt_text":"PROTESTA","src":"https:\/\/i0.wp.com\/lasprimeras.com.do\/wp-content\/uploads\/2023\/10\/PROTESTA-FOTO-2.jpg?resize=350%2C200&ssl=1","width":350,"height":200,"srcset":"https:\/\/i0.wp.com\/lasprimeras.com.do\/wp-content\/uploads\/2023\/10\/PROTESTA-FOTO-2.jpg?resize=350%2C200&ssl=1 1x, https:\/\/i0.wp.com\/lasprimeras.com.do\/wp-content\/uploads\/2023\/10\/PROTESTA-FOTO-2.jpg?resize=525%2C300&ssl=1 1.5x, https:\/\/i0.wp.com\/lasprimeras.com.do\/wp-content\/uploads\/2023\/10\/PROTESTA-FOTO-2.jpg?resize=700%2C400&ssl=1 2x"},"classes":[]},{"id":50839,"url":"https:\/\/lasprimeras.com.do\/index.php\/2023\/05\/24\/comunitarios-solicitan-a-medio-ambiente-conocer-detalles-de-la-planta-de-residuos-solidos-en-pedro-brand\/","url_meta":{"origin":67069,"position":3},"title":"Comunitarios solicitan a Medio Ambiente conocer detalles de la planta de residuos s\u00f3lidos en Pedro Brand","author":"prenxa100","date":"24 de mayo de 2023","format":false,"excerpt":"El proyecto que se instalar\u00eda en El Aguacate, La Cuaba, generar\u00e1 empleos y el desarrollo de la zona sin afectar el medio ambiente SANTO DOMINGO.- Comunitarios de diversas localidades del municipio Pedro Brand realizaron una vigilia pac\u00edfica frente al Ministerio de Medio Ambiente para solicitarle a esa instituci\u00f3n que escuche\u2026","rel":"","context":"En \u00abNACIONALES\u00bb","block_context":{"text":"NACIONALES","link":"https:\/\/lasprimeras.com.do\/index.php\/category\/nacionales\/"},"img":{"alt_text":"","src":"","width":0,"height":0},"classes":[]},{"id":121831,"url":"https:\/\/lasprimeras.com.do\/index.php\/2026\/02\/10\/abinader-da-inicio-a-la-transformacion-y-saneamiento-ambiental-del-vertedero-duquesa\/","url_meta":{"origin":67069,"position":4},"title":"Abinader da inicio a la transformaci\u00f3n y saneamiento ambiental del vertedero Duquesa","author":"Nelson Feliz","date":"10 de febrero de 2026","format":false,"excerpt":"Ministro de Medio Ambiente destaca que el proyecto contempla la construcci\u00f3n de canchas deportivas, parques, gazebos y un gimnasio al aire libre, en beneficio directo de las comunidades de El Casabe y Batey Duquesa. El presidente Luis Abinader dio inicio este martes a los trabajos de la primera fase de\u2026","rel":"","context":"En \u00abECONOM\u00cdA\u00bb","block_context":{"text":"ECONOM\u00cdA","link":"https:\/\/lasprimeras.com.do\/index.php\/category\/economia\/"},"img":{"alt_text":"","src":"https:\/\/i0.wp.com\/lasprimeras.com.do\/wp-content\/uploads\/2026\/02\/duquesa-1.jpg?resize=350%2C200&ssl=1","width":350,"height":200,"srcset":"https:\/\/i0.wp.com\/lasprimeras.com.do\/wp-content\/uploads\/2026\/02\/duquesa-1.jpg?resize=350%2C200&ssl=1 1x, https:\/\/i0.wp.com\/lasprimeras.com.do\/wp-content\/uploads\/2026\/02\/duquesa-1.jpg?resize=525%2C300&ssl=1 1.5x, https:\/\/i0.wp.com\/lasprimeras.com.do\/wp-content\/uploads\/2026\/02\/duquesa-1.jpg?resize=700%2C400&ssl=1 2x"},"classes":[]},{"id":121794,"url":"https:\/\/lasprimeras.com.do\/index.php\/2026\/02\/10\/abinader-encabezara-el-acto-de-cierre-tecnico-del-vertedero-de-duquesa\/","url_meta":{"origin":67069,"position":5},"title":"Abinader encabezar\u00e1 el acto de cierre t\u00e9cnico del Vertedero de Duquesa","author":"Nelson Feliz","date":"10 de febrero de 2026","format":false,"excerpt":"El presidente Luis Abinader orden\u00f3 hoy el cierre t\u00e9cnico del Vertedero de Duquesa, un importante paso hacia la mejora de la gesti\u00f3n de residuos s\u00f3lidos en la provincia de Santo Domingo. El vertedero, est\u00e1 ubicado en el municipio Santo Domingo Norte, ha sido una fuente de contaminaci\u00f3n y problemas ambientales\u2026","rel":"","context":"En \u00abNACIONALES\u00bb","block_context":{"text":"NACIONALES","link":"https:\/\/lasprimeras.com.do\/index.php\/category\/nacionales\/"},"img":{"alt_text":"","src":"https:\/\/i0.wp.com\/lasprimeras.com.do\/wp-content\/uploads\/2025\/10\/Luis-Abinader-12.jpg?resize=350%2C200&ssl=1","width":350,"height":200,"srcset":"https:\/\/i0.wp.com\/lasprimeras.com.do\/wp-content\/uploads\/2025\/10\/Luis-Abinader-12.jpg?resize=350%2C200&ssl=1 1x, https:\/\/i0.wp.com\/lasprimeras.com.do\/wp-content\/uploads\/2025\/10\/Luis-Abinader-12.jpg?resize=525%2C300&ssl=1 1.5x, https:\/\/i0.wp.com\/lasprimeras.com.do\/wp-content\/uploads\/2025\/10\/Luis-Abinader-12.jpg?resize=700%2C400&ssl=1 2x"},"classes":[]}],"jetpack_sharing_enabled":true,"_links":{"self":[{"href":"https:\/\/lasprimeras.com.do\/index.php\/wp-json\/wp\/v2\/posts\/67069","targetHints":{"allow":["GET"]}}],"collection":[{"href":"https:\/\/lasprimeras.com.do\/index.php\/wp-json\/wp\/v2\/posts"}],"about":[{"href":"https:\/\/lasprimeras.com.do\/index.php\/wp-json\/wp\/v2\/types\/post"}],"author":[{"embeddable":true,"href":"https:\/\/lasprimeras.com.do\/index.php\/wp-json\/wp\/v2\/users\/2"}],"replies":[{"embeddable":true,"href":"https:\/\/lasprimeras.com.do\/index.php\/wp-json\/wp\/v2\/comments?post=67069"}],"version-history":[{"count":1,"href":"https:\/\/lasprimeras.com.do\/index.php\/wp-json\/wp\/v2\/posts\/67069\/revisions"}],"predecessor-version":[{"id":67088,"href":"https:\/\/lasprimeras.com.do\/index.php\/wp-json\/wp\/v2\/posts\/67069\/revisions\/67088"}],"wp:featuredmedia":[{"embeddable":true,"href":"https:\/\/lasprimeras.com.do\/index.php\/wp-json\/wp\/v2\/media\/67086"}],"wp:attachment":[{"href":"https:\/\/lasprimeras.com.do\/index.php\/wp-json\/wp\/v2\/media?parent=67069"}],"wp:term":[{"taxonomy":"category","embeddable":true,"href":"https:\/\/lasprimeras.com.do\/index.php\/wp-json\/wp\/v2\/categories?post=67069"},{"taxonomy":"post_tag","embeddable":true,"href":"https:\/\/lasprimeras.com.do\/index.php\/wp-json\/wp\/v2\/tags?post=67069"}],"curies":[{"name":"wp","href":"https:\/\/api.w.org\/{rel}","templated":true}]}}