{"id":67072,"date":"2023-11-13T06:47:20","date_gmt":"2023-11-13T10:47:20","guid":{"rendered":"https:\/\/lasprimeras.com.do\/?p=67072"},"modified":"2023-11-13T06:47:21","modified_gmt":"2023-11-13T10:47:21","slug":"es-oficial-candidatura-a-senador-omar-fernandez","status":"publish","type":"post","link":"https:\/\/lasprimeras.com.do\/index.php\/2023\/11\/13\/es-oficial-candidatura-a-senador-omar-fernandez\/","title":{"rendered":"Es oficial candidatura a senador Omar Fern\u00e1ndez"},"content":{"rendered":"\n<p>Santo Domingo.-El congresista Omar Fern\u00e1ndez oficializ\u00f3 ayer su candidatura a senador por el Distrito Nacional, a trav\u00e9s de una coalici\u00f3n de partidos y agrupaciones pol\u00edticas que encabeza la Fuerza del Pueblo (FP).<\/p>\n\n\n\n<p>\u201cCon toda mi fe puesta en Dios, con mucha ilusi\u00f3n en el porvenir y decidido a dar toda mi energ\u00eda por Santo Domingo, les confirmo que me presento como candidato a Senador del Distrito Nacional, manifest\u00f3 Omar Fern\u00e1ndez\u201d.<\/p>\n\n\n\n<p>A trav\u00e9s de un mensaje televisado por una cadena de m\u00e1s de una decena de medios de comunicaci\u00f3n, Fern\u00e1ndez explic\u00f3 que la experiencia en la C\u00e1mara de Diputados durante este periodo, as\u00ed como los m\u00faltiples proyectos de ley y resoluci\u00f3n desarrollados, aprobados y trabajados fueron en beneficio de la sociedad.<\/p>\n\n\n\n<p>Enfatiz\u00f3 en que la candidatura a senador por m\u00e1s de seis organizaciones es un reto para el que se ha preparado con \u201ccoraje, valent\u00eda y nuevas propuestas\u201d.<\/p>\n\n\n\n<p>\u201cSer diputado es una labor que he tomado muy en serio, porque supe desde el principio que no solo se trataba de ser, sino de hacerlo bien. Haber propuesto mi primer proyecto de ley, que procura regular las transiciones gubernamentales, el cual fue aprobado por la C\u00e1mara, haber sometido mi primer proyecto de resoluci\u00f3n que exhortaba al Poder Ejecutivo declarar como \u2018prioridad nacional\u2019 la situaci\u00f3n de violencia contra las mujeres en nuestro pa\u00eds, que tambi\u00e9n fue aprobado por los diputados en el hemiciclo, o haber sido coproponente y compartir visi\u00f3n con amigos del PRM, PLD y otros partidos en varios proyectos de ley para beneficio de la sociedad\u201d, argument\u00f3.<\/p>\n\n\n\n<p>En la alocuci\u00f3n de alrededor de siete minutos, el candidato a la senadur\u00eda de la capital expres\u00f3 que su propuesta busca unificar los deseos de los capitale\u00f1os. \u201cNo vinimos a construir una propuesta para ganarle a otra. Estamos aqu\u00ed porque nos mueve lo mismo que a cada capitale\u00f1o; queremos liderar transformaciones profundas y esperadas por los dominicanos\u201d.<\/p>\n","protected":false},"excerpt":{"rendered":"<p>Santo Domingo.-El congresista Omar Fern\u00e1ndez oficializ\u00f3 ayer su candidatura a senador por el Distrito Nacional, a trav\u00e9s de una coalici\u00f3n de partidos y agrupaciones pol\u00edticas que encabeza la Fuerza del&hellip;<\/p>\n","protected":false},"author":3,"featured_media":67073,"comment_status":"open","ping_status":"open","sticky":false,"template":"","format":"standard","meta":{"content-type":"","jetpack_post_was_ever_published":false,"_jetpack_newsletter_access":"","_jetpack_dont_email_post_to_subs":false,"_jetpack_newsletter_tier_id":0,"_jetpack_memberships_contains_paywalled_content":false,"_jetpack_memberships_contains_paid_content":false,"footnotes":""},"categories":[1],"tags":[81],"class_list":["post-67072","post","type-post","status-publish","format-standard","has-post-thumbnail","hentry","category-sin-categoria","tag-omar-fernandez"],"jetpack_featured_media_url":"https:\/\/lasprimeras.com.do\/wp-content\/uploads\/2023\/11\/WhatsApp-Image-2023-11-12-at-4.11.32-PM-1-2.jpeg","jetpack-related-posts":[{"id":107825,"url":"https:\/\/lasprimeras.com.do\/index.php\/2025\/08\/31\/jce-da-cinco-dias-a-camino-nuevo-para-retirar-vallas-de-omar-fernandez\/","url_meta":{"origin":67072,"position":0},"title":"JCE da cinco d\u00edas a Camino Nuevo para retirar vallas de Omar Fern\u00e1ndez","author":"Nelson Feliz","date":"31 de agosto de 2025","format":false,"excerpt":"La Junta Central Electoral (JCE) otorg\u00f3 un plazo de cinco d\u00edas h\u00e1biles, al partido Camino Nuevo para retirar las vallas publicitarias colocadas en distintos puntos del Gran Santo Domingo con la imagen del senador del Distrito Nacional, Omar Fern\u00e1ndez, a quien la organizaci\u00f3n hab\u00eda ofrecido su candidatura presidencial. Mediante un\u2026","rel":"","context":"En \u00abPOLITICA\u00bb","block_context":{"text":"POLITICA","link":"https:\/\/lasprimeras.com.do\/index.php\/category\/politica\/"},"img":{"alt_text":"","src":"https:\/\/i0.wp.com\/lasprimeras.com.do\/wp-content\/uploads\/2025\/08\/CaminioNuevo1.jpg?resize=350%2C200&ssl=1","width":350,"height":200,"srcset":"https:\/\/i0.wp.com\/lasprimeras.com.do\/wp-content\/uploads\/2025\/08\/CaminioNuevo1.jpg?resize=350%2C200&ssl=1 1x, https:\/\/i0.wp.com\/lasprimeras.com.do\/wp-content\/uploads\/2025\/08\/CaminioNuevo1.jpg?resize=525%2C300&ssl=1 1.5x, https:\/\/i0.wp.com\/lasprimeras.com.do\/wp-content\/uploads\/2025\/08\/CaminioNuevo1.jpg?resize=700%2C400&ssl=1 2x"},"classes":[]},{"id":117441,"url":"https:\/\/lasprimeras.com.do\/index.php\/2025\/12\/10\/omar-fernandez-apuesta-por-mas-desarrollo-economico-en-dajabon\/","url_meta":{"origin":67072,"position":1},"title":"Omar Fern\u00e1ndez apuesta por m\u00e1s desarrollo econ\u00f3mico en Dajab\u00f3n","author":"Nelson Feliz","date":"10 de diciembre de 2025","format":false,"excerpt":"El senador del Partido la Fuerza del Pueblo, Omar Fern\u00e1ndez visit\u00f3 el parque industrial Codevi, en la zona fronteriza como parte de sus labores como miembro de la Comisi\u00f3n Permanente de Asuntos Fronterizos. El legislador del partido Fuerza del Pueblo destac\u00f3 la importancia de mantener una presencia constante en la\u2026","rel":"","context":"En \u00abPOLITICA\u00bb","block_context":{"text":"POLITICA","link":"https:\/\/lasprimeras.com.do\/index.php\/category\/politica\/"},"img":{"alt_text":"Omar Fern\u00e1ndez","src":"https:\/\/i0.wp.com\/lasprimeras.com.do\/wp-content\/uploads\/2025\/12\/Omar-Fernandez.jpg?resize=350%2C200&ssl=1","width":350,"height":200,"srcset":"https:\/\/i0.wp.com\/lasprimeras.com.do\/wp-content\/uploads\/2025\/12\/Omar-Fernandez.jpg?resize=350%2C200&ssl=1 1x, https:\/\/i0.wp.com\/lasprimeras.com.do\/wp-content\/uploads\/2025\/12\/Omar-Fernandez.jpg?resize=525%2C300&ssl=1 1.5x, https:\/\/i0.wp.com\/lasprimeras.com.do\/wp-content\/uploads\/2025\/12\/Omar-Fernandez.jpg?resize=700%2C400&ssl=1 2x"},"classes":[]},{"id":101643,"url":"https:\/\/lasprimeras.com.do\/index.php\/2025\/06\/24\/presidente-de-paraguay-recibe-al-senador-omar-fernandez\/","url_meta":{"origin":67072,"position":2},"title":"Presidente de Paraguay recibe al senador Omar Fern\u00e1ndez","author":"Nelson Feliz","date":"24 de junio de 2025","format":false,"excerpt":"Abordan retos geopol\u00edticos y colaboran en agenda de integraci\u00f3n regional Asunci\u00f3n, Paraguay-. El senador del Distrito Nacional de la Rep\u00fablica Dominicana, Omar Fern\u00e1ndez, encabez\u00f3 este lunes una visita oficial a la Rep\u00fablica del Paraguay, donde sostuvo un importante encuentro con el presidente Santiago Pe\u00f1a, como parte de sus esfuerzos por\u2026","rel":"","context":"En \u00abPOLITICA\u00bb","block_context":{"text":"POLITICA","link":"https:\/\/lasprimeras.com.do\/index.php\/category\/politica\/"},"img":{"alt_text":"Omar Fern\u00e1ndez","src":"https:\/\/i0.wp.com\/lasprimeras.com.do\/wp-content\/uploads\/2025\/06\/Omar-Fernandez.jpg?resize=350%2C200&ssl=1","width":350,"height":200,"srcset":"https:\/\/i0.wp.com\/lasprimeras.com.do\/wp-content\/uploads\/2025\/06\/Omar-Fernandez.jpg?resize=350%2C200&ssl=1 1x, https:\/\/i0.wp.com\/lasprimeras.com.do\/wp-content\/uploads\/2025\/06\/Omar-Fernandez.jpg?resize=525%2C300&ssl=1 1.5x, https:\/\/i0.wp.com\/lasprimeras.com.do\/wp-content\/uploads\/2025\/06\/Omar-Fernandez.jpg?resize=700%2C400&ssl=1 2x"},"classes":[]},{"id":67416,"url":"https:\/\/lasprimeras.com.do\/index.php\/2023\/11\/15\/faride-raful-explica-su-picante-reaccion-a-la-candidatura-de-omar-fernandez\/","url_meta":{"origin":67072,"position":3},"title":"Faride Raful explica su \u00abpicante\u00bb reacci\u00f3n a la candidatura de Omar Fern\u00e1ndez","author":"BIMARY DE JES\u00daS Matos","date":"15 de noviembre de 2023","format":false,"excerpt":"Santo Domingo.-La senadora por el Distrito Nacional, Faride Raful, explic\u00f3 este mi\u00e9rcoles su \u00abpicante\u00bb reacci\u00f3n a la candidatura a esa posici\u00f3n del actual diputado de la Fuerza del Pueblo, Omar Fern\u00e1ndez, para las elecciones del pr\u00f3ximo a\u00f1o 2024. \u00abNosotros simplemente emitimos nuestra opini\u00f3n al respecto, como me corresponde de manera\u2026","rel":"","context":"En \u00abSin categor\u00eda\u00bb","block_context":{"text":"Sin categor\u00eda","link":"https:\/\/lasprimeras.com.do\/index.php\/category\/sin-categoria\/"},"img":{"alt_text":"","src":"https:\/\/i0.wp.com\/lasprimeras.com.do\/wp-content\/uploads\/2023\/11\/WhatsApp-Image-2023-11-15-at-11.49.55-AM-1.webp?resize=350%2C200&ssl=1","width":350,"height":200,"srcset":"https:\/\/i0.wp.com\/lasprimeras.com.do\/wp-content\/uploads\/2023\/11\/WhatsApp-Image-2023-11-15-at-11.49.55-AM-1.webp?resize=350%2C200&ssl=1 1x, https:\/\/i0.wp.com\/lasprimeras.com.do\/wp-content\/uploads\/2023\/11\/WhatsApp-Image-2023-11-15-at-11.49.55-AM-1.webp?resize=525%2C300&ssl=1 1.5x, https:\/\/i0.wp.com\/lasprimeras.com.do\/wp-content\/uploads\/2023\/11\/WhatsApp-Image-2023-11-15-at-11.49.55-AM-1.webp?resize=700%2C400&ssl=1 2x"},"classes":[]},{"id":107669,"url":"https:\/\/lasprimeras.com.do\/index.php\/2025\/08\/29\/omar-agradece-valoracion-de-antonio-marte-quien-lo-ve-como-el-principal-reto-politico-del-prm\/","url_meta":{"origin":67072,"position":4},"title":"Omar agradece valoraci\u00f3n de Antonio Marte, quien lo ve como el principal reto pol\u00edtico del PRM","author":"Nelson Feliz","date":"29 de agosto de 2025","format":false,"excerpt":"El senador del Distrito Nacional, Omar Fern\u00e1ndez, expres\u00f3 este jueves su agradecimiento a su colega Antonio Marte, presidente del Partido Primero la Gente (PPG), quien afirm\u00f3 que el joven congresista ser\u00eda el principal desaf\u00edo para el oficialismo de cara a las elecciones de 2028. \u201cDebo decirles que agradezco profundamente esa\u2026","rel":"","context":"En \u00abPOLITICA\u00bb","block_context":{"text":"POLITICA","link":"https:\/\/lasprimeras.com.do\/index.php\/category\/politica\/"},"img":{"alt_text":"","src":"https:\/\/i0.wp.com\/lasprimeras.com.do\/wp-content\/uploads\/2025\/08\/Omar-Fernandez-1valora.jpg?resize=350%2C200&ssl=1","width":350,"height":200,"srcset":"https:\/\/i0.wp.com\/lasprimeras.com.do\/wp-content\/uploads\/2025\/08\/Omar-Fernandez-1valora.jpg?resize=350%2C200&ssl=1 1x, https:\/\/i0.wp.com\/lasprimeras.com.do\/wp-content\/uploads\/2025\/08\/Omar-Fernandez-1valora.jpg?resize=525%2C300&ssl=1 1.5x, https:\/\/i0.wp.com\/lasprimeras.com.do\/wp-content\/uploads\/2025\/08\/Omar-Fernandez-1valora.jpg?resize=700%2C400&ssl=1 2x"},"classes":[]},{"id":125656,"url":"https:\/\/lasprimeras.com.do\/index.php\/2026\/03\/25\/ante-conflicto-en-iran-omar-fernandez-reitera-indexacion-salarial-aliviaria-economia-familiar\/","url_meta":{"origin":67072,"position":5},"title":"Ante conflicto en Ir\u00e1n, Omar Fern\u00e1ndez reitera indexaci\u00f3n salarial aliviar\u00eda econom\u00eda familiar","author":"Nelson Feliz","date":"25 de marzo de 2026","format":false,"excerpt":"El senador por el Distrito Nacional, Omar Fern\u00e1ndez, manifest\u00f3 que el Gobierno debe asumir parte del sacrificio y no trasladar toda la carga a la poblaci\u00f3n, ante la incertidumbre y el aumento del costo de la vida derivados del conflicto en Medio Oriente. El legislador sostuvo que, si bien se\u2026","rel":"","context":"En \u00abPOLITICA\u00bb","block_context":{"text":"POLITICA","link":"https:\/\/lasprimeras.com.do\/index.php\/category\/politica\/"},"img":{"alt_text":"Omar Fern\u00e1ndez","src":"https:\/\/i0.wp.com\/lasprimeras.com.do\/wp-content\/uploads\/2025\/10\/Omar-Fernandez.jpg?resize=350%2C200&ssl=1","width":350,"height":200,"srcset":"https:\/\/i0.wp.com\/lasprimeras.com.do\/wp-content\/uploads\/2025\/10\/Omar-Fernandez.jpg?resize=350%2C200&ssl=1 1x, https:\/\/i0.wp.com\/lasprimeras.com.do\/wp-content\/uploads\/2025\/10\/Omar-Fernandez.jpg?resize=525%2C300&ssl=1 1.5x, https:\/\/i0.wp.com\/lasprimeras.com.do\/wp-content\/uploads\/2025\/10\/Omar-Fernandez.jpg?resize=700%2C400&ssl=1 2x, https:\/\/i0.wp.com\/lasprimeras.com.do\/wp-content\/uploads\/2025\/10\/Omar-Fernandez.jpg?resize=1050%2C600&ssl=1 3x, https:\/\/i0.wp.com\/lasprimeras.com.do\/wp-content\/uploads\/2025\/10\/Omar-Fernandez.jpg?resize=1400%2C800&ssl=1 4x"},"classes":[]}],"jetpack_sharing_enabled":true,"_links":{"self":[{"href":"https:\/\/lasprimeras.com.do\/index.php\/wp-json\/wp\/v2\/posts\/67072","targetHints":{"allow":["GET"]}}],"collection":[{"href":"https:\/\/lasprimeras.com.do\/index.php\/wp-json\/wp\/v2\/posts"}],"about":[{"href":"https:\/\/lasprimeras.com.do\/index.php\/wp-json\/wp\/v2\/types\/post"}],"author":[{"embeddable":true,"href":"https:\/\/lasprimeras.com.do\/index.php\/wp-json\/wp\/v2\/users\/3"}],"replies":[{"embeddable":true,"href":"https:\/\/lasprimeras.com.do\/index.php\/wp-json\/wp\/v2\/comments?post=67072"}],"version-history":[{"count":1,"href":"https:\/\/lasprimeras.com.do\/index.php\/wp-json\/wp\/v2\/posts\/67072\/revisions"}],"predecessor-version":[{"id":67074,"href":"https:\/\/lasprimeras.com.do\/index.php\/wp-json\/wp\/v2\/posts\/67072\/revisions\/67074"}],"wp:featuredmedia":[{"embeddable":true,"href":"https:\/\/lasprimeras.com.do\/index.php\/wp-json\/wp\/v2\/media\/67073"}],"wp:attachment":[{"href":"https:\/\/lasprimeras.com.do\/index.php\/wp-json\/wp\/v2\/media?parent=67072"}],"wp:term":[{"taxonomy":"category","embeddable":true,"href":"https:\/\/lasprimeras.com.do\/index.php\/wp-json\/wp\/v2\/categories?post=67072"},{"taxonomy":"post_tag","embeddable":true,"href":"https:\/\/lasprimeras.com.do\/index.php\/wp-json\/wp\/v2\/tags?post=67072"}],"curies":[{"name":"wp","href":"https:\/\/api.w.org\/{rel}","templated":true}]}}