{"id":67075,"date":"2023-11-13T06:49:08","date_gmt":"2023-11-13T10:49:08","guid":{"rendered":"https:\/\/lasprimeras.com.do\/?p=67075"},"modified":"2023-11-13T06:49:10","modified_gmt":"2023-11-13T10:49:10","slug":"macron-traslada-al-presidente-de-israel-el-apoyo-de-francia-en-un-intento-por-aclarar-su-posicion-sobre-gaza","status":"publish","type":"post","link":"https:\/\/lasprimeras.com.do\/index.php\/2023\/11\/13\/macron-traslada-al-presidente-de-israel-el-apoyo-de-francia-en-un-intento-por-aclarar-su-posicion-sobre-gaza\/","title":{"rendered":"Macron traslada al presidente de Israel el apoyo de Francia en un intento por aclarar su posici\u00f3n sobre Gaza"},"content":{"rendered":"\n<p>Israel.-El presidente de Francia, Emmanuel Macron, ha trasladado este domingo a su hom\u00f3logo israel\u00ed, Isaac Herzog, su apoyo en un intento por aclarar su posici\u00f3n sobre la ofensiva en la Franja de Gaza tras unas declaraciones que han causado pol\u00e9mica en Israel.<\/p>\n\n\n\n<p>En una llamada telef\u00f3nica ha expresado \u00abuna vez m\u00e1s su solidaridad con Israel ante el horror\u00bb del ataque del 7 de octubre y ha recordado las medidas de su gabinete \u00aben coordinaci\u00f3n con socios implicados\u00bb para obtener la liberaci\u00f3n \u00abinmediata de todos\u00bb los rehenes.<\/p>\n\n\n\n<p>\u00abHa reiterado el derechos de Israel a defenderse y ha reiterado la solidaridad de Francia con Israel en su lucha contra el terrorismo. La amenaza de los grupos terroristas en Gaza ten\u00eda que ser eliminada. Ha recordado, de nuevo, que esta lucha debe llevarse a cabo bajo el amparo del Derecho Internacional Humanitario y protegiendo a la poblaci\u00f3n civil\u00bb, reza un comunicado del El\u00edseo.<\/p>\n\n\n\n<p>Seg\u00fan la oficina de la Presidencia israel\u00ed, Macron \u00abno pretende acusar a Israel de da\u00f1ar intencionadamente a civiles inocentes en la operaci\u00f3n\u00bb contra el Movimiento de Resistencia Isl\u00e1mica (Ham\u00e1s), enfatizando su apoyo \u00abinequ\u00edvoco\u00bb al \u00abderecho y deber de autodefensa de Israel\u00bb.<\/p>\n\n\n\n<p>\u00abMacron ha explicado que las declaraciones hechas durante la entrevista (con la cadena de televisi\u00f3n brit\u00e1nica BBC) se refer\u00edan a la situaci\u00f3n humanitaria, que sigue siendo un tema importante para \u00e9l y para muchos pa\u00edses\u00bb, indica un comunicado recogido por el peri\u00f3dico \u2018The Times of Israel\u2019.<\/p>\n","protected":false},"excerpt":{"rendered":"<p>Israel.-El presidente de Francia, Emmanuel Macron, ha trasladado este domingo a su hom\u00f3logo israel\u00ed, Isaac Herzog, su apoyo en un intento por aclarar su posici\u00f3n sobre la ofensiva en la&hellip;<\/p>\n","protected":false},"author":3,"featured_media":67076,"comment_status":"open","ping_status":"open","sticky":false,"template":"","format":"standard","meta":{"content-type":"","jetpack_post_was_ever_published":false,"_jetpack_newsletter_access":"","_jetpack_dont_email_post_to_subs":false,"_jetpack_newsletter_tier_id":0,"_jetpack_memberships_contains_paywalled_content":false,"_jetpack_memberships_contains_paid_content":false,"footnotes":""},"categories":[1],"tags":[3499],"class_list":["post-67075","post","type-post","status-publish","format-standard","has-post-thumbnail","hentry","category-sin-categoria","tag-israel"],"jetpack_featured_media_url":"https:\/\/lasprimeras.com.do\/wp-content\/uploads\/2023\/11\/WhatsApp-Image-2023-11-12-at-4.11.32-PM-1-3.jpeg","jetpack-related-posts":[{"id":66212,"url":"https:\/\/lasprimeras.com.do\/index.php\/2023\/11\/04\/miles-de-personas-se-manifiestan-en-paris-para-pedir-el-alto-el-fuego-en-gaza\/","url_meta":{"origin":67075,"position":0},"title":"Miles de personas se manifiestan en Par\u00eds para pedir el alto el fuego en Gaza","author":"BIMARY DE JES\u00daS Matos","date":"4 de noviembre de 2023","format":false,"excerpt":"Par\u00eds.- Miles de personas marcharon este s\u00e1bado en las calles de Par\u00eds para reclamar el fin del bloqueo y de la ofensiva israel\u00ed contra la Franja de Gaza, que ya ha causado casi 9.500 muertos, adem\u00e1s de pedir al Ejecutivo franc\u00e9s una posici\u00f3n m\u00e1s firme a favor de un alto\u2026","rel":"","context":"En \u00abSin categor\u00eda\u00bb","block_context":{"text":"Sin categor\u00eda","link":"https:\/\/lasprimeras.com.do\/index.php\/category\/sin-categoria\/"},"img":{"alt_text":"","src":"https:\/\/i0.wp.com\/lasprimeras.com.do\/wp-content\/uploads\/2023\/11\/valentin-3.jpg?resize=350%2C200&ssl=1","width":350,"height":200,"srcset":"https:\/\/i0.wp.com\/lasprimeras.com.do\/wp-content\/uploads\/2023\/11\/valentin-3.jpg?resize=350%2C200&ssl=1 1x, https:\/\/i0.wp.com\/lasprimeras.com.do\/wp-content\/uploads\/2023\/11\/valentin-3.jpg?resize=525%2C300&ssl=1 1.5x"},"classes":[]},{"id":64868,"url":"https:\/\/lasprimeras.com.do\/index.php\/2023\/10\/24\/israel-aumenta-los-ataques-contra-gaza-y-2-rehenes-mas-son-liberados\/","url_meta":{"origin":67075,"position":1},"title":"Israel aumenta los ataques contra Gaza y 2 rehenes m\u00e1s son liberados","author":"Nelson Feliz","date":"24 de octubre de 2023","format":false,"excerpt":"La ONU dice que la ayuda enviada hasta ahora es un goteo. POR NAJIB JOBAIN, SAMY MAGDY Y RAVI NESSMAN RAFAH, Franja de Gaza (AP) \u2014 Israel intensific\u00f3 su bombardeo de objetivos en la Franja de Gaza, dijo el ej\u00e9rcito el martes, antes de una esperada invasi\u00f3n terrestre contra militantes\u2026","rel":"","context":"En \u00abSin categor\u00eda\u00bb","block_context":{"text":"Sin categor\u00eda","link":"https:\/\/lasprimeras.com.do\/index.php\/category\/sin-categoria\/"},"img":{"alt_text":"ATAQUES","src":"https:\/\/i0.wp.com\/lasprimeras.com.do\/wp-content\/uploads\/2023\/10\/ATAQUES-1.jpg?resize=350%2C200&ssl=1","width":350,"height":200,"srcset":"https:\/\/i0.wp.com\/lasprimeras.com.do\/wp-content\/uploads\/2023\/10\/ATAQUES-1.jpg?resize=350%2C200&ssl=1 1x, https:\/\/i0.wp.com\/lasprimeras.com.do\/wp-content\/uploads\/2023\/10\/ATAQUES-1.jpg?resize=525%2C300&ssl=1 1.5x, https:\/\/i0.wp.com\/lasprimeras.com.do\/wp-content\/uploads\/2023\/10\/ATAQUES-1.jpg?resize=700%2C400&ssl=1 2x"},"classes":[]},{"id":67030,"url":"https:\/\/lasprimeras.com.do\/index.php\/2023\/11\/12\/mas-de-180-000-personas-en-francia-marchan-contra-antisemitismo-de-la-guerra-entre-israel-y-hamas\/","url_meta":{"origin":67075,"position":2},"title":"M\u00e1s de 180.000 personas en Francia marchan contra antisemitismo de la guerra entre Israel y Hamas","author":"Nelson Feliz","date":"12 de noviembre de 2023","format":false,"excerpt":"POR SYLVIE CORBET Y BARBARA SURK PAR\u00cdS (AP) \u2014 M\u00e1s de 180.000 personas en toda Francia, incluidas 100.000 en Par\u00eds, marcharon pac\u00edficamente el domingo para protestar contra el creciente antisemitismo a ra\u00edz de la actual guerra de Israel contra Hamas en Gaza . La primera ministra Elisabeth Borne, representantes de\u2026","rel":"","context":"En \u00abSin categor\u00eda\u00bb","block_context":{"text":"Sin categor\u00eda","link":"https:\/\/lasprimeras.com.do\/index.php\/category\/sin-categoria\/"},"img":{"alt_text":"Marcha","src":"https:\/\/i0.wp.com\/lasprimeras.com.do\/wp-content\/uploads\/2023\/11\/Marcha.jpg?resize=350%2C200&ssl=1","width":350,"height":200,"srcset":"https:\/\/i0.wp.com\/lasprimeras.com.do\/wp-content\/uploads\/2023\/11\/Marcha.jpg?resize=350%2C200&ssl=1 1x, https:\/\/i0.wp.com\/lasprimeras.com.do\/wp-content\/uploads\/2023\/11\/Marcha.jpg?resize=525%2C300&ssl=1 1.5x, https:\/\/i0.wp.com\/lasprimeras.com.do\/wp-content\/uploads\/2023\/11\/Marcha.jpg?resize=700%2C400&ssl=1 2x"},"classes":[]},{"id":104551,"url":"https:\/\/lasprimeras.com.do\/index.php\/2025\/07\/25\/macron-anuncia-que-francia-reconocera-a-palestina-como-estado\/","url_meta":{"origin":67075,"position":3},"title":"Macron anuncia que Francia reconocer\u00e1 a Palestina como Estado","author":"Nelson Feliz","date":"25 de julio de 2025","format":false,"excerpt":"POR ANGELA CHARLTON PAR\u00cdS (AP) \u2014 El presidente franc\u00e9s Emmanuel Macron anunci\u00f3 el jueves que su pa\u00eds reconocer\u00e1 a Palestina como un Estado, en medio de la creciente indignaci\u00f3n global por las personas que est\u00e1n muriendo de hambre en la Franja de Gaza por el asedio israel\u00ed. Israel critic\u00f3 la\u2026","rel":"","context":"En \u00abINTERNACIONALES\u00bb","block_context":{"text":"INTERNACIONALES","link":"https:\/\/lasprimeras.com.do\/index.php\/category\/sin-categoria\/internacionales\/"},"img":{"alt_text":"","src":"https:\/\/i0.wp.com\/lasprimeras.com.do\/wp-content\/uploads\/2025\/07\/Emmanuel-Macron-1.jpg?resize=350%2C200&ssl=1","width":350,"height":200,"srcset":"https:\/\/i0.wp.com\/lasprimeras.com.do\/wp-content\/uploads\/2025\/07\/Emmanuel-Macron-1.jpg?resize=350%2C200&ssl=1 1x, https:\/\/i0.wp.com\/lasprimeras.com.do\/wp-content\/uploads\/2025\/07\/Emmanuel-Macron-1.jpg?resize=525%2C300&ssl=1 1.5x, https:\/\/i0.wp.com\/lasprimeras.com.do\/wp-content\/uploads\/2025\/07\/Emmanuel-Macron-1.jpg?resize=700%2C400&ssl=1 2x"},"classes":[]},{"id":66400,"url":"https:\/\/lasprimeras.com.do\/index.php\/2023\/11\/06\/un-mes-de-guerra-entre-israel-y-hamas-mas-de-11400-muertos-y-una-poblacion-acorralada\/","url_meta":{"origin":67075,"position":4},"title":"Un mes de guerra entre Israel y Ham\u00e1s: m\u00e1s de 11,400 muertos y una poblaci\u00f3n acorralada","author":"Nelson Feliz","date":"6 de noviembre de 2023","format":false,"excerpt":"Ha sido un mes de constantes bombardeos, posiciones pol\u00edticas divididas, protestas en todo el mundo. Tras d\u00e9cadas de tensiones apaciguadas pero latentes, el conflicto estall\u00f3 nuevamente en Medio Oriente: Israel le declar\u00f3 la guerra al grupo islamista Ham\u00e1s, luego de que este perpetrara el 7 de octubre el peor ataque\u2026","rel":"","context":"En \u00abSin categor\u00eda\u00bb","block_context":{"text":"Sin categor\u00eda","link":"https:\/\/lasprimeras.com.do\/index.php\/category\/sin-categoria\/"},"img":{"alt_text":"GUERRA","src":"https:\/\/i0.wp.com\/lasprimeras.com.do\/wp-content\/uploads\/2023\/11\/GUERRA.jpg?resize=350%2C200&ssl=1","width":350,"height":200,"srcset":"https:\/\/i0.wp.com\/lasprimeras.com.do\/wp-content\/uploads\/2023\/11\/GUERRA.jpg?resize=350%2C200&ssl=1 1x, https:\/\/i0.wp.com\/lasprimeras.com.do\/wp-content\/uploads\/2023\/11\/GUERRA.jpg?resize=525%2C300&ssl=1 1.5x, https:\/\/i0.wp.com\/lasprimeras.com.do\/wp-content\/uploads\/2023\/11\/GUERRA.jpg?resize=700%2C400&ssl=1 2x"},"classes":[]},{"id":89803,"url":"https:\/\/lasprimeras.com.do\/index.php\/2024\/10\/05\/mexicanos-piden-a-sheinbaum-romper-relaciones-con-israel-a-un-ano-de-la-guerra-en-gaza\/","url_meta":{"origin":67075,"position":5},"title":"Mexicanos piden a Sheinbaum romper relaciones con Israel a un a\u00f1o de la guerra en Gaza","author":"Nelson Feliz","date":"5 de octubre de 2024","format":false,"excerpt":"Ciudad de M\u00e9xico,(EFE).- Manifestante y activistas se unieron este s\u00e1bado en la capital mexicana a la movilizaci\u00f3n global anticipada por el primer aniversario de la guerra en la Franja de Gaza, este 7 de octubre, y pidieron al Gobierno mexicano, que encabeza la presidenta Claudia Sheinbaum, romper relaciones diplom\u00e1ticas, culturales,\u2026","rel":"","context":"En \u00abSin categor\u00eda\u00bb","block_context":{"text":"Sin categor\u00eda","link":"https:\/\/lasprimeras.com.do\/index.php\/category\/sin-categoria\/"},"img":{"alt_text":"","src":"https:\/\/i0.wp.com\/lasprimeras.com.do\/wp-content\/uploads\/2024\/10\/mexicanos.jpg?resize=350%2C200&ssl=1","width":350,"height":200,"srcset":"https:\/\/i0.wp.com\/lasprimeras.com.do\/wp-content\/uploads\/2024\/10\/mexicanos.jpg?resize=350%2C200&ssl=1 1x, https:\/\/i0.wp.com\/lasprimeras.com.do\/wp-content\/uploads\/2024\/10\/mexicanos.jpg?resize=525%2C300&ssl=1 1.5x"},"classes":[]}],"jetpack_sharing_enabled":true,"_links":{"self":[{"href":"https:\/\/lasprimeras.com.do\/index.php\/wp-json\/wp\/v2\/posts\/67075","targetHints":{"allow":["GET"]}}],"collection":[{"href":"https:\/\/lasprimeras.com.do\/index.php\/wp-json\/wp\/v2\/posts"}],"about":[{"href":"https:\/\/lasprimeras.com.do\/index.php\/wp-json\/wp\/v2\/types\/post"}],"author":[{"embeddable":true,"href":"https:\/\/lasprimeras.com.do\/index.php\/wp-json\/wp\/v2\/users\/3"}],"replies":[{"embeddable":true,"href":"https:\/\/lasprimeras.com.do\/index.php\/wp-json\/wp\/v2\/comments?post=67075"}],"version-history":[{"count":1,"href":"https:\/\/lasprimeras.com.do\/index.php\/wp-json\/wp\/v2\/posts\/67075\/revisions"}],"predecessor-version":[{"id":67077,"href":"https:\/\/lasprimeras.com.do\/index.php\/wp-json\/wp\/v2\/posts\/67075\/revisions\/67077"}],"wp:featuredmedia":[{"embeddable":true,"href":"https:\/\/lasprimeras.com.do\/index.php\/wp-json\/wp\/v2\/media\/67076"}],"wp:attachment":[{"href":"https:\/\/lasprimeras.com.do\/index.php\/wp-json\/wp\/v2\/media?parent=67075"}],"wp:term":[{"taxonomy":"category","embeddable":true,"href":"https:\/\/lasprimeras.com.do\/index.php\/wp-json\/wp\/v2\/categories?post=67075"},{"taxonomy":"post_tag","embeddable":true,"href":"https:\/\/lasprimeras.com.do\/index.php\/wp-json\/wp\/v2\/tags?post=67075"}],"curies":[{"name":"wp","href":"https:\/\/api.w.org\/{rel}","templated":true}]}}