{"id":67083,"date":"2023-11-13T06:53:31","date_gmt":"2023-11-13T10:53:31","guid":{"rendered":"https:\/\/lasprimeras.com.do\/?p=67083"},"modified":"2023-11-13T06:53:33","modified_gmt":"2023-11-13T10:53:33","slug":"manny-cruz-celebrara-dia-del-merengue-con-concierto-gratuito-en-el-anfiteatro-de-puerto-plata","status":"publish","type":"post","link":"https:\/\/lasprimeras.com.do\/index.php\/2023\/11\/13\/manny-cruz-celebrara-dia-del-merengue-con-concierto-gratuito-en-el-anfiteatro-de-puerto-plata\/","title":{"rendered":"Manny Cruz celebrar\u00e1 D\u00eda del Merengue con concierto gratuito en el Anfiteatro de Puerto Plata"},"content":{"rendered":"\n<p>Santo Domingo.-El Anfiteatro de Puerto Plata bailar\u00e1 a ritmo de g\u00fcira y tambora el pr\u00f3ximo domingo 26 de noviembre para celebrar el D\u00eda Nacional del Merengue de la mano del artista dominicano Manny Cruz con su concierto \u201cDominicano de Coraz\u00f3n\u201d.<\/p>\n\n\n\n<p>Pautado para las 6:30 de la tarde en un evento gratuito para toda la familia en el que el int\u00e9rprete de \u201cSanto Domingo\u201d promete ser\u00e1 una noche inolvidable, llena de mucho merengue y energ\u00eda.<\/p>\n\n\n\n<p>\u201cMe siento muy contento porque desde hace a\u00f1os he querido celebrar el D\u00eda Nacional del Merengue con un show para el pueblo\u201d, expres\u00f3 el cantautor de \u00e9xitos como \u201cSabes enamorarme\u201d y \u201cBailando contigo\u201d.<\/p>\n\n\n\n<p>\u201cQuiero hacer de esto una tradici\u00f3n todos los a\u00f1os y poder llevar un concierto de esta magnitud a cada pueblo y ciudad del pa\u00eds para celebrar el ritmo de todos los dominicanos que ha puesto a bailar al mundo completo y que me ha regalado tantas bendiciones.\u201d dijo el artista.<\/p>\n\n\n\n<p>El espect\u00e1culo \u201cDominicano de coraz\u00f3n\u201d fue presentado en marzo de este a\u00f1o con un sold out en el Palacio de los Deportes y ahora llegar\u00e1 hasta La Novia del Atl\u00e1ntico, Puerto Plata.<\/p>\n\n\n\n<p>Las boletas est\u00e1n disponibles de forma gratuita en Uepa Tickets, CCN Servicios, Supermercados Nacional y Jumbo.<\/p>\n\n\n\n<p>Cabe destacar que esta semana, Cruz asistir\u00e1 a la ceremonia del 2023 de los Latin Grammy en Sevilla, Espa\u00f1a, donde est\u00e1 nominado como \u201cMejor \u00c1lbum Merengue \/ Bachata\u201d con su m\u00e1s reciente producci\u00f3n discogr\u00e1fica \u201cCuatro 26\u201d.<\/p>\n","protected":false},"excerpt":{"rendered":"<p>Santo Domingo.-El Anfiteatro de Puerto Plata bailar\u00e1 a ritmo de g\u00fcira y tambora el pr\u00f3ximo domingo 26 de noviembre para celebrar el D\u00eda Nacional del Merengue de la mano del&hellip;<\/p>\n","protected":false},"author":3,"featured_media":67084,"comment_status":"open","ping_status":"open","sticky":false,"template":"","format":"standard","meta":{"content-type":"","jetpack_post_was_ever_published":false,"_jetpack_newsletter_access":"","_jetpack_dont_email_post_to_subs":false,"_jetpack_newsletter_tier_id":0,"_jetpack_memberships_contains_paywalled_content":false,"_jetpack_memberships_contains_paid_content":false,"footnotes":""},"categories":[84],"tags":[2112,1630],"class_list":["post-67083","post","type-post","status-publish","format-standard","has-post-thumbnail","hentry","category-entretenimiento","tag-concierto","tag-manny-cruz"],"jetpack_featured_media_url":"https:\/\/lasprimeras.com.do\/wp-content\/uploads\/2023\/11\/WhatsApp-Image-2023-11-12-at-4.11.32-PM-1-5.jpeg","jetpack-related-posts":[{"id":77548,"url":"https:\/\/lasprimeras.com.do\/index.php\/2024\/02\/22\/manny-cruz-se-presentara-en-la-gran-arena-del-cibao\/","url_meta":{"origin":67083,"position":0},"title":"Manny Cruz se presentar\u00e1 en la Gran Arena del Cibao","author":"BIMARY DE JES\u00daS Matos","date":"22 de febrero de 2024","format":false,"excerpt":"SANTIAGO.- El artista Manny Cruz contin\u00faa llevando la bandera del merengue a cada rinc\u00f3n del pa\u00eds, especialmente de la mano de su espect\u00e1culo \u201cDominicano de Coraz\u00f3n\u201d el cual present\u00f3 con \u00e9xito y a casa llena en el Palacio de los Deportes, en el Anfiteatro de Puerto Plata y en varias\u2026","rel":"","context":"En \u00abENTRETENIMIENTO\u00bb","block_context":{"text":"ENTRETENIMIENTO","link":"https:\/\/lasprimeras.com.do\/index.php\/category\/entretenimiento\/"},"img":{"alt_text":"","src":"https:\/\/i0.wp.com\/lasprimeras.com.do\/wp-content\/uploads\/2024\/02\/artista.webp?resize=350%2C200&ssl=1","width":350,"height":200,"srcset":"https:\/\/i0.wp.com\/lasprimeras.com.do\/wp-content\/uploads\/2024\/02\/artista.webp?resize=350%2C200&ssl=1 1x, https:\/\/i0.wp.com\/lasprimeras.com.do\/wp-content\/uploads\/2024\/02\/artista.webp?resize=525%2C300&ssl=1 1.5x, https:\/\/i0.wp.com\/lasprimeras.com.do\/wp-content\/uploads\/2024\/02\/artista.webp?resize=700%2C400&ssl=1 2x, https:\/\/i0.wp.com\/lasprimeras.com.do\/wp-content\/uploads\/2024\/02\/artista.webp?resize=1050%2C600&ssl=1 3x"},"classes":[]},{"id":50275,"url":"https:\/\/lasprimeras.com.do\/index.php\/2023\/05\/18\/promueve-rd-celebro-el-dia-de-las-madres-en-italia-al-ritmo-de-manny-cruz\/","url_meta":{"origin":67083,"position":1},"title":"ProMueve RD celebr\u00f3 el D\u00eda de las Madres en Italia al ritmo de Manny Cruz","author":"prenxa100","date":"18 de mayo de 2023","format":false,"excerpt":"Roma, Italia. - La organizaci\u00f3n no gubernamental, ProMueve RD, celebr\u00f3 el D\u00eda de las Madres a las dominicanas residentes en Italia con un emotivo encuentro en el que compartieron con el reconocido merenguero Manny Cruz. Manny Cruz, acompa\u00f1ado de su esposa Yery Peguero, present\u00f3 parte de su repertorio musical en\u2026","rel":"","context":"En \u00abENTRETENIMIENTO\u00bb","block_context":{"text":"ENTRETENIMIENTO","link":"https:\/\/lasprimeras.com.do\/index.php\/category\/entretenimiento\/"},"img":{"alt_text":"","src":"","width":0,"height":0},"classes":[]},{"id":88262,"url":"https:\/\/lasprimeras.com.do\/index.php\/2024\/08\/25\/marc-anthony-manuel-medrano-y-manny-cruz-unen-la-salsa-el-pop-y-el-merengue-en-el-estadio-quisqueya\/","url_meta":{"origin":67083,"position":2},"title":"Marc Anthony, Manuel Medrano y Manny Cruz unen la salsa, el pop y el merengue en el Estadio Quisqueya","author":"Nelson Feliz","date":"25 de agosto de 2024","format":false,"excerpt":"Cuatro horas de m\u00fasica a cargo de tres artistas de g\u00e9neros diferentes pusieron a cantar y a bailar a los dominicanos la noche del s\u00e1bado. Al ritmo del cencerro con la contagiosa salsa de Marc Anthony, la g\u00fcira y tambora en el merengue de Manny Cruz y el rasgueo de\u2026","rel":"","context":"En \u00abENTRETENIMIENTO\u00bb","block_context":{"text":"ENTRETENIMIENTO","link":"https:\/\/lasprimeras.com.do\/index.php\/category\/entretenimiento\/"},"img":{"alt_text":"Marc Anthony","src":"https:\/\/i0.wp.com\/lasprimeras.com.do\/wp-content\/uploads\/2024\/08\/Marc-Anthony.jpeg?resize=350%2C200&ssl=1","width":350,"height":200,"srcset":"https:\/\/i0.wp.com\/lasprimeras.com.do\/wp-content\/uploads\/2024\/08\/Marc-Anthony.jpeg?resize=350%2C200&ssl=1 1x, https:\/\/i0.wp.com\/lasprimeras.com.do\/wp-content\/uploads\/2024\/08\/Marc-Anthony.jpeg?resize=525%2C300&ssl=1 1.5x, https:\/\/i0.wp.com\/lasprimeras.com.do\/wp-content\/uploads\/2024\/08\/Marc-Anthony.jpeg?resize=700%2C400&ssl=1 2x"},"classes":[]},{"id":70179,"url":"https:\/\/lasprimeras.com.do\/index.php\/2023\/12\/09\/frank-ceara-celebrara-este-lunes-la-tercera-entrega-de-navidad-entre-amigos-2023\/","url_meta":{"origin":67083,"position":3},"title":"Frank Ceara celebrar\u00e1 este lunes la tercera entrega de &#8220;Navidad entre amigos 2023&#8221;","author":"BIMARY DE JES\u00daS Matos","date":"9 de diciembre de 2023","format":false,"excerpt":"Santo Domingo.-Este lunes 11 de diciembre \u00abNavidad entre Amigos 2023\u00bb llega a su tercera entrega y Kinito M\u00e9ndez, Diomary La Mala, Silvio Mora, Pavel N\u00fa\u00f1ez, Tueska, Diego Jarr y Nairoby Duarte subir\u00e1n a Escenario 360 a acompa\u00f1ar a Frank Ceara en estos hermosos conciertos, que cuentan con la direcci\u00f3n musical\u2026","rel":"","context":"En \u00abENTRETENIMIENTO\u00bb","block_context":{"text":"ENTRETENIMIENTO","link":"https:\/\/lasprimeras.com.do\/index.php\/category\/entretenimiento\/"},"img":{"alt_text":"","src":"https:\/\/i0.wp.com\/lasprimeras.com.do\/wp-content\/uploads\/2023\/12\/WhatsApp-Image-2023-12-07-at-7.22.09-PM-5-8.jpeg?resize=350%2C200&ssl=1","width":350,"height":200,"srcset":"https:\/\/i0.wp.com\/lasprimeras.com.do\/wp-content\/uploads\/2023\/12\/WhatsApp-Image-2023-12-07-at-7.22.09-PM-5-8.jpeg?resize=350%2C200&ssl=1 1x, https:\/\/i0.wp.com\/lasprimeras.com.do\/wp-content\/uploads\/2023\/12\/WhatsApp-Image-2023-12-07-at-7.22.09-PM-5-8.jpeg?resize=525%2C300&ssl=1 1.5x"},"classes":[]},{"id":65383,"url":"https:\/\/lasprimeras.com.do\/index.php\/2023\/10\/27\/ofreceran-concierto-en-hard-rock-cafe-santo-domingo-para-recordar-los-anos-dorados-del-merengue\/","url_meta":{"origin":67083,"position":4},"title":"Ofrecer\u00e1n concierto en Hard Rock Caf\u00e9 Santo Domingo para recordar Los A\u00f1os Dorados del Merengue","author":"BIMARY DE JES\u00daS Matos","date":"27 de octubre de 2023","format":false,"excerpt":"Santo Domingo.-Parte de las figuras m\u00e1s importantes del merengue dominicano se presentar\u00e1n este lunes 30 de octubre a partir de las 9 de la noche en el Hard Rock Caf\u00e9 Santo, Domingo, en lo que ha sido definido como un mega concierto. Para la ocasi\u00f3n subir\u00e1n a tarima con todo\u2026","rel":"","context":"En \u00abENTRETENIMIENTO\u00bb","block_context":{"text":"ENTRETENIMIENTO","link":"https:\/\/lasprimeras.com.do\/index.php\/category\/entretenimiento\/"},"img":{"alt_text":"","src":"https:\/\/i0.wp.com\/lasprimeras.com.do\/wp-content\/uploads\/2023\/10\/WhatsApp-Image-2023-10-27-at-9.26.25-AM-2.jpeg?resize=350%2C200&ssl=1","width":350,"height":200},"classes":[]},{"id":72234,"url":"https:\/\/lasprimeras.com.do\/index.php\/2023\/12\/28\/frank-tour-entre-amigos-llegara-el-30-de-diciembre-al-anfiteatro-puerto-plata\/","url_meta":{"origin":67083,"position":5},"title":"&#8220;Frank Tour Entre Amigos&#8221; llegar\u00e1 el 30 de diciembre al anfiteatro Puerto Plata","author":"BIMARY DE JES\u00daS Matos","date":"28 de diciembre de 2023","format":false,"excerpt":"Santo Domingo.-Como un regalo del ministerio de Turismo, que dirige David Collado, este s\u00e1bado 30 de diciembre la provincia de Puerto Plata, celebrar\u00e1 la despedida del 2023 con el exquisito concierto \u201cFrank Tour Entre Amigos\u201d, en el anfiteatro de la Puntilla de Puerto Plata, a partir de las 9:00 de\u2026","rel":"","context":"En \u00abENTRETENIMIENTO\u00bb","block_context":{"text":"ENTRETENIMIENTO","link":"https:\/\/lasprimeras.com.do\/index.php\/category\/entretenimiento\/"},"img":{"alt_text":"","src":"https:\/\/i0.wp.com\/lasprimeras.com.do\/wp-content\/uploads\/2023\/12\/El-texto-del-parrafo-3.jpg?resize=350%2C200&ssl=1","width":350,"height":200,"srcset":"https:\/\/i0.wp.com\/lasprimeras.com.do\/wp-content\/uploads\/2023\/12\/El-texto-del-parrafo-3.jpg?resize=350%2C200&ssl=1 1x, https:\/\/i0.wp.com\/lasprimeras.com.do\/wp-content\/uploads\/2023\/12\/El-texto-del-parrafo-3.jpg?resize=525%2C300&ssl=1 1.5x"},"classes":[]}],"jetpack_sharing_enabled":true,"_links":{"self":[{"href":"https:\/\/lasprimeras.com.do\/index.php\/wp-json\/wp\/v2\/posts\/67083","targetHints":{"allow":["GET"]}}],"collection":[{"href":"https:\/\/lasprimeras.com.do\/index.php\/wp-json\/wp\/v2\/posts"}],"about":[{"href":"https:\/\/lasprimeras.com.do\/index.php\/wp-json\/wp\/v2\/types\/post"}],"author":[{"embeddable":true,"href":"https:\/\/lasprimeras.com.do\/index.php\/wp-json\/wp\/v2\/users\/3"}],"replies":[{"embeddable":true,"href":"https:\/\/lasprimeras.com.do\/index.php\/wp-json\/wp\/v2\/comments?post=67083"}],"version-history":[{"count":1,"href":"https:\/\/lasprimeras.com.do\/index.php\/wp-json\/wp\/v2\/posts\/67083\/revisions"}],"predecessor-version":[{"id":67085,"href":"https:\/\/lasprimeras.com.do\/index.php\/wp-json\/wp\/v2\/posts\/67083\/revisions\/67085"}],"wp:featuredmedia":[{"embeddable":true,"href":"https:\/\/lasprimeras.com.do\/index.php\/wp-json\/wp\/v2\/media\/67084"}],"wp:attachment":[{"href":"https:\/\/lasprimeras.com.do\/index.php\/wp-json\/wp\/v2\/media?parent=67083"}],"wp:term":[{"taxonomy":"category","embeddable":true,"href":"https:\/\/lasprimeras.com.do\/index.php\/wp-json\/wp\/v2\/categories?post=67083"},{"taxonomy":"post_tag","embeddable":true,"href":"https:\/\/lasprimeras.com.do\/index.php\/wp-json\/wp\/v2\/tags?post=67083"}],"curies":[{"name":"wp","href":"https:\/\/api.w.org\/{rel}","templated":true}]}}