{"id":67091,"date":"2023-11-13T07:53:49","date_gmt":"2023-11-13T11:53:49","guid":{"rendered":"https:\/\/lasprimeras.com.do\/?p=67091"},"modified":"2023-11-13T07:53:50","modified_gmt":"2023-11-13T11:53:50","slug":"consultor-juridico-favorece-jueces-sin-militancia-pero-con-experiencia-politica","status":"publish","type":"post","link":"https:\/\/lasprimeras.com.do\/index.php\/2023\/11\/13\/consultor-juridico-favorece-jueces-sin-militancia-pero-con-experiencia-politica\/","title":{"rendered":"Consultor jur\u00eddico favorece jueces sin militancia pero con experiencia pol\u00edtica"},"content":{"rendered":"\n<p>El consultor jur\u00eddico del Poder Ejecutivo, Antoliano Peralta, declar\u00f3 que aunque desde el gobierno se favorece que los nuevos jueces del Tribunal Constitucional a elegirse pr\u00f3ximamente no sean militantes partidarios, consider\u00f3 que conviene que sean juristas con conocimiento de la pol\u00edtica.<\/p>\n\n\n\n<p>\u201cQue los jueces sean abogados que tengan sentido de la pol\u00edtica\u201d, manifest\u00f3 Peralta, porque en su opini\u00f3n \u201cuna persona que haya sido pol\u00edtica, pero que no sea un militante\u201d, contribuye eficazmente a tomar decisiones jur\u00eddicas con conocimiento de causa.<\/p>\n\n\n\n<p>Peralta inform\u00f3 que el proceso de selecci\u00f3n est\u00e1 actualmente enfocado en seleccionar los jueces de 117 candidatos y en un per\u00edodo de tres d\u00edas para que los ciudadanos puedan hacer objeciones motivadas.<\/p>\n\n\n\n<p>Entrevistado por Pablo McKinney en su programa televisivo por Color Visi\u00f3n, el funcionario del gobierno de Luis Abinader dijo que \u201chay tres d\u00edas para que la ciudadan\u00eda haga objeciones a candidatos y los objetados tienen 24 horas para responder\u201d.<\/p>\n\n\n\n<p>Dijo que el Consejo Nacional de la Magistratura se re\u00fane el 17pr\u00f3ximo viernes para conocer las objeciones para descartarlas acogerlas, en cuyo \u00faltimo caso significa excluir a candidatos.<\/p>\n\n\n\n<p>Aclar\u00f3 que quienes tienen 75 a\u00f1os cumplidos no pueden ser candidatos a jueces del Tribunal Constitucional, pero con 74 a\u00f1os pueden ser optar y si son elegidos tienen derecho a completar su per\u00edodo porque hay una sentencia de ese mismo tribunal que as\u00ed lo dispone.<\/p>\n\n\n\n<p>Reformas<\/p>\n\n\n\n<p>Al abordar el intento de Abinader de impulsar un paquete de reformas institucionales para fortalecer el acceso de la ciudadan\u00eda al ejercicio de sus derechos, Peralta dijo que hubo 12 propuestas, incluida una ley para convocar la reforma constitucional.<\/p>\n\n\n\n<p>No obstante, se\u00f1al\u00f3 que el gobierno impuls\u00f3 proyectos que se iban a presentar con consenso en el Consejo Econ\u00f3mico y Social o sin \u00e9l, entre las que cit\u00f3, la ley que crea la Direcci\u00f3n Nacional de Inteligencia (DNI), Ley del Tribunal Contencioso Administrativo, Ley de Compras y Contrataciones y Ley del referendo aprobatorio, que \u201ctodas est\u00e1n en el Congreso\u201d.<\/p>\n\n\n\n<p>\u201cEl plan de reforma del presidente Abinader no implica solo lo que est\u00e1 pendiente de discutir en el Consejo Econ\u00f3mico y Social\u201d, porque hay otros proyectos.<\/p>\n\n\n\n<p>Dijo que el art\u00edculo 272 de la Constituci\u00f3n establece que para la reforma de la Constituci\u00f3n, en los temas relativos a la nacionalidad, moneda, derechos fundamentales, modificaci\u00f3n del territorio, es necesario un referendo aprobatorio, pero para ejecutarlo se necesita una ley.<\/p>\n\n\n\n<p>\u201cNosotros hicimos (elaboramos) el proyecto de ley\u201d, porque si se intenta una reforma en derechos fundamentales, tiene que ser refrendado por un referendo aprobatorio.<\/p>\n\n\n\n<p>Afirm\u00f3 que actualmente \u201cel referendo no es ejecutable porque no hay una ley que establezca el procedimiento\u201d y esa propuesta tiene m\u00e1s de un a\u00f1o en el Congreso.<\/p>\n\n\n\n<p>Como aspecto positivo, Peralta apunt\u00f3 que aunque en el gobierno pasado se ejecutaron fideicomisos p\u00fablicos exitosos como Ciudad Juan Bosch y RDVial, \u201cno exist\u00eda un marco legal\u201d, por lo que se elabor\u00f3 el proyecto y fue aprobado.<\/p>\n\n\n\n<p>Explic\u00f3 que las empresas p\u00fablicas no tienen \u201csustentaci\u00f3n legal normativa\u201d, por lo que se constituyeron las empresas p\u00fablicas para Punta Catalina, Oficina Metropolitana de Servicios del Transporte (OMSA), Oficina para el Reordenamiento del Transporte (OPRET), Refiner\u00eda Dominicana de Petr\u00f3leo (Refidomsa), Banco de Reservas\u201d, entre otras.<\/p>\n\n\n\n<p>\u201cNosotros estamos trabajando en una ley para regular las empresas p\u00fablicas y est\u00e1 a punto de sacarse del horno\u201d, manifest\u00f3 el consultor jur\u00eddico del Presidente.<\/p>\n\n\n\n<p>Peralta expres\u00f3 que para \u00e9l es fundamental que se apruebe la ley para la jurisdicci\u00f3n contenciosa administrativa, porque se trata de una especie de alta corte que no tiene una ley que regule su funcionamiento.<\/p>\n\n\n\n<p>Se\u00f1al\u00f3 que su importancia estriba en que es el tribunal donde pueden acudir los ciudadanos ante atropellos de la administraci\u00f3n p\u00fablica, por lo que el gobierno \u201cpropone un proyecto de ley para darle m\u00e1s fortaleza a la ciudadan\u00eda\u201d.<\/p>\n\n\n\n<p>Peralta expres\u00f3 que en el empe\u00f1o de fortalecer el acceso ciudadano al ejercicio de sus derechos, se intent\u00f3 instituir constitucionalmente el ministerio p\u00fablico independiente, que no sea nombrado por el Poder Ejecutivo, pero como no la reforma constitucional \u201cest\u00e1 frizada\u201d, se encamina una ley para crear el Ministerio de Justicia, crear una Subcontralor\u00eda anti fraude \u201cpara que vigile la actuaci\u00f3n de sus funcionarios\u201d.<\/p>\n\n\n\n<p>Dijo que el proyecto para crear el Ministerio de Justicia est\u00e1 en una comisi\u00f3n de la C\u00e1mara de Diputados, hicieron vistas p\u00fablicas donde se pronunci\u00f3 el ministerio p\u00fablico y el Colegio de Abogados, y \u201cesperamos que salga de la C\u00e1mara de Diputados aprobado\u201d.<\/p>\n\n\n\n<p>Explic\u00f3 que ese esa ley le quitar\u00eda al ministerio p\u00fablico \u201ctoda la carga administrativa que no le viene impuesta por la Constituci\u00f3n\u201d, para que se centren en su labor como fiscales.<\/p>\n","protected":false},"excerpt":{"rendered":"<p>El consultor jur\u00eddico del Poder Ejecutivo, Antoliano Peralta, declar\u00f3 que aunque desde el gobierno se favorece que los nuevos jueces del Tribunal Constitucional a elegirse pr\u00f3ximamente no sean militantes partidarios,&hellip;<\/p>\n","protected":false},"author":2,"featured_media":57308,"comment_status":"open","ping_status":"open","sticky":false,"template":"","format":"standard","meta":{"content-type":"","jetpack_post_was_ever_published":false,"_jetpack_newsletter_access":"","_jetpack_dont_email_post_to_subs":false,"_jetpack_newsletter_tier_id":0,"_jetpack_memberships_contains_paywalled_content":false,"_jetpack_memberships_contains_paid_content":false,"footnotes":""},"categories":[35,25],"tags":[441,6085,5992,819,52,9407],"class_list":["post-67091","post","type-post","status-publish","format-standard","has-post-thumbnail","hentry","category-nacionales","category-portada","tag-antoliano-peralta","tag-consultor-juridico","tag-experiencia","tag-jueces","tag-politica-2","tag-sin-militancia"],"jetpack_featured_media_url":"https:\/\/lasprimeras.com.do\/wp-content\/uploads\/2023\/08\/Antoliano-Peralta-Romero.jpg","jetpack-related-posts":[{"id":115956,"url":"https:\/\/lasprimeras.com.do\/index.php\/2025\/11\/26\/posponen-reunion-del-cnm-para-el-proximo-martes-2-a-las-700-de-la-noche\/","url_meta":{"origin":67091,"position":0},"title":"Posponen reuni\u00f3n del CNM para el pr\u00f3ximo martes 2, a las 7:00 de la noche","author":"Nelson Feliz","date":"26 de noviembre de 2025","format":false,"excerpt":"El consultor jur\u00eddico del Poder Ejecutivo inform\u00f3 que la reuni\u00f3n del Consejo Nacional de la Magistratura (CNM), prevista para este mi\u00e9rcoles, para dar a conocer los jueces seleccionados que llenar\u00e1n las vacantes en la Suprema Corte de Justicia (SCJ) y el Tribunal Superior Electoral (TSE), fue pospuesta para el pr\u00f3ximo\u2026","rel":"","context":"En \u00abNACIONALES\u00bb","block_context":{"text":"NACIONALES","link":"https:\/\/lasprimeras.com.do\/index.php\/category\/nacionales\/"},"img":{"alt_text":"","src":"https:\/\/i0.wp.com\/lasprimeras.com.do\/wp-content\/uploads\/2025\/11\/Consultor-juridico-del-Poder-Ejecutivo.jpg?resize=350%2C200&ssl=1","width":350,"height":200,"srcset":"https:\/\/i0.wp.com\/lasprimeras.com.do\/wp-content\/uploads\/2025\/11\/Consultor-juridico-del-Poder-Ejecutivo.jpg?resize=350%2C200&ssl=1 1x, https:\/\/i0.wp.com\/lasprimeras.com.do\/wp-content\/uploads\/2025\/11\/Consultor-juridico-del-Poder-Ejecutivo.jpg?resize=525%2C300&ssl=1 1.5x, https:\/\/i0.wp.com\/lasprimeras.com.do\/wp-content\/uploads\/2025\/11\/Consultor-juridico-del-Poder-Ejecutivo.jpg?resize=700%2C400&ssl=1 2x"},"classes":[]},{"id":119022,"url":"https:\/\/lasprimeras.com.do\/index.php\/2026\/01\/06\/abinader-designa-a-jorge-subero-isa-como-consultor-juridico-del-poder-ejecutivo\/","url_meta":{"origin":67091,"position":1},"title":"Abinader designa a Jorge Subero Isa como consultor jur\u00eddico del Poder Ejecutivo","author":"Nelson Feliz","date":"6 de enero de 2026","format":false,"excerpt":"Jorge Subero Isa","rel":"","context":"En \u00abNACIONALES\u00bb","block_context":{"text":"NACIONALES","link":"https:\/\/lasprimeras.com.do\/index.php\/category\/nacionales\/"},"img":{"alt_text":"Jorge Subero Isa","src":"https:\/\/i0.wp.com\/lasprimeras.com.do\/wp-content\/uploads\/2023\/08\/Jorge-Subero-Isa.jpg?resize=350%2C200&ssl=1","width":350,"height":200,"srcset":"https:\/\/i0.wp.com\/lasprimeras.com.do\/wp-content\/uploads\/2023\/08\/Jorge-Subero-Isa.jpg?resize=350%2C200&ssl=1 1x, https:\/\/i0.wp.com\/lasprimeras.com.do\/wp-content\/uploads\/2023\/08\/Jorge-Subero-Isa.jpg?resize=525%2C300&ssl=1 1.5x"},"classes":[]},{"id":115363,"url":"https:\/\/lasprimeras.com.do\/index.php\/2025\/11\/21\/antoliano-peralta-revela-que-abogados-intimaron-al-poder-ejecutivo-para-sustituir-al-director-de-la-pn\/","url_meta":{"origin":67091,"position":2},"title":"Antoliano Peralta revela que abogados intimaron al Poder Ejecutivo para sustituir al director de la PN","author":"Nelson Feliz","date":"21 de noviembre de 2025","format":false,"excerpt":"El consultor jur\u00eddico del Poder Ejecutivo, Antoliano Peralta, revel\u00f3 este viernes que cuatro abogados, identificados como Manny Sierra, Jhon Guilliani y otras dos personas, han notificado formalmente al Gobierno con una intimaci\u00f3n para que proceda con la sustituci\u00f3n del actual director de la Polic\u00eda Nacional, Mayor General Lic. Ramon Antonio\u2026","rel":"","context":"En \u00abNACIONALES\u00bb","block_context":{"text":"NACIONALES","link":"https:\/\/lasprimeras.com.do\/index.php\/category\/nacionales\/"},"img":{"alt_text":"Antoliano Peralta","src":"https:\/\/i0.wp.com\/lasprimeras.com.do\/wp-content\/uploads\/2025\/02\/Antoliano-Peralta.jpg?resize=350%2C200&ssl=1","width":350,"height":200,"srcset":"https:\/\/i0.wp.com\/lasprimeras.com.do\/wp-content\/uploads\/2025\/02\/Antoliano-Peralta.jpg?resize=350%2C200&ssl=1 1x, https:\/\/i0.wp.com\/lasprimeras.com.do\/wp-content\/uploads\/2025\/02\/Antoliano-Peralta.jpg?resize=525%2C300&ssl=1 1.5x, https:\/\/i0.wp.com\/lasprimeras.com.do\/wp-content\/uploads\/2025\/02\/Antoliano-Peralta.jpg?resize=700%2C400&ssl=1 2x"},"classes":[]},{"id":100466,"url":"https:\/\/lasprimeras.com.do\/index.php\/2025\/06\/06\/consultor-juridico-aclara-alcance-del-proyecto-para-crear-el-ministerio-de-justicia\/","url_meta":{"origin":67091,"position":3},"title":"Consultor Jur\u00eddico aclara alcance del proyecto para crear el Ministerio de Justicia","author":"Nelson Feliz","date":"6 de junio de 2025","format":false,"excerpt":"Antoliano Peralta precisa que con esta aclaraci\u00f3n pretende exhortar la verificaci\u00f3n del contenido exacto del proyecto de ley y garantizar una comunicaci\u00f3n veraz y certera. El consultor Jur\u00eddico del Poder Ejecutivo, Antoliano Peralta aclar\u00f3 este viernes que en las dos citadas publicaciones solo dos funciones que actualmente recaen en el\u2026","rel":"","context":"En \u00abNACIONALES\u00bb","block_context":{"text":"NACIONALES","link":"https:\/\/lasprimeras.com.do\/index.php\/category\/nacionales\/"},"img":{"alt_text":"","src":"https:\/\/i0.wp.com\/lasprimeras.com.do\/wp-content\/uploads\/2025\/06\/Antoliano-Peralta.jpg?resize=350%2C200&ssl=1","width":350,"height":200,"srcset":"https:\/\/i0.wp.com\/lasprimeras.com.do\/wp-content\/uploads\/2025\/06\/Antoliano-Peralta.jpg?resize=350%2C200&ssl=1 1x, https:\/\/i0.wp.com\/lasprimeras.com.do\/wp-content\/uploads\/2025\/06\/Antoliano-Peralta.jpg?resize=525%2C300&ssl=1 1.5x, https:\/\/i0.wp.com\/lasprimeras.com.do\/wp-content\/uploads\/2025\/06\/Antoliano-Peralta.jpg?resize=700%2C400&ssl=1 2x"},"classes":[]},{"id":116887,"url":"https:\/\/lasprimeras.com.do\/index.php\/2025\/12\/05\/cnm-juramenta-a-nuevos-jueces-del-tribunal-superior-electoral-tras-concluir-proceso-de-evaluacion\/","url_meta":{"origin":67091,"position":4},"title":"CNM juramenta a nuevos jueces del Tribunal Superior Electoral tras concluir proceso de evaluaci\u00f3n","author":"Nelson Feliz","date":"5 de diciembre de 2025","format":false,"excerpt":"El acto fue encabezado por el presidente Luis Abinader. El Consejo Nacional de la Magistratura (CNM), presidido por el presidente Luis Abinader, jurament\u00f3 este jueves a los jueces titulares y suplentes escogidos para integrar el Tribunal Superior Electoral, en un acto donde se reafirm\u00f3 el compromiso institucional con el fortalecimiento\u2026","rel":"","context":"En \u00abNACIONALES\u00bb","block_context":{"text":"NACIONALES","link":"https:\/\/lasprimeras.com.do\/index.php\/category\/nacionales\/"},"img":{"alt_text":"","src":"https:\/\/i0.wp.com\/lasprimeras.com.do\/wp-content\/uploads\/2025\/12\/CNM-2.jpg?resize=350%2C200&ssl=1","width":350,"height":200,"srcset":"https:\/\/i0.wp.com\/lasprimeras.com.do\/wp-content\/uploads\/2025\/12\/CNM-2.jpg?resize=350%2C200&ssl=1 1x, https:\/\/i0.wp.com\/lasprimeras.com.do\/wp-content\/uploads\/2025\/12\/CNM-2.jpg?resize=525%2C300&ssl=1 1.5x, https:\/\/i0.wp.com\/lasprimeras.com.do\/wp-content\/uploads\/2025\/12\/CNM-2.jpg?resize=700%2C400&ssl=1 2x"},"classes":[]},{"id":112889,"url":"https:\/\/lasprimeras.com.do\/index.php\/2025\/10\/28\/abinader-resalta-valor-democratico-de-la-reforma-constitucional-que-limita-la-reeleccion\/","url_meta":{"origin":67091,"position":5},"title":"Abinader resalta valor democr\u00e1tico de la reforma constitucional que limita la reelecci\u00f3n","author":"Nelson Feliz","date":"28 de octubre de 2025","format":false,"excerpt":"Mandatario asiste a la puesta en circulaci\u00f3n de la edici\u00f3n ampliada del libro \u201cReformas a la Constituci\u00f3n Pol\u00edtica Dominicana\u201d de Antoliano Peralta Romero y Rafael Peralta Romero. El presidente Luis Abinader afirm\u00f3 que la reforma constitucional de 2024, que limita la reelecci\u00f3n presidencial consecutiva, constituye una garant\u00eda para la estabilidad\u2026","rel":"","context":"En \u00abNACIONALES\u00bb","block_context":{"text":"NACIONALES","link":"https:\/\/lasprimeras.com.do\/index.php\/category\/nacionales\/"},"img":{"alt_text":"Luis Abinader","src":"https:\/\/i0.wp.com\/lasprimeras.com.do\/wp-content\/uploads\/2025\/10\/Luis-Abinader-11.jpg?resize=350%2C200&ssl=1","width":350,"height":200,"srcset":"https:\/\/i0.wp.com\/lasprimeras.com.do\/wp-content\/uploads\/2025\/10\/Luis-Abinader-11.jpg?resize=350%2C200&ssl=1 1x, https:\/\/i0.wp.com\/lasprimeras.com.do\/wp-content\/uploads\/2025\/10\/Luis-Abinader-11.jpg?resize=525%2C300&ssl=1 1.5x, https:\/\/i0.wp.com\/lasprimeras.com.do\/wp-content\/uploads\/2025\/10\/Luis-Abinader-11.jpg?resize=700%2C400&ssl=1 2x"},"classes":[]}],"jetpack_sharing_enabled":true,"_links":{"self":[{"href":"https:\/\/lasprimeras.com.do\/index.php\/wp-json\/wp\/v2\/posts\/67091","targetHints":{"allow":["GET"]}}],"collection":[{"href":"https:\/\/lasprimeras.com.do\/index.php\/wp-json\/wp\/v2\/posts"}],"about":[{"href":"https:\/\/lasprimeras.com.do\/index.php\/wp-json\/wp\/v2\/types\/post"}],"author":[{"embeddable":true,"href":"https:\/\/lasprimeras.com.do\/index.php\/wp-json\/wp\/v2\/users\/2"}],"replies":[{"embeddable":true,"href":"https:\/\/lasprimeras.com.do\/index.php\/wp-json\/wp\/v2\/comments?post=67091"}],"version-history":[{"count":1,"href":"https:\/\/lasprimeras.com.do\/index.php\/wp-json\/wp\/v2\/posts\/67091\/revisions"}],"predecessor-version":[{"id":67092,"href":"https:\/\/lasprimeras.com.do\/index.php\/wp-json\/wp\/v2\/posts\/67091\/revisions\/67092"}],"wp:featuredmedia":[{"embeddable":true,"href":"https:\/\/lasprimeras.com.do\/index.php\/wp-json\/wp\/v2\/media\/57308"}],"wp:attachment":[{"href":"https:\/\/lasprimeras.com.do\/index.php\/wp-json\/wp\/v2\/media?parent=67091"}],"wp:term":[{"taxonomy":"category","embeddable":true,"href":"https:\/\/lasprimeras.com.do\/index.php\/wp-json\/wp\/v2\/categories?post=67091"},{"taxonomy":"post_tag","embeddable":true,"href":"https:\/\/lasprimeras.com.do\/index.php\/wp-json\/wp\/v2\/tags?post=67091"}],"curies":[{"name":"wp","href":"https:\/\/api.w.org\/{rel}","templated":true}]}}