{"id":67102,"date":"2023-11-13T09:03:35","date_gmt":"2023-11-13T13:03:35","guid":{"rendered":"https:\/\/lasprimeras.com.do\/?p=67102"},"modified":"2023-11-13T09:03:37","modified_gmt":"2023-11-13T13:03:37","slug":"aerolinea-emirates-inaugura-el-salon-aeronautico-de-dubai-compra-de-aviones-boeing-por-52-000-millones-de-dolares","status":"publish","type":"post","link":"https:\/\/lasprimeras.com.do\/index.php\/2023\/11\/13\/aerolinea-emirates-inaugura-el-salon-aeronautico-de-dubai-compra-de-aviones-boeing-por-52-000-millones-de-dolares\/","title":{"rendered":"Aerol\u00ednea Emirates inaugura el Sal\u00f3n Aeron\u00e1utico de Dub\u00e1i; compra de aviones Boeing por 52.000 millones de d\u00f3lares"},"content":{"rendered":"\n<p>POR JON GAMBRELL<\/p>\n\n\n\n<p>DUBAI, Emiratos \u00c1rabes Unidos (AP) \u2014 La aerol\u00ednea de larga distancia Emirates inaugur\u00f3 el Sal\u00f3n Aeron\u00e1utico de Dub\u00e1i con una compra de aviones Boeing Co. por 52.000 millones de d\u00f3lares, lo que muestra c\u00f3mo la aviaci\u00f3n se ha recuperado despu\u00e9s de las paralizaciones provocadas por la pandemia de coronavirus, incluso mientras contin\u00faa la guerra de Israel contra Hamas, nubla la seguridad regional.<\/p>\n\n\n\n<p>Su aerol\u00ednea hermana de bajo costo, FlyDubai, sigui\u00f3 con un pedido de 30 Boeing 787-9 Dreamliners por valor de 11.000 millones de d\u00f3lares, el primer avi\u00f3n de fuselaje ancho de su flota.<\/p>\n\n\n\n<p>Ambas ventas juntas marcaron una victoria significativa para Boeing Co., con sede en Virginia, en el primer d\u00eda de la exhibici\u00f3n a\u00e9rea, mientras las aerol\u00edneas parecen preparadas para cerrar a\u00fan m\u00e1s acuerdos por miles de millones de d\u00f3lares este a\u00f1o.<\/p>\n\n\n\n<p>Emirates hizo el anuncio ante el cual fue testigo el pr\u00edncipe heredero de Dubai, el jeque Hamad bin Mohammed Al Maktoum, en una conferencia de prensa el lunes por la tarde.<\/p>\n\n\n\n<p>El director ejecutivo y presidente de Emirates, el jeque Ahmed bin Saeed Al Maktoum, dijo que el acuerdo permitir\u00eda a la aerol\u00ednea comprar 90 aviones Boeing 777, 55 de ellos sus variantes 777-9 y 35 de ellos 777-8.<\/p>\n\n\n\n<p>Emirates tambi\u00e9n a\u00f1adir\u00e1 cinco aviones 787 Dreamliner adicionales a un pedido anterior de 30 aviones, dijo Sheikh Saeed.<\/p>\n\n\n\n<p>&#8220;Este es un compromiso a largo plazo que respalda cientos de miles de puestos de trabajo, no s\u00f3lo en Boeing sino tambi\u00e9n en toda la cadena de suministro de la aviaci\u00f3n mundial&#8221;, afirm\u00f3.<\/p>\n\n\n\n<p>&#8220;El 777 est\u00e1 en el centro de la estrategia de Emirates para conectar ciudades de todos los continentes sin escalas con Dubai&#8221;.<\/p>\n\n\n\n<p>Stan Deal, vicepresidente ejecutivo de Boeing, elogi\u00f3 el acuerdo.<\/p>\n\n\n\n<p>&#8220;Todos estos productos apuntan al futuro de Emirates&#8221;, dijo Deal.<\/p>\n\n\n\n<p>Los funcionarios de los Emiratos enfatizaron que el pedido de FlyDubai era independiente del de la aerol\u00ednea de larga distancia.<\/p>\n\n\n\n<p>Representa un cambio importante para FlyDubai, que hasta ahora s\u00f3lo ha volado aviones Boeing 737 de pasillo \u00fanico en distancias m\u00e1s cortas.<\/p>\n\n\n\n<p>Tanto Deal como Sheikh Saeed abandonaron la conferencia de prensa sin responder preguntas, lo que represent\u00f3 una desviaci\u00f3n de los anteriores Shows Aeron\u00e1uticos de Dubai.<\/p>\n\n\n\n<p>La exhibici\u00f3n a\u00e9rea de este a\u00f1o se produce en medio de la guerra entre Israel y Hamas, as\u00ed como la guerra de Rusia contra Ucrania, lo que probablemente influir\u00e1 en la exhibici\u00f3n de cinco d\u00edas en el aeropuerto Al Maktoum en Dubai World Central.<\/p>\n\n\n\n<p>Es el segundo aer\u00f3dromo de la ciudad-estado despu\u00e9s del Aeropuerto Internacional de Dubai, que es el m\u00e1s transitado del mundo para viajes internacionales y la base de operaciones de Emirates.<\/p>\n\n\n\n<p>Si bien la aviaci\u00f3n comercial atrae gran parte de la atenci\u00f3n, los fabricantes de armas tambi\u00e9n tienen exposiciones en la feria. Estaba previsto que participaran dos importantes empresas israel\u00edes: Rafael Advanced Defense Systems Ltd. e Israel Aerospace Industries.<\/p>\n\n\n\n<p>Pero el stand del IAI, que llevaba el lema \u201cDonde el coraje se encuentra con la tecnolog\u00eda\u201d, qued\u00f3 acordonado y vac\u00edo el lunes por la ma\u00f1ana mientras la gente entraba en masa al espect\u00e1culo.<\/p>\n\n\n\n<p>Un puesto de Rafael repart\u00eda caf\u00e9, aunque all\u00ed no hab\u00eda vendedores. Una solicitud de comentarios enviada a un asistente no fue respondida de inmediato.<\/p>\n\n\n\n<p>Rafael tambi\u00e9n patrocin\u00f3 una reuni\u00f3n de comandantes de la fuerza a\u00e9rea el domingo en un hotel de lujo de Dubai , destacando el acto de equilibrio que est\u00e1n realizando los Emiratos \u00c1rabes Unidos en medio de la ira en el mundo \u00e1rabe por la guerra entre Israel y Hamas.<\/p>\n","protected":false},"excerpt":{"rendered":"<p>POR JON GAMBRELL DUBAI, Emiratos \u00c1rabes Unidos (AP) \u2014 La aerol\u00ednea de larga distancia Emirates inaugur\u00f3 el Sal\u00f3n Aeron\u00e1utico de Dub\u00e1i con una compra de aviones Boeing Co. por 52.000&hellip;<\/p>\n","protected":false},"author":2,"featured_media":67103,"comment_status":"open","ping_status":"open","sticky":false,"template":"","format":"standard","meta":{"content-type":"","jetpack_post_was_ever_published":false,"_jetpack_newsletter_access":"","_jetpack_dont_email_post_to_subs":false,"_jetpack_newsletter_tier_id":0,"_jetpack_memberships_contains_paywalled_content":false,"_jetpack_memberships_contains_paid_content":false,"footnotes":""},"categories":[1],"tags":[9417,9418,9416],"class_list":["post-67102","post","type-post","status-publish","format-standard","has-post-thumbnail","hentry","category-sin-categoria","tag-aerolinea-emirates","tag-aviones-boeing","tag-salon-aeronautico-de-dubai"],"jetpack_featured_media_url":"https:\/\/lasprimeras.com.do\/wp-content\/uploads\/2023\/11\/DUBAI.jpg","jetpack-related-posts":[{"id":68883,"url":"https:\/\/lasprimeras.com.do\/index.php\/2023\/11\/28\/arajet-gana-como-la-mejor-nueva-aerolinea-del-mundo-en-la-cumbre-mundial-de-aviacion\/","url_meta":{"origin":67102,"position":0},"title":"Arajet gana como la mejor nueva aerol\u00ednea del mundo en la cumbre mundial de aviaci\u00f3n","author":"BIMARY DE JES\u00daS Matos","date":"28 de noviembre de 2023","format":false,"excerpt":"Abu Dhabi, Emiratos \u00c1rabes Unidos. \u2013 Arajet, la l\u00ednea a\u00e9rea de precios bajos del Caribe, fue reconocida como la mejor nueva aerol\u00ednea del mundo en los premios CAPA que se entregaron este martes en esta ciudad, en la Cumbre Mundial de Aviaci\u00f3n, y en la que tambi\u00e9n se premiaron otras\u2026","rel":"","context":"En \u00abPORTADA\u00bb","block_context":{"text":"PORTADA","link":"https:\/\/lasprimeras.com.do\/index.php\/category\/portada\/"},"img":{"alt_text":"","src":"https:\/\/i0.wp.com\/lasprimeras.com.do\/wp-content\/uploads\/2023\/11\/WhatsApp-Image-2023-11-28-at-2.37.56-PM.jpeg?resize=350%2C200&ssl=1","width":350,"height":200,"srcset":"https:\/\/i0.wp.com\/lasprimeras.com.do\/wp-content\/uploads\/2023\/11\/WhatsApp-Image-2023-11-28-at-2.37.56-PM.jpeg?resize=350%2C200&ssl=1 1x, https:\/\/i0.wp.com\/lasprimeras.com.do\/wp-content\/uploads\/2023\/11\/WhatsApp-Image-2023-11-28-at-2.37.56-PM.jpeg?resize=525%2C300&ssl=1 1.5x"},"classes":[]},{"id":112261,"url":"https:\/\/lasprimeras.com.do\/index.php\/2025\/10\/20\/un-avion-de-carga-se-sale-de-la-pista-de-hong-kong-y-cae-al-mar-matando-a-dos-trabajadores-del-aeropuerto\/","url_meta":{"origin":67102,"position":1},"title":"Un avi\u00f3n de carga se sale de la pista de Hong Kong y cae al mar, matando a dos trabajadores del aeropuerto","author":"Nelson Feliz","date":"20 de octubre de 2025","format":false,"excerpt":"Por CHAN HO-HIM y KANIS LEUNG HONG KONG (AP) \u2014 Un avi\u00f3n de carga se sali\u00f3 de la pista de Hong Kong y colision\u00f3 con un veh\u00edculo de patrulla de seguridad antes de que ambos cayeran al mar la madrugada del lunes, falleciendo las dos personas que viajaban en el\u2026","rel":"","context":"En \u00abINTERNACIONALES\u00bb","block_context":{"text":"INTERNACIONALES","link":"https:\/\/lasprimeras.com.do\/index.php\/category\/sin-categoria\/internacionales\/"},"img":{"alt_text":"","src":"https:\/\/i0.wp.com\/lasprimeras.com.do\/wp-content\/uploads\/2025\/10\/AVION.jpg?resize=350%2C200&ssl=1","width":350,"height":200,"srcset":"https:\/\/i0.wp.com\/lasprimeras.com.do\/wp-content\/uploads\/2025\/10\/AVION.jpg?resize=350%2C200&ssl=1 1x, https:\/\/i0.wp.com\/lasprimeras.com.do\/wp-content\/uploads\/2025\/10\/AVION.jpg?resize=525%2C300&ssl=1 1.5x, https:\/\/i0.wp.com\/lasprimeras.com.do\/wp-content\/uploads\/2025\/10\/AVION.jpg?resize=700%2C400&ssl=1 2x"},"classes":[]},{"id":73171,"url":"https:\/\/lasprimeras.com.do\/index.php\/2024\/01\/06\/avion-aterriza-de-emergencia-tras-perder-una-ventana-en-pleno-vuelo\/","url_meta":{"origin":67102,"position":2},"title":"Avi\u00f3n aterriza de emergencia tras perder una ventana en pleno vuelo","author":"BIMARY DE JES\u00daS Matos","date":"6 de enero de 2024","format":false,"excerpt":"Washington.- La agencia federal de la aviaci\u00f3n estadounidense est\u00e1 investigando un incidente con un avi\u00f3n que, seg\u00fan las im\u00e1genes difundidas en algunos medios, perdi\u00f3 parte de su fuselaje en pleno vuelo, aunque pudo aterrizar a salvo en el aeropuerto de Portland. \u00abEl vuelo 1282 de Alaska Airlines regres\u00f3 sano y\u2026","rel":"","context":"En \u00abSin categor\u00eda\u00bb","block_context":{"text":"Sin categor\u00eda","link":"https:\/\/lasprimeras.com.do\/index.php\/category\/sin-categoria\/"},"img":{"alt_text":"","src":"https:\/\/i0.wp.com\/lasprimeras.com.do\/wp-content\/uploads\/2024\/01\/WhatsApp-Image-2024-01-06-at-1.25.01-PM-1.webp?resize=350%2C200&ssl=1","width":350,"height":200,"srcset":"https:\/\/i0.wp.com\/lasprimeras.com.do\/wp-content\/uploads\/2024\/01\/WhatsApp-Image-2024-01-06-at-1.25.01-PM-1.webp?resize=350%2C200&ssl=1 1x, https:\/\/i0.wp.com\/lasprimeras.com.do\/wp-content\/uploads\/2024\/01\/WhatsApp-Image-2024-01-06-at-1.25.01-PM-1.webp?resize=525%2C300&ssl=1 1.5x"},"classes":[]},{"id":73223,"url":"https:\/\/lasprimeras.com.do\/index.php\/2024\/01\/07\/republica-dominicana-suspende-operaciones-de-aviones-boeing-737-max-9\/","url_meta":{"origin":67102,"position":3},"title":"Rep\u00fablica Dominicana suspende operaciones de aviones Boeing 737 Max 9","author":"Nelson Feliz","date":"7 de enero de 2024","format":false,"excerpt":"Rep\u00fablica Dominicana acogio disposici\u00f3n de la Administraci\u00f3n Federal de Aviaci\u00f3n (FAA, en ingl\u00e9s) de suspender temporalmente los vuelos de algunos aviones Boeing 737 Max 9, usados por aerol\u00edneas estadounidenses, luego de un reciente incidente ocurrido durante un vuelo. La aeronave de la l\u00ednea Alaska Airlines perdi\u00f3 parte de su fuselaje\u2026","rel":"","context":"En \u00abNACIONALES\u00bb","block_context":{"text":"NACIONALES","link":"https:\/\/lasprimeras.com.do\/index.php\/category\/nacionales\/"},"img":{"alt_text":"Boeing 737 Max 9","src":"https:\/\/i0.wp.com\/lasprimeras.com.do\/wp-content\/uploads\/2024\/01\/Boeing-737-Max-9.jpg?resize=350%2C200&ssl=1","width":350,"height":200,"srcset":"https:\/\/i0.wp.com\/lasprimeras.com.do\/wp-content\/uploads\/2024\/01\/Boeing-737-Max-9.jpg?resize=350%2C200&ssl=1 1x, https:\/\/i0.wp.com\/lasprimeras.com.do\/wp-content\/uploads\/2024\/01\/Boeing-737-Max-9.jpg?resize=525%2C300&ssl=1 1.5x, https:\/\/i0.wp.com\/lasprimeras.com.do\/wp-content\/uploads\/2024\/01\/Boeing-737-Max-9.jpg?resize=700%2C400&ssl=1 2x"},"classes":[]},{"id":115344,"url":"https:\/\/lasprimeras.com.do\/index.php\/2025\/11\/21\/un-avion-se-estrella-durante-una-exhibicion-en-el-dubai-air-show\/","url_meta":{"origin":67102,"position":4},"title":"Un avi\u00f3n se estrella durante una exhibici\u00f3n en el Dubai Air Show","author":"Nelson Feliz","date":"21 de noviembre de 2025","format":false,"excerpt":"DUB\u00c1I, Emiratos \u00c1rabes Unidos (AP) \u2014 Un avi\u00f3n se estrell\u00f3 el viernes durante una exhibici\u00f3n en el Dubai Air Show. El HAL Tejas indio se estrell\u00f3 alrededor de las 14:10 de la tarde mientras realizaba un vuelo de demostraci\u00f3n ante una multitud. Por el momento no estaba claro si el\u2026","rel":"","context":"En \u00abINTERNACIONALES\u00bb","block_context":{"text":"INTERNACIONALES","link":"https:\/\/lasprimeras.com.do\/index.php\/category\/sin-categoria\/internacionales\/"},"img":{"alt_text":"","src":"https:\/\/i0.wp.com\/lasprimeras.com.do\/wp-content\/uploads\/2025\/11\/Dubai-Air-Show.jpg?resize=350%2C200&ssl=1","width":350,"height":200,"srcset":"https:\/\/i0.wp.com\/lasprimeras.com.do\/wp-content\/uploads\/2025\/11\/Dubai-Air-Show.jpg?resize=350%2C200&ssl=1 1x, https:\/\/i0.wp.com\/lasprimeras.com.do\/wp-content\/uploads\/2025\/11\/Dubai-Air-Show.jpg?resize=525%2C300&ssl=1 1.5x, https:\/\/i0.wp.com\/lasprimeras.com.do\/wp-content\/uploads\/2025\/11\/Dubai-Air-Show.jpg?resize=700%2C400&ssl=1 2x"},"classes":[]},{"id":93974,"url":"https:\/\/lasprimeras.com.do\/index.php\/2025\/02\/23\/un-avion-de-american-airlines-fue-desviado-hacia-roma-por-un-eventual-problema-de-seguridad\/","url_meta":{"origin":67102,"position":5},"title":"Un avi\u00f3n de American Airlines fue desviado hacia Roma por un &#8220;eventual problema de seguridad&#8221;","author":"Nelson Feliz","date":"23 de febrero de 2025","format":false,"excerpt":"El Boeing, que llevaba 199 pasajeros a bordo, hab\u00eda despegado de Nueva York rumbo a Nueva Delhi Roma, Italia, AFP.-. Un avi\u00f3n de American Airlines fue desviado este domingo hacia Roma por un \"eventual problema de seguridad\" y aterriz\u00f3 en el aeropuerto romano de Fiumicino, indic\u00f3 la compa\u00f1\u00eda a\u00e9rea a\u2026","rel":"","context":"En \u00abINTERNACIONALES\u00bb","block_context":{"text":"INTERNACIONALES","link":"https:\/\/lasprimeras.com.do\/index.php\/category\/sin-categoria\/internacionales\/"},"img":{"alt_text":"","src":"https:\/\/i0.wp.com\/lasprimeras.com.do\/wp-content\/uploads\/2025\/02\/avion-de-American-Airlines.jpeg?resize=350%2C200&ssl=1","width":350,"height":200,"srcset":"https:\/\/i0.wp.com\/lasprimeras.com.do\/wp-content\/uploads\/2025\/02\/avion-de-American-Airlines.jpeg?resize=350%2C200&ssl=1 1x, https:\/\/i0.wp.com\/lasprimeras.com.do\/wp-content\/uploads\/2025\/02\/avion-de-American-Airlines.jpeg?resize=525%2C300&ssl=1 1.5x, https:\/\/i0.wp.com\/lasprimeras.com.do\/wp-content\/uploads\/2025\/02\/avion-de-American-Airlines.jpeg?resize=700%2C400&ssl=1 2x"},"classes":[]}],"jetpack_sharing_enabled":true,"_links":{"self":[{"href":"https:\/\/lasprimeras.com.do\/index.php\/wp-json\/wp\/v2\/posts\/67102","targetHints":{"allow":["GET"]}}],"collection":[{"href":"https:\/\/lasprimeras.com.do\/index.php\/wp-json\/wp\/v2\/posts"}],"about":[{"href":"https:\/\/lasprimeras.com.do\/index.php\/wp-json\/wp\/v2\/types\/post"}],"author":[{"embeddable":true,"href":"https:\/\/lasprimeras.com.do\/index.php\/wp-json\/wp\/v2\/users\/2"}],"replies":[{"embeddable":true,"href":"https:\/\/lasprimeras.com.do\/index.php\/wp-json\/wp\/v2\/comments?post=67102"}],"version-history":[{"count":1,"href":"https:\/\/lasprimeras.com.do\/index.php\/wp-json\/wp\/v2\/posts\/67102\/revisions"}],"predecessor-version":[{"id":67104,"href":"https:\/\/lasprimeras.com.do\/index.php\/wp-json\/wp\/v2\/posts\/67102\/revisions\/67104"}],"wp:featuredmedia":[{"embeddable":true,"href":"https:\/\/lasprimeras.com.do\/index.php\/wp-json\/wp\/v2\/media\/67103"}],"wp:attachment":[{"href":"https:\/\/lasprimeras.com.do\/index.php\/wp-json\/wp\/v2\/media?parent=67102"}],"wp:term":[{"taxonomy":"category","embeddable":true,"href":"https:\/\/lasprimeras.com.do\/index.php\/wp-json\/wp\/v2\/categories?post=67102"},{"taxonomy":"post_tag","embeddable":true,"href":"https:\/\/lasprimeras.com.do\/index.php\/wp-json\/wp\/v2\/tags?post=67102"}],"curies":[{"name":"wp","href":"https:\/\/api.w.org\/{rel}","templated":true}]}}