{"id":67111,"date":"2023-11-13T12:24:50","date_gmt":"2023-11-13T16:24:50","guid":{"rendered":"https:\/\/lasprimeras.com.do\/?p=67111"},"modified":"2023-11-13T12:24:51","modified_gmt":"2023-11-13T16:24:51","slug":"dos-sujetos-fueron-arrestados-tras-darle-una-paliza-a-teniente-del-nypd-en-el-metro-de-el-bronx","status":"publish","type":"post","link":"https:\/\/lasprimeras.com.do\/index.php\/2023\/11\/13\/dos-sujetos-fueron-arrestados-tras-darle-una-paliza-a-teniente-del-nypd-en-el-metro-de-el-bronx\/","title":{"rendered":"Dos sujetos fueron arrestados tras darle una paliza a teniente del NYPD en el metro de El Bronx"},"content":{"rendered":"\n<p>Marquise Webb y Brian Innocent fueron capturados mientras trataban de huir por las v\u00edas del metro de El Bronx, tras golpear fuertemente en la cara y el cuerpo de un teniente del NYPD.<\/p>\n\n\n\n<p>Por Marlyn Montilla<\/p>\n\n\n\n<p>Dos delincuentes presuntamente le propinaron una paliza a un oficial de polic\u00eda de Nueva York en un tren del metro de El Bronx el s\u00e1bado en la noche en un ataque que fue parcialmente por una c\u00e1mara de seguridad.<\/p>\n\n\n\n<p>Los sospechosos fueron identificados como Marquise Webb y Brian Innocent, ambos de 24 a\u00f1os, fueron capturados por la supuesta golpiza al teniente del Departamento de Polic\u00eda de Nueva York (NYPD).<\/p>\n\n\n\n<p>El hecho se desarroll\u00f3 cuando los oficiales les ordenaron al d\u00fao que desembarcaran del vag\u00f3n del metro en la estaci\u00f3n de la calle 238 en El Bronx luego de las 9:00 de la noche, declararon fuentes policiales.<\/p>\n\n\n\n<p>En las im\u00e1genes se puede observar a los dos sujetos golpeando al agente en el rostro y en el cuerpo varias veces en la esquina del vag\u00f3n mientras el teniente trataba de defenderse.<\/p>\n\n\n\n<p>En otros videos recuperados, se muestra a los sospechosos escapando mientras los funcionarios, incluso el teniente golpeado, los persigue con lo que parec\u00edan ser sus Tasers en la mano, inform\u00f3 New York Post.<\/p>\n\n\n\n<figure class=\"wp-block-image size-full is-resized\"><img decoding=\"async\" width=\"586\" height=\"602\" src=\"https:\/\/lasprimeras.com.do\/wp-content\/uploads\/2023\/11\/TWIST.jpg\" alt=\"\" class=\"wp-image-67112\" style=\"width:840px;height:auto\" srcset=\"https:\/\/lasprimeras.com.do\/wp-content\/uploads\/2023\/11\/TWIST.jpg 586w, https:\/\/lasprimeras.com.do\/wp-content\/uploads\/2023\/11\/TWIST-292x300.jpg 292w\" sizes=\"(max-width: 586px) 100vw, 586px\" \/><\/figure>\n\n\n\n<p>En principio se llam\u00f3 a las autoridades en la escena de Kingsbridge para responder a un reporte de una pelea entre dos grupos de personas con un cuchillo en la estaci\u00f3n de tren 1, expres\u00f3 NYPD. Uno de los grupos huy\u00f3 al llegar los oficiales.<\/p>\n\n\n\n<p>El teniente de polic\u00eda fue lesionado con cortes y hematoma en un ojo, explicaron, el agente fue llevado a San Bernab\u00e9 en condici\u00f3n estable.<\/p>\n\n\n\n<p>Webb e Innocent se fugaron por las v\u00edas del metro antes de ser arrestados por los funcionarios de Nueva York.<\/p>\n\n\n\n<p>De acuerdo con las autoridades, los oficiales recuperaron un cuchillo, un c\u00fater y una navaja de afeitar, tras las detenciones.<\/p>\n\n\n\n<p>Los sospechosos fueron acusados de agresi\u00f3n a un oficial de polic\u00eda, posesi\u00f3n criminal de un arma, resistencia al arresto, obstrucci\u00f3n de la administraci\u00f3n gubernamental, allanamiento de morada y alteraci\u00f3n del orden p\u00fablico, inform\u00f3 NYPD.<\/p>\n","protected":false},"excerpt":{"rendered":"<p>Marquise Webb y Brian Innocent fueron capturados mientras trataban de huir por las v\u00edas del metro de El Bronx, tras golpear fuertemente en la cara y el cuerpo de un&hellip;<\/p>\n","protected":false},"author":2,"featured_media":67113,"comment_status":"open","ping_status":"open","sticky":false,"template":"","format":"standard","meta":{"content-type":"","jetpack_post_was_ever_published":false,"_jetpack_newsletter_access":"","_jetpack_dont_email_post_to_subs":false,"_jetpack_newsletter_tier_id":0,"_jetpack_memberships_contains_paywalled_content":false,"_jetpack_memberships_contains_paid_content":false,"footnotes":""},"categories":[1],"tags":[9425,9426,4303,308,9427,9428,6930],"class_list":["post-67111","post","type-post","status-publish","format-standard","has-post-thumbnail","hentry","category-sin-categoria","tag-arrestados","tag-dos-sujetos","tag-el-bronx","tag-metro","tag-nypd","tag-paliza","tag-teniente"],"jetpack_featured_media_url":"https:\/\/lasprimeras.com.do\/wp-content\/uploads\/2023\/11\/POLICIA-NY.jpg","jetpack-related-posts":[{"id":48663,"url":"https:\/\/lasprimeras.com.do\/index.php\/2023\/05\/03\/un-muerto-estrangulado-y-un-herido-apunalado-en-el-metro-de-nueva-york\/","url_meta":{"origin":67111,"position":0},"title":"Un muerto estrangulado y un herido apu\u00f1alado en el Metro de Nueva York","author":"prenxa100","date":"3 de mayo de 2023","format":false,"excerpt":"Un hombre de 30 a\u00f1os muri\u00f3 estrangulado en medio de una discusi\u00f3n a bordo de un tren del Metro de Nueva York ayer a media tarde en el Bajo Manhattan. Horas despu\u00e9s otro pasajero fue apu\u00f1alado en Queens. Nueva York.-. Un hombre de 30 a\u00f1os con antecedentes penales muri\u00f3 estrangulado\u2026","rel":"","context":"En \u00abSin categor\u00eda\u00bb","block_context":{"text":"Sin categor\u00eda","link":"https:\/\/lasprimeras.com.do\/index.php\/category\/sin-categoria\/"},"img":{"alt_text":"","src":"","width":0,"height":0},"classes":[]},{"id":94755,"url":"https:\/\/lasprimeras.com.do\/index.php\/2025\/03\/05\/buscan-a-hispano-armado-que-burlo-a-la-policia-y-huyo-de-hospital-en-nueva-york\/","url_meta":{"origin":67111,"position":1},"title":"Buscan a hispano armado que burl\u00f3 a la polic\u00eda y huy\u00f3 de hospital en Nueva York","author":"Nelson Feliz","date":"5 de marzo de 2025","format":false,"excerpt":"Un hispano est\u00e1 siendo buscado luego de escapar armado de la custodia de NYPD mientras recib\u00eda atenci\u00f3n en un hospital en Manhattan. Eric Cruz est\u00e1 siendo buscado activamente por la Polic\u00eda de Nueva York luego de escapar armado de la custodia de NYPD mientras recib\u00eda atenci\u00f3n en un hospital en\u2026","rel":"","context":"En \u00abINTERNACIONALES\u00bb","block_context":{"text":"INTERNACIONALES","link":"https:\/\/lasprimeras.com.do\/index.php\/category\/sin-categoria\/internacionales\/"},"img":{"alt_text":"","src":"https:\/\/i0.wp.com\/lasprimeras.com.do\/wp-content\/uploads\/2025\/03\/Unidades-de-NYPD-y-FDNY-en-un-hospital.png?resize=350%2C200&ssl=1","width":350,"height":200,"srcset":"https:\/\/i0.wp.com\/lasprimeras.com.do\/wp-content\/uploads\/2025\/03\/Unidades-de-NYPD-y-FDNY-en-un-hospital.png?resize=350%2C200&ssl=1 1x, https:\/\/i0.wp.com\/lasprimeras.com.do\/wp-content\/uploads\/2025\/03\/Unidades-de-NYPD-y-FDNY-en-un-hospital.png?resize=525%2C300&ssl=1 1.5x, https:\/\/i0.wp.com\/lasprimeras.com.do\/wp-content\/uploads\/2025\/03\/Unidades-de-NYPD-y-FDNY-en-un-hospital.png?resize=700%2C400&ssl=1 2x"},"classes":[]},{"id":53979,"url":"https:\/\/lasprimeras.com.do\/index.php\/2023\/07\/03\/identifican-a-presuntos-pistoleros-tras-balear-a-gravemente-a-una-nina-de-5-anos-en-el-bronx\/","url_meta":{"origin":67111,"position":2},"title":"Identifican a presuntos pistoleros tras balear a gravemente a una ni\u00f1a de 5 a\u00f1os en El Bronx","author":"Nelson Feliz","date":"3 de julio de 2023","format":false,"excerpt":"Los sujetos identificados como Austin Morrishow, de 25 a\u00f1os, y Curtis White, de 26, fueron las dos personas que presuntamente abrieron fuego contra un veh\u00edculo el viernes en un East 214th Street. Por: Jerald Jim\u00e9nez Los presuntos autores del tiroteo de una ni\u00f1a de 5 a\u00f1os en El Bronx la\u2026","rel":"","context":"En \u00abSin categor\u00eda\u00bb","block_context":{"text":"Sin categor\u00eda","link":"https:\/\/lasprimeras.com.do\/index.php\/category\/sin-categoria\/"},"img":{"alt_text":"","src":"https:\/\/i0.wp.com\/lasprimeras.com.do\/wp-content\/uploads\/2023\/07\/Police-NY.jpg?resize=350%2C200&ssl=1","width":350,"height":200,"srcset":"https:\/\/i0.wp.com\/lasprimeras.com.do\/wp-content\/uploads\/2023\/07\/Police-NY.jpg?resize=350%2C200&ssl=1 1x, https:\/\/i0.wp.com\/lasprimeras.com.do\/wp-content\/uploads\/2023\/07\/Police-NY.jpg?resize=525%2C300&ssl=1 1.5x, https:\/\/i0.wp.com\/lasprimeras.com.do\/wp-content\/uploads\/2023\/07\/Police-NY.jpg?resize=700%2C400&ssl=1 2x"},"classes":[]},{"id":98563,"url":"https:\/\/lasprimeras.com.do\/index.php\/2025\/05\/08\/cinco-menores-desaparecen-ultimos-dias-en-el-bronx-tres-son-hispanos\/","url_meta":{"origin":67111,"position":3},"title":"Cinco menores desaparecen \u00faltimos d\u00edas en El Bronx; tres son hispanos","author":"Nelson Feliz","date":"8 de mayo de 2025","format":false,"excerpt":"Por Ram\u00f3n Mercedes NUEVA YORK.- Cinco menores de edad, entre ellos tres hispanos, han desaparecido de sus hogares en los \u00faltimos d\u00edas en El Bronx, informa el Departamento de Polic\u00eda de NY (NYPD). La uniformada los ha identificados como Enel Arias Torres, de 14 a\u00f1os, desapareci\u00f3 el pasado martes cuando\u2026","rel":"","context":"En \u00abINTERNACIONALES\u00bb","block_context":{"text":"INTERNACIONALES","link":"https:\/\/lasprimeras.com.do\/index.php\/category\/sin-categoria\/internacionales\/"},"img":{"alt_text":"","src":"https:\/\/i0.wp.com\/lasprimeras.com.do\/wp-content\/uploads\/2025\/05\/WhatsApp-Image-2025-05-08-at-9.22.26-AM-1.jpeg?resize=350%2C200&ssl=1","width":350,"height":200,"srcset":"https:\/\/i0.wp.com\/lasprimeras.com.do\/wp-content\/uploads\/2025\/05\/WhatsApp-Image-2025-05-08-at-9.22.26-AM-1.jpeg?resize=350%2C200&ssl=1 1x, https:\/\/i0.wp.com\/lasprimeras.com.do\/wp-content\/uploads\/2025\/05\/WhatsApp-Image-2025-05-08-at-9.22.26-AM-1.jpeg?resize=525%2C300&ssl=1 1.5x"},"classes":[]},{"id":127877,"url":"https:\/\/lasprimeras.com.do\/index.php\/2026\/04\/17\/nypd-y-uba-consolidan-alianza-estrategica-para-mas-seguridad-a-pequenos-comerciantes-en-el-bronx\/","url_meta":{"origin":67111,"position":4},"title":"NYPD y UBA consolidan alianza estrat\u00e9gica para m\u00e1s seguridad a peque\u00f1os comerciantes en El Bronx","author":"Nelson Feliz","date":"17 de abril de 2026","format":false,"excerpt":"Por Ram\u00f3n Mercedes NUEVA YORK.- El Departamento de Polic\u00eda de esta ciudad (NYPD) y la Asociaci\u00f3n de Bodegueros Unidos de Am\u00e9rica (UBA), presidida por el dominicano Radham\u00e9s Rodr\u00edguez, sostuvieron la semana pasada un amplio encuentro para consolidar la alianza estrat\u00e9gica y brinde m\u00e1s seguridad a peque\u00f1os comerciantes en el condado\u2026","rel":"","context":"En \u00abINTERNACIONALES\u00bb","block_context":{"text":"INTERNACIONALES","link":"https:\/\/lasprimeras.com.do\/index.php\/category\/sin-categoria\/internacionales\/"},"img":{"alt_text":"","src":"https:\/\/i0.wp.com\/lasprimeras.com.do\/wp-content\/uploads\/2026\/04\/IMG-20260417-WA0070.jpg?resize=350%2C200&ssl=1","width":350,"height":200,"srcset":"https:\/\/i0.wp.com\/lasprimeras.com.do\/wp-content\/uploads\/2026\/04\/IMG-20260417-WA0070.jpg?resize=350%2C200&ssl=1 1x, https:\/\/i0.wp.com\/lasprimeras.com.do\/wp-content\/uploads\/2026\/04\/IMG-20260417-WA0070.jpg?resize=525%2C300&ssl=1 1.5x"},"classes":[]},{"id":122287,"url":"https:\/\/lasprimeras.com.do\/index.php\/2026\/02\/16\/es-presuntamente-dominicano-causante-primer-asesinato-de-2026-en-metro-nyc\/","url_meta":{"origin":67111,"position":5},"title":"Es presuntamente dominicano causante primer asesinato de 2026 en Metro NYC","author":"Nelson Feliz","date":"16 de febrero de 2026","format":false,"excerpt":"Por Ram\u00f3n Mercedes NUEVA YORK.-El hispano Alberto Fr\u00edas, presuntamente dominicano, es se\u00f1alado por la polic\u00eda neoyorkina como el autor de la muerte a tiros de Adrian Dawodu, de 41 a\u00f1os, el primer asesinato del a\u00f1o en el Metro de esta ciudad, ocurrido en la estaci\u00f3n del tren D en la\u2026","rel":"","context":"En \u00abINTERNACIONALES\u00bb","block_context":{"text":"INTERNACIONALES","link":"https:\/\/lasprimeras.com.do\/index.php\/category\/sin-categoria\/internacionales\/"},"img":{"alt_text":"","src":"https:\/\/i0.wp.com\/lasprimeras.com.do\/wp-content\/uploads\/2026\/02\/Es-presuntamente-dominicano-causante-primer-asesinato-de-2026-en-Metro-NYC.jpg?resize=350%2C200&ssl=1","width":350,"height":200,"srcset":"https:\/\/i0.wp.com\/lasprimeras.com.do\/wp-content\/uploads\/2026\/02\/Es-presuntamente-dominicano-causante-primer-asesinato-de-2026-en-Metro-NYC.jpg?resize=350%2C200&ssl=1 1x, https:\/\/i0.wp.com\/lasprimeras.com.do\/wp-content\/uploads\/2026\/02\/Es-presuntamente-dominicano-causante-primer-asesinato-de-2026-en-Metro-NYC.jpg?resize=525%2C300&ssl=1 1.5x"},"classes":[]}],"jetpack_sharing_enabled":true,"_links":{"self":[{"href":"https:\/\/lasprimeras.com.do\/index.php\/wp-json\/wp\/v2\/posts\/67111","targetHints":{"allow":["GET"]}}],"collection":[{"href":"https:\/\/lasprimeras.com.do\/index.php\/wp-json\/wp\/v2\/posts"}],"about":[{"href":"https:\/\/lasprimeras.com.do\/index.php\/wp-json\/wp\/v2\/types\/post"}],"author":[{"embeddable":true,"href":"https:\/\/lasprimeras.com.do\/index.php\/wp-json\/wp\/v2\/users\/2"}],"replies":[{"embeddable":true,"href":"https:\/\/lasprimeras.com.do\/index.php\/wp-json\/wp\/v2\/comments?post=67111"}],"version-history":[{"count":1,"href":"https:\/\/lasprimeras.com.do\/index.php\/wp-json\/wp\/v2\/posts\/67111\/revisions"}],"predecessor-version":[{"id":67114,"href":"https:\/\/lasprimeras.com.do\/index.php\/wp-json\/wp\/v2\/posts\/67111\/revisions\/67114"}],"wp:featuredmedia":[{"embeddable":true,"href":"https:\/\/lasprimeras.com.do\/index.php\/wp-json\/wp\/v2\/media\/67113"}],"wp:attachment":[{"href":"https:\/\/lasprimeras.com.do\/index.php\/wp-json\/wp\/v2\/media?parent=67111"}],"wp:term":[{"taxonomy":"category","embeddable":true,"href":"https:\/\/lasprimeras.com.do\/index.php\/wp-json\/wp\/v2\/categories?post=67111"},{"taxonomy":"post_tag","embeddable":true,"href":"https:\/\/lasprimeras.com.do\/index.php\/wp-json\/wp\/v2\/tags?post=67111"}],"curies":[{"name":"wp","href":"https:\/\/api.w.org\/{rel}","templated":true}]}}