{"id":67115,"date":"2023-11-13T12:44:10","date_gmt":"2023-11-13T16:44:10","guid":{"rendered":"https:\/\/lasprimeras.com.do\/?p=67115"},"modified":"2023-11-13T12:44:11","modified_gmt":"2023-11-13T16:44:11","slug":"agente-que-protege-nieta-de-joe-biden-abre-fuego-contra-camioneta-del-servicio-secreto","status":"publish","type":"post","link":"https:\/\/lasprimeras.com.do\/index.php\/2023\/11\/13\/agente-que-protege-nieta-de-joe-biden-abre-fuego-contra-camioneta-del-servicio-secreto\/","title":{"rendered":"Agente que protege nieta de Joe Biden abre fuego contra camioneta del Servicio Secreto"},"content":{"rendered":"\n<p><strong>A pesar de los disparos contra los sospechosos que intentaron robar la camioneta del Servicio Secreto, lograron escapar y permanecen pr\u00f3fugos.<\/strong><\/p>\n\n\n\n<p>Por Jerald Jim\u00e9nez<\/p>\n\n\n\n<p>Agentes del Servicio Secreto asignados para defender a la nieta del presidente Biden abrieron fuego contra un grupo de personas que intentaban irrumpir en un veh\u00edculo del Servicio Secreto sin distintivos en Washington D.C. el domingo por la noche, de acuerdo con la agencia.<\/p>\n\n\n\n<p>El Servicio Secreto emiti\u00f3 un comunicado en el que confirm\u00f3 el incidente, y detall\u00f3 que tres personas rompieron una ventana de la camioneta del Servicio Secreto, que estaba estacionada y sin ocupantes, y trataron de entrar en ella.<\/p>\n\n\n\n<p>\u201cEl 12 de noviembre, alrededor de las 11:58 p.m. en el vecindario de Georgetown en Washington, D.C., agentes del Servicio Secreto encontraron posiblemente a tres individuos rompiendo una ventana de un veh\u00edculo gubernamental estacionado y desocupado\u201d, dijo el portavoz de la agencia, Anthony Guglielmi, en un comunicado.<\/p>\n\n\n\n<p>Asimismo, el Servicio Secreto aclar\u00f3 que Naomi Biden no result\u00f3 herida y no estuvo involucrada en el altercado, y que de momento est\u00e1n investigando el incidente junto al Departamento de la Polic\u00eda Metropolitana de Washington D.C.<\/p>\n\n\n\n<p>\u201cDurante este encuentro, un agente federal dispar\u00f3 un arma reglamentaria y se cree que nadie result\u00f3 herido. Los delincuentes huyeron inmediatamente del lugar en un veh\u00edculo rojo y se envi\u00f3 una vigilancia regional a las unidades de apoyo. No hubo ninguna amenaza para ning\u00fan protegido y el incidente est\u00e1 siendo investigado por el Departamento de Polic\u00eda Metropolitana de D.C. y el Servicio Secreto\u201c, agreg\u00f3 el comunicado.<\/p>\n\n\n\n<p>El incidente que involucr\u00f3 a la nieta del presidente se produce en medio de un creciente n\u00famero de robos de veh\u00edculos en la capital de Estados Unidos desde que comenz\u00f3 la pandemia de Covid-19. En 2022, las autoridades en Washington D.C. recibieron informes de m\u00e1s de 6,000 autos robados.<\/p>\n\n\n\n<p>Los robos de autos han afectado incluso a legisladores, pues el mes pasado, el representante dem\u00f3crata de Texas, Henry Cuellar, fue abordado por tres ladrones que asaltaron su auto a punta de pistola y le robaron sus pertenencias. Sin embargo, no result\u00f3 herido.<\/p>\n\n\n\n<p>Naomi Biden, de 29 a\u00f1os, es la hija mayor de Hunter Biden y Kathleen Buhle, y la nieta mayor del presidente Biden, quien est\u00e1 casada desde 2022 con Peter Neal, un abogado de 25 a\u00f1os. Naomi, que tambi\u00e9n es abogada, trabaja en un el bufete Arnold &amp; Porter.<\/p>\n\n\n\n<p>Con informaci\u00f3n de New York Post<\/p>\n","protected":false},"excerpt":{"rendered":"<p>A pesar de los disparos contra los sospechosos que intentaron robar la camioneta del Servicio Secreto, lograron escapar y permanecen pr\u00f3fugos. Por Jerald Jim\u00e9nez Agentes del Servicio Secreto asignados para&hellip;<\/p>\n","protected":false},"author":2,"featured_media":67116,"comment_status":"open","ping_status":"open","sticky":false,"template":"","format":"standard","meta":{"content-type":"","jetpack_post_was_ever_published":false,"_jetpack_newsletter_access":"","_jetpack_dont_email_post_to_subs":false,"_jetpack_newsletter_tier_id":0,"_jetpack_memberships_contains_paywalled_content":false,"_jetpack_memberships_contains_paid_content":false,"footnotes":""},"categories":[1],"tags":[9429],"class_list":["post-67115","post","type-post","status-publish","format-standard","has-post-thumbnail","hentry","category-sin-categoria","tag-naomi-biden"],"jetpack_featured_media_url":"https:\/\/lasprimeras.com.do\/wp-content\/uploads\/2023\/11\/Naomi-Biden.jpg","jetpack-related-posts":[{"id":86350,"url":"https:\/\/lasprimeras.com.do\/index.php\/2024\/07\/23\/renuncia-la-jefa-del-servicio-secreto-de-eeuu-tras-el-atentado-a-trump\/","url_meta":{"origin":67115,"position":0},"title":"Renuncia la jefa del Servicio Secreto de EEUU tras el atentado a Trump","author":"Nelson Feliz","date":"23 de julio de 2024","format":false,"excerpt":"BY COLLEEN LONG WASHINGTON (AP) \u2014 La directora del Servicio Secreto renunci\u00f3 el martes tras el intento de asesinato contra el expresidente Donald Trump, que desat\u00f3 una protesta generalizada sobre c\u00f3mo la agencia fracas\u00f3 en su misi\u00f3n central de proteger a los mandatarios actuales y anteriores. Kimberly Cheatle, jefa del\u2026","rel":"","context":"En \u00abSin categor\u00eda\u00bb","block_context":{"text":"Sin categor\u00eda","link":"https:\/\/lasprimeras.com.do\/index.php\/category\/sin-categoria\/"},"img":{"alt_text":"Kimberly Cheatle","src":"https:\/\/i0.wp.com\/lasprimeras.com.do\/wp-content\/uploads\/2024\/07\/Kimberly-Cheatle-1.png?resize=350%2C200&ssl=1","width":350,"height":200,"srcset":"https:\/\/i0.wp.com\/lasprimeras.com.do\/wp-content\/uploads\/2024\/07\/Kimberly-Cheatle-1.png?resize=350%2C200&ssl=1 1x, https:\/\/i0.wp.com\/lasprimeras.com.do\/wp-content\/uploads\/2024\/07\/Kimberly-Cheatle-1.png?resize=525%2C300&ssl=1 1.5x, https:\/\/i0.wp.com\/lasprimeras.com.do\/wp-content\/uploads\/2024\/07\/Kimberly-Cheatle-1.png?resize=700%2C400&ssl=1 2x"},"classes":[]},{"id":86264,"url":"https:\/\/lasprimeras.com.do\/index.php\/2024\/07\/21\/la-jefa-del-servicio-secreto-enfrenta-llamados-a-renunciar-tras-atentado-a-trump\/","url_meta":{"origin":67115,"position":1},"title":"La jefa del Servicio Secreto enfrenta llamados a renunciar tras atentado a Trump","author":"Nelson Feliz","date":"21 de julio de 2024","format":false,"excerpt":"BY REBECCA SANTANA WASHINGTON (AP) \u2014 Cuando Kimberly Cheatle dirig\u00eda las operaciones del Servicio Secreto para salvaguardar al presidente estadounidense y a otros dignatarios, refiri\u00f3 que hablaba con los agentes en entrenamiento sobre la \u201ctremenda responsabilidad\u201d de su trabajo. \u201cEsta agencia y el Servicio Secreto tienen una misi\u00f3n de cero\u2026","rel":"","context":"En \u00abSin categor\u00eda\u00bb","block_context":{"text":"Sin categor\u00eda","link":"https:\/\/lasprimeras.com.do\/index.php\/category\/sin-categoria\/"},"img":{"alt_text":"Kimberly Cheatle","src":"https:\/\/i0.wp.com\/lasprimeras.com.do\/wp-content\/uploads\/2024\/07\/Kimberly-Cheatle.png?resize=350%2C200&ssl=1","width":350,"height":200,"srcset":"https:\/\/i0.wp.com\/lasprimeras.com.do\/wp-content\/uploads\/2024\/07\/Kimberly-Cheatle.png?resize=350%2C200&ssl=1 1x, https:\/\/i0.wp.com\/lasprimeras.com.do\/wp-content\/uploads\/2024\/07\/Kimberly-Cheatle.png?resize=525%2C300&ssl=1 1.5x, https:\/\/i0.wp.com\/lasprimeras.com.do\/wp-content\/uploads\/2024\/07\/Kimberly-Cheatle.png?resize=700%2C400&ssl=1 2x"},"classes":[]},{"id":95695,"url":"https:\/\/lasprimeras.com.do\/index.php\/2025\/03\/18\/trump-retira-la-proteccion-del-servicio-secreto-a-los-hijos-de-biden\/","url_meta":{"origin":67115,"position":2},"title":"Trump retira la protecci\u00f3n del Servicio Secreto a los hijos de Biden","author":"Nelson Feliz","date":"18 de marzo de 2025","format":false,"excerpt":"El presidente Donald Trump asegur\u00f3 que la protecci\u00f3n del Servicio Secreto a Hunter y Ashley, hijos del expresidente Joe Biden, representaba un gasto excesivo. Por Ra\u00fal Castillo El presidente de Estados Unidos, Donald Trump, anunci\u00f3 este lunes que Hunter y Ashley Biden, hijos del expresidente Joe Biden, dejar\u00e1n de contar\u2026","rel":"","context":"En \u00abINTERNACIONALES\u00bb","block_context":{"text":"INTERNACIONALES","link":"https:\/\/lasprimeras.com.do\/index.php\/category\/sin-categoria\/internacionales\/"},"img":{"alt_text":"","src":"https:\/\/i0.wp.com\/lasprimeras.com.do\/wp-content\/uploads\/2025\/03\/Hunter-Biden-y-su-hija-Ashley-Biden.png?resize=350%2C200&ssl=1","width":350,"height":200,"srcset":"https:\/\/i0.wp.com\/lasprimeras.com.do\/wp-content\/uploads\/2025\/03\/Hunter-Biden-y-su-hija-Ashley-Biden.png?resize=350%2C200&ssl=1 1x, https:\/\/i0.wp.com\/lasprimeras.com.do\/wp-content\/uploads\/2025\/03\/Hunter-Biden-y-su-hija-Ashley-Biden.png?resize=525%2C300&ssl=1 1.5x, https:\/\/i0.wp.com\/lasprimeras.com.do\/wp-content\/uploads\/2025\/03\/Hunter-Biden-y-su-hija-Ashley-Biden.png?resize=700%2C400&ssl=1 2x"},"classes":[]},{"id":86258,"url":"https:\/\/lasprimeras.com.do\/index.php\/2024\/07\/21\/el-servicio-secreto-nego-solicitudes-para-reforzar-la-seguridad-de-trump\/","url_meta":{"origin":67115,"position":3},"title":"El Servicio Secreto neg\u00f3 solicitudes para reforzar la seguridad de Trump","author":"Nelson Feliz","date":"21 de julio de 2024","format":false,"excerpt":"BY DARLENE SUPERVILLE REHOBOTH BEACH, Delaware, EE.UU. (AP) \u2014 El Servicio Secreto ha reconocido que rechaz\u00f3 algunas solicitudes de la campa\u00f1a del candidato presidencial republicano Donald Trump para aumentar la seguridad en sus eventos a\u00f1os antes del intento de asesinato. Inmediatamente despu\u00e9s del ataque del 13 de julio en un\u2026","rel":"","context":"En \u00abSin categor\u00eda\u00bb","block_context":{"text":"Sin categor\u00eda","link":"https:\/\/lasprimeras.com.do\/index.php\/category\/sin-categoria\/"},"img":{"alt_text":"","src":"https:\/\/i0.wp.com\/lasprimeras.com.do\/wp-content\/uploads\/2024\/07\/Servicio-Secreto.png?resize=350%2C200&ssl=1","width":350,"height":200,"srcset":"https:\/\/i0.wp.com\/lasprimeras.com.do\/wp-content\/uploads\/2024\/07\/Servicio-Secreto.png?resize=350%2C200&ssl=1 1x, https:\/\/i0.wp.com\/lasprimeras.com.do\/wp-content\/uploads\/2024\/07\/Servicio-Secreto.png?resize=525%2C300&ssl=1 1.5x, https:\/\/i0.wp.com\/lasprimeras.com.do\/wp-content\/uploads\/2024\/07\/Servicio-Secreto.png?resize=700%2C400&ssl=1 2x"},"classes":[]},{"id":85944,"url":"https:\/\/lasprimeras.com.do\/index.php\/2024\/07\/13\/incidente-en-acto-de-campana-de-trump-es-investigado-como-intento-de-asesinato\/","url_meta":{"origin":67115,"position":4},"title":"Incidente en acto de campa\u00f1a de Trump es investigado como intento de asesinato","author":"Nelson Feliz","date":"13 de julio de 2024","format":false,"excerpt":"BY JILL COLVIN, JULIE CARR SMYTH, COLLEEN LONG, ERIC TUCKER, MICHAEL BALSAMO AND MICHELLE L. PRICE BUTLER, Pensilvania, EE.UU. (AP) \u2014 Donald Trump aparentemente fue el blanco de un intento de asesinato durante un acto de campa\u00f1a en Pensilvania el s\u00e1bado, afirmaron funcionarios de fuerzas policiales. El expresidente, con la\u2026","rel":"","context":"En \u00abPORTADA\u00bb","block_context":{"text":"PORTADA","link":"https:\/\/lasprimeras.com.do\/index.php\/category\/portada\/"},"img":{"alt_text":"Donald Trump","src":"https:\/\/i0.wp.com\/lasprimeras.com.do\/wp-content\/uploads\/2024\/07\/Donald-Trump-1.jpg?resize=350%2C200&ssl=1","width":350,"height":200,"srcset":"https:\/\/i0.wp.com\/lasprimeras.com.do\/wp-content\/uploads\/2024\/07\/Donald-Trump-1.jpg?resize=350%2C200&ssl=1 1x, https:\/\/i0.wp.com\/lasprimeras.com.do\/wp-content\/uploads\/2024\/07\/Donald-Trump-1.jpg?resize=525%2C300&ssl=1 1.5x, https:\/\/i0.wp.com\/lasprimeras.com.do\/wp-content\/uploads\/2024\/07\/Donald-Trump-1.jpg?resize=700%2C400&ssl=1 2x"},"classes":[]},{"id":85976,"url":"https:\/\/lasprimeras.com.do\/index.php\/2024\/07\/14\/servicio-secreto-investiga-como-agresor-se-pudo-acercar-lo-suficiente-para-disparar-contra-trump\/","url_meta":{"origin":67115,"position":5},"title":"Servicio Secreto investiga c\u00f3mo agresor se pudo acercar lo suficiente para disparar contra Trump","author":"Nelson Feliz","date":"14 de julio de 2024","format":false,"excerpt":"BY REBECCA SANTANA, MICHAEL BIESECKER AND MICHAEL KUNZELMAN WASHINGTON (AP) \u2014 El Servicio Secreto de Estados Unidos investiga c\u00f3mo un hombre armado con un fusil tipo AR pudo acercarse lo suficiente para disparar y herir al expresidente Donald Trump en un mitin el s\u00e1bado en Pensilvania, un fracaso monumental de\u2026","rel":"","context":"En \u00abSin categor\u00eda\u00bb","block_context":{"text":"Sin categor\u00eda","link":"https:\/\/lasprimeras.com.do\/index.php\/category\/sin-categoria\/"},"img":{"alt_text":"","src":"https:\/\/i0.wp.com\/lasprimeras.com.do\/wp-content\/uploads\/2024\/07\/secreto.jpg?resize=350%2C200&ssl=1","width":350,"height":200,"srcset":"https:\/\/i0.wp.com\/lasprimeras.com.do\/wp-content\/uploads\/2024\/07\/secreto.jpg?resize=350%2C200&ssl=1 1x, https:\/\/i0.wp.com\/lasprimeras.com.do\/wp-content\/uploads\/2024\/07\/secreto.jpg?resize=525%2C300&ssl=1 1.5x, https:\/\/i0.wp.com\/lasprimeras.com.do\/wp-content\/uploads\/2024\/07\/secreto.jpg?resize=700%2C400&ssl=1 2x"},"classes":[]}],"jetpack_sharing_enabled":true,"_links":{"self":[{"href":"https:\/\/lasprimeras.com.do\/index.php\/wp-json\/wp\/v2\/posts\/67115","targetHints":{"allow":["GET"]}}],"collection":[{"href":"https:\/\/lasprimeras.com.do\/index.php\/wp-json\/wp\/v2\/posts"}],"about":[{"href":"https:\/\/lasprimeras.com.do\/index.php\/wp-json\/wp\/v2\/types\/post"}],"author":[{"embeddable":true,"href":"https:\/\/lasprimeras.com.do\/index.php\/wp-json\/wp\/v2\/users\/2"}],"replies":[{"embeddable":true,"href":"https:\/\/lasprimeras.com.do\/index.php\/wp-json\/wp\/v2\/comments?post=67115"}],"version-history":[{"count":1,"href":"https:\/\/lasprimeras.com.do\/index.php\/wp-json\/wp\/v2\/posts\/67115\/revisions"}],"predecessor-version":[{"id":67117,"href":"https:\/\/lasprimeras.com.do\/index.php\/wp-json\/wp\/v2\/posts\/67115\/revisions\/67117"}],"wp:featuredmedia":[{"embeddable":true,"href":"https:\/\/lasprimeras.com.do\/index.php\/wp-json\/wp\/v2\/media\/67116"}],"wp:attachment":[{"href":"https:\/\/lasprimeras.com.do\/index.php\/wp-json\/wp\/v2\/media?parent=67115"}],"wp:term":[{"taxonomy":"category","embeddable":true,"href":"https:\/\/lasprimeras.com.do\/index.php\/wp-json\/wp\/v2\/categories?post=67115"},{"taxonomy":"post_tag","embeddable":true,"href":"https:\/\/lasprimeras.com.do\/index.php\/wp-json\/wp\/v2\/tags?post=67115"}],"curies":[{"name":"wp","href":"https:\/\/api.w.org\/{rel}","templated":true}]}}