{"id":67134,"date":"2023-11-13T14:26:53","date_gmt":"2023-11-13T18:26:53","guid":{"rendered":"https:\/\/lasprimeras.com.do\/?p=67134"},"modified":"2023-11-13T14:26:55","modified_gmt":"2023-11-13T18:26:55","slug":"alberto-then-se-despide-de-la-pn-mostrando-30000-armas-blancas-incautadas-en-ultimos-6-meses","status":"publish","type":"post","link":"https:\/\/lasprimeras.com.do\/index.php\/2023\/11\/13\/alberto-then-se-despide-de-la-pn-mostrando-30000-armas-blancas-incautadas-en-ultimos-6-meses\/","title":{"rendered":"Alberto Then se despide de la PN mostrando 30,000 armas blancas incautadas en \u00faltimos 6 meses"},"content":{"rendered":"\n<p>Santo Domingo.-Este lunes el director general de la Polic\u00eda Nacional, Eduardo Alberto Then, mostr\u00f3 m\u00e1s de 30,000 armas blancas que fueron incautadas durante operativos realizados en los \u00faltimos seis meses.<\/p>\n\n\n\n<p>El titular de la entidad realiz\u00f3 la exhibici\u00f3n para evidenciar la efectividad del combate en contra de la criminalidad en el territorio dominicano.<\/p>\n\n\n\n<p>Alberto Then detall\u00f3 que dentro de los artefactos ocupados por agentes policiales se encuentran las denominadas \u201csaca h\u00edgados\u201d, pu\u00f1ales, cuchillos, \u201clengua de mime\u201d, entre otras tipolog\u00edas.<\/p>\n\n\n\n<p>Adem\u00e1s, explic\u00f3 que estos dispositivos eran utilizados por delincuentes para atentar en contra de la vida de ciudadanos y cometer fechor\u00edas.<\/p>\n\n\n\n<p>Then asegur\u00f3 que la entidad policial continuar\u00e1 trabajando para garantizar el bienestar y la tranquilidad de la sociedad dominicana.<\/p>\n\n\n\n<p>Luego de la exposici\u00f3n, el primer mandatario, el ministro de la Presidencia, Joel Santos, as\u00ed como tambi\u00e9n el ministro de Defensa e Interior y Polic\u00eda, teniente general Carlos Luciano D\u00edaz Morfa y Jes\u00fas V\u00e1squez, respectivamente, ingresaron a las instalaciones policiales para dar continuidad con la vig\u00e9sima segunda reuni\u00f3n del Plan de Seguridad Ciudadana.<\/p>\n","protected":false},"excerpt":{"rendered":"<p>Santo Domingo.-Este lunes el director general de la Polic\u00eda Nacional, Eduardo Alberto Then, mostr\u00f3 m\u00e1s de 30,000 armas blancas que fueron incautadas durante operativos realizados en los \u00faltimos seis meses.&hellip;<\/p>\n","protected":false},"author":3,"featured_media":67135,"comment_status":"open","ping_status":"open","sticky":false,"template":"","format":"standard","meta":{"content-type":"","jetpack_post_was_ever_published":false,"_jetpack_newsletter_access":"","_jetpack_dont_email_post_to_subs":false,"_jetpack_newsletter_tier_id":0,"_jetpack_memberships_contains_paywalled_content":false,"_jetpack_memberships_contains_paid_content":false,"footnotes":""},"categories":[35],"tags":[6695],"class_list":["post-67134","post","type-post","status-publish","format-standard","has-post-thumbnail","hentry","category-nacionales","tag-policia-2"],"jetpack_featured_media_url":"https:\/\/lasprimeras.com.do\/wp-content\/uploads\/2023\/11\/valentin-15.jpg","jetpack-related-posts":[{"id":67118,"url":"https:\/\/lasprimeras.com.do\/index.php\/2023\/11\/13\/presidente-abinader-encabeza-reunion-de-seguimiento-al-plan-de-seguridad-ciudadana\/","url_meta":{"origin":67134,"position":0},"title":"Presidente Abinader encabeza reuni\u00f3n de seguimiento al Plan de Seguridad Ciudadana","author":"Nelson Feliz","date":"13 de noviembre de 2023","format":false,"excerpt":"Previo al inicio de la reuni\u00f3n, el director de la PN, mayor general Eduardo Alberto Then, mostr\u00f3 al presidente Abinader, el decomiso de 30 mil armas blancas que fueron retiradas de las calles en operativos. Por Mart\u00edn Restituyo En estos momentos, el presidente Luis Abinader, encabeza la reuni\u00f3n de seguimiento\u2026","rel":"","context":"En \u00abMILITARES\u00bb","block_context":{"text":"MILITARES","link":"https:\/\/lasprimeras.com.do\/index.php\/category\/militares\/"},"img":{"alt_text":"Luis Abinader","src":"https:\/\/i0.wp.com\/lasprimeras.com.do\/wp-content\/uploads\/2023\/11\/Luis-Abinader-1-1.jpg?resize=350%2C200&ssl=1","width":350,"height":200,"srcset":"https:\/\/i0.wp.com\/lasprimeras.com.do\/wp-content\/uploads\/2023\/11\/Luis-Abinader-1-1.jpg?resize=350%2C200&ssl=1 1x, https:\/\/i0.wp.com\/lasprimeras.com.do\/wp-content\/uploads\/2023\/11\/Luis-Abinader-1-1.jpg?resize=525%2C300&ssl=1 1.5x, https:\/\/i0.wp.com\/lasprimeras.com.do\/wp-content\/uploads\/2023\/11\/Luis-Abinader-1-1.jpg?resize=700%2C400&ssl=1 2x"},"classes":[]},{"id":58122,"url":"https:\/\/lasprimeras.com.do\/index.php\/2023\/08\/20\/director-de-la-pn-destaca-importancia-de-arengar-a-sus-miembros-a-la-profesionalizacion\/","url_meta":{"origin":67134,"position":1},"title":"Director de la PN destaca importancia de arengar a sus miembros a la profesionalizaci\u00f3n","author":"Nelson Feliz","date":"20 de agosto de 2023","format":false,"excerpt":"Por Martin Restituyo El director de la Polic\u00eda Nacional, mayor general Eduardo Alberto Then, destac\u00f3 que los agentes policiales sean orientados de manera regular sobre su misi\u00f3n como servidores p\u00fablicos, el respeto a los derechos fundamentales de los ciudadanos y la vocaci\u00f3n de servicio. \u201cConsidero muy necesaria las charlas a\u2026","rel":"","context":"En \u00abMILITARES\u00bb","block_context":{"text":"MILITARES","link":"https:\/\/lasprimeras.com.do\/index.php\/category\/militares\/"},"img":{"alt_text":"Eduardo Alberto Then","src":"https:\/\/i0.wp.com\/lasprimeras.com.do\/wp-content\/uploads\/2023\/08\/Eduardo-Alberto-Then-1-1.jpg?resize=350%2C200&ssl=1","width":350,"height":200,"srcset":"https:\/\/i0.wp.com\/lasprimeras.com.do\/wp-content\/uploads\/2023\/08\/Eduardo-Alberto-Then-1-1.jpg?resize=350%2C200&ssl=1 1x, https:\/\/i0.wp.com\/lasprimeras.com.do\/wp-content\/uploads\/2023\/08\/Eduardo-Alberto-Then-1-1.jpg?resize=525%2C300&ssl=1 1.5x, https:\/\/i0.wp.com\/lasprimeras.com.do\/wp-content\/uploads\/2023\/08\/Eduardo-Alberto-Then-1-1.jpg?resize=700%2C400&ssl=1 2x"},"classes":[]},{"id":56328,"url":"https:\/\/lasprimeras.com.do\/index.php\/2023\/07\/30\/director-de-la-policia-advierte-no-existe-espacio-para-negociar-con-delincuentes\/","url_meta":{"origin":67134,"position":2},"title":"Director de la Polic\u00eda advierte no existe espacio para negociar con delincuentes","author":"Nelson Feliz","date":"30 de julio de 2023","format":false,"excerpt":"Por Martin Restituyo El director general de la Polic\u00eda Nacional, mayor general Eduardo Alberto, advirti\u00f3 hoy que en la actualidad no existe posibilidad alguna de que se pueda negociar con delincuentes desde la instituci\u00f3n sin que haya dr\u00e1sticas consecuencias. Dijo que los organismos de control interno se mantienen vigilantes, para\u2026","rel":"","context":"En \u00abNACIONALES\u00bb","block_context":{"text":"NACIONALES","link":"https:\/\/lasprimeras.com.do\/index.php\/category\/nacionales\/"},"img":{"alt_text":"Eduardo Alberto Then","src":"https:\/\/i0.wp.com\/lasprimeras.com.do\/wp-content\/uploads\/2023\/07\/Eduardo-Alberto-Then-1.jpg?resize=350%2C200&ssl=1","width":350,"height":200,"srcset":"https:\/\/i0.wp.com\/lasprimeras.com.do\/wp-content\/uploads\/2023\/07\/Eduardo-Alberto-Then-1.jpg?resize=350%2C200&ssl=1 1x, https:\/\/i0.wp.com\/lasprimeras.com.do\/wp-content\/uploads\/2023\/07\/Eduardo-Alberto-Then-1.jpg?resize=525%2C300&ssl=1 1.5x, https:\/\/i0.wp.com\/lasprimeras.com.do\/wp-content\/uploads\/2023\/07\/Eduardo-Alberto-Then-1.jpg?resize=700%2C400&ssl=1 2x"},"classes":[]},{"id":66226,"url":"https:\/\/lasprimeras.com.do\/index.php\/2023\/11\/05\/pn-inaugura-laboratorio-de-reconocimiento-facial-en-la-policia-cientifica\/","url_meta":{"origin":67134,"position":3},"title":"PN inaugura laboratorio de reconocimiento facial en la Polic\u00eda Cient\u00edfica","author":"Nelson Feliz","date":"5 de noviembre de 2023","format":false,"excerpt":"Por Martin Restituyo El director general de la Polic\u00eda Nacional, mayor general Eduardo Alberto Then, inaugur\u00f3 hoy un moderno laboratorio automatizado de reconociendo facial, instalado en el \u00e1rea de la Polic\u00eda Cient\u00edfica, gracias al apoyo del presidente de la Rep\u00fablica, Luis Abinader, quien impulsa el proceso de transformaci\u00f3n y profesionalizaci\u00f3n\u2026","rel":"","context":"En \u00abMILITARES\u00bb","block_context":{"text":"MILITARES","link":"https:\/\/lasprimeras.com.do\/index.php\/category\/militares\/"},"img":{"alt_text":"Eduardo Alberto Then","src":"https:\/\/i0.wp.com\/lasprimeras.com.do\/wp-content\/uploads\/2023\/07\/Eduardo-Alberto-Then-1.jpg?resize=350%2C200&ssl=1","width":350,"height":200,"srcset":"https:\/\/i0.wp.com\/lasprimeras.com.do\/wp-content\/uploads\/2023\/07\/Eduardo-Alberto-Then-1.jpg?resize=350%2C200&ssl=1 1x, https:\/\/i0.wp.com\/lasprimeras.com.do\/wp-content\/uploads\/2023\/07\/Eduardo-Alberto-Then-1.jpg?resize=525%2C300&ssl=1 1.5x, https:\/\/i0.wp.com\/lasprimeras.com.do\/wp-content\/uploads\/2023\/07\/Eduardo-Alberto-Then-1.jpg?resize=700%2C400&ssl=1 2x"},"classes":[]},{"id":53284,"url":"https:\/\/lasprimeras.com.do\/index.php\/2023\/06\/25\/alberto-then-destaca-acciones-contra-la-violencia-de-genero-e-intrafamiliar\/","url_meta":{"origin":67134,"position":4},"title":"Alberto Then destaca acciones contra la violencia de g\u00e9nero e intrafamiliar","author":"Nelson Feliz","date":"25 de junio de 2023","format":false,"excerpt":"Por Martin Restituyo El director general de la Polic\u00eda Nacional, mayor general Eduardo Alberto Then, resalt\u00f3 el avance que ha logrado la instituci\u00f3n en torno a las estrategias y acciones contra la violencia de g\u00e9nero e intrafamiliar. El mayor general Alberto Then destac\u00f3 la eficacia con la que los agentes\u2026","rel":"","context":"En \u00abMILITARES\u00bb","block_context":{"text":"MILITARES","link":"https:\/\/lasprimeras.com.do\/index.php\/category\/militares\/"},"img":{"alt_text":"Eduardo Alberto Then","src":"https:\/\/i0.wp.com\/lasprimeras.com.do\/wp-content\/uploads\/2023\/06\/Alberto-Then.jpg?resize=350%2C200&ssl=1","width":350,"height":200,"srcset":"https:\/\/i0.wp.com\/lasprimeras.com.do\/wp-content\/uploads\/2023\/06\/Alberto-Then.jpg?resize=350%2C200&ssl=1 1x, https:\/\/i0.wp.com\/lasprimeras.com.do\/wp-content\/uploads\/2023\/06\/Alberto-Then.jpg?resize=525%2C300&ssl=1 1.5x, https:\/\/i0.wp.com\/lasprimeras.com.do\/wp-content\/uploads\/2023\/06\/Alberto-Then.jpg?resize=700%2C400&ssl=1 2x"},"classes":[]},{"id":58770,"url":"https:\/\/lasprimeras.com.do\/index.php\/2023\/08\/28\/director-de-la-pn-deja-en-funcionamiento-patrullaje-por-cuadrantes-en-sfm\/","url_meta":{"origin":67134,"position":5},"title":"Director de la PN deja en funcionamiento patrullaje por cuadrantes en SFM","author":"Nelson Feliz","date":"28 de agosto de 2023","format":false,"excerpt":"-Integra 66 nuevos agentes, unidades patrulleras y equipos tecnol\u00f3gicos Por Mart\u00edn Restituyo El Gobierno, a trav\u00e9s de la Polic\u00eda Nacional, puso en funcionamiento hoy en 50 sectores de San Francisco de Macor\u00eds la Estrategia de Patrullaje Policial por Cuadrantes, iniciativa que aportar\u00e1 mayor control, supervisi\u00f3n de los servicios, mejorar la\u2026","rel":"","context":"En \u00abMILITARES\u00bb","block_context":{"text":"MILITARES","link":"https:\/\/lasprimeras.com.do\/index.php\/category\/militares\/"},"img":{"alt_text":"Eduardo Alberto Then","src":"https:\/\/i0.wp.com\/lasprimeras.com.do\/wp-content\/uploads\/2023\/08\/Eduardo-Alberto-Then-1-2.jpg?resize=350%2C200&ssl=1","width":350,"height":200,"srcset":"https:\/\/i0.wp.com\/lasprimeras.com.do\/wp-content\/uploads\/2023\/08\/Eduardo-Alberto-Then-1-2.jpg?resize=350%2C200&ssl=1 1x, https:\/\/i0.wp.com\/lasprimeras.com.do\/wp-content\/uploads\/2023\/08\/Eduardo-Alberto-Then-1-2.jpg?resize=525%2C300&ssl=1 1.5x, https:\/\/i0.wp.com\/lasprimeras.com.do\/wp-content\/uploads\/2023\/08\/Eduardo-Alberto-Then-1-2.jpg?resize=700%2C400&ssl=1 2x"},"classes":[]}],"jetpack_sharing_enabled":true,"_links":{"self":[{"href":"https:\/\/lasprimeras.com.do\/index.php\/wp-json\/wp\/v2\/posts\/67134","targetHints":{"allow":["GET"]}}],"collection":[{"href":"https:\/\/lasprimeras.com.do\/index.php\/wp-json\/wp\/v2\/posts"}],"about":[{"href":"https:\/\/lasprimeras.com.do\/index.php\/wp-json\/wp\/v2\/types\/post"}],"author":[{"embeddable":true,"href":"https:\/\/lasprimeras.com.do\/index.php\/wp-json\/wp\/v2\/users\/3"}],"replies":[{"embeddable":true,"href":"https:\/\/lasprimeras.com.do\/index.php\/wp-json\/wp\/v2\/comments?post=67134"}],"version-history":[{"count":1,"href":"https:\/\/lasprimeras.com.do\/index.php\/wp-json\/wp\/v2\/posts\/67134\/revisions"}],"predecessor-version":[{"id":67136,"href":"https:\/\/lasprimeras.com.do\/index.php\/wp-json\/wp\/v2\/posts\/67134\/revisions\/67136"}],"wp:featuredmedia":[{"embeddable":true,"href":"https:\/\/lasprimeras.com.do\/index.php\/wp-json\/wp\/v2\/media\/67135"}],"wp:attachment":[{"href":"https:\/\/lasprimeras.com.do\/index.php\/wp-json\/wp\/v2\/media?parent=67134"}],"wp:term":[{"taxonomy":"category","embeddable":true,"href":"https:\/\/lasprimeras.com.do\/index.php\/wp-json\/wp\/v2\/categories?post=67134"},{"taxonomy":"post_tag","embeddable":true,"href":"https:\/\/lasprimeras.com.do\/index.php\/wp-json\/wp\/v2\/tags?post=67134"}],"curies":[{"name":"wp","href":"https:\/\/api.w.org\/{rel}","templated":true}]}}