{"id":67137,"date":"2023-11-13T14:28:20","date_gmt":"2023-11-13T18:28:20","guid":{"rendered":"https:\/\/lasprimeras.com.do\/?p=67137"},"modified":"2023-11-13T14:28:21","modified_gmt":"2023-11-13T18:28:21","slug":"fuerza-del-pueblo-alianza-rescate-rd-tiene-al-gobierno-nervioso-sus-dias-estan-contados","status":"publish","type":"post","link":"https:\/\/lasprimeras.com.do\/index.php\/2023\/11\/13\/fuerza-del-pueblo-alianza-rescate-rd-tiene-al-gobierno-nervioso-sus-dias-estan-contados\/","title":{"rendered":"Fuerza del Pueblo: \u201cAlianza Rescate RD tiene al gobierno nervioso, sus d\u00edas est\u00e1n contados\u201d"},"content":{"rendered":"\n<p>Puerto Plata.- En un recorrido por diversos sectores de Puerto Plata, el vicepresidente y coordinador pol\u00edtico de la Fuerza del Pueblo Radham\u00e9s Jim\u00e9nez Pe\u00f1a, afirm\u00f3 que la alianza Rescate RD, anunciada el pasado viernes por los partidos FP, PLD, y PRD, tiene al gobierno del PRM nervioso, desesperado, porque saben que sus d\u00edas est\u00e1n contados al frente de la conducci\u00f3n del Estado dominicano.<\/p>\n\n\n\n<p>Al ser abordado por la prensa local Jim\u00e9nez Pe\u00f1a refiri\u00f3 que la Rep\u00fablica Dominicana, \u00abvive un malestar generalizado, y una muestra es la situaci\u00f3n por la que atraviesan los principales sectores productivos del pa\u00eds, donde pr\u00e1cticamente todos est\u00e1n quebrados, tambi\u00e9n la decadencia de los servicios p\u00fablicos; el alto costo de la vida, y la delincuencia que mantiene arrodillada a la ciudadan\u00eda\u00bb.<\/p>\n\n\n\n<p>Alianza Rescate RD, incluye acuerdos en unas 145 alcald\u00edas y 215 direcciones de juntas de distritos municipales, en un total de 360 territorios municipales, cubriendo el 91% de la geograf\u00eda nacional, equivalente al 88% del electorado.<\/p>\n\n\n\n<p>Afirm\u00f3 que este convenio implica una \u00abl\u00ednea opositora firme, responsable y unificada, la confluencia de los proyectos de naci\u00f3n de cada uno de los partidos involucrados , y el compromiso de concurrir con candidaturas comunes en la mayor\u00eda de los territorios, en el nivel municipal, y congresual\u00bb.<\/p>\n\n\n\n<p>Recorrido en Puerto Plata<\/p>\n\n\n\n<p>El vicepresidente de la FP dijo sentirse altamente satisfecho por el respaldo recibido por los mun\u00edcipes de Puerto Plata, quienes se lanzaron a las calles a apoyar las aspiraciones de los candidatos locales y a Leonel Fern\u00e1ndez.<\/p>\n\n\n\n<p>\u201cFue algo gratificante ver como personas de todas las edades sal\u00edan de sus casas y manifestaban su apoyo a la FP; se escuchaba una sola voz y era \u201c se van\u00bb , indic\u00f3 el dirigente pol\u00edtico de la organizaci\u00f3n que lidera Leonel Fern\u00e1ndez.<\/p>\n\n\n\n<p>Agreg\u00f3 que \u00abel hambre y la desesperanza se han apoderado del pueblo. Con este c\u00f3ctel de dificultades que tiene el gobierno del PRM, provocado por la improvisaci\u00f3n e incapacidad no los salva ni el m\u00e9dico chino\u201d, acot\u00f3<\/p>\n\n\n\n<p>En el recorrido el coordinador pol\u00edtico de la FP estuvo acompa\u00f1ado por el miembro de la Direcci\u00f3n Pol\u00edtica Francis Vargas, el candidato a alcalde por el municipio de Puerto Plata Wascar Vargas, los candidatos a diputados y regidores, y dem\u00e1s dirigentes y simpatizantes de esa organizaci\u00f3n pol\u00edtica.<\/p>\n","protected":false},"excerpt":{"rendered":"<p>Puerto Plata.- En un recorrido por diversos sectores de Puerto Plata, el vicepresidente y coordinador pol\u00edtico de la Fuerza del Pueblo Radham\u00e9s Jim\u00e9nez Pe\u00f1a, afirm\u00f3 que la alianza Rescate RD,&hellip;<\/p>\n","protected":false},"author":3,"featured_media":67138,"comment_status":"open","ping_status":"open","sticky":false,"template":"","format":"standard","meta":{"content-type":"","jetpack_post_was_ever_published":false,"_jetpack_newsletter_access":"","_jetpack_dont_email_post_to_subs":false,"_jetpack_newsletter_tier_id":0,"_jetpack_memberships_contains_paywalled_content":false,"_jetpack_memberships_contains_paid_content":false,"footnotes":""},"categories":[1],"tags":[158],"class_list":["post-67137","post","type-post","status-publish","format-standard","has-post-thumbnail","hentry","category-sin-categoria","tag-fuerza-del-pueblo"],"jetpack_featured_media_url":"https:\/\/lasprimeras.com.do\/wp-content\/uploads\/2023\/11\/valentin.webp","jetpack-related-posts":[{"id":69647,"url":"https:\/\/lasprimeras.com.do\/index.php\/2023\/12\/04\/radhames-jimenez-repudia-agresion-del-gobierno-del-prm-contra-yepez-suncar\/","url_meta":{"origin":67137,"position":0},"title":"Radham\u00e9s Jim\u00e9nez repudia agresi\u00f3n del Gobierno del PRM contra Y\u00e9pez Suncar","author":"Nelson Feliz","date":"4 de diciembre de 2023","format":false,"excerpt":"Jim\u00e9nez dice el PRM desconoce triunfo de Alianza Rescate-RD en elecciones CARD. El vicepresidente y coordinador pol\u00edtico de la Fuerza del Pueblo Radham\u00e9s Jim\u00e9nez Pe\u00f1a, repudi\u00f3 las agresiones contra el comisionado Y\u00e9pez Suncar, por parte del Partido Revolucionario Moderno, en su af\u00e1n por desconocer los resultados de las elecciones del\u2026","rel":"","context":"En \u00abPORTADA\u00bb","block_context":{"text":"PORTADA","link":"https:\/\/lasprimeras.com.do\/index.php\/category\/portada\/"},"img":{"alt_text":"Radhames Jimenez","src":"https:\/\/i0.wp.com\/lasprimeras.com.do\/wp-content\/uploads\/2023\/12\/Radhames-Jimenez.jpg?resize=350%2C200&ssl=1","width":350,"height":200,"srcset":"https:\/\/i0.wp.com\/lasprimeras.com.do\/wp-content\/uploads\/2023\/12\/Radhames-Jimenez.jpg?resize=350%2C200&ssl=1 1x, https:\/\/i0.wp.com\/lasprimeras.com.do\/wp-content\/uploads\/2023\/12\/Radhames-Jimenez.jpg?resize=525%2C300&ssl=1 1.5x, https:\/\/i0.wp.com\/lasprimeras.com.do\/wp-content\/uploads\/2023\/12\/Radhames-Jimenez.jpg?resize=700%2C400&ssl=1 2x"},"classes":[]},{"id":66801,"url":"https:\/\/lasprimeras.com.do\/index.php\/2023\/11\/09\/fuerza-del-pueblo-da-a-conocer-delegacion-que-le-representara-en-acto-de-rescate-rd\/","url_meta":{"origin":67137,"position":1},"title":"Fuerza del Pueblo da a conocer delegaci\u00f3n que le representar\u00e1 en acto de Rescate RD","author":"Nelson Feliz","date":"9 de noviembre de 2023","format":false,"excerpt":"El partido Fuerza del Pueblo dio a conocer la delegaci\u00f3n que le representar\u00e1 en el acto de la Alianza Opositora Rescate RD. El vicepresidente de la organizaci\u00f3n, Radham\u00e9s Jim\u00e9nez Pe\u00f1a; Antonio Flori\u00e1n (Pe\u00f1ita), secretario general; adem\u00e1s de los integrantes de la Comisi\u00f3n de Alianzas de FP, Roberto Rosario, Nicol\u00e1s Calder\u00f3n\u2026","rel":"","context":"En \u00abPORTADA\u00bb","block_context":{"text":"PORTADA","link":"https:\/\/lasprimeras.com.do\/index.php\/category\/portada\/"},"img":{"alt_text":"Alianza Rescate RD","src":"https:\/\/i0.wp.com\/lasprimeras.com.do\/wp-content\/uploads\/2023\/11\/Alianza-Rescate-RD.jpg?resize=350%2C200&ssl=1","width":350,"height":200,"srcset":"https:\/\/i0.wp.com\/lasprimeras.com.do\/wp-content\/uploads\/2023\/11\/Alianza-Rescate-RD.jpg?resize=350%2C200&ssl=1 1x, https:\/\/i0.wp.com\/lasprimeras.com.do\/wp-content\/uploads\/2023\/11\/Alianza-Rescate-RD.jpg?resize=525%2C300&ssl=1 1.5x, https:\/\/i0.wp.com\/lasprimeras.com.do\/wp-content\/uploads\/2023\/11\/Alianza-Rescate-RD.jpg?resize=700%2C400&ssl=1 2x"},"classes":[]},{"id":68859,"url":"https:\/\/lasprimeras.com.do\/index.php\/2023\/11\/28\/roberto-dice-que-la-alianza-rescate-rd-ha-sido-ampliada-en-el-nivel-senatorial\/","url_meta":{"origin":67137,"position":2},"title":"Roberto dice que la \u201cAlianza Rescate RD\u201d ha sido ampliada en el nivel senatorial","author":"Nelson Feliz","date":"28 de noviembre de 2023","format":false,"excerpt":"El coordinador del Sector Externo de la Fuerza del Pueblo (FP), Roberto Rosario, declar\u00f3 que han ampliado mucho m\u00e1s la \u201cAlianza Rescate RD\u201d que informar\u00e1n en los pr\u00f3ximos d\u00edas. El miembro de la direcci\u00f3n pol\u00edtica de la Fuerza del Pueblo, adelant\u00f3 que pueden llegar a 24 los acuerdos en las\u2026","rel":"","context":"En \u00abPORTADA\u00bb","block_context":{"text":"PORTADA","link":"https:\/\/lasprimeras.com.do\/index.php\/category\/portada\/"},"img":{"alt_text":"Roberto Rosario","src":"https:\/\/i0.wp.com\/lasprimeras.com.do\/wp-content\/uploads\/2023\/07\/Roberto-Rosario.jpg?resize=350%2C200&ssl=1","width":350,"height":200,"srcset":"https:\/\/i0.wp.com\/lasprimeras.com.do\/wp-content\/uploads\/2023\/07\/Roberto-Rosario.jpg?resize=350%2C200&ssl=1 1x, https:\/\/i0.wp.com\/lasprimeras.com.do\/wp-content\/uploads\/2023\/07\/Roberto-Rosario.jpg?resize=525%2C300&ssl=1 1.5x, https:\/\/i0.wp.com\/lasprimeras.com.do\/wp-content\/uploads\/2023\/07\/Roberto-Rosario.jpg?resize=700%2C400&ssl=1 2x"},"classes":[]},{"id":74475,"url":"https:\/\/lasprimeras.com.do\/index.php\/2024\/01\/23\/exmiembros-del-prm-se-juramentan-en-la-fuerza-del-pueblo\/","url_meta":{"origin":67137,"position":3},"title":"Exmiembros del PRM se juramentan en la Fuerza del Pueblo","author":"Nelson Feliz","date":"23 de enero de 2024","format":false,"excerpt":"La \u201cpopicracia, el gobierno de los popis\u201d tiene los d\u00edas contados, asegura Radham\u00e9s Jim\u00e9nez. Mientras encabezaba una juramentaci\u00f3n de dirigentes del PRM, que pasaron a la Fuerza del Pueblo, este martes, el vicepresidente de este partido, Radham\u00e9s Jim\u00e9nez Pe\u00f1a, dijo que el gobierno de Luis Abinader tiene los d\u00edas contados,\u2026","rel":"","context":"En \u00abPORTADA\u00bb","block_context":{"text":"PORTADA","link":"https:\/\/lasprimeras.com.do\/index.php\/category\/portada\/"},"img":{"alt_text":"Radham\u00e9s Jim\u00e9nez Pe\u00f1a","src":"https:\/\/i0.wp.com\/lasprimeras.com.do\/wp-content\/uploads\/2024\/01\/Radhames-Jimenez-Pena.jpg?resize=350%2C200&ssl=1","width":350,"height":200,"srcset":"https:\/\/i0.wp.com\/lasprimeras.com.do\/wp-content\/uploads\/2024\/01\/Radhames-Jimenez-Pena.jpg?resize=350%2C200&ssl=1 1x, https:\/\/i0.wp.com\/lasprimeras.com.do\/wp-content\/uploads\/2024\/01\/Radhames-Jimenez-Pena.jpg?resize=525%2C300&ssl=1 1.5x, https:\/\/i0.wp.com\/lasprimeras.com.do\/wp-content\/uploads\/2024\/01\/Radhames-Jimenez-Pena.jpg?resize=700%2C400&ssl=1 2x"},"classes":[]},{"id":58278,"url":"https:\/\/lasprimeras.com.do\/index.php\/2023\/08\/22\/danilo-diaz-asegura-la-alianza-opositora-sella-salida-del-prm-del-poder\/","url_meta":{"origin":67137,"position":4},"title":"Danilo D\u00edaz asegura la alianza opositora, sella salida del PRM del poder","author":"Nelson Feliz","date":"22 de agosto de 2023","format":false,"excerpt":"El dirigente del Partido de la Liberaci\u00f3n Dominicana, Danilo D\u00edaz, asegur\u00f3 que la alianza anunciada entre el PLD, Fuerza del Pueblo y PRD sella la fecha de salida del PRM del poder. D\u00edaz, valor\u00f3 la llamada alianza por el rescate de la RD, por entender que con este acuerdo no\u2026","rel":"","context":"En \u00abPORTADA\u00bb","block_context":{"text":"PORTADA","link":"https:\/\/lasprimeras.com.do\/index.php\/category\/portada\/"},"img":{"alt_text":"","src":"https:\/\/i0.wp.com\/lasprimeras.com.do\/wp-content\/uploads\/2023\/08\/Danilo-Diaz-1.jpeg?resize=350%2C200&ssl=1","width":350,"height":200,"srcset":"https:\/\/i0.wp.com\/lasprimeras.com.do\/wp-content\/uploads\/2023\/08\/Danilo-Diaz-1.jpeg?resize=350%2C200&ssl=1 1x, https:\/\/i0.wp.com\/lasprimeras.com.do\/wp-content\/uploads\/2023\/08\/Danilo-Diaz-1.jpeg?resize=525%2C300&ssl=1 1.5x"},"classes":[]},{"id":74287,"url":"https:\/\/lasprimeras.com.do\/index.php\/2024\/01\/21\/miguel-vargas-llama-a-este-gobierno-moralista-de-hoja-lata\/","url_meta":{"origin":67137,"position":5},"title":"Miguel Vargas llama a este gobierno \u201cmoralista de hoja lata\u201d","author":"Nelson Feliz","date":"21 de enero de 2024","format":false,"excerpt":"El presidente del PRD reaccion\u00f3 de este modo a las reiteradas denuncias que le manifestaron los candidatos locales de la Alianza Rescate RD durante su recorrido del fin de semana. Alertaron sobre el uso desmedido por parte de las autoridades de los recursos del Estado para beneficiar a los candidatos\u2026","rel":"","context":"En \u00abPORTADA\u00bb","block_context":{"text":"PORTADA","link":"https:\/\/lasprimeras.com.do\/index.php\/category\/portada\/"},"img":{"alt_text":"Miguel Vargas","src":"https:\/\/i0.wp.com\/lasprimeras.com.do\/wp-content\/uploads\/2024\/01\/Miguel-Vargas-1.jpg?resize=350%2C200&ssl=1","width":350,"height":200,"srcset":"https:\/\/i0.wp.com\/lasprimeras.com.do\/wp-content\/uploads\/2024\/01\/Miguel-Vargas-1.jpg?resize=350%2C200&ssl=1 1x, https:\/\/i0.wp.com\/lasprimeras.com.do\/wp-content\/uploads\/2024\/01\/Miguel-Vargas-1.jpg?resize=525%2C300&ssl=1 1.5x, https:\/\/i0.wp.com\/lasprimeras.com.do\/wp-content\/uploads\/2024\/01\/Miguel-Vargas-1.jpg?resize=700%2C400&ssl=1 2x"},"classes":[]}],"jetpack_sharing_enabled":true,"_links":{"self":[{"href":"https:\/\/lasprimeras.com.do\/index.php\/wp-json\/wp\/v2\/posts\/67137","targetHints":{"allow":["GET"]}}],"collection":[{"href":"https:\/\/lasprimeras.com.do\/index.php\/wp-json\/wp\/v2\/posts"}],"about":[{"href":"https:\/\/lasprimeras.com.do\/index.php\/wp-json\/wp\/v2\/types\/post"}],"author":[{"embeddable":true,"href":"https:\/\/lasprimeras.com.do\/index.php\/wp-json\/wp\/v2\/users\/3"}],"replies":[{"embeddable":true,"href":"https:\/\/lasprimeras.com.do\/index.php\/wp-json\/wp\/v2\/comments?post=67137"}],"version-history":[{"count":1,"href":"https:\/\/lasprimeras.com.do\/index.php\/wp-json\/wp\/v2\/posts\/67137\/revisions"}],"predecessor-version":[{"id":67139,"href":"https:\/\/lasprimeras.com.do\/index.php\/wp-json\/wp\/v2\/posts\/67137\/revisions\/67139"}],"wp:featuredmedia":[{"embeddable":true,"href":"https:\/\/lasprimeras.com.do\/index.php\/wp-json\/wp\/v2\/media\/67138"}],"wp:attachment":[{"href":"https:\/\/lasprimeras.com.do\/index.php\/wp-json\/wp\/v2\/media?parent=67137"}],"wp:term":[{"taxonomy":"category","embeddable":true,"href":"https:\/\/lasprimeras.com.do\/index.php\/wp-json\/wp\/v2\/categories?post=67137"},{"taxonomy":"post_tag","embeddable":true,"href":"https:\/\/lasprimeras.com.do\/index.php\/wp-json\/wp\/v2\/tags?post=67137"}],"curies":[{"name":"wp","href":"https:\/\/api.w.org\/{rel}","templated":true}]}}