{"id":67140,"date":"2023-11-13T14:30:02","date_gmt":"2023-11-13T18:30:02","guid":{"rendered":"https:\/\/lasprimeras.com.do\/?p=67140"},"modified":"2023-11-13T14:30:04","modified_gmt":"2023-11-13T18:30:04","slug":"rescate-rd-la-alianza-mas-amplia-de-la-historia-electoral-en-la-etapa-democratica","status":"publish","type":"post","link":"https:\/\/lasprimeras.com.do\/index.php\/2023\/11\/13\/rescate-rd-la-alianza-mas-amplia-de-la-historia-electoral-en-la-etapa-democratica\/","title":{"rendered":"Rescate RD, la alianza m\u00e1s amplia de la historia electoral en la etapa democr\u00e1tica"},"content":{"rendered":"\n<p>Santo Domingo.-La recientemente anunciada alianza denominada Rescate RD suscrita entre tres partidos mayoritarios de cuatro que tiene el sistema, el PRD, PLD y FP, es el acuerdo electoral m\u00e1s amplio en la historia democr\u00e1tica del pa\u00eds porque abarca tres niveles de elecci\u00f3n, presidencial, congresual y municipal.<\/p>\n\n\n\n<p>La historia pol\u00edtica de la Rep\u00fablica Dominicana est\u00e1 marcada por acuerdos electorales para alcanzar el poder, pero en todos los casos, excepto ahora, han sido parciales.<\/p>\n\n\n\n<p>El acuerdo contempla, hasta el pasado viernes, 18 senadur\u00edas, 145 alcald\u00edas y respaldo para la segunda vuelta si ninguno logra la victoria en la primera ronda de votaciones el 19 de mayo de 2024.<br>El hecho representa adem\u00e1s la reunificaci\u00f3n del voto boschista en un tiempo r\u00e9cord, proceso que tom\u00f3 apenas un periodo gubernamental.<\/p>\n\n\n\n<p>Para las elecciones de 1996, el Partido Reformista Social Cristiano (PRSC) y el Partido de la Liberaci\u00f3n Dominicana (PLD) firmaron el famoso acuerdo denominado \u201cPacto por la Democracia\u201d que llev\u00f3 al PLD y a Leonel Fern\u00e1ndez por primera vez al poder. Fue un acuerdo solo para el nivel presidencial.<\/p>\n\n\n\n<p>Para el 2006, los partidos Revolucionario Dominicano (PRD) y el PRSC hicieron un convenio conocido como \u201calianza rosada\u201d que involucr\u00f3 solo los niveles congresual y municipal. El resultado de ese acuerdo fue inferior al n\u00famero de senadores, diputados y alcaldes que logr\u00f3 el gobernante PLD, por tanto, esa alianza no fue exitosa.<\/p>\n\n\n\n<p>Para las elecciones de 2016, el PRD y el PLD firmaron un acuerdo para la reforma constitucional que permiti\u00f3 la reelecci\u00f3n del entonces presidente Danilo Medina que incluy\u00f3 un acuerdo electoral.<br>En 2019, luego de la divisi\u00f3n del PLD y el surgimiento de la FP, 12 partidos de oposici\u00f3n, incluidos el PRM y la FP, firmaron una alianza senatorial que abarc\u00f3 24 senadur\u00edas y algunas alcald\u00edas y distritos municipales, pero con boletas separadas en lo presidencial y sin promesa de apoyo para la segunda vuelta.<\/p>\n\n\n\n<p>Otros tres partidos minoritarios se suman a la alianza \u201cRescate RD\u201d. Se trata del Bloque Institucional Social Dem\u00f3crata (Bis), el Partido Quisqueyano Dem\u00f3crata Cristiano (PQDC) y el Partido Democr\u00e1tico Institucional (PDI). Al bloque de oposici\u00f3n tambi\u00e9n se sum\u00f3 Opci\u00f3n Democr\u00e1tica, para los niveles congresual y municipal.<\/p>\n\n\n\n<p>El presidente y l\u00edder del PLD, Danilo Medina y el presidente y l\u00edder de la FP, Leonel Fern\u00e1ndez, ponderaron, por separado, el acuerdo electoral. El l\u00edder de la FP public\u00f3 un audiovisual en el que ponder\u00f3 el acuerdo. \u201cSuperar las diferencias y trabajar juntos para construir un mejor pa\u00eds, con m\u00e1s oportunidades constituye un hecho patri\u00f3tico. El momento requiere que estemos unidos, para impedir que los errores de la actual gesti\u00f3n signifiquen hasta perder el territorio dominicano\u201d, expuso.<\/p>\n\n\n\n<p>En tanto, el PLD en un comunicado de prensa dijo que Medina habl\u00f3 del tema en una asamblea de dirigentes y candidatos y que en ese contexto calific\u00f3 el acuerdo como \u201cun acto de buena fe\u201d.<br>\u201cSe lleg\u00f3 a un acuerdo porque se trata de una alianza de buena fe, en la que los firmantes han antepuesto el futuro del pa\u00eds a los intereses particulares o partidarios, reiterando las dificultades para arribar a lo acordado y las barreras que debieron superarse\u201d, establece el comunicado.<\/p>\n\n\n\n<p>Seg\u00fan la nota, Medina dijo a los presentes que los acuerdos se hacen para cumplirse y que el PLD garantiza el cumplimiento de lo acordado, aunque estar\u00e1n siempre promoviendo sus propuestas y candidaturas.<\/p>\n","protected":false},"excerpt":{"rendered":"<p>Santo Domingo.-La recientemente anunciada alianza denominada Rescate RD suscrita entre tres partidos mayoritarios de cuatro que tiene el sistema, el PRD, PLD y FP, es el acuerdo electoral m\u00e1s amplio&hellip;<\/p>\n","protected":false},"author":3,"featured_media":67141,"comment_status":"open","ping_status":"open","sticky":false,"template":"","format":"standard","meta":{"content-type":"","jetpack_post_was_ever_published":false,"_jetpack_newsletter_access":"","_jetpack_dont_email_post_to_subs":false,"_jetpack_newsletter_tier_id":0,"_jetpack_memberships_contains_paywalled_content":false,"_jetpack_memberships_contains_paid_content":false,"footnotes":""},"categories":[1],"tags":[6791],"class_list":["post-67140","post","type-post","status-publish","format-standard","has-post-thumbnail","hentry","category-sin-categoria","tag-rescate-rd"],"jetpack_featured_media_url":"https:\/\/lasprimeras.com.do\/wp-content\/uploads\/2023\/11\/valentin-16.jpg","jetpack-related-posts":[{"id":68859,"url":"https:\/\/lasprimeras.com.do\/index.php\/2023\/11\/28\/roberto-dice-que-la-alianza-rescate-rd-ha-sido-ampliada-en-el-nivel-senatorial\/","url_meta":{"origin":67140,"position":0},"title":"Roberto dice que la \u201cAlianza Rescate RD\u201d ha sido ampliada en el nivel senatorial","author":"Nelson Feliz","date":"28 de noviembre de 2023","format":false,"excerpt":"El coordinador del Sector Externo de la Fuerza del Pueblo (FP), Roberto Rosario, declar\u00f3 que han ampliado mucho m\u00e1s la \u201cAlianza Rescate RD\u201d que informar\u00e1n en los pr\u00f3ximos d\u00edas. El miembro de la direcci\u00f3n pol\u00edtica de la Fuerza del Pueblo, adelant\u00f3 que pueden llegar a 24 los acuerdos en las\u2026","rel":"","context":"En \u00abPORTADA\u00bb","block_context":{"text":"PORTADA","link":"https:\/\/lasprimeras.com.do\/index.php\/category\/portada\/"},"img":{"alt_text":"Roberto Rosario","src":"https:\/\/i0.wp.com\/lasprimeras.com.do\/wp-content\/uploads\/2023\/07\/Roberto-Rosario.jpg?resize=350%2C200&ssl=1","width":350,"height":200,"srcset":"https:\/\/i0.wp.com\/lasprimeras.com.do\/wp-content\/uploads\/2023\/07\/Roberto-Rosario.jpg?resize=350%2C200&ssl=1 1x, https:\/\/i0.wp.com\/lasprimeras.com.do\/wp-content\/uploads\/2023\/07\/Roberto-Rosario.jpg?resize=525%2C300&ssl=1 1.5x, https:\/\/i0.wp.com\/lasprimeras.com.do\/wp-content\/uploads\/2023\/07\/Roberto-Rosario.jpg?resize=700%2C400&ssl=1 2x"},"classes":[]},{"id":66550,"url":"https:\/\/lasprimeras.com.do\/index.php\/2023\/11\/07\/danilo-diaz-anunciara-acuerdos-arribados-de-la-alianza-electoral-rescate-rd\/","url_meta":{"origin":67140,"position":1},"title":"Danilo Diaz anunciara acuerdos arribados de la Alianza Electoral Rescate RD","author":"Nelson Feliz","date":"7 de noviembre de 2023","format":false,"excerpt":"El miembro del Comit\u00e9 Pol\u00edtico del Partido de la Liberaci\u00f3n Dominicana (PLD) Danilo D\u00edaz, confirm\u00f3 que en las pr\u00f3ximas horas se informar\u00e1 sobre los acuerdos arribados en la ampliaci\u00f3n del Pacto de Alianza Electoral Rescate RD, adelantando que el vocero seleccionado para hacer el anuncio oficial es el presidente del\u2026","rel":"","context":"En \u00abPORTADA\u00bb","block_context":{"text":"PORTADA","link":"https:\/\/lasprimeras.com.do\/index.php\/category\/portada\/"},"img":{"alt_text":"Danilo Diaz","src":"https:\/\/i0.wp.com\/lasprimeras.com.do\/wp-content\/uploads\/2023\/11\/Danilo-Diaz.jpg?resize=350%2C200&ssl=1","width":350,"height":200,"srcset":"https:\/\/i0.wp.com\/lasprimeras.com.do\/wp-content\/uploads\/2023\/11\/Danilo-Diaz.jpg?resize=350%2C200&ssl=1 1x, https:\/\/i0.wp.com\/lasprimeras.com.do\/wp-content\/uploads\/2023\/11\/Danilo-Diaz.jpg?resize=525%2C300&ssl=1 1.5x"},"classes":[]},{"id":58223,"url":"https:\/\/lasprimeras.com.do\/index.php\/2023\/08\/21\/pld-fp-prd-acuerdan-alianza-opositora-rescate-rd\/","url_meta":{"origin":67140,"position":2},"title":"PLD-FP-PRD acuerdan Alianza Opositora Rescate RD","author":"Nelson Feliz","date":"21 de agosto de 2023","format":false,"excerpt":"El Partido de la Liberaci\u00f3n Dominicana (PLD), la Fuerza del Pueblo (FP) y el Partido Revolucionario Dominicano (PRD) anunciaron un acuerdo para formar la Alianza Opositora Rescate RD. Las tres organizaciones pol\u00edticas anunciaron al pa\u00eds la presentaci\u00f3n de candidaturas comunes senatoriales en cuatro provincias: Barahona, Hato Mayor, Hermanas Mirabal y\u2026","rel":"","context":"En \u00abPORTADA\u00bb","block_context":{"text":"PORTADA","link":"https:\/\/lasprimeras.com.do\/index.php\/category\/portada\/"},"img":{"alt_text":"Alianza","src":"https:\/\/i0.wp.com\/lasprimeras.com.do\/wp-content\/uploads\/2023\/08\/Alianza.jpg?resize=350%2C200&ssl=1","width":350,"height":200,"srcset":"https:\/\/i0.wp.com\/lasprimeras.com.do\/wp-content\/uploads\/2023\/08\/Alianza.jpg?resize=350%2C200&ssl=1 1x, https:\/\/i0.wp.com\/lasprimeras.com.do\/wp-content\/uploads\/2023\/08\/Alianza.jpg?resize=525%2C300&ssl=1 1.5x, https:\/\/i0.wp.com\/lasprimeras.com.do\/wp-content\/uploads\/2023\/08\/Alianza.jpg?resize=700%2C400&ssl=1 2x"},"classes":[]},{"id":58862,"url":"https:\/\/lasprimeras.com.do\/index.php\/2023\/08\/28\/alianza-opositora-rescate-rd-genera-preocupacion-en-el-gobierno-y-el-prm\/","url_meta":{"origin":67140,"position":3},"title":"Alianza Opositora Rescate RD genera preocupaci\u00f3n en el Gobierno y el PRM","author":"Nelson Feliz","date":"28 de agosto de 2023","format":false,"excerpt":"Charles Mariotti sugiere al Pleno de la JCE reunirse con los partidos para reforzar su condici\u00f3n de \u00e1rbitro imparcial en el proceso comicial. El secretario general del Partido de la Liberaci\u00f3n Dominicana, Charles Mariotti, reclam\u00f3 de la Junta Central Electoral reunirse con la dirigencia de los partidos pol\u00edticos para ponerse\u2026","rel":"","context":"En \u00abPORTADA\u00bb","block_context":{"text":"PORTADA","link":"https:\/\/lasprimeras.com.do\/index.php\/category\/portada\/"},"img":{"alt_text":"Charles Mariotti","src":"https:\/\/i0.wp.com\/lasprimeras.com.do\/wp-content\/uploads\/2023\/08\/Charles-Mariotti.jpg?resize=350%2C200&ssl=1","width":350,"height":200,"srcset":"https:\/\/i0.wp.com\/lasprimeras.com.do\/wp-content\/uploads\/2023\/08\/Charles-Mariotti.jpg?resize=350%2C200&ssl=1 1x, https:\/\/i0.wp.com\/lasprimeras.com.do\/wp-content\/uploads\/2023\/08\/Charles-Mariotti.jpg?resize=525%2C300&ssl=1 1.5x, https:\/\/i0.wp.com\/lasprimeras.com.do\/wp-content\/uploads\/2023\/08\/Charles-Mariotti.jpg?resize=700%2C400&ssl=1 2x"},"classes":[]},{"id":66825,"url":"https:\/\/lasprimeras.com.do\/index.php\/2023\/11\/10\/anuncio-de-ampliacion-de-alianza-rescate-rd-se-hara-manana-a-las-1100-de-la-manana\/","url_meta":{"origin":67140,"position":4},"title":"Anuncio de ampliaci\u00f3n de Alianza Rescate RD se har\u00e1 ma\u00f1ana a las 11:00 de la ma\u00f1ana","author":"BIMARY DE JES\u00daS Matos","date":"10 de noviembre de 2023","format":false,"excerpt":"Santo Domingo.-El anuncio de ampliaci\u00f3n de la \u00abAlianza Rescate RD\u00bb, conformada por los partidos de la Liberaci\u00f3n Dominicana (PLD), Revolucionario Dominicano (PRD) y Fuerza del Pueblo (FP) se realizar\u00e1 ma\u00f1ana a las 11:00 de la ma\u00f1ana. Un comunicado de prensa se\u00f1ala que la sub Comisi\u00f3n de Negociaci\u00f3n de la Comisi\u00f3n\u2026","rel":"","context":"En \u00abSin categor\u00eda\u00bb","block_context":{"text":"Sin categor\u00eda","link":"https:\/\/lasprimeras.com.do\/index.php\/category\/sin-categoria\/"},"img":{"alt_text":"","src":"https:\/\/i0.wp.com\/lasprimeras.com.do\/wp-content\/uploads\/2023\/11\/WhatsApp-Image-2023-11-09-at-9.16.24-PM-2.jpeg?resize=350%2C200&ssl=1","width":350,"height":200,"srcset":"https:\/\/i0.wp.com\/lasprimeras.com.do\/wp-content\/uploads\/2023\/11\/WhatsApp-Image-2023-11-09-at-9.16.24-PM-2.jpeg?resize=350%2C200&ssl=1 1x, https:\/\/i0.wp.com\/lasprimeras.com.do\/wp-content\/uploads\/2023\/11\/WhatsApp-Image-2023-11-09-at-9.16.24-PM-2.jpeg?resize=525%2C300&ssl=1 1.5x"},"classes":[]},{"id":66927,"url":"https:\/\/lasprimeras.com.do\/index.php\/2023\/11\/10\/alcalde-carlos-guzman-encabezara-boletas-fp-pld-y-prd-en-sdn\/","url_meta":{"origin":67140,"position":5},"title":"Alcalde Carlos Guzm\u00e1n encabezar\u00e1 boletas FP, PLD y PRD en SDN","author":"Nelson Feliz","date":"10 de noviembre de 2023","format":false,"excerpt":"El alcalde m\u00e1s destacado del a\u00f1o 2023 cuenta con m\u00e1s de 80% de aceptaci\u00f3n electoral y 85% de valoraci\u00f3n municipal. Por Martin Restituyo El alcalde de Santo Domingo Norte (SDN), Carlos Guzm\u00e1n, encabezar\u00e1 oficialmente las boletas de los partidos Fuerza del Pueblo (FP), de la Liberaci\u00f3n Dominicana (PLD) y Revolucionario\u2026","rel":"","context":"En \u00abPORTADA\u00bb","block_context":{"text":"PORTADA","link":"https:\/\/lasprimeras.com.do\/index.php\/category\/portada\/"},"img":{"alt_text":"Carlos Guzman","src":"https:\/\/i0.wp.com\/lasprimeras.com.do\/wp-content\/uploads\/2023\/11\/Carlos-Guzman.jpg?resize=350%2C200&ssl=1","width":350,"height":200,"srcset":"https:\/\/i0.wp.com\/lasprimeras.com.do\/wp-content\/uploads\/2023\/11\/Carlos-Guzman.jpg?resize=350%2C200&ssl=1 1x, https:\/\/i0.wp.com\/lasprimeras.com.do\/wp-content\/uploads\/2023\/11\/Carlos-Guzman.jpg?resize=525%2C300&ssl=1 1.5x"},"classes":[]}],"jetpack_sharing_enabled":true,"_links":{"self":[{"href":"https:\/\/lasprimeras.com.do\/index.php\/wp-json\/wp\/v2\/posts\/67140","targetHints":{"allow":["GET"]}}],"collection":[{"href":"https:\/\/lasprimeras.com.do\/index.php\/wp-json\/wp\/v2\/posts"}],"about":[{"href":"https:\/\/lasprimeras.com.do\/index.php\/wp-json\/wp\/v2\/types\/post"}],"author":[{"embeddable":true,"href":"https:\/\/lasprimeras.com.do\/index.php\/wp-json\/wp\/v2\/users\/3"}],"replies":[{"embeddable":true,"href":"https:\/\/lasprimeras.com.do\/index.php\/wp-json\/wp\/v2\/comments?post=67140"}],"version-history":[{"count":1,"href":"https:\/\/lasprimeras.com.do\/index.php\/wp-json\/wp\/v2\/posts\/67140\/revisions"}],"predecessor-version":[{"id":67142,"href":"https:\/\/lasprimeras.com.do\/index.php\/wp-json\/wp\/v2\/posts\/67140\/revisions\/67142"}],"wp:featuredmedia":[{"embeddable":true,"href":"https:\/\/lasprimeras.com.do\/index.php\/wp-json\/wp\/v2\/media\/67141"}],"wp:attachment":[{"href":"https:\/\/lasprimeras.com.do\/index.php\/wp-json\/wp\/v2\/media?parent=67140"}],"wp:term":[{"taxonomy":"category","embeddable":true,"href":"https:\/\/lasprimeras.com.do\/index.php\/wp-json\/wp\/v2\/categories?post=67140"},{"taxonomy":"post_tag","embeddable":true,"href":"https:\/\/lasprimeras.com.do\/index.php\/wp-json\/wp\/v2\/tags?post=67140"}],"curies":[{"name":"wp","href":"https:\/\/api.w.org\/{rel}","templated":true}]}}