{"id":67146,"date":"2023-11-13T14:33:25","date_gmt":"2023-11-13T18:33:25","guid":{"rendered":"https:\/\/lasprimeras.com.do\/?p=67146"},"modified":"2023-11-13T14:33:27","modified_gmt":"2023-11-13T18:33:27","slug":"el-kremlin-mantiene-la-incertidumbre-sobre-los-planes-de-reeleccion-de-putin","status":"publish","type":"post","link":"https:\/\/lasprimeras.com.do\/index.php\/2023\/11\/13\/el-kremlin-mantiene-la-incertidumbre-sobre-los-planes-de-reeleccion-de-putin\/","title":{"rendered":"El Kremlin mantiene la incertidumbre sobre los planes de reelecci\u00f3n de Putin"},"content":{"rendered":"\n<p>Mosc\u00fa.- El Kremlin mantuvo hoy la incertidumbre sobre los planes de reelecci\u00f3n del presidente ruso, Vlad\u00edmir Putin, al que la nueva Constituci\u00f3n permite ejercer otros dos mandatos de seis a\u00f1os cada uno, hasta 2036.<\/p>\n\n\n\n<p>\u00abEst\u00e1 claro que el momento del anuncio de las elecciones se acerca, pero por ahora no ha habido una decisi\u00f3n. En cuanto la haya, les informaremos\u00bb, dijo Dmitri Peskov, portavoz presidencial, en su rueda de prensa telef\u00f3nica diaria.<\/p>\n\n\n\n<p>Eso s\u00ed, confirm\u00f3 que este mi\u00e9rcoles Putin celebrar\u00e1 su primer acto preelectoral al reunirse con los representantes de los \u00f3rganos electorales rusos, ya que la Comisi\u00f3n Electoral Central (CEC) cumple 30 a\u00f1os.<\/p>\n\n\n\n<p>Mientras, el diario \u00abKommersant\u00bb informaba el lunes que el Kremlin baraja ya las personalidades que integrar\u00e1n el grupo de apoyo a la candidatura de Putin, que seguramente concurrir\u00e1 como independiente, aunque el partido del Kremlin, Rusia Unida, le apoyar\u00e1 p\u00fablicamente en su congreso federal el 17 de diciembre.<\/p>\n\n\n\n<p>En esa lista figuran el cineasta y propagandista Nikita Mijalkov; el m\u00e9dico Leonid Roshal y el cantante Sham\u00e1n, la voz de la campa\u00f1a militar rusa en Ucrania, que tendr\u00e1n que someterse a ex\u00e1menes sociol\u00f3gicos.<\/p>\n\n\n\n<p>Adem\u00e1s, tambi\u00e9n podr\u00edan entrar la primera cosmonauta de la historia, Valentina Tereshkova, quien propuso en 2020 reformar la Constituci\u00f3n para perpetuar en el poder a Putin, y figuras vinculadas estrechamente con la guerra en Ucrania.<\/p>\n\n\n\n<p>El Senado anunciar\u00e1 oficialmente el pr\u00f3ximo 13 de diciembre la fecha de las elecciones, seg\u00fan inform\u00f3 el lunes una fuente parlamentaria a la agencia oficial RIA N\u00f3vosti.<\/p>\n\n\n\n<p>La fuente precis\u00f3 que las presidenciales se celebrar\u00e1n previsiblemente \u00abel 17 de marzo de 2024\u00bb.<\/p>\n\n\n\n<p>Seg\u00fan la legislaci\u00f3n vigente, dicha decisi\u00f3n no se puede tomar m\u00e1s tarde de 90 d\u00edas y no antes de 100 d\u00edas de la jornada electoral.<\/p>\n\n\n\n<p>En su momento, la prensa independiente inform\u00f3 de que Putin, de 71 a\u00f1os, concurrir\u00e1 a las elecciones contra candidatos de m\u00e1s de 50 a\u00f1os de tres partidos con representaci\u00f3n parlamentaria: los comunistas, los nacionalistas y la formaci\u00f3n de nuevo creaci\u00f3n Nueva Gente.<\/p>\n","protected":false},"excerpt":{"rendered":"<p>Mosc\u00fa.- El Kremlin mantuvo hoy la incertidumbre sobre los planes de reelecci\u00f3n del presidente ruso, Vlad\u00edmir Putin, al que la nueva Constituci\u00f3n permite ejercer otros dos mandatos de seis a\u00f1os&hellip;<\/p>\n","protected":false},"author":3,"featured_media":67147,"comment_status":"open","ping_status":"open","sticky":false,"template":"","format":"standard","meta":{"content-type":"","jetpack_post_was_ever_published":false,"_jetpack_newsletter_access":"","_jetpack_dont_email_post_to_subs":false,"_jetpack_newsletter_tier_id":0,"_jetpack_memberships_contains_paywalled_content":false,"_jetpack_memberships_contains_paid_content":false,"footnotes":""},"categories":[1],"tags":[6611],"class_list":["post-67146","post","type-post","status-publish","format-standard","has-post-thumbnail","hentry","category-sin-categoria","tag-kremlin"],"jetpack_featured_media_url":"https:\/\/lasprimeras.com.do\/wp-content\/uploads\/2023\/11\/valentin-18.jpg","jetpack-related-posts":[{"id":78609,"url":"https:\/\/lasprimeras.com.do\/index.php\/2024\/03\/18\/putin-seguira-en-el-kremlin-hasta-2030-tras-lograr-un-historico-875-de-los-votos\/","url_meta":{"origin":67146,"position":0},"title":"Putin seguir\u00e1 en el Kremlin hasta 2030 tras lograr un hist\u00f3rico 87,5 % de los votos","author":"BIMARY DE JES\u00daS Matos","date":"18 de marzo de 2024","format":false,"excerpt":"Mosc\u00fa.- El presidente ruso, Vlad\u00edmir Putin, seguir\u00e1 en el Kremlin hasta 2030 tras lograr el 87,5 % de los votos seg\u00fan el escrutinio del 32 % de los sufragios, inform\u00f3 la Comisi\u00f3n Electoral Central (CEC) al t\u00e9rmino de los tres d\u00edas de votaci\u00f3n. Putin, de 71 a\u00f1os, logr\u00f3 su mayor\u2026","rel":"","context":"En \u00abSin categor\u00eda\u00bb","block_context":{"text":"Sin categor\u00eda","link":"https:\/\/lasprimeras.com.do\/index.php\/category\/sin-categoria\/"},"img":{"alt_text":"","src":"","width":0,"height":0},"classes":[]},{"id":64986,"url":"https:\/\/lasprimeras.com.do\/index.php\/2023\/10\/25\/rusia-el-kremlin-desmiente-que-el-presidente-putin-este-enfermo\/","url_meta":{"origin":67146,"position":1},"title":"RUSIA: El Kremlin desmiente que el Presidente Putin est\u00e9 enfermo","author":"BIMARY DE JES\u00daS Matos","date":"25 de octubre de 2023","format":false,"excerpt":"MOSCU.- El Kremlin desminti\u00f3 que el presidente de Rusia, Vladimir Putin, est\u00e9 enfermo y dijo que todos los rumores sobre su mal estado de salud son \u00abbulos\u00bb, al igual que las informaciones de que utiliza dobles. \u00abTodo est\u00e1 bien con \u00e9l, esto es absolutamente otra farsa\u00bb, dijo el portavoz de\u2026","rel":"","context":"En \u00abSin categor\u00eda\u00bb","block_context":{"text":"Sin categor\u00eda","link":"https:\/\/lasprimeras.com.do\/index.php\/category\/sin-categoria\/"},"img":{"alt_text":"","src":"","width":0,"height":0},"classes":[]},{"id":94767,"url":"https:\/\/lasprimeras.com.do\/index.php\/2025\/03\/05\/el-kremlin-afirma-que-una-ley-ucraniana-de-2022-prohibe-a-zelenski-conversar-con-putin\/","url_meta":{"origin":67146,"position":2},"title":"El Kremlin afirma que una ley ucraniana de 2022 proh\u00edbe a Zelenski conversar con Putin","author":"Nelson Feliz","date":"5 de marzo de 2025","format":false,"excerpt":"Por LA PRENSA ASOCIADA Un decreto ucraniano de 2022 que descarta las negociaciones con el presidente ruso, Vladimir Putin, plantea la cuesti\u00f3n de qui\u00e9n podr\u00eda sentarse a la mesa en posibles conversaciones de paz destinadas a poner fin a su guerra de tres a\u00f1os , dijo el mi\u00e9rcoles el portavoz\u2026","rel":"","context":"En \u00abINTERNACIONALES\u00bb","block_context":{"text":"INTERNACIONALES","link":"https:\/\/lasprimeras.com.do\/index.php\/category\/sin-categoria\/internacionales\/"},"img":{"alt_text":"","src":"https:\/\/i0.wp.com\/lasprimeras.com.do\/wp-content\/uploads\/2025\/03\/decreto-ucraniano.png?resize=350%2C200&ssl=1","width":350,"height":200,"srcset":"https:\/\/i0.wp.com\/lasprimeras.com.do\/wp-content\/uploads\/2025\/03\/decreto-ucraniano.png?resize=350%2C200&ssl=1 1x, https:\/\/i0.wp.com\/lasprimeras.com.do\/wp-content\/uploads\/2025\/03\/decreto-ucraniano.png?resize=525%2C300&ssl=1 1.5x, https:\/\/i0.wp.com\/lasprimeras.com.do\/wp-content\/uploads\/2025\/03\/decreto-ucraniano.png?resize=700%2C400&ssl=1 2x"},"classes":[]},{"id":48764,"url":"https:\/\/lasprimeras.com.do\/index.php\/2023\/05\/03\/venezuela-condena-el-intento-de-magnicidio-contra-putin\/","url_meta":{"origin":67146,"position":3},"title":"Venezuela condena el intento de magnicidio contra Putin","author":"prenxa100","date":"3 de mayo de 2023","format":false,"excerpt":"La noche del martes al mi\u00e9rcoles, Ucrania intent\u00f3 atacar el Kremlin con dos drones. Nadie result\u00f3 herido. Caracas, RT.-. El presidente de Venezuela, Nicol\u00e1s Maduro, expres\u00f3 \"su total condena al intento de magnicidio\" que se llev\u00f3 a cabo contra el presidente de Rusia, Vlad\u00edmir Putin, reza un comunicado de la\u2026","rel":"","context":"En \u00abSin categor\u00eda\u00bb","block_context":{"text":"Sin categor\u00eda","link":"https:\/\/lasprimeras.com.do\/index.php\/category\/sin-categoria\/"},"img":{"alt_text":"","src":"","width":0,"height":0},"classes":[]},{"id":70145,"url":"https:\/\/lasprimeras.com.do\/index.php\/2023\/12\/08\/rusia-vladimir-putin-anuncia-que-se-postulara-para-la-reeleccion\/","url_meta":{"origin":67146,"position":4},"title":"RUSIA: Vlad\u00edmir Putin anuncia que se postular\u00e1 para la reelecci\u00f3n","author":"BIMARY DE JES\u00daS Matos","date":"8 de diciembre de 2023","format":false,"excerpt":"MOSCU.- El presidente de Rusia, Vlad\u00edmir Putin, anunci\u00f3 este viernes que ha decidido volver a postularse para la reelecci\u00f3n en los pr\u00f3ximos comicios de 2024, aspirando a seguir ejerciendo las funciones de jefe de Estado. El mandatario ruso mencion\u00f3 sus planes durante una ceremonia celebrada en el Kremlin, al responder\u2026","rel":"","context":"En \u00abSin categor\u00eda\u00bb","block_context":{"text":"Sin categor\u00eda","link":"https:\/\/lasprimeras.com.do\/index.php\/category\/sin-categoria\/"},"img":{"alt_text":"","src":"https:\/\/i0.wp.com\/lasprimeras.com.do\/wp-content\/uploads\/2023\/12\/WhatsApp-Image-2023-12-01-at-1.47.05-PM.webp?resize=350%2C200&ssl=1","width":350,"height":200,"srcset":"https:\/\/i0.wp.com\/lasprimeras.com.do\/wp-content\/uploads\/2023\/12\/WhatsApp-Image-2023-12-01-at-1.47.05-PM.webp?resize=350%2C200&ssl=1 1x, https:\/\/i0.wp.com\/lasprimeras.com.do\/wp-content\/uploads\/2023\/12\/WhatsApp-Image-2023-12-01-at-1.47.05-PM.webp?resize=525%2C300&ssl=1 1.5x, https:\/\/i0.wp.com\/lasprimeras.com.do\/wp-content\/uploads\/2023\/12\/WhatsApp-Image-2023-12-01-at-1.47.05-PM.webp?resize=700%2C400&ssl=1 2x, https:\/\/i0.wp.com\/lasprimeras.com.do\/wp-content\/uploads\/2023\/12\/WhatsApp-Image-2023-12-01-at-1.47.05-PM.webp?resize=1050%2C600&ssl=1 3x"},"classes":[]},{"id":53239,"url":"https:\/\/lasprimeras.com.do\/index.php\/2023\/06\/24\/el-kremlin-revela-las-condiciones-del-acuerdo-con-el-grupo-wagner\/","url_meta":{"origin":67146,"position":5},"title":"El Kremlin revela las condiciones del acuerdo con el grupo Wagner","author":"Nelson Feliz","date":"24 de junio de 2023","format":false,"excerpt":"El l\u00edder del grupo militar privado acept\u00f3 este s\u00e1bado la propuesta mediada por el presidente bielorruso y fren\u00f3 el avance de sus fuerzas. El acuerdo entre Mosc\u00fa y la compa\u00f1\u00eda militar privada Wagner que se logr\u00f3 este s\u00e1bado por mediaci\u00f3n del presidente bielorruso Alex\u00e1nder Lukashenko estipula el fin de las\u2026","rel":"","context":"En \u00abSin categor\u00eda\u00bb","block_context":{"text":"Sin categor\u00eda","link":"https:\/\/lasprimeras.com.do\/index.php\/category\/sin-categoria\/"},"img":{"alt_text":"Controles de seguridad en una autopista de Mosc\u00fa, el 24 de junio de 2023.","src":"https:\/\/i0.wp.com\/lasprimeras.com.do\/wp-content\/uploads\/2023\/06\/Controles-de-seguridad.jpg?resize=350%2C200&ssl=1","width":350,"height":200,"srcset":"https:\/\/i0.wp.com\/lasprimeras.com.do\/wp-content\/uploads\/2023\/06\/Controles-de-seguridad.jpg?resize=350%2C200&ssl=1 1x, https:\/\/i0.wp.com\/lasprimeras.com.do\/wp-content\/uploads\/2023\/06\/Controles-de-seguridad.jpg?resize=525%2C300&ssl=1 1.5x, https:\/\/i0.wp.com\/lasprimeras.com.do\/wp-content\/uploads\/2023\/06\/Controles-de-seguridad.jpg?resize=700%2C400&ssl=1 2x"},"classes":[]}],"jetpack_sharing_enabled":true,"_links":{"self":[{"href":"https:\/\/lasprimeras.com.do\/index.php\/wp-json\/wp\/v2\/posts\/67146","targetHints":{"allow":["GET"]}}],"collection":[{"href":"https:\/\/lasprimeras.com.do\/index.php\/wp-json\/wp\/v2\/posts"}],"about":[{"href":"https:\/\/lasprimeras.com.do\/index.php\/wp-json\/wp\/v2\/types\/post"}],"author":[{"embeddable":true,"href":"https:\/\/lasprimeras.com.do\/index.php\/wp-json\/wp\/v2\/users\/3"}],"replies":[{"embeddable":true,"href":"https:\/\/lasprimeras.com.do\/index.php\/wp-json\/wp\/v2\/comments?post=67146"}],"version-history":[{"count":1,"href":"https:\/\/lasprimeras.com.do\/index.php\/wp-json\/wp\/v2\/posts\/67146\/revisions"}],"predecessor-version":[{"id":67148,"href":"https:\/\/lasprimeras.com.do\/index.php\/wp-json\/wp\/v2\/posts\/67146\/revisions\/67148"}],"wp:featuredmedia":[{"embeddable":true,"href":"https:\/\/lasprimeras.com.do\/index.php\/wp-json\/wp\/v2\/media\/67147"}],"wp:attachment":[{"href":"https:\/\/lasprimeras.com.do\/index.php\/wp-json\/wp\/v2\/media?parent=67146"}],"wp:term":[{"taxonomy":"category","embeddable":true,"href":"https:\/\/lasprimeras.com.do\/index.php\/wp-json\/wp\/v2\/categories?post=67146"},{"taxonomy":"post_tag","embeddable":true,"href":"https:\/\/lasprimeras.com.do\/index.php\/wp-json\/wp\/v2\/tags?post=67146"}],"curies":[{"name":"wp","href":"https:\/\/api.w.org\/{rel}","templated":true}]}}