{"id":67152,"date":"2023-11-13T14:37:00","date_gmt":"2023-11-13T18:37:00","guid":{"rendered":"https:\/\/lasprimeras.com.do\/?p=67152"},"modified":"2023-11-13T14:37:01","modified_gmt":"2023-11-13T18:37:01","slug":"compiten-24-equipos-en-el-torneo-de-voleibol-juvenil-2023-del-dn","status":"publish","type":"post","link":"https:\/\/lasprimeras.com.do\/index.php\/2023\/11\/13\/compiten-24-equipos-en-el-torneo-de-voleibol-juvenil-2023-del-dn\/","title":{"rendered":"Compiten 24 equipos en el torneo de voleibol juvenil 2023 del DN"},"content":{"rendered":"\n<p>SANTO DOMINGO.\u2013 La Asociaci\u00f3n de Voleibol del Distrito Nacional (Asovodina) dio inicio este fin de semana a su tradicional torneo juvenil.<\/p>\n\n\n\n<p>En la justa que se realiza en las canchas del pabell\u00f3n de voleibol del Centro Ol\u00edmpico Juan Pablo Duarte compiten 24 equipos en la rama femenina y 7 en la masculina.<\/p>\n\n\n\n<p>El presidente de la Asovodina, \u00c1ngel Rivas, valor\u00f3 el inter\u00e9s puesto por la juventud dominicana en la pr\u00e1ctica del voleibol.<\/p>\n\n\n\n<p>\u201cNos alegra tener tantos j\u00f3venes y les agradecemos que se mantengan con el inter\u00e9s de seguir fomentando y practicando el voleibol\u201d, expres\u00f3 Rivas durante la apertura del torneo que se realizar\u00e1 durante todo este mes.<\/p>\n\n\n\n<p>Exhort\u00f3 a que no desmayen en perseguir sus sue\u00f1os y convertirse en el ma\u00f1ana en dignos representantes del pa\u00eds.<\/p>\n\n\n\n<p>De su lado, Alexis Garc\u00eda, presidente de la Federaci\u00f3n Dominicana de Voleibol (Fedovoli), valor\u00f3 el esfuerzo realizado por la Asovodina para seguir masificando la pr\u00e1ctica de voleibol.<br>Entre los equipos participantes est\u00e1n: Varias Luces, Los Cachorros de Cristo Rey, New Horizons, Naco, Mauricio B\u00e1ez, San Pedro, club Ricardo Arias, Reales del Caliche, entre otros.<\/p>\n","protected":false},"excerpt":{"rendered":"<p>SANTO DOMINGO.\u2013 La Asociaci\u00f3n de Voleibol del Distrito Nacional (Asovodina) dio inicio este fin de semana a su tradicional torneo juvenil. En la justa que se realiza en las canchas&hellip;<\/p>\n","protected":false},"author":3,"featured_media":67153,"comment_status":"open","ping_status":"open","sticky":false,"template":"","format":"standard","meta":{"content-type":"","jetpack_post_was_ever_published":false,"_jetpack_newsletter_access":"","_jetpack_dont_email_post_to_subs":false,"_jetpack_newsletter_tier_id":0,"_jetpack_memberships_contains_paywalled_content":false,"_jetpack_memberships_contains_paid_content":false,"footnotes":""},"categories":[1],"tags":[2162],"class_list":["post-67152","post","type-post","status-publish","format-standard","has-post-thumbnail","hentry","category-sin-categoria","tag-dn"],"jetpack_featured_media_url":"https:\/\/lasprimeras.com.do\/wp-content\/uploads\/2023\/11\/valentin-11-1.jpg","jetpack-related-posts":[{"id":103595,"url":"https:\/\/lasprimeras.com.do\/index.php\/2025\/07\/16\/inauguran-4ta-edicion-torneo-voleibol-los-alcarrizos-2025\/","url_meta":{"origin":67152,"position":0},"title":"Inauguran 4ta edici\u00f3n Torneo Voleibol Los Alcarrizos 2025","author":"Nelson Feliz","date":"16 de julio de 2025","format":false,"excerpt":"M\u00e1s de 700 atletas se dieron cita al acto inaugural de la 4ta versi\u00f3n del Torneo Internacional de Voleibol Los Alcarrizos (TIVA), dedicado Jacinto Campechano, una gloria de esa disciplina deportiva en el pa\u00eds, en el multiuso de este municipio. En el certamen participan 60 equipos, cuatro de ellos de\u2026","rel":"","context":"En \u00abDEPORTES\u00bb","block_context":{"text":"DEPORTES","link":"https:\/\/lasprimeras.com.do\/index.php\/category\/deportes\/"},"img":{"alt_text":"","src":"https:\/\/i0.wp.com\/lasprimeras.com.do\/wp-content\/uploads\/2025\/07\/dosss.jpg?resize=350%2C200&ssl=1","width":350,"height":200,"srcset":"https:\/\/i0.wp.com\/lasprimeras.com.do\/wp-content\/uploads\/2025\/07\/dosss.jpg?resize=350%2C200&ssl=1 1x, https:\/\/i0.wp.com\/lasprimeras.com.do\/wp-content\/uploads\/2025\/07\/dosss.jpg?resize=525%2C300&ssl=1 1.5x, https:\/\/i0.wp.com\/lasprimeras.com.do\/wp-content\/uploads\/2025\/07\/dosss.jpg?resize=700%2C400&ssl=1 2x"},"classes":[]},{"id":68103,"url":"https:\/\/lasprimeras.com.do\/index.php\/2023\/11\/21\/rd-debuta-este-martes-ante-costa-rica-torneo-voleibol-norceca-u-17\/","url_meta":{"origin":67152,"position":1},"title":"RD debuta este martes ante Costa Rica torneo voleibol Norceca U-17","author":"BIMARY DE JES\u00daS Matos","date":"21 de noviembre de 2023","format":false,"excerpt":"SANTO DOMINGO.- La Selecci\u00f3n Nacional U-17 de Voleibol Femenino de Rep\u00fablica Dominicana, debutar\u00e1 este martes ante Costa Rica, en la primera edici\u00f3n del Campeonato Continental Norceca U-17. El partido est\u00e1 programado para las 2:00 de la tarde, (4:00 de la tarde hora dominicana) en el Gimnasio Jorge Galeano, en Tegucigalpa,\u2026","rel":"","context":"En \u00abSin categor\u00eda\u00bb","block_context":{"text":"Sin categor\u00eda","link":"https:\/\/lasprimeras.com.do\/index.php\/category\/sin-categoria\/"},"img":{"alt_text":"","src":"https:\/\/i0.wp.com\/lasprimeras.com.do\/wp-content\/uploads\/2023\/11\/Noticias-de-energia-6-6.jpg?resize=350%2C200&ssl=1","width":350,"height":200,"srcset":"https:\/\/i0.wp.com\/lasprimeras.com.do\/wp-content\/uploads\/2023\/11\/Noticias-de-energia-6-6.jpg?resize=350%2C200&ssl=1 1x, https:\/\/i0.wp.com\/lasprimeras.com.do\/wp-content\/uploads\/2023\/11\/Noticias-de-energia-6-6.jpg?resize=525%2C300&ssl=1 1.5x"},"classes":[]},{"id":90670,"url":"https:\/\/lasprimeras.com.do\/index.php\/2024\/10\/26\/alcaldia-de-santiago-dara-inicio-este-domingo-al-torneo-de-voleibol-u18\/","url_meta":{"origin":67152,"position":2},"title":"Alcald\u00eda de Santiago dar\u00e1 inicio este domingo al Torneo de Voleibol U18","author":"Nelson Feliz","date":"26 de octubre de 2024","format":false,"excerpt":"Con la participaci\u00f3n de ocho equipos y decenas de atletas, est\u00e1 previsto para este domingo 27 de este mes el Torneo de Voleibol Femenino U-18, en opci\u00f3n a la Gran Copa Alcald\u00eda de Santiago, teniendo como escenario el Club Mambuiche en Gurabo. El evento, organizado por la Direcci\u00f3n de Deportes\u2026","rel":"","context":"En \u00abSin categor\u00eda\u00bb","block_context":{"text":"Sin categor\u00eda","link":"https:\/\/lasprimeras.com.do\/index.php\/category\/sin-categoria\/"},"img":{"alt_text":"Torneo de Voleibol U18","src":"https:\/\/i0.wp.com\/lasprimeras.com.do\/wp-content\/uploads\/2024\/10\/Torneo-de-Voleibol-U18.jpg?resize=350%2C200&ssl=1","width":350,"height":200,"srcset":"https:\/\/i0.wp.com\/lasprimeras.com.do\/wp-content\/uploads\/2024\/10\/Torneo-de-Voleibol-U18.jpg?resize=350%2C200&ssl=1 1x, https:\/\/i0.wp.com\/lasprimeras.com.do\/wp-content\/uploads\/2024\/10\/Torneo-de-Voleibol-U18.jpg?resize=525%2C300&ssl=1 1.5x, https:\/\/i0.wp.com\/lasprimeras.com.do\/wp-content\/uploads\/2024\/10\/Torneo-de-Voleibol-U18.jpg?resize=700%2C400&ssl=1 2x"},"classes":[]},{"id":62127,"url":"https:\/\/lasprimeras.com.do\/index.php\/2023\/10\/03\/luis-abinader-ordena-centro-de-alto-rendimiento-para-voleibol\/","url_meta":{"origin":67152,"position":3},"title":"Luis Abinader ordena Centro de Alto Rendimiento para Voleibol","author":"BIMARY DE JES\u00daS Matos","date":"3 de octubre de 2023","format":false,"excerpt":"SANTO DOMINGO.- El presidente Luis Abinader recibi\u00f3 en el Palacio Nacional a las Reinas del Caribe, las que han logrado grandes lauros para la Rep\u00fablica Dominicana, incluida varias medallas de oro y su cuarta clasificaci\u00f3n a los Juegos Ol\u00edmpicos. El jefe del Estado, al finalizar el acto, se dirigi\u00f3 al\u2026","rel":"","context":"En \u00abSin categor\u00eda\u00bb","block_context":{"text":"Sin categor\u00eda","link":"https:\/\/lasprimeras.com.do\/index.php\/category\/sin-categoria\/"},"img":{"alt_text":"","src":"https:\/\/i0.wp.com\/lasprimeras.com.do\/wp-content\/uploads\/2023\/10\/WhatsApp-Image-2023-10-02-at-6.21.27-PM-7.jpeg?resize=350%2C200&ssl=1","width":350,"height":200,"srcset":"https:\/\/i0.wp.com\/lasprimeras.com.do\/wp-content\/uploads\/2023\/10\/WhatsApp-Image-2023-10-02-at-6.21.27-PM-7.jpeg?resize=350%2C200&ssl=1 1x, https:\/\/i0.wp.com\/lasprimeras.com.do\/wp-content\/uploads\/2023\/10\/WhatsApp-Image-2023-10-02-at-6.21.27-PM-7.jpeg?resize=525%2C300&ssl=1 1.5x"},"classes":[]},{"id":63107,"url":"https:\/\/lasprimeras.com.do\/index.php\/2023\/10\/10\/torneo-de-voleibol-superior-de-sc-evocarr-inicia-el-14-de-octubre\/","url_meta":{"origin":67152,"position":4},"title":"Torneo de Voleibol Superior de SC EVOCARR inicia el 14 de octubre","author":"BIMARY DE JES\u00daS Matos","date":"10 de octubre de 2023","format":false,"excerpt":"SAN CRIST\u00d3BAL.- Dedicada a Carolina Mej\u00eda, alcaldesa del Distrito Nacional y secretaria general del gobernante Partido Revolucionario Moderno (PRM) inicia este s\u00e1bado 14 de octubre en el Polideportivo de San Crist\u00f3bal, la Copa EGEHID correspondiente al XVI Torneo de Voleibol Superior con Refuerzas de la Escuela de Voleibol Carlos Ruiz\u2026","rel":"","context":"En \u00abSin categor\u00eda\u00bb","block_context":{"text":"Sin categor\u00eda","link":"https:\/\/lasprimeras.com.do\/index.php\/category\/sin-categoria\/"},"img":{"alt_text":"","src":"https:\/\/i0.wp.com\/lasprimeras.com.do\/wp-content\/uploads\/2023\/10\/WhatsApp-Image-2023-10-09-at-6.14.13-PM-2-3.jpeg?resize=350%2C200&ssl=1","width":350,"height":200,"srcset":"https:\/\/i0.wp.com\/lasprimeras.com.do\/wp-content\/uploads\/2023\/10\/WhatsApp-Image-2023-10-09-at-6.14.13-PM-2-3.jpeg?resize=350%2C200&ssl=1 1x, https:\/\/i0.wp.com\/lasprimeras.com.do\/wp-content\/uploads\/2023\/10\/WhatsApp-Image-2023-10-09-at-6.14.13-PM-2-3.jpeg?resize=525%2C300&ssl=1 1.5x"},"classes":[]},{"id":95347,"url":"https:\/\/lasprimeras.com.do\/index.php\/2025\/03\/12\/dedican-torneo-de-voleibol-playero-a-leo-corporan\/","url_meta":{"origin":67152,"position":5},"title":"Dedican torneo de voleibol playero a Leo Corpor\u00e1n","author":"Nelson Feliz","date":"12 de marzo de 2025","format":false,"excerpt":"El comit\u00e9 organizador del 29 torneo de voleibol playero del Festival Deportivo Hato Mayor\/Vicentillo Semana Santa 2025, anunci\u00f3 que el evento ser\u00e1 dedicado en todas sus partes al periodista Leo Corpor\u00e1n, inmortal del deporte dominicano, \u201cuna figura destacada en el \u00e1mbito deportivo y un verdadero l\u00edder comunitario\u201d. El torneo de\u2026","rel":"","context":"En \u00abDEPORTES\u00bb","block_context":{"text":"DEPORTES","link":"https:\/\/lasprimeras.com.do\/index.php\/category\/deportes\/"},"img":{"alt_text":"Leo Corpor\u00e1n","src":"https:\/\/i0.wp.com\/lasprimeras.com.do\/wp-content\/uploads\/2025\/03\/Leo-Corporan.jpg?resize=350%2C200&ssl=1","width":350,"height":200,"srcset":"https:\/\/i0.wp.com\/lasprimeras.com.do\/wp-content\/uploads\/2025\/03\/Leo-Corporan.jpg?resize=350%2C200&ssl=1 1x, https:\/\/i0.wp.com\/lasprimeras.com.do\/wp-content\/uploads\/2025\/03\/Leo-Corporan.jpg?resize=525%2C300&ssl=1 1.5x, https:\/\/i0.wp.com\/lasprimeras.com.do\/wp-content\/uploads\/2025\/03\/Leo-Corporan.jpg?resize=700%2C400&ssl=1 2x"},"classes":[]}],"jetpack_sharing_enabled":true,"_links":{"self":[{"href":"https:\/\/lasprimeras.com.do\/index.php\/wp-json\/wp\/v2\/posts\/67152","targetHints":{"allow":["GET"]}}],"collection":[{"href":"https:\/\/lasprimeras.com.do\/index.php\/wp-json\/wp\/v2\/posts"}],"about":[{"href":"https:\/\/lasprimeras.com.do\/index.php\/wp-json\/wp\/v2\/types\/post"}],"author":[{"embeddable":true,"href":"https:\/\/lasprimeras.com.do\/index.php\/wp-json\/wp\/v2\/users\/3"}],"replies":[{"embeddable":true,"href":"https:\/\/lasprimeras.com.do\/index.php\/wp-json\/wp\/v2\/comments?post=67152"}],"version-history":[{"count":1,"href":"https:\/\/lasprimeras.com.do\/index.php\/wp-json\/wp\/v2\/posts\/67152\/revisions"}],"predecessor-version":[{"id":67154,"href":"https:\/\/lasprimeras.com.do\/index.php\/wp-json\/wp\/v2\/posts\/67152\/revisions\/67154"}],"wp:featuredmedia":[{"embeddable":true,"href":"https:\/\/lasprimeras.com.do\/index.php\/wp-json\/wp\/v2\/media\/67153"}],"wp:attachment":[{"href":"https:\/\/lasprimeras.com.do\/index.php\/wp-json\/wp\/v2\/media?parent=67152"}],"wp:term":[{"taxonomy":"category","embeddable":true,"href":"https:\/\/lasprimeras.com.do\/index.php\/wp-json\/wp\/v2\/categories?post=67152"},{"taxonomy":"post_tag","embeddable":true,"href":"https:\/\/lasprimeras.com.do\/index.php\/wp-json\/wp\/v2\/tags?post=67152"}],"curies":[{"name":"wp","href":"https:\/\/api.w.org\/{rel}","templated":true}]}}