{"id":67164,"date":"2023-11-13T22:14:30","date_gmt":"2023-11-14T02:14:30","guid":{"rendered":"https:\/\/lasprimeras.com.do\/?p=67164"},"modified":"2023-11-13T23:12:00","modified_gmt":"2023-11-14T03:12:00","slug":"osiris-de-leon-excavaciones-sin-supervision-de-las-autoridades-ponen-en-riesgo-viviendas","status":"publish","type":"post","link":"https:\/\/lasprimeras.com.do\/index.php\/2023\/11\/13\/osiris-de-leon-excavaciones-sin-supervision-de-las-autoridades-ponen-en-riesgo-viviendas\/","title":{"rendered":"Osiris de Le\u00f3n : Excavaciones en arcilla y caliche, sin supervisi\u00f3n de autoridades, ponen en riesgo viviendas y familias"},"content":{"rendered":"\n<p>&#8220;Alcald\u00eda del DN, el ministerio de la Vivienda y la Defensa Civil deben visitar sector Los \u00c1ngeles, en km 13 autopista Duarte.<\/p>\n\n\n\n<p>El ge\u00f3logo y ambientalista Ing. Osiris de Le\u00f3n manifest\u00f3 hoy que la Alcald\u00eda del Distrito Nacional, el ministerio de la Vivienda y la Defensa Civil deb\u00edan visitar el sector Los \u00c1ngeles, en el Km 13 autopista Duarte, para observar profundas excavaciones que se realizan en la zona, las cuales podr\u00edan hacer colapsar una vivienda y provocar una tragedia familiar en cualquier momento de muchas lluvias o en medio de un fuerte temblor de tierra como el del pasado viernes, en caso de que el epicentro est\u00e9 muy cercano.<\/p>\n\n\n\n<p>De Le\u00f3n afirm\u00f3 que las excavaciones se han realizado en la calle 5, No.3, del sector Los \u00c1ngeles, en el Km 13 autopista Duarte, y sin los estudios de suelos requeridos y sin los permisos de las autoridades correspondientes.<\/p>\n\n\n\n<p>&#8220;La Alcald\u00eda del DN, el ministerio de Vivienda y la Defensa Civil deb\u00edan visitar esta excavaci\u00f3n ubicada en la calle 5, No.3, del sector Los \u00c1ngeles, Km 13 autopista Duarte, para ver c\u00f3mo un vecino hizo excavaci\u00f3n de 4 m de profundidad, en arcilla, exponiendo a una familia a una tragedia&#8221;, public\u00f3 Osiris de Le\u00f3n.<\/p>\n\n\n\n<p>Las declaraciones del experto en geolog\u00eda, medioambiente y estudios de suelos, ge\u00f3logo Osiris de Le\u00f3n fueron emitidas a trav\u00e9s de su cuenta de X, antigua Twitter, @Osirisdleon, la que cuenta con m\u00e1s de 150 mil seguidores.<\/p>\n\n\n\n<figure class=\"wp-block-embed is-type-rich is-provider-twitter wp-block-embed-twitter\"><div class=\"wp-block-embed__wrapper\">\n<div class=\"embed-twitter\"><blockquote class=\"twitter-tweet\" data-width=\"500\" data-dnt=\"true\"><p lang=\"es\" dir=\"ltr\">La Alcald\u00eda DN, el ministerio de Vivienda y Defensa Civil deb\u00edan visitar esta excavaci\u00f3n ubicada en la calle 5, No.3, del sector Los \u00c1ngeles, Km 13 autopista Duarte, para ver c\u00f3mo un vecino hizo excavaci\u00f3n de 4m de profundidad, en arcilla, exponiendo a una familia a una tragedia. <a href=\"https:\/\/t.co\/x5mXbNiga3\">pic.twitter.com\/x5mXbNiga3<\/a><\/p>&mdash; Osiris de Le\u00f3n (@Osirisdleon) <a href=\"https:\/\/twitter.com\/Osirisdleon\/status\/1724193811079770192?ref_src=twsrc%5Etfw\">November 13, 2023<\/a><\/blockquote><script async src=\"https:\/\/platform.twitter.com\/widgets.js\" charset=\"utf-8\"><\/script><\/div>\n<\/div><\/figure>\n","protected":false},"excerpt":{"rendered":"<p>&#8220;Alcald\u00eda del DN, el ministerio de la Vivienda y la Defensa Civil deben visitar sector Los \u00c1ngeles, en km 13 autopista Duarte. El ge\u00f3logo y ambientalista Ing. Osiris de Le\u00f3n&hellip;<\/p>\n","protected":false},"author":2,"featured_media":67165,"comment_status":"open","ping_status":"open","sticky":false,"template":"","format":"standard","meta":{"content-type":"","jetpack_post_was_ever_published":false,"_jetpack_newsletter_access":"","_jetpack_dont_email_post_to_subs":false,"_jetpack_newsletter_tier_id":0,"_jetpack_memberships_contains_paywalled_content":false,"_jetpack_memberships_contains_paid_content":false,"footnotes":""},"categories":[35,25],"tags":[949,5696,1416,3132,1686,3283],"class_list":["post-67164","post","type-post","status-publish","format-standard","has-post-thumbnail","hentry","category-nacionales","category-portada","tag-autoridades","tag-excavaciones","tag-osiris-de-leon","tag-riesgo","tag-supervision","tag-viviendas"],"jetpack_featured_media_url":"https:\/\/lasprimeras.com.do\/wp-content\/uploads\/2023\/11\/DERRUMBE.jpg","jetpack-related-posts":[{"id":52890,"url":"https:\/\/lasprimeras.com.do\/index.php\/2023\/06\/21\/se-derrumba-vivienda-en-yamasa-osiris-de-leon-explica-posibles-motivos\/","url_meta":{"origin":67164,"position":0},"title":"Se derrumba vivienda en Yamas\u00e1, Osiris de Le\u00f3n explica posibles motivos","author":"Nelson Feliz","date":"21 de junio de 2023","format":false,"excerpt":"El ge\u00f3logo Osiris de Le\u00f3n reaccion\u00f3 al observar como una vivienda de dos niveles colapsa en Yamas\u00e1, Monte Plata, en un video que circula en las redes sociales. De Le\u00f3n, dijo que hasta el momento se desconoce si la vivienda estaba habitada, o si hay muertos o heridos. En el\u2026","rel":"","context":"En \u00abNACIONALES\u00bb","block_context":{"text":"NACIONALES","link":"https:\/\/lasprimeras.com.do\/index.php\/category\/nacionales\/"},"img":{"alt_text":"una vivienda de dos niveles colapsa en Yamas\u00e1","src":"https:\/\/i0.wp.com\/lasprimeras.com.do\/wp-content\/uploads\/2023\/06\/derrumbe-vivienda.jpg?resize=350%2C200&ssl=1","width":350,"height":200,"srcset":"https:\/\/i0.wp.com\/lasprimeras.com.do\/wp-content\/uploads\/2023\/06\/derrumbe-vivienda.jpg?resize=350%2C200&ssl=1 1x, https:\/\/i0.wp.com\/lasprimeras.com.do\/wp-content\/uploads\/2023\/06\/derrumbe-vivienda.jpg?resize=525%2C300&ssl=1 1.5x, https:\/\/i0.wp.com\/lasprimeras.com.do\/wp-content\/uploads\/2023\/06\/derrumbe-vivienda.jpg?resize=700%2C400&ssl=1 2x"},"classes":[]},{"id":119650,"url":"https:\/\/lasprimeras.com.do\/index.php\/2026\/01\/15\/osiris-de-leon-afirma-puente-duarte-no-representa-riesgo-de-colapso-pero-amerita-intervencion-inmediata\/","url_meta":{"origin":67164,"position":1},"title":"Osiris de Le\u00f3n afirma puente Duarte no representa riesgo de colapso pero amerita intervenci\u00f3n inmediata","author":"Nelson Feliz","date":"15 de enero de 2026","format":false,"excerpt":"El presidente de la Comisi\u00f3n de Supervisi\u00f3n de Infraestructuras P\u00fablicas ante el Cambio Clim\u00e1tico explica las razones t\u00e9cnicas que garantizan la estabilidad de la estructura. El ge\u00f3logo y ambientalista Osiris de Le\u00f3n, presidente de la Comisi\u00f3n de Supervisi\u00f3n de Infraestructuras P\u00fablicas ante el Cambio Clim\u00e1tico, afirm\u00f3 ayer que el puente\u2026","rel":"","context":"En \u00abNACIONALES\u00bb","block_context":{"text":"NACIONALES","link":"https:\/\/lasprimeras.com.do\/index.php\/category\/nacionales\/"},"img":{"alt_text":"","src":"https:\/\/i0.wp.com\/lasprimeras.com.do\/wp-content\/uploads\/2026\/01\/puente-duarte-santo-domingo-este.jpg?resize=350%2C200&ssl=1","width":350,"height":200,"srcset":"https:\/\/i0.wp.com\/lasprimeras.com.do\/wp-content\/uploads\/2026\/01\/puente-duarte-santo-domingo-este.jpg?resize=350%2C200&ssl=1 1x, https:\/\/i0.wp.com\/lasprimeras.com.do\/wp-content\/uploads\/2026\/01\/puente-duarte-santo-domingo-este.jpg?resize=525%2C300&ssl=1 1.5x, https:\/\/i0.wp.com\/lasprimeras.com.do\/wp-content\/uploads\/2026\/01\/puente-duarte-santo-domingo-este.jpg?resize=700%2C400&ssl=1 2x, https:\/\/i0.wp.com\/lasprimeras.com.do\/wp-content\/uploads\/2026\/01\/puente-duarte-santo-domingo-este.jpg?resize=1050%2C600&ssl=1 3x"},"classes":[]},{"id":127779,"url":"https:\/\/lasprimeras.com.do\/index.php\/2026\/04\/15\/osiris-de-leon-urge-crear-sistema-de-drenaje-en-el-gran-santo-domingo\/","url_meta":{"origin":67164,"position":2},"title":"Osiris de Le\u00f3n: &#8220;Urge crear sistema de drenaje en el Gran Santo Domingo&#8221;","author":"Nelson Feliz","date":"15 de abril de 2026","format":false,"excerpt":"Altagracia Peralta Tras las recientes inundaciones registradas en el Distrito Nacional y Santo Domingo Oeste, el ingeniero ge\u00f3logo Osiris de Le\u00f3n inst\u00f3 a las autoridades a implementar con car\u00e1cter urgente un sistema de drenaje eficiente en las principales ciudades costeras del pa\u00eds. El especialista advirti\u00f3 que la falta de infraestructura\u2026","rel":"","context":"En \u00abNACIONALES\u00bb","block_context":{"text":"NACIONALES","link":"https:\/\/lasprimeras.com.do\/index.php\/category\/nacionales\/"},"img":{"alt_text":"sistema de drenaje","src":"https:\/\/i0.wp.com\/lasprimeras.com.do\/wp-content\/uploads\/2026\/04\/sistema-de-drenaje.jpeg?resize=350%2C200&ssl=1","width":350,"height":200,"srcset":"https:\/\/i0.wp.com\/lasprimeras.com.do\/wp-content\/uploads\/2026\/04\/sistema-de-drenaje.jpeg?resize=350%2C200&ssl=1 1x, https:\/\/i0.wp.com\/lasprimeras.com.do\/wp-content\/uploads\/2026\/04\/sistema-de-drenaje.jpeg?resize=525%2C300&ssl=1 1.5x, https:\/\/i0.wp.com\/lasprimeras.com.do\/wp-content\/uploads\/2026\/04\/sistema-de-drenaje.jpeg?resize=700%2C400&ssl=1 2x"},"classes":[]},{"id":122037,"url":"https:\/\/lasprimeras.com.do\/index.php\/2026\/02\/12\/osiris-de-leon-reporta-749-infraestructuras-criticas-en-todo-el-territorio\/","url_meta":{"origin":67164,"position":3},"title":"Osiris de Le\u00f3n reporta 749 infraestructuras cr\u00edticas en todo el territorio","author":"Nelson Feliz","date":"12 de febrero de 2026","format":false,"excerpt":"El ge\u00f3logo y ambientalista Osiris de Le\u00f3n present\u00f3 el informe de resultados de la Comisi\u00f3n de Supervisi\u00f3n de Infraestructuras P\u00fablicas ante el Cambio Clim\u00e1tico, destacando que en dos a\u00f1os de trabajo el organismo ha evaluado de manera exhaustiva 749 infraestructuras cr\u00edticas en todo el territorio nacional. De Le\u00f3n, manifest\u00f3 que\u2026","rel":"","context":"En \u00abNACIONALES\u00bb","block_context":{"text":"NACIONALES","link":"https:\/\/lasprimeras.com.do\/index.php\/category\/nacionales\/"},"img":{"alt_text":"Osiris de Le\u00f3n","src":"https:\/\/i0.wp.com\/lasprimeras.com.do\/wp-content\/uploads\/2026\/02\/Osiris-de-Leon.jpg?resize=350%2C200&ssl=1","width":350,"height":200,"srcset":"https:\/\/i0.wp.com\/lasprimeras.com.do\/wp-content\/uploads\/2026\/02\/Osiris-de-Leon.jpg?resize=350%2C200&ssl=1 1x, https:\/\/i0.wp.com\/lasprimeras.com.do\/wp-content\/uploads\/2026\/02\/Osiris-de-Leon.jpg?resize=525%2C300&ssl=1 1.5x, https:\/\/i0.wp.com\/lasprimeras.com.do\/wp-content\/uploads\/2026\/02\/Osiris-de-Leon.jpg?resize=700%2C400&ssl=1 2x"},"classes":[]},{"id":106916,"url":"https:\/\/lasprimeras.com.do\/index.php\/2025\/08\/21\/caasd-trabaja-en-correccion-de-averia-provocada-por-excavaciones-del-metro\/","url_meta":{"origin":67164,"position":4},"title":"CAASD trabaja en correcci\u00f3n de aver\u00eda provocada por excavaciones del Metro","author":"Nelson Feliz","date":"21 de agosto de 2025","format":false,"excerpt":"La Corporaci\u00f3n del Acueducto y Alcantarillado de Santo Domingo (CAASD) inform\u00f3 que el servicio de agua potable se encuentra parcialmente interrumpido en varios sectores del municipio Santo Domingo Oeste, debido a una aver\u00eda ocasionada por excavaciones vinculadas a los trabajos de construcci\u00f3n del Metro de Santo Domingo. De acuerdo con\u2026","rel":"","context":"En \u00abNACIONALES\u00bb","block_context":{"text":"NACIONALES","link":"https:\/\/lasprimeras.com.do\/index.php\/category\/nacionales\/"},"img":{"alt_text":"","src":"https:\/\/i0.wp.com\/lasprimeras.com.do\/wp-content\/uploads\/2025\/08\/CAASD-trabaja-en-correccion-de-averia-provocada-por-excavaciones-del-Metro.jpg?resize=350%2C200&ssl=1","width":350,"height":200,"srcset":"https:\/\/i0.wp.com\/lasprimeras.com.do\/wp-content\/uploads\/2025\/08\/CAASD-trabaja-en-correccion-de-averia-provocada-por-excavaciones-del-Metro.jpg?resize=350%2C200&ssl=1 1x, https:\/\/i0.wp.com\/lasprimeras.com.do\/wp-content\/uploads\/2025\/08\/CAASD-trabaja-en-correccion-de-averia-provocada-por-excavaciones-del-Metro.jpg?resize=525%2C300&ssl=1 1.5x, https:\/\/i0.wp.com\/lasprimeras.com.do\/wp-content\/uploads\/2025\/08\/CAASD-trabaja-en-correccion-de-averia-provocada-por-excavaciones-del-Metro.jpg?resize=700%2C400&ssl=1 2x"},"classes":[]},{"id":56530,"url":"https:\/\/lasprimeras.com.do\/index.php\/2023\/08\/02\/suspenden-excavaciones-de-arqueologos-en-playa-de-cabrera\/","url_meta":{"origin":67164,"position":5},"title":"Suspenden excavaciones de arque\u00f3logos en playa de Cabrera","author":"Nelson Feliz","date":"2 de agosto de 2023","format":false,"excerpt":"Las labores de excavaci\u00f3n est\u00e1n detenidas para evitar vulnerar al medio ambiente en esa localidad, seg\u00fan inform\u00f3 la alcald\u00eda. El Ministerio de Medio Ambiente y el alcalde del municipio Cabrera, Marlon Arias, suspendieron las excavaciones que realizaba un grupo de arque\u00f3logos que se encontraba profundizando en la Playa Calet\u00f3n de\u2026","rel":"","context":"En \u00abNACIONALES\u00bb","block_context":{"text":"NACIONALES","link":"https:\/\/lasprimeras.com.do\/index.php\/category\/nacionales\/"},"img":{"alt_text":"Ministerio de Medio Ambiente","src":"https:\/\/i0.wp.com\/lasprimeras.com.do\/wp-content\/uploads\/2023\/08\/Ministerio-de-Medio-Ambiente.jpeg?resize=350%2C200&ssl=1","width":350,"height":200,"srcset":"https:\/\/i0.wp.com\/lasprimeras.com.do\/wp-content\/uploads\/2023\/08\/Ministerio-de-Medio-Ambiente.jpeg?resize=350%2C200&ssl=1 1x, https:\/\/i0.wp.com\/lasprimeras.com.do\/wp-content\/uploads\/2023\/08\/Ministerio-de-Medio-Ambiente.jpeg?resize=525%2C300&ssl=1 1.5x, https:\/\/i0.wp.com\/lasprimeras.com.do\/wp-content\/uploads\/2023\/08\/Ministerio-de-Medio-Ambiente.jpeg?resize=700%2C400&ssl=1 2x"},"classes":[]}],"jetpack_sharing_enabled":true,"_links":{"self":[{"href":"https:\/\/lasprimeras.com.do\/index.php\/wp-json\/wp\/v2\/posts\/67164","targetHints":{"allow":["GET"]}}],"collection":[{"href":"https:\/\/lasprimeras.com.do\/index.php\/wp-json\/wp\/v2\/posts"}],"about":[{"href":"https:\/\/lasprimeras.com.do\/index.php\/wp-json\/wp\/v2\/types\/post"}],"author":[{"embeddable":true,"href":"https:\/\/lasprimeras.com.do\/index.php\/wp-json\/wp\/v2\/users\/2"}],"replies":[{"embeddable":true,"href":"https:\/\/lasprimeras.com.do\/index.php\/wp-json\/wp\/v2\/comments?post=67164"}],"version-history":[{"count":3,"href":"https:\/\/lasprimeras.com.do\/index.php\/wp-json\/wp\/v2\/posts\/67164\/revisions"}],"predecessor-version":[{"id":67174,"href":"https:\/\/lasprimeras.com.do\/index.php\/wp-json\/wp\/v2\/posts\/67164\/revisions\/67174"}],"wp:featuredmedia":[{"embeddable":true,"href":"https:\/\/lasprimeras.com.do\/index.php\/wp-json\/wp\/v2\/media\/67165"}],"wp:attachment":[{"href":"https:\/\/lasprimeras.com.do\/index.php\/wp-json\/wp\/v2\/media?parent=67164"}],"wp:term":[{"taxonomy":"category","embeddable":true,"href":"https:\/\/lasprimeras.com.do\/index.php\/wp-json\/wp\/v2\/categories?post=67164"},{"taxonomy":"post_tag","embeddable":true,"href":"https:\/\/lasprimeras.com.do\/index.php\/wp-json\/wp\/v2\/tags?post=67164"}],"curies":[{"name":"wp","href":"https:\/\/api.w.org\/{rel}","templated":true}]}}