{"id":67252,"date":"2023-11-14T12:28:33","date_gmt":"2023-11-14T16:28:33","guid":{"rendered":"https:\/\/lasprimeras.com.do\/?p=67252"},"modified":"2023-11-14T12:28:35","modified_gmt":"2023-11-14T16:28:35","slug":"asesinan-al-poderoso-y-temido-jefe-pandillas-iscar-andris","status":"publish","type":"post","link":"https:\/\/lasprimeras.com.do\/index.php\/2023\/11\/14\/asesinan-al-poderoso-y-temido-jefe-pandillas-iscar-andris\/","title":{"rendered":"Asesinan al poderoso y temido jefe pandillas Iscar Andris"},"content":{"rendered":"\n<p>PUERTO PRINCIPE.- Un poderoso y temido jefe de pandillas en Hait\u00ed que antes era profesor de Matem\u00e1ticas y F\u00edsica fue asesinado en un vecindario dentro del amplio barrio pobre al lado del mar que \u00e9l control\u00f3 durante a\u00f1os.<\/p>\n\n\n\n<p>El asesinato de Iskar Andrice, tambi\u00e9n conocido como Iscar Andris, suscit\u00f3 temores de que la violencia pandillera en Hait\u00ed podr\u00eda empeorar si las facciones tratan de llenar el vac\u00edo de poder que \u00e9l dej\u00f3.<\/p>\n\n\n\n<p>Andrice dominaba la comunidad de Belekou del barrio Cite Soleil donde muri\u00f3, inform\u00f3 el exalcalde Esa\u00efe Beauchard en declaraciones a Radio Galaxie FM.<\/p>\n\n\n\n<p>\u00abEs lamentable que este tipo se haya involucrado en la actividad pandillera, porque era un hombre muy inteligente\u00bb, dijo Beauchard.<\/p>\n\n\n\n<p>Por el momento no queda claro cu\u00e1ndo muri\u00f3 Andrice.<\/p>\n\n\n\n<p>Jean-Fr\u00e9d\u00e9rique Islain, el alcalde actual de Cite Soleil, se neg\u00f3 a formular comentarios.<\/p>\n\n\n\n<p>La pandilla que Andrice comandaba estaba involucrada en asesinatos, robos, extorsi\u00f3n, violaciones y secuestro de mercanc\u00edas y camiones, seg\u00fan un reciente reporte de la ONU.<\/p>\n\n\n\n<p>Luego uni\u00f3 fuerzas con el notorio l\u00edder pandillero Jimmy Ch\u00e9rizier, conocido como Barbecue, creador de la pandilla m\u00e1s grande y poderosa de Hait\u00ed, la \u00abFamilia G9 y Aliados\u00bb.<\/p>\n\n\n\n<p>Toda entrevista otorgada por Ch\u00e9rizier a la prensa ten\u00eda que ser aprobada primero por Andrice.<\/p>\n\n\n\n<p>La ONU dijo que Andrice, como otros jefes pandilleros, cre\u00f3 una fundaci\u00f3n social para presentar una imagen positiva. Andrice cre\u00f3 la Fundaci\u00f3n Silo\u00e9 en 2015.<\/p>\n\n\n\n<p>Junto con otros jefes pandilleros, Andrice fue acusado de dirigir varios ataques letales contra civiles en barrios haitianos, seg\u00fan un reporte de la Red Nacional de Defensa de los Derechos Humanos en Hait\u00ed.<\/p>\n\n\n\n<p>Tambi\u00e9n fueron acusados de paralizar las operaciones en el principal almac\u00e9n de combustibles de la capital, Puerto Pr\u00edncipe, el a\u00f1o pasado, lo que caus\u00f3 estragos en el pa\u00eds y llev\u00f3 al primer ministro Ariel Henry a pedir por primera vez el despliegue de una fuerza multinacional.<\/p>\n","protected":false},"excerpt":{"rendered":"<p>PUERTO PRINCIPE.- Un poderoso y temido jefe de pandillas en Hait\u00ed que antes era profesor de Matem\u00e1ticas y F\u00edsica fue asesinado en un vecindario dentro del amplio barrio pobre al&hellip;<\/p>\n","protected":false},"author":2,"featured_media":67253,"comment_status":"open","ping_status":"open","sticky":false,"template":"","format":"standard","meta":{"content-type":"","jetpack_post_was_ever_published":false,"_jetpack_newsletter_access":"","_jetpack_dont_email_post_to_subs":false,"_jetpack_newsletter_tier_id":0,"_jetpack_memberships_contains_paywalled_content":false,"_jetpack_memberships_contains_paid_content":false,"footnotes":""},"categories":[1],"tags":[3940,9466,9463,9465,9464],"class_list":["post-67252","post","type-post","status-publish","format-standard","has-post-thumbnail","hentry","category-sin-categoria","tag-asesinan","tag-iscar-andris","tag-jefe-pandillas","tag-poderoso","tag-temido"],"jetpack_featured_media_url":"https:\/\/lasprimeras.com.do\/wp-content\/uploads\/2023\/11\/pandilla.jpg","jetpack-related-posts":[{"id":126034,"url":"https:\/\/lasprimeras.com.do\/index.php\/2026\/03\/29\/enfrentamiento-entre-pandillas-desata-una-ola-de-violencia-en-una-localidad-del-centro-de-haiti\/","url_meta":{"origin":67252,"position":0},"title":"Enfrentamiento entre pandillas desata una ola de violencia en una localidad del centro de Hait\u00ed","author":"Nelson Feliz","date":"29 de marzo de 2026","format":false,"excerpt":"POR EVENS SANON PUERTO PR\u00cdNCIPE, Hait\u00ed (AP) \u2014 La violencia estall\u00f3 el domingo en la localidad de Petite-Rivi\u00e8re de l\u2019Artibonite, en el centro del Hait\u00ed, cuando una poderosa pandilla se enfrent\u00f3 a un grupo de autodefensa civil, confirmaron funcionarios regionales a The Associated Press. La arremetida de la pandilla Gran\u2026","rel":"","context":"En \u00abINTERNACIONALES\u00bb","block_context":{"text":"INTERNACIONALES","link":"https:\/\/lasprimeras.com.do\/index.php\/category\/sin-categoria\/internacionales\/"},"img":{"alt_text":"","src":"https:\/\/i0.wp.com\/lasprimeras.com.do\/wp-content\/uploads\/2026\/03\/POLICIA-HAITI.jpg?resize=350%2C200&ssl=1","width":350,"height":200,"srcset":"https:\/\/i0.wp.com\/lasprimeras.com.do\/wp-content\/uploads\/2026\/03\/POLICIA-HAITI.jpg?resize=350%2C200&ssl=1 1x, https:\/\/i0.wp.com\/lasprimeras.com.do\/wp-content\/uploads\/2026\/03\/POLICIA-HAITI.jpg?resize=525%2C300&ssl=1 1.5x, https:\/\/i0.wp.com\/lasprimeras.com.do\/wp-content\/uploads\/2026\/03\/POLICIA-HAITI.jpg?resize=700%2C400&ssl=1 2x"},"classes":[]},{"id":98236,"url":"https:\/\/lasprimeras.com.do\/index.php\/2025\/05\/04\/manifestantes-en-haiti-exigen-nuevo-gobierno-y-mas-seguridad-ante-creciente-ira-por-las-pandillas\/","url_meta":{"origin":67252,"position":1},"title":"Manifestantes en Hait\u00ed exigen nuevo gobierno y m\u00e1s seguridad ante creciente ira por las pandillas","author":"Nelson Feliz","date":"4 de mayo de 2025","format":false,"excerpt":"POR EVENS SANON and D\u00c1NICA COTO PUERTO PR\u00cdNCIPE (AP) \u2014 Decenas de manifestantes marcharon por las colinas de la capital de Hait\u00ed el domingo exigiendo el fin de la persistente violencia de las pandillas mientras ped\u00edan la renuncia del primer ministro del pa\u00eds y del consejo presidencial de transici\u00f3n. Es\u2026","rel":"","context":"En \u00abINTERNACIONALES\u00bb","block_context":{"text":"INTERNACIONALES","link":"https:\/\/lasprimeras.com.do\/index.php\/category\/sin-categoria\/internacionales\/"},"img":{"alt_text":"","src":"https:\/\/i0.wp.com\/lasprimeras.com.do\/wp-content\/uploads\/2025\/05\/haiti.jpg?resize=350%2C200&ssl=1","width":350,"height":200,"srcset":"https:\/\/i0.wp.com\/lasprimeras.com.do\/wp-content\/uploads\/2025\/05\/haiti.jpg?resize=350%2C200&ssl=1 1x, https:\/\/i0.wp.com\/lasprimeras.com.do\/wp-content\/uploads\/2025\/05\/haiti.jpg?resize=525%2C300&ssl=1 1.5x, https:\/\/i0.wp.com\/lasprimeras.com.do\/wp-content\/uploads\/2025\/05\/haiti.jpg?resize=700%2C400&ssl=1 2x"},"classes":[]},{"id":51919,"url":"https:\/\/lasprimeras.com.do\/index.php\/2023\/06\/05\/haiti-ciudadanos-toman-la-justicia-en-sus-manos-y-se-enfrentan-a-pandilleros-en-las-carreteras\/","url_meta":{"origin":67252,"position":2},"title":"Hait\u00ed: ciudadanos toman la justicia en sus manos y se enfrentan a pandilleros en las carreteras","author":"prenxa100","date":"5 de junio de 2023","format":false,"excerpt":"Como parte de un movimiento llamado \u201cbwa kale\u201d. Autom\u00f3viles viejos, neum\u00e1ticos usados y alambre de p\u00faas impiden el paso al vecindario m\u00e1s grande de Puerto Pr\u00edncipe. Pandilleros armados han robado, violado y asesinado a inocentes. La polic\u00eda y los funcionarios d\u00e9biles o corruptos han hecho poco o nada para impedirlo.\u2026","rel":"","context":"En \u00abSin categor\u00eda\u00bb","block_context":{"text":"Sin categor\u00eda","link":"https:\/\/lasprimeras.com.do\/index.php\/category\/sin-categoria\/"},"img":{"alt_text":"","src":"","width":0,"height":0},"classes":[]},{"id":85768,"url":"https:\/\/lasprimeras.com.do\/index.php\/2024\/07\/08\/condena-de-1-420-anos-de-carcel-para-un-pandillero-en-el-salvador-y-de-cientos-de-anos-para-otros\/","url_meta":{"origin":67252,"position":3},"title":"Condena de 1.420 a\u00f1os de c\u00e1rcel para un pandillero en El Salvador y de cientos de a\u00f1os para otros","author":"Nelson Feliz","date":"8 de julio de 2024","format":false,"excerpt":"SAN SALVADOR (AP) \u2014 Un tribunal de justicia de El Salvador impuso penas de hasta 1.420 a\u00f1os de prisi\u00f3n para una estructura criminal de la pandilla Mara Salvatrucha (MS-13), procesados por delitos cometidos entre 2018 y 2019, inform\u00f3 el lunes la Fiscal\u00eda General de la Rep\u00fablica. El pandillero \u00c1ngel Geovany\u2026","rel":"","context":"En \u00abSin categor\u00eda\u00bb","block_context":{"text":"Sin categor\u00eda","link":"https:\/\/lasprimeras.com.do\/index.php\/category\/sin-categoria\/"},"img":{"alt_text":"","src":"https:\/\/i0.wp.com\/lasprimeras.com.do\/wp-content\/uploads\/2024\/07\/Pandillero.jpg?resize=350%2C200&ssl=1","width":350,"height":200,"srcset":"https:\/\/i0.wp.com\/lasprimeras.com.do\/wp-content\/uploads\/2024\/07\/Pandillero.jpg?resize=350%2C200&ssl=1 1x, https:\/\/i0.wp.com\/lasprimeras.com.do\/wp-content\/uploads\/2024\/07\/Pandillero.jpg?resize=525%2C300&ssl=1 1.5x, https:\/\/i0.wp.com\/lasprimeras.com.do\/wp-content\/uploads\/2024\/07\/Pandillero.jpg?resize=700%2C400&ssl=1 2x"},"classes":[]},{"id":78337,"url":"https:\/\/lasprimeras.com.do\/index.php\/2024\/03\/15\/lider-de-poderosa-pandilla-en-haiti-amenaza-a-la-clase-politica\/","url_meta":{"origin":67252,"position":4},"title":"L\u00edder de poderosa pandilla en Hait\u00ed amenaza a la clase pol\u00edtica","author":"BIMARY DE JES\u00daS Matos","date":"15 de marzo de 2024","format":false,"excerpt":"Hati.-El l\u00edder pandillero 'Barbacoa' lanz\u00f3 un mensaje amenazante a los l\u00edderes pol\u00edticos que no logran ponerse de acuerdo a\u00fan en la formaci\u00f3n de un consejo de transici\u00f3n para el pa\u00eds, asolado por una ola de violencia en las \u00faltimas semanas. Se produjo un incendio en una importante prisi\u00f3n. El l\u00edder\u2026","rel":"","context":"En \u00abPORTADA\u00bb","block_context":{"text":"PORTADA","link":"https:\/\/lasprimeras.com.do\/index.php\/category\/portada\/"},"img":{"alt_text":"","src":"","width":0,"height":0},"classes":[]},{"id":101372,"url":"https:\/\/lasprimeras.com.do\/index.php\/2025\/06\/20\/feministas-consideran-violencia-sexual-otra-arma-de-pandilleros-haiti\/","url_meta":{"origin":67252,"position":5},"title":"Feministas consideran violencia sexual otra arma de pandilleros Hait\u00ed","author":"Nelson Feliz","date":"20 de junio de 2025","format":false,"excerpt":"Puerto Pr\u00edncipe, (Prensa Latina) La organizaci\u00f3n feminista haitiana MARIJAN denunci\u00f3 que la violencia sexual es hoy otra arma utilizada por las pandillas en la naci\u00f3n caribe\u00f1a. Dicha agrupaci\u00f3n llam\u00f3 una vez m\u00e1s la atenci\u00f3n sobre la inseguridad exacerbada por las bandas armadas en el pa\u00eds, e inst\u00f3 hacer propuestas de\u2026","rel":"","context":"En \u00abINTERNACIONALES\u00bb","block_context":{"text":"INTERNACIONALES","link":"https:\/\/lasprimeras.com.do\/index.php\/category\/sin-categoria\/internacionales\/"},"img":{"alt_text":"","src":"https:\/\/i0.wp.com\/lasprimeras.com.do\/wp-content\/uploads\/2025\/06\/Pandillas-Haiti.jpg?resize=350%2C200&ssl=1","width":350,"height":200,"srcset":"https:\/\/i0.wp.com\/lasprimeras.com.do\/wp-content\/uploads\/2025\/06\/Pandillas-Haiti.jpg?resize=350%2C200&ssl=1 1x, https:\/\/i0.wp.com\/lasprimeras.com.do\/wp-content\/uploads\/2025\/06\/Pandillas-Haiti.jpg?resize=525%2C300&ssl=1 1.5x, https:\/\/i0.wp.com\/lasprimeras.com.do\/wp-content\/uploads\/2025\/06\/Pandillas-Haiti.jpg?resize=700%2C400&ssl=1 2x"},"classes":[]}],"jetpack_sharing_enabled":true,"_links":{"self":[{"href":"https:\/\/lasprimeras.com.do\/index.php\/wp-json\/wp\/v2\/posts\/67252","targetHints":{"allow":["GET"]}}],"collection":[{"href":"https:\/\/lasprimeras.com.do\/index.php\/wp-json\/wp\/v2\/posts"}],"about":[{"href":"https:\/\/lasprimeras.com.do\/index.php\/wp-json\/wp\/v2\/types\/post"}],"author":[{"embeddable":true,"href":"https:\/\/lasprimeras.com.do\/index.php\/wp-json\/wp\/v2\/users\/2"}],"replies":[{"embeddable":true,"href":"https:\/\/lasprimeras.com.do\/index.php\/wp-json\/wp\/v2\/comments?post=67252"}],"version-history":[{"count":1,"href":"https:\/\/lasprimeras.com.do\/index.php\/wp-json\/wp\/v2\/posts\/67252\/revisions"}],"predecessor-version":[{"id":67254,"href":"https:\/\/lasprimeras.com.do\/index.php\/wp-json\/wp\/v2\/posts\/67252\/revisions\/67254"}],"wp:featuredmedia":[{"embeddable":true,"href":"https:\/\/lasprimeras.com.do\/index.php\/wp-json\/wp\/v2\/media\/67253"}],"wp:attachment":[{"href":"https:\/\/lasprimeras.com.do\/index.php\/wp-json\/wp\/v2\/media?parent=67252"}],"wp:term":[{"taxonomy":"category","embeddable":true,"href":"https:\/\/lasprimeras.com.do\/index.php\/wp-json\/wp\/v2\/categories?post=67252"},{"taxonomy":"post_tag","embeddable":true,"href":"https:\/\/lasprimeras.com.do\/index.php\/wp-json\/wp\/v2\/tags?post=67252"}],"curies":[{"name":"wp","href":"https:\/\/api.w.org\/{rel}","templated":true}]}}