{"id":67419,"date":"2023-11-15T14:41:22","date_gmt":"2023-11-15T18:41:22","guid":{"rendered":"https:\/\/lasprimeras.com.do\/?p=67419"},"modified":"2023-11-15T14:41:23","modified_gmt":"2023-11-15T18:41:23","slug":"inicia-conteo-regresivo-en-las-calles-de-san-salvador-se-respira-miss-universo","status":"publish","type":"post","link":"https:\/\/lasprimeras.com.do\/index.php\/2023\/11\/15\/inicia-conteo-regresivo-en-las-calles-de-san-salvador-se-respira-miss-universo\/","title":{"rendered":"Inicia conteo regresivo: En las calles de San Salvador se respira Miss Universo"},"content":{"rendered":"\n<p>Salvador.-Comienza la cuenta regresiva para el certamen de belleza m\u00e1s esperado del a\u00f1o. En pocos d\u00edas, El Salvador ser\u00e1 sede de la Septuag\u00e9simo Segunda Edici\u00f3n del Miss Universo 2023 y se conocer\u00e1 a la sucesora de la estadounidense R\u2019Bonney Gabriel, quien se coron\u00f3 en 2022.<\/p>\n\n\n\n<p>Mientras llega la esperada noche final, los ciudadanos salvadore\u00f1os muestran su fervor por el evento y su Gobierno los empuja a emocionarse a\u00fan m\u00e1s con la colocaci\u00f3n de grandes vallas publicitarias en las principales avenidas del pa\u00eds.<\/p>\n\n\n\n<p>Desde que el turista, o cualquier ciudadano en general, pisa el Aeropuerto Internacional El Salvador (SAL) se entiende que el territorio es el escenario donde exactamente 85 beldades se disputar\u00e1n la corona. Todos los pasillos anuncian el evento, e incluso hasta en los ba\u00f1os se encuentra publicidad de la gala.<\/p>\n\n\n\n<p>Un equipo de este diario que viaj\u00f3 hasta San Salvador, capital de El Salvador, comprob\u00f3 que la exhaustiva promoci\u00f3n ha copado los \u00e1nimos de la gente. Quienes residen en el pa\u00eds centroamericano conversaron con este medio y contaron un poco de lo que est\u00e1n viviendo.<\/p>\n\n\n\n<p>\u201cAqu\u00ed se respira Miss Universo, m\u00e1s que nada ha sido por la emoci\u00f3n de verlas (a las modelos) pasearse por las calles del pa\u00eds, porque andan visitando zonas y haciendo actividades, entonces cuando uno las mira, aunque no siga ese evento, la emoci\u00f3n de otros es contagiosa\u201d, explic\u00f3 Mara Hern\u00e1ndez, una mujer que haciendo servicios de Uber ha visto a las representantes mundiales de la belleza conocer las calles.<\/p>\n","protected":false},"excerpt":{"rendered":"<p>Salvador.-Comienza la cuenta regresiva para el certamen de belleza m\u00e1s esperado del a\u00f1o. En pocos d\u00edas, El Salvador ser\u00e1 sede de la Septuag\u00e9simo Segunda Edici\u00f3n del Miss Universo 2023 y&hellip;<\/p>\n","protected":false},"author":3,"featured_media":67420,"comment_status":"open","ping_status":"open","sticky":false,"template":"","format":"standard","meta":{"content-type":"","jetpack_post_was_ever_published":false,"_jetpack_newsletter_access":"","_jetpack_dont_email_post_to_subs":false,"_jetpack_newsletter_tier_id":0,"_jetpack_memberships_contains_paywalled_content":false,"_jetpack_memberships_contains_paid_content":false,"footnotes":""},"categories":[84],"tags":[],"class_list":["post-67419","post","type-post","status-publish","format-standard","has-post-thumbnail","hentry","category-entretenimiento"],"jetpack_featured_media_url":"https:\/\/lasprimeras.com.do\/wp-content\/uploads\/2023\/11\/WhatsApp-Image-2023-11-15-at-11.49.55-AM.jpeg","jetpack-related-posts":[{"id":66843,"url":"https:\/\/lasprimeras.com.do\/index.php\/2023\/11\/10\/mariana-downing-promete-sorpresas-en-el-miss-universo\/","url_meta":{"origin":67419,"position":0},"title":"Mariana Downing promete \u201csorpresas\u201d en el Miss Universo","author":"BIMARY DE JES\u00daS Matos","date":"10 de noviembre de 2023","format":false,"excerpt":"Santo Domingo.-Mariana Downing, la candidata de Rep\u00fablica Dominicana para el Miss Universo 2023, est\u00e1 preparada para traer \u201csorpresas\u201d en el certamen de belleza m\u00e1s importante que se realizar\u00e1 el pr\u00f3ximo 18 de noviembre en El Salvador. \u201cEs una sorpresa\u2026\u201d entre ella y el Universo lo que se ver\u00e1 la noche\u2026","rel":"","context":"En \u00abENTRETENIMIENTO\u00bb","block_context":{"text":"ENTRETENIMIENTO","link":"https:\/\/lasprimeras.com.do\/index.php\/category\/entretenimiento\/"},"img":{"alt_text":"","src":"https:\/\/i0.wp.com\/lasprimeras.com.do\/wp-content\/uploads\/2023\/11\/WhatsApp-Image-2023-11-09-at-9.16.24-PM.png?resize=350%2C200&ssl=1","width":350,"height":200,"srcset":"https:\/\/i0.wp.com\/lasprimeras.com.do\/wp-content\/uploads\/2023\/11\/WhatsApp-Image-2023-11-09-at-9.16.24-PM.png?resize=350%2C200&ssl=1 1x, https:\/\/i0.wp.com\/lasprimeras.com.do\/wp-content\/uploads\/2023\/11\/WhatsApp-Image-2023-11-09-at-9.16.24-PM.png?resize=525%2C300&ssl=1 1.5x"},"classes":[]},{"id":59445,"url":"https:\/\/lasprimeras.com.do\/index.php\/2023\/09\/04\/mariana-downing-se-alza-con-la-corona-de-miss-rd-universo-2023\/","url_meta":{"origin":67419,"position":1},"title":"Mariana Downing se alza con la corona de Miss RD Universo 2023","author":"Nelson Feliz","date":"4 de septiembre de 2023","format":false,"excerpt":"-Mariana Downing porta una nueva corona que fue colocada por la reina saliente. -Andreina Mart\u00ednez, quien qued\u00f3 en el pasado Miss Universo como segunda finalista. Mariana Downing, representante de S\u00e1nchez Ram\u00edrez, se coron\u00f3 la noche del domingo como la nueva Miss Rep\u00fablica Dominicana Universo 2023, en un evento celebrado en\u2026","rel":"","context":"En \u00abENTRETENIMIENTO\u00bb","block_context":{"text":"ENTRETENIMIENTO","link":"https:\/\/lasprimeras.com.do\/index.php\/category\/entretenimiento\/"},"img":{"alt_text":"Mariana Downing, representante de S\u00e1nchez Ram\u00edrez","src":"https:\/\/i0.wp.com\/lasprimeras.com.do\/wp-content\/uploads\/2023\/09\/Mariana-Downing-representante-de-Sanchez-Ramirez.jpeg?resize=350%2C200&ssl=1","width":350,"height":200,"srcset":"https:\/\/i0.wp.com\/lasprimeras.com.do\/wp-content\/uploads\/2023\/09\/Mariana-Downing-representante-de-Sanchez-Ramirez.jpeg?resize=350%2C200&ssl=1 1x, https:\/\/i0.wp.com\/lasprimeras.com.do\/wp-content\/uploads\/2023\/09\/Mariana-Downing-representante-de-Sanchez-Ramirez.jpeg?resize=525%2C300&ssl=1 1.5x, https:\/\/i0.wp.com\/lasprimeras.com.do\/wp-content\/uploads\/2023\/09\/Mariana-Downing-representante-de-Sanchez-Ramirez.jpeg?resize=700%2C400&ssl=1 2x"},"classes":[]},{"id":59558,"url":"https:\/\/lasprimeras.com.do\/index.php\/2023\/09\/05\/participantes-del-miss-rd-universo-2023-comparten-sus-sentimientos-en-las-redes\/","url_meta":{"origin":67419,"position":2},"title":"Participantes del Miss RD Universo 2023 comparten sus sentimientos en las redes","author":"Nelson Feliz","date":"5 de septiembre de 2023","format":false,"excerpt":"Mariana Downing, representante de S\u00e1nchez Ram\u00edrez, se coron\u00f3 como Miss RD Universo, y ser\u00e1 la responsable de ir tras la corona del Miss Universo 2023. Desde que finaliz\u00f3 el certamen de belleza, quienes lograron posicionarse en el top 10 y top 5, han estado compartiendo sus reacciones a trav\u00e9s de\u2026","rel":"","context":"En \u00abENTRETENIMIENTO\u00bb","block_context":{"text":"ENTRETENIMIENTO","link":"https:\/\/lasprimeras.com.do\/index.php\/category\/entretenimiento\/"},"img":{"alt_text":"Miss RD universo 2023, Mariana Downing y Miss RD Universo 2022, Andreina Mart\u00ednez","src":"https:\/\/i0.wp.com\/lasprimeras.com.do\/wp-content\/uploads\/2023\/09\/Miss-RD-universo-2023-Mariana-Downing-y-Miss-RD-Universo-2022-Andreina-Martinez.jpg?resize=350%2C200&ssl=1","width":350,"height":200,"srcset":"https:\/\/i0.wp.com\/lasprimeras.com.do\/wp-content\/uploads\/2023\/09\/Miss-RD-universo-2023-Mariana-Downing-y-Miss-RD-Universo-2022-Andreina-Martinez.jpg?resize=350%2C200&ssl=1 1x, https:\/\/i0.wp.com\/lasprimeras.com.do\/wp-content\/uploads\/2023\/09\/Miss-RD-universo-2023-Mariana-Downing-y-Miss-RD-Universo-2022-Andreina-Martinez.jpg?resize=525%2C300&ssl=1 1.5x, https:\/\/i0.wp.com\/lasprimeras.com.do\/wp-content\/uploads\/2023\/09\/Miss-RD-universo-2023-Mariana-Downing-y-Miss-RD-Universo-2022-Andreina-Martinez.jpg?resize=700%2C400&ssl=1 2x"},"classes":[]},{"id":68026,"url":"https:\/\/lasprimeras.com.do\/index.php\/2023\/11\/21\/magali-anuncia-estan-abiertas-inscripciones-del-miss-rd-2024-para-las-chicas-que-quieran-vengarse\/","url_meta":{"origin":67419,"position":3},"title":"Magali anuncia est\u00e1n abiertas inscripciones del Miss RD 2024 para \u201clas chicas que quieran vengarse&#8221;","author":"BIMARY DE JES\u00daS Matos","date":"21 de noviembre de 2023","format":false,"excerpt":"Salvador.-La directora de la franquicia de Miss Rep\u00fablica Dominicana Universo, Magali Febles anunci\u00f3 que est\u00e1n abiertas las inscripciones para todas las \u201cchicas que quieran vengarse con su participaci\u00f3n para traer la corona\u201d. Durante una transmisi\u00f3n en vivo en su cuenta de Instagram, Febles expres\u00f3 que no se arrepiente del trabajo\u2026","rel":"","context":"En \u00abENTRETENIMIENTO\u00bb","block_context":{"text":"ENTRETENIMIENTO","link":"https:\/\/lasprimeras.com.do\/index.php\/category\/entretenimiento\/"},"img":{"alt_text":"","src":"","width":0,"height":0},"classes":[]},{"id":82162,"url":"https:\/\/lasprimeras.com.do\/index.php\/2024\/04\/29\/color-vision-transmitira-la-edicion-68-del-miss-republica-dominicana\/","url_meta":{"origin":67419,"position":4},"title":"Color Visi\u00f3n transmitir\u00e1 la edici\u00f3n 68 del Miss Rep\u00fablica Dominicana","author":"BIMARY DE JES\u00daS Matos","date":"29 de abril de 2024","format":false,"excerpt":"La gerencia de la televisora Color Visi\u00f3n pondr\u00e1 en pantalla la edici\u00f3n n\u00famero 68 del Concurso Nacional de Belleza Miss Rep\u00fablica Dominicana, que se llevar\u00e1 a cabo el pr\u00f3ximo 5 de mayo. La ceremonia tendr\u00e1 lugar en la sala de eventos del centro de convenciones de la plaza Sambil Santo\u2026","rel":"","context":"En \u00abENTRETENIMIENTO\u00bb","block_context":{"text":"ENTRETENIMIENTO","link":"https:\/\/lasprimeras.com.do\/index.php\/category\/entretenimiento\/"},"img":{"alt_text":"","src":"https:\/\/i0.wp.com\/lasprimeras.com.do\/wp-content\/uploads\/2024\/04\/WhatsApp-Image-2024-04-26-at-4.57.10-PM-2-2.webp?resize=350%2C200&ssl=1","width":350,"height":200,"srcset":"https:\/\/i0.wp.com\/lasprimeras.com.do\/wp-content\/uploads\/2024\/04\/WhatsApp-Image-2024-04-26-at-4.57.10-PM-2-2.webp?resize=350%2C200&ssl=1 1x, https:\/\/i0.wp.com\/lasprimeras.com.do\/wp-content\/uploads\/2024\/04\/WhatsApp-Image-2024-04-26-at-4.57.10-PM-2-2.webp?resize=525%2C300&ssl=1 1.5x, https:\/\/i0.wp.com\/lasprimeras.com.do\/wp-content\/uploads\/2024\/04\/WhatsApp-Image-2024-04-26-at-4.57.10-PM-2-2.webp?resize=700%2C400&ssl=1 2x, https:\/\/i0.wp.com\/lasprimeras.com.do\/wp-content\/uploads\/2024\/04\/WhatsApp-Image-2024-04-26-at-4.57.10-PM-2-2.webp?resize=1050%2C600&ssl=1 3x"},"classes":[]},{"id":60125,"url":"https:\/\/lasprimeras.com.do\/index.php\/2023\/09\/11\/cardi-b-sobre-miss-rd-universo-mariana-downing-yo-pienso-que-ella-es-dominicana\/","url_meta":{"origin":67419,"position":5},"title":"Cardi B sobre Miss RD Universo Mariana Downing: \u00abYo pienso que ella es dominicana\u00bb","author":"Nelson Feliz","date":"11 de septiembre de 2023","format":false,"excerpt":"NUEVA YORK.- La rapera de ascendencia dominicana Cardi B asegur\u00f3 en su m\u00e1s reciente entrevista que la nueva Miss RD Universo, Mariana Downing, es dominicana. Durante una entrevista en el programa \u00abEl Vacil\u00f3n de la Ma\u00f1ana\u00bb, Cardi habl\u00f3 sobre distintos temas demostrando siempre estar empapada de lo que ocurre en\u2026","rel":"","context":"En \u00abENTRETENIMIENTO\u00bb","block_context":{"text":"ENTRETENIMIENTO","link":"https:\/\/lasprimeras.com.do\/index.php\/category\/entretenimiento\/"},"img":{"alt_text":"Cardi B","src":"https:\/\/i0.wp.com\/lasprimeras.com.do\/wp-content\/uploads\/2023\/09\/Cardi-B.jpg?resize=350%2C200&ssl=1","width":350,"height":200,"srcset":"https:\/\/i0.wp.com\/lasprimeras.com.do\/wp-content\/uploads\/2023\/09\/Cardi-B.jpg?resize=350%2C200&ssl=1 1x, https:\/\/i0.wp.com\/lasprimeras.com.do\/wp-content\/uploads\/2023\/09\/Cardi-B.jpg?resize=525%2C300&ssl=1 1.5x, https:\/\/i0.wp.com\/lasprimeras.com.do\/wp-content\/uploads\/2023\/09\/Cardi-B.jpg?resize=700%2C400&ssl=1 2x, https:\/\/i0.wp.com\/lasprimeras.com.do\/wp-content\/uploads\/2023\/09\/Cardi-B.jpg?resize=1050%2C600&ssl=1 3x"},"classes":[]}],"jetpack_sharing_enabled":true,"_links":{"self":[{"href":"https:\/\/lasprimeras.com.do\/index.php\/wp-json\/wp\/v2\/posts\/67419","targetHints":{"allow":["GET"]}}],"collection":[{"href":"https:\/\/lasprimeras.com.do\/index.php\/wp-json\/wp\/v2\/posts"}],"about":[{"href":"https:\/\/lasprimeras.com.do\/index.php\/wp-json\/wp\/v2\/types\/post"}],"author":[{"embeddable":true,"href":"https:\/\/lasprimeras.com.do\/index.php\/wp-json\/wp\/v2\/users\/3"}],"replies":[{"embeddable":true,"href":"https:\/\/lasprimeras.com.do\/index.php\/wp-json\/wp\/v2\/comments?post=67419"}],"version-history":[{"count":1,"href":"https:\/\/lasprimeras.com.do\/index.php\/wp-json\/wp\/v2\/posts\/67419\/revisions"}],"predecessor-version":[{"id":67421,"href":"https:\/\/lasprimeras.com.do\/index.php\/wp-json\/wp\/v2\/posts\/67419\/revisions\/67421"}],"wp:featuredmedia":[{"embeddable":true,"href":"https:\/\/lasprimeras.com.do\/index.php\/wp-json\/wp\/v2\/media\/67420"}],"wp:attachment":[{"href":"https:\/\/lasprimeras.com.do\/index.php\/wp-json\/wp\/v2\/media?parent=67419"}],"wp:term":[{"taxonomy":"category","embeddable":true,"href":"https:\/\/lasprimeras.com.do\/index.php\/wp-json\/wp\/v2\/categories?post=67419"},{"taxonomy":"post_tag","embeddable":true,"href":"https:\/\/lasprimeras.com.do\/index.php\/wp-json\/wp\/v2\/tags?post=67419"}],"curies":[{"name":"wp","href":"https:\/\/api.w.org\/{rel}","templated":true}]}}