{"id":67500,"date":"2023-11-16T06:45:37","date_gmt":"2023-11-16T10:45:37","guid":{"rendered":"https:\/\/lasprimeras.com.do\/?p=67500"},"modified":"2023-11-16T06:45:38","modified_gmt":"2023-11-16T10:45:38","slug":"fellito-el-prm-ganara-la-capital-en-todos-los-niveles","status":"publish","type":"post","link":"https:\/\/lasprimeras.com.do\/index.php\/2023\/11\/16\/fellito-el-prm-ganara-la-capital-en-todos-los-niveles\/","title":{"rendered":"Fellito: \u201cEl PRM ganar\u00e1 la capital en todos los niveles\u201d"},"content":{"rendered":"\n<p>Santo Domingo.-El presidente del Partido Revolucionario Moderno (PRM) en la capital, Felipe (Fellito) Suberv\u00ed, afirm\u00f3 que esa organizaci\u00f3n ganar\u00e1 las elecciones en el Distrito Nacional en la senadur\u00eda, alcald\u00eda y la presidencia en primera vuelta.<\/p>\n\n\n\n<p>El dirigente pol\u00edtico asegur\u00f3 que la capital es la demarcaci\u00f3n en la que el PRM est\u00e1 mejor posicionado con un 48% como partido pol\u00edtico y que el presidente Luis Abinader est\u00e1 muy por encima de las simpat\u00edas partidarias. Sobre el caso de la senadur\u00eda que sigue indefinida sobre qui\u00e9n encabezar\u00e1 la boleta, expres\u00f3 que una comisi\u00f3n de la Direcci\u00f3n Ejecutiva fue apoderada para definir el tema que est\u00e1 en reserva.<\/p>\n\n\n\n<p>Sin embargo, expuso que en lo personal se inclina por la actual senadora, Faride Raful. \u201cEl PRM donde mejor posicionada est\u00e1 como partido, del pa\u00eds entero, es en la capital, el PRM, solo sin aliados y sin nadie, tiene 48%; digo los n\u00fameros como son\u201d, afirm\u00f3.<\/p>\n\n\n\n<p>Agreg\u00f3 que la ola de buena imagen del gobierno y el presidente influir\u00e1 positivamente para que ese partido obtenga la victoria y ampl\u00ede su control en el congreso y los municipios.<\/p>\n\n\n\n<p>\u201cEn el caso de Faride es que estaba muy alta y ahora est\u00e1 en n\u00fameros buenos; pero s\u00e9 que con Faride podemos retener la senadur\u00eda porque a\u00fan junt\u00e1ndose los dos no llegan al porcentaje; estoy hablando como partido, a cualquier que lleven por el PRM va a sacar un 48%\u201d, apunt\u00f3 el dirigente del PRM.<\/p>\n\n\n\n<p>Sobre las alianzas dijo que el PRM encabeza la coalici\u00f3n m\u00e1s amplia porque nunca ning\u00fan partido hab\u00eda llevado 21 partidos aliados.<\/p>\n\n\n\n<p>\u201cA pesar de que vamos aumentar el n\u00famero de senadores, de diputados y alcaldes, no con eso estoy diciendo que febrero es la garant\u00eda de mayo; febrero marca mayo, eso no es verdad y ah\u00ed est\u00e1n los ejemplos hist\u00f3ricos, Abel gan\u00f3 en Santiago las elecciones pasadas y Luis Abinader sac\u00f3 61% en Santiago; y Barahona tambi\u00e9n est\u00e1 ah\u00ed, gan\u00f3 Tavito Suberv\u00ed y en la presidenciales gan\u00f3 Gonzalo Castillo; el PRM gan\u00f3 la sindicatura y Luis Abinader sac\u00f3 entre un 35% y 38% y Gonzalo sac\u00f3 un 50 y pico por ciento\u201d, refiri\u00f3 Suberv\u00ed.<\/p>\n\n\n\n<p>Al participar en la entrevista especial de elCaribe y CDN, Suberv\u00ed sostuvo que la alianza de la oposici\u00f3n no le preocupa porque en algunos casos siquiera candidatos tienen.<\/p>\n\n\n\n<p>\u201cLa mayor\u00eda de los s\u00edndicos pasaron a apoyar al gobierno y al PRM; hay dos que eran lo mismo y hay un reencuentro y hay uno del que queda muy poca cosa, no es lo que era\u201d, apunt\u00f3 el dirigente del PRM al reflexionar sobre el contexto pol\u00edtico generada luego de la alianza opositora.<\/p>\n","protected":false},"excerpt":{"rendered":"<p>Santo Domingo.-El presidente del Partido Revolucionario Moderno (PRM) en la capital, Felipe (Fellito) Suberv\u00ed, afirm\u00f3 que esa organizaci\u00f3n ganar\u00e1 las elecciones en el Distrito Nacional en la senadur\u00eda, alcald\u00eda y&hellip;<\/p>\n","protected":false},"author":3,"featured_media":67501,"comment_status":"open","ping_status":"open","sticky":false,"template":"","format":"standard","meta":{"content-type":"","jetpack_post_was_ever_published":false,"_jetpack_newsletter_access":"","_jetpack_dont_email_post_to_subs":false,"_jetpack_newsletter_tier_id":0,"_jetpack_memberships_contains_paywalled_content":false,"_jetpack_memberships_contains_paid_content":false,"footnotes":""},"categories":[1],"tags":[2009],"class_list":["post-67500","post","type-post","status-publish","format-standard","has-post-thumbnail","hentry","category-sin-categoria","tag-fellito-subervi-2"],"jetpack_featured_media_url":"https:\/\/lasprimeras.com.do\/wp-content\/uploads\/2023\/11\/Portada-Pagina-WEB-2-8-750x375-7.jpg","jetpack-related-posts":[{"id":125393,"url":"https:\/\/lasprimeras.com.do\/index.php\/2026\/03\/22\/felipe-subervien-el-prm-hay-grandes-hombres-y-mujeres-y-la-mejor-es-carolina-mejia\/","url_meta":{"origin":67500,"position":0},"title":"Felipe Suberv\u00ed:En el PRM hay grandes hombres y mujeres y la mejor es Carolina Mej\u00eda","author":"Nelson Feliz","date":"22 de marzo de 2026","format":false,"excerpt":"El presidente del PRM en la capital resalta liderazgo probado de la alcaldesa del Distrito Nacional y afirma que Carolina est\u00e1 lista para llevar el proyecto del cambio a su siguiente nivel El presidente del Partido Revolucionario Moderno (PRM) en la capital, Felipe -Fellito- Suberv\u00ed, asegur\u00f3 que en esa organizaci\u00f3n\u2026","rel":"","context":"En \u00abPOLITICA\u00bb","block_context":{"text":"POLITICA","link":"https:\/\/lasprimeras.com.do\/index.php\/category\/politica\/"},"img":{"alt_text":"","src":"https:\/\/i0.wp.com\/lasprimeras.com.do\/wp-content\/uploads\/2026\/03\/Fellito-Subervi.jpg?resize=350%2C200&ssl=1","width":350,"height":200,"srcset":"https:\/\/i0.wp.com\/lasprimeras.com.do\/wp-content\/uploads\/2026\/03\/Fellito-Subervi.jpg?resize=350%2C200&ssl=1 1x, https:\/\/i0.wp.com\/lasprimeras.com.do\/wp-content\/uploads\/2026\/03\/Fellito-Subervi.jpg?resize=525%2C300&ssl=1 1.5x, https:\/\/i0.wp.com\/lasprimeras.com.do\/wp-content\/uploads\/2026\/03\/Fellito-Subervi.jpg?resize=700%2C400&ssl=1 2x"},"classes":[]},{"id":80437,"url":"https:\/\/lasprimeras.com.do\/index.php\/2024\/04\/08\/fellito-subervi-asegura-que-toda-aspiracion-del-28-puede-atentar-contra-la-unidad-del-prm\/","url_meta":{"origin":67500,"position":1},"title":"Fellito Suberv\u00ed asegura que toda aspiraci\u00f3n del 28 puede atentar contra la unidad del PRM","author":"BIMARY DE JES\u00daS Matos","date":"8 de abril de 2024","format":false,"excerpt":"Santo Domingo. - El presidente del Partido Revolucionario Moderno, (PRM) en el Distrito Nacional, Fellito Suberv\u00ed, asegur\u00f3 que la \u00fanica prioridad de los l\u00edderes de esa organizaci\u00f3n pol\u00edtica debe ser alcanzar el m\u00e1ximo objetivo electoral en mayo con m\u00e1s del 60% de los votos en favor del presidente Luis Abinader.\u2026","rel":"","context":"En \u00abNACIONALES\u00bb","block_context":{"text":"NACIONALES","link":"https:\/\/lasprimeras.com.do\/index.php\/category\/nacionales\/"},"img":{"alt_text":"","src":"https:\/\/i0.wp.com\/lasprimeras.com.do\/wp-content\/uploads\/2024\/04\/IMG-20240408-WA0036.jpg?resize=350%2C200&ssl=1","width":350,"height":200,"srcset":"https:\/\/i0.wp.com\/lasprimeras.com.do\/wp-content\/uploads\/2024\/04\/IMG-20240408-WA0036.jpg?resize=350%2C200&ssl=1 1x, https:\/\/i0.wp.com\/lasprimeras.com.do\/wp-content\/uploads\/2024\/04\/IMG-20240408-WA0036.jpg?resize=525%2C300&ssl=1 1.5x, https:\/\/i0.wp.com\/lasprimeras.com.do\/wp-content\/uploads\/2024\/04\/IMG-20240408-WA0036.jpg?resize=700%2C400&ssl=1 2x, https:\/\/i0.wp.com\/lasprimeras.com.do\/wp-content\/uploads\/2024\/04\/IMG-20240408-WA0036.jpg?resize=1050%2C600&ssl=1 3x"},"classes":[]},{"id":99170,"url":"https:\/\/lasprimeras.com.do\/index.php\/2025\/05\/18\/fellito-subervi-encabeza-toda-la-maquinaria-del-prm-en-el-gsd-en-apoyo-a-carolina-mejia\/","url_meta":{"origin":67500,"position":2},"title":"Fellito Suberv\u00ed encabeza toda la maquinaria del PRM en el GSD en apoyo a Carolina Mej\u00eda","author":"Nelson Feliz","date":"18 de mayo de 2025","format":false,"excerpt":"El proyecto presidencial de Carolina Mej\u00eda consolid\u00f3 este domingo el respaldo del mayor equipo del Partido Revolucionario Moderno (PRM) en el Gran Santo Domingo, integrando a Fellito Suberv\u00ed y Radham\u00e9s Gonz\u00e1lez, l\u00edderes de esa organizaci\u00f3n pol\u00edtica en la capital y Santo Domingo Oeste, respectivamente. Con estas dos estructuras pol\u00edticas, la\u2026","rel":"","context":"En \u00abPOLITICA\u00bb","block_context":{"text":"POLITICA","link":"https:\/\/lasprimeras.com.do\/index.php\/category\/politica\/"},"img":{"alt_text":"Fellito Suberv\u00ed","src":"https:\/\/i0.wp.com\/lasprimeras.com.do\/wp-content\/uploads\/2025\/05\/Fellito-Subervi.jpg?resize=350%2C200&ssl=1","width":350,"height":200,"srcset":"https:\/\/i0.wp.com\/lasprimeras.com.do\/wp-content\/uploads\/2025\/05\/Fellito-Subervi.jpg?resize=350%2C200&ssl=1 1x, https:\/\/i0.wp.com\/lasprimeras.com.do\/wp-content\/uploads\/2025\/05\/Fellito-Subervi.jpg?resize=525%2C300&ssl=1 1.5x, https:\/\/i0.wp.com\/lasprimeras.com.do\/wp-content\/uploads\/2025\/05\/Fellito-Subervi.jpg?resize=700%2C400&ssl=1 2x"},"classes":[]},{"id":90732,"url":"https:\/\/lasprimeras.com.do\/index.php\/2024\/10\/27\/fellito-subervi-abinader-es-un-ejemplo-para-todos-los-que-quieren-ser-presidentes\/","url_meta":{"origin":67500,"position":3},"title":"Fellito Suberv\u00ed: \u201cAbinader es un ejemplo para todos los que quieren ser presidentes\u201d","author":"Nelson Feliz","date":"27 de octubre de 2024","format":false,"excerpt":"El presidente del Partido Revolucionario Moderno (PRM) en el Distrito Nacional, Fellito Suberv\u00ed, calific\u00f3 como un hecho in\u00e9dito que una organizaci\u00f3n pol\u00edtica y presidente de la Rep\u00fablica utilicen su mayor\u00eda en los poderes legislativo y ejecutivo para fortalecer el sistema democr\u00e1tico y los derechos del pueblo para \u201cdesterrar las malas\u2026","rel":"","context":"En \u00abPORTADA\u00bb","block_context":{"text":"PORTADA","link":"https:\/\/lasprimeras.com.do\/index.php\/category\/portada\/"},"img":{"alt_text":"Fellito Suberv\u00ed","src":"https:\/\/i0.wp.com\/lasprimeras.com.do\/wp-content\/uploads\/2024\/10\/Fellito-Subervi-6.jpg?resize=350%2C200&ssl=1","width":350,"height":200,"srcset":"https:\/\/i0.wp.com\/lasprimeras.com.do\/wp-content\/uploads\/2024\/10\/Fellito-Subervi-6.jpg?resize=350%2C200&ssl=1 1x, https:\/\/i0.wp.com\/lasprimeras.com.do\/wp-content\/uploads\/2024\/10\/Fellito-Subervi-6.jpg?resize=525%2C300&ssl=1 1.5x, https:\/\/i0.wp.com\/lasprimeras.com.do\/wp-content\/uploads\/2024\/10\/Fellito-Subervi-6.jpg?resize=700%2C400&ssl=1 2x"},"classes":[]},{"id":83562,"url":"https:\/\/lasprimeras.com.do\/index.php\/2024\/05\/19\/fellito-subervi-llama-a-los-dominicanos-a-votar-para-seguir-construyendo-el-pais-que-queremos\/","url_meta":{"origin":67500,"position":4},"title":"Fellito Suberv\u00ed llama a los dominicanos a votar para &#8220;seguir construyendo el pa\u00eds que queremos&#8221;","author":"Nelson Feliz","date":"19 de mayo de 2024","format":false,"excerpt":"El presidente del Partido Revolucionario Moderno (PRM) en el Distrito Nacional, Fellito Suberv\u00ed, llam\u00f3 los dominicanos a votar y cumplir con el reglamento de la Junta Central Electoral (JCE) para seguir construyendo el pa\u00eds \"que queremos\". Fellito es uno de los primeros miembros de esa organizaci\u00f3n pol\u00edtica que ejercicio su\u2026","rel":"","context":"En \u00abNACIONALES\u00bb","block_context":{"text":"NACIONALES","link":"https:\/\/lasprimeras.com.do\/index.php\/category\/nacionales\/"},"img":{"alt_text":"Fellito Suberv\u00ed","src":"https:\/\/i0.wp.com\/lasprimeras.com.do\/wp-content\/uploads\/2024\/05\/Fellito-Subervi.jpg?resize=350%2C200&ssl=1","width":350,"height":200,"srcset":"https:\/\/i0.wp.com\/lasprimeras.com.do\/wp-content\/uploads\/2024\/05\/Fellito-Subervi.jpg?resize=350%2C200&ssl=1 1x, https:\/\/i0.wp.com\/lasprimeras.com.do\/wp-content\/uploads\/2024\/05\/Fellito-Subervi.jpg?resize=525%2C300&ssl=1 1.5x, https:\/\/i0.wp.com\/lasprimeras.com.do\/wp-content\/uploads\/2024\/05\/Fellito-Subervi.jpg?resize=700%2C400&ssl=1 2x"},"classes":[]},{"id":50461,"url":"https:\/\/lasprimeras.com.do\/index.php\/2023\/05\/21\/fellito-subervi-dice-ha-modernizado-la-caasd-y-ha-nombrado-90-de-los-companeros-del-prm\/","url_meta":{"origin":67500,"position":5},"title":"Fellito Subervi dice ha modernizado la CAASD y ha nombrado 90% de los compa\u00f1eros del PRM","author":"prenxa100","date":"21 de mayo de 2023","format":false,"excerpt":"Santo Domingo.-. El director general de la Corporaci\u00f3n del Acueducto y Alcantarillado de Santo Domingo (CAASD), Felipe Suberv\u00ed- Fellito- resalt\u00f3 que ha convertido la instituci\u00f3n en un antes y un despu\u00e9s, un organismo moderno, eficiente y transparente que ha mejorado la calidad de vida del Gran Santo Domingo y el\u2026","rel":"","context":"En \u00abNACIONALES\u00bb","block_context":{"text":"NACIONALES","link":"https:\/\/lasprimeras.com.do\/index.php\/category\/nacionales\/"},"img":{"alt_text":"","src":"","width":0,"height":0},"classes":[]}],"jetpack_sharing_enabled":true,"_links":{"self":[{"href":"https:\/\/lasprimeras.com.do\/index.php\/wp-json\/wp\/v2\/posts\/67500","targetHints":{"allow":["GET"]}}],"collection":[{"href":"https:\/\/lasprimeras.com.do\/index.php\/wp-json\/wp\/v2\/posts"}],"about":[{"href":"https:\/\/lasprimeras.com.do\/index.php\/wp-json\/wp\/v2\/types\/post"}],"author":[{"embeddable":true,"href":"https:\/\/lasprimeras.com.do\/index.php\/wp-json\/wp\/v2\/users\/3"}],"replies":[{"embeddable":true,"href":"https:\/\/lasprimeras.com.do\/index.php\/wp-json\/wp\/v2\/comments?post=67500"}],"version-history":[{"count":1,"href":"https:\/\/lasprimeras.com.do\/index.php\/wp-json\/wp\/v2\/posts\/67500\/revisions"}],"predecessor-version":[{"id":67502,"href":"https:\/\/lasprimeras.com.do\/index.php\/wp-json\/wp\/v2\/posts\/67500\/revisions\/67502"}],"wp:featuredmedia":[{"embeddable":true,"href":"https:\/\/lasprimeras.com.do\/index.php\/wp-json\/wp\/v2\/media\/67501"}],"wp:attachment":[{"href":"https:\/\/lasprimeras.com.do\/index.php\/wp-json\/wp\/v2\/media?parent=67500"}],"wp:term":[{"taxonomy":"category","embeddable":true,"href":"https:\/\/lasprimeras.com.do\/index.php\/wp-json\/wp\/v2\/categories?post=67500"},{"taxonomy":"post_tag","embeddable":true,"href":"https:\/\/lasprimeras.com.do\/index.php\/wp-json\/wp\/v2\/tags?post=67500"}],"curies":[{"name":"wp","href":"https:\/\/api.w.org\/{rel}","templated":true}]}}