{"id":67506,"date":"2023-11-16T06:48:54","date_gmt":"2023-11-16T10:48:54","guid":{"rendered":"https:\/\/lasprimeras.com.do\/?p=67506"},"modified":"2023-11-16T06:48:55","modified_gmt":"2023-11-16T10:48:55","slug":"biden-y-xi-abogan-por-reducir-tensiones-en-cumbre-de-ee-uu","status":"publish","type":"post","link":"https:\/\/lasprimeras.com.do\/index.php\/2023\/11\/16\/biden-y-xi-abogan-por-reducir-tensiones-en-cumbre-de-ee-uu\/","title":{"rendered":"Biden y Xi abogan por reducir tensiones en cumbre de EE.UU."},"content":{"rendered":"\n<p>CALIFORNIA.- Los presidentes Joe Biden y Xi Jinping estrecharon las manos en California este mi\u00e9rcoles y abogaron por reducir las tensiones entre las dos potencias mundiales en su primer encuentro en un a\u00f1o.<\/p>\n\n\n\n<p>Un sonriente Biden salud\u00f3 a Xi luego de que el l\u00edder chino se baj\u00f3 de una limusina negra en el opulento Jard\u00edn Filoli en California, a menos de 50 kil\u00f3metros de San Francisco.<\/p>\n\n\n\n<p>La conversaci\u00f3n, que se produce al margen de la cumbre anual del Foro de Cooperaci\u00f3n Econ\u00f3mica Asia-Pac\u00edfico (APEC), es un intento de moderar el tono de ambas potencias en temas como Taiw\u00e1n, sanciones e intercambio comercial.<\/p>\n\n\n\n<p>Los dos l\u00edderes se encontraron en persona por \u00faltima vez en Bali en noviembre de 2022, y las relaciones se enfriaron luego de que Estados Unidos derribara un supuesto globo esp\u00eda de origen chino en febrero.<\/p>\n\n\n\n<p>Los mandatarios iniciaron a puerta cerrada su reuni\u00f3n que incluir\u00e1 un almuerzo de trabajo.<\/p>\n\n\n\n<p>Biden dar\u00e1 una rueda de prensa en solitario prevista a las 16:15 (00H15GMT) para anunciar los resultados de la cumbre, inform\u00f3 la Casa Blanca.<\/p>\n\n\n\n<p>Un acercamiento entre Pek\u00edn y Washington podr\u00eda tambi\u00e9n beneficiar conflictos armados, como el de Israel y Ham\u00e1s.<\/p>\n\n\n\n<p>Biden insisti\u00f3 en remarcar en v\u00edsperas de la cumbre que Estados Unidos no trata \u00abde separarse de China\u00bb, sino de \u00abcambiar la relaci\u00f3n para mejor\u00bb.<\/p>\n\n\n\n<p>Dijo que quer\u00eda \u00abvolver a un ritmo normal de correspondencia, pudiendo atender el tel\u00e9fono y hablar si hay una crisis\u00bb.<\/p>\n\n\n\n<p>China ha puntualizado que Xi y Biden discutir\u00e1n \u00abpaz mundial y desarrollo\u00bb, y a\u00f1adi\u00f3 que no \u00abten\u00eda miedo de la competencia\u00bb.<\/p>\n\n\n\n<p>Desde Mosc\u00fa, el Kremlin consider\u00f3 este mi\u00e9rcoles que era \u00abimportante\u00bb este encuentro entre Biden y Xi.<\/p>\n\n\n\n<p>\u00abCada reuni\u00f3n entre representantes de las dos econom\u00edas m\u00e1s grandes del planeta es importante para todos\u00bb, dijo Dmitry Peskov, portavoz del presidente ruso, Vladimir Putin.<\/p>\n","protected":false},"excerpt":{"rendered":"<p>CALIFORNIA.- Los presidentes Joe Biden y Xi Jinping estrecharon las manos en California este mi\u00e9rcoles y abogaron por reducir las tensiones entre las dos potencias mundiales en su primer encuentro&hellip;<\/p>\n","protected":false},"author":3,"featured_media":67507,"comment_status":"open","ping_status":"open","sticky":false,"template":"","format":"standard","meta":{"content-type":"","jetpack_post_was_ever_published":false,"_jetpack_newsletter_access":"","_jetpack_dont_email_post_to_subs":false,"_jetpack_newsletter_tier_id":0,"_jetpack_memberships_contains_paywalled_content":false,"_jetpack_memberships_contains_paid_content":false,"footnotes":""},"categories":[1],"tags":[1343],"class_list":["post-67506","post","type-post","status-publish","format-standard","has-post-thumbnail","hentry","category-sin-categoria","tag-joe-biden"],"jetpack_featured_media_url":"https:\/\/lasprimeras.com.do\/wp-content\/uploads\/2023\/11\/Portada-Pagina-WEB-2-8-750x375-9.jpg","jetpack-related-posts":[{"id":67568,"url":"https:\/\/lasprimeras.com.do\/index.php\/2023\/11\/16\/china-esta-lista-para-ser-socio-y-amigo-de-eeuu-afirma-xi\/","url_meta":{"origin":67506,"position":0},"title":"China est\u00e1 lista para ser &#8220;socio y amigo&#8221; de EEUU, afirma Xi","author":"Nelson Feliz","date":"16 de noviembre de 2023","format":false,"excerpt":"China est\u00e1 \"lista para ser un socio y amigo de Estados Unidos\", dijo el presidente Xi Jinping a empresarios estadounidenses en San Francisco, en un contexto de preocupaci\u00f3n por la desaceleraci\u00f3n de su econom\u00eda. Si un pa\u00eds ve al otro como un competidor principal y un desaf\u00edo geopol\u00edtico, \"esto solo\u2026","rel":"","context":"En \u00abSin categor\u00eda\u00bb","block_context":{"text":"Sin categor\u00eda","link":"https:\/\/lasprimeras.com.do\/index.php\/category\/sin-categoria\/"},"img":{"alt_text":"El presidente de Estados Unidos, Joe Biden, camina junto al presidente chino Xi Jinping .(Photo Brendan SMIALOWSKIAFP","src":"https:\/\/i0.wp.com\/lasprimeras.com.do\/wp-content\/uploads\/2023\/11\/Joe-Biden-y-Xi-Jinping.jpeg?resize=350%2C200&ssl=1","width":350,"height":200,"srcset":"https:\/\/i0.wp.com\/lasprimeras.com.do\/wp-content\/uploads\/2023\/11\/Joe-Biden-y-Xi-Jinping.jpeg?resize=350%2C200&ssl=1 1x, https:\/\/i0.wp.com\/lasprimeras.com.do\/wp-content\/uploads\/2023\/11\/Joe-Biden-y-Xi-Jinping.jpeg?resize=525%2C300&ssl=1 1.5x, https:\/\/i0.wp.com\/lasprimeras.com.do\/wp-content\/uploads\/2023\/11\/Joe-Biden-y-Xi-Jinping.jpeg?resize=700%2C400&ssl=1 2x"},"classes":[]},{"id":67542,"url":"https:\/\/lasprimeras.com.do\/index.php\/2023\/11\/16\/biden-llama-dictador-a-xi-tras-su-reunion-en-san-francisco\/","url_meta":{"origin":67506,"position":1},"title":"Biden llama dictador a Xi tras su reuni\u00f3n en San Francisco","author":"Nelson Feliz","date":"16 de noviembre de 2023","format":false,"excerpt":"Al mismo tiempo, calific\u00f3 el encuentro como uno de las m\u00e1s constructivos y productivos, afirmando que se lograron \"progresos reales\" en las relaciones entre ambos pa\u00edses. El presidente de EE.UU., Joe Biden, dio una conferencia de prensa tras su reuni\u00f3n con el l\u00edder chino, Xi Jinping, quien lleg\u00f3 a la\u2026","rel":"","context":"En \u00abSin categor\u00eda\u00bb","block_context":{"text":"Sin categor\u00eda","link":"https:\/\/lasprimeras.com.do\/index.php\/category\/sin-categoria\/"},"img":{"alt_text":"Joe Biden","src":"https:\/\/i0.wp.com\/lasprimeras.com.do\/wp-content\/uploads\/2023\/08\/Joe-Biden-1.jpg?resize=350%2C200&ssl=1","width":350,"height":200,"srcset":"https:\/\/i0.wp.com\/lasprimeras.com.do\/wp-content\/uploads\/2023\/08\/Joe-Biden-1.jpg?resize=350%2C200&ssl=1 1x, https:\/\/i0.wp.com\/lasprimeras.com.do\/wp-content\/uploads\/2023\/08\/Joe-Biden-1.jpg?resize=525%2C300&ssl=1 1.5x, https:\/\/i0.wp.com\/lasprimeras.com.do\/wp-content\/uploads\/2023\/08\/Joe-Biden-1.jpg?resize=700%2C400&ssl=1 2x"},"classes":[]},{"id":67544,"url":"https:\/\/lasprimeras.com.do\/index.php\/2023\/11\/16\/xi-jinping-china-no-librara-una-guerra-fria-o-una-guerra-caliente-con-nadie\/","url_meta":{"origin":67506,"position":2},"title":"Xi Jinping: &#8220;China no librar\u00e1 una guerra fr\u00eda o una guerra caliente con nadie&#8221;","author":"Nelson Feliz","date":"16 de noviembre de 2023","format":false,"excerpt":"El presidente chino hizo las declaraciones tras reunirse con Joe Biden en San Francisco en el marco de la cumbre del Foro de Cooperaci\u00f3n Econ\u00f3mica Asia-Pac\u00edfico (APEC). China no busca la hegemon\u00eda mundial y no planea librar ninguna guerra con nadie, afirm\u00f3 el presidente chino, Xi Jinping, este 15 de\u2026","rel":"","context":"En \u00abSin categor\u00eda\u00bb","block_context":{"text":"Sin categor\u00eda","link":"https:\/\/lasprimeras.com.do\/index.php\/category\/sin-categoria\/"},"img":{"alt_text":"Xi Jinping","src":"https:\/\/i0.wp.com\/lasprimeras.com.do\/wp-content\/uploads\/2023\/11\/Xi-Jinping.jpg?resize=350%2C200&ssl=1","width":350,"height":200,"srcset":"https:\/\/i0.wp.com\/lasprimeras.com.do\/wp-content\/uploads\/2023\/11\/Xi-Jinping.jpg?resize=350%2C200&ssl=1 1x, https:\/\/i0.wp.com\/lasprimeras.com.do\/wp-content\/uploads\/2023\/11\/Xi-Jinping.jpg?resize=525%2C300&ssl=1 1.5x, https:\/\/i0.wp.com\/lasprimeras.com.do\/wp-content\/uploads\/2023\/11\/Xi-Jinping.jpg?resize=700%2C400&ssl=1 2x"},"classes":[]},{"id":59842,"url":"https:\/\/lasprimeras.com.do\/index.php\/2023\/09\/08\/biden-y-modi-buscan-estrechar-los-lazos-entre-estados-unidos-e-india-a-medida-que-aumentan-las-preocupaciones-sobre-china\/","url_meta":{"origin":67506,"position":3},"title":"Biden y Modi buscan estrechar los lazos entre Estados Unidos e India a medida que aumentan las preocupaciones sobre China","author":"Nelson Feliz","date":"8 de septiembre de 2023","format":false,"excerpt":"POR AAMER MADHANI Y JOSH BOAK NUEVA DELHI (AP) \u2014 El presidente Joe Biden y el primer ministro Narendra Modi ciertamente est\u00e1n dedicando tiempo a cultivar su relaci\u00f3n. Menos de tres meses despu\u00e9s de honrar a Modi con una visita de Estado a la Casa Blanca, Biden llegar\u00e1 a Nueva\u2026","rel":"","context":"En \u00abSin categor\u00eda\u00bb","block_context":{"text":"Sin categor\u00eda","link":"https:\/\/lasprimeras.com.do\/index.php\/category\/sin-categoria\/"},"img":{"alt_text":"Joe Biden y Narendra Modi","src":"https:\/\/i0.wp.com\/lasprimeras.com.do\/wp-content\/uploads\/2023\/09\/Joe-Biden-y-Narendra-Modi.jpg?resize=350%2C200&ssl=1","width":350,"height":200,"srcset":"https:\/\/i0.wp.com\/lasprimeras.com.do\/wp-content\/uploads\/2023\/09\/Joe-Biden-y-Narendra-Modi.jpg?resize=350%2C200&ssl=1 1x, https:\/\/i0.wp.com\/lasprimeras.com.do\/wp-content\/uploads\/2023\/09\/Joe-Biden-y-Narendra-Modi.jpg?resize=525%2C300&ssl=1 1.5x, https:\/\/i0.wp.com\/lasprimeras.com.do\/wp-content\/uploads\/2023\/09\/Joe-Biden-y-Narendra-Modi.jpg?resize=700%2C400&ssl=1 2x"},"classes":[]},{"id":67663,"url":"https:\/\/lasprimeras.com.do\/index.php\/2023\/11\/17\/eu-onu-celebra-reunion-entre-xi-y-biden-espera-dialogo-continue\/","url_meta":{"origin":67506,"position":4},"title":"EU: ONU celebra reuni\u00f3n entre Xi y Biden; espera di\u00e1logo contin\u00fae","author":"BIMARY DE JES\u00daS Matos","date":"17 de noviembre de 2023","format":false,"excerpt":"WASHINGTON.- Naciones Unidas ha celebrado la reuni\u00f3n entre el presidente chino, Xi Jinping, y su hom\u00f3logo estadounidense, Joe Biden, mostrando su esperanza de que \u00abeste importante di\u00e1logo contin\u00fae\u00bb en el tiempo. \u00abNos alegramos mucho de que se celebrara la reuni\u00f3n. Sabemos que se avanz\u00f3 en una serie de cuestiones importantes\u2026","rel":"","context":"En \u00abSin categor\u00eda\u00bb","block_context":{"text":"Sin categor\u00eda","link":"https:\/\/lasprimeras.com.do\/index.php\/category\/sin-categoria\/"},"img":{"alt_text":"","src":"https:\/\/i0.wp.com\/lasprimeras.com.do\/wp-content\/uploads\/2023\/11\/valentin-34.jpg?resize=350%2C200&ssl=1","width":350,"height":200,"srcset":"https:\/\/i0.wp.com\/lasprimeras.com.do\/wp-content\/uploads\/2023\/11\/valentin-34.jpg?resize=350%2C200&ssl=1 1x, https:\/\/i0.wp.com\/lasprimeras.com.do\/wp-content\/uploads\/2023\/11\/valentin-34.jpg?resize=525%2C300&ssl=1 1.5x"},"classes":[]},{"id":91018,"url":"https:\/\/lasprimeras.com.do\/index.php\/2024\/11\/07\/xi-jinping-confirma-ira-a-la-cumbre-de-la-apec-en-peru-y-a-la-del-g20-en-brasil\/","url_meta":{"origin":67506,"position":5},"title":"Xi Jinping confirma ir\u00e1 a la cumbre de la APEC en Per\u00fa y a la del G20 en Brasil","author":"Nelson Feliz","date":"7 de noviembre de 2024","format":false,"excerpt":"Pek\u00edn, (EFE).- El presidente chino, Xi Jinping, asistir\u00e1 a la cumbre de l\u00edderes del Foro de Cooperaci\u00f3n Econ\u00f3mica de Asia Pac\u00edfico (APEC), que se celebrar\u00e1 del 10 al 16 de noviembre en Per\u00fa, y posteriormente viajar\u00e1 a Brasil para la del G20, que tendr\u00e1 lugar en Rio de Janeiro los\u2026","rel":"","context":"En \u00abINTERNACIONALES\u00bb","block_context":{"text":"INTERNACIONALES","link":"https:\/\/lasprimeras.com.do\/index.php\/category\/sin-categoria\/internacionales\/"},"img":{"alt_text":"Xi Jinping","src":"https:\/\/i0.wp.com\/lasprimeras.com.do\/wp-content\/uploads\/2024\/11\/Xi-Jinping.jpg?resize=350%2C200&ssl=1","width":350,"height":200,"srcset":"https:\/\/i0.wp.com\/lasprimeras.com.do\/wp-content\/uploads\/2024\/11\/Xi-Jinping.jpg?resize=350%2C200&ssl=1 1x, https:\/\/i0.wp.com\/lasprimeras.com.do\/wp-content\/uploads\/2024\/11\/Xi-Jinping.jpg?resize=525%2C300&ssl=1 1.5x, https:\/\/i0.wp.com\/lasprimeras.com.do\/wp-content\/uploads\/2024\/11\/Xi-Jinping.jpg?resize=700%2C400&ssl=1 2x"},"classes":[]}],"jetpack_sharing_enabled":true,"_links":{"self":[{"href":"https:\/\/lasprimeras.com.do\/index.php\/wp-json\/wp\/v2\/posts\/67506","targetHints":{"allow":["GET"]}}],"collection":[{"href":"https:\/\/lasprimeras.com.do\/index.php\/wp-json\/wp\/v2\/posts"}],"about":[{"href":"https:\/\/lasprimeras.com.do\/index.php\/wp-json\/wp\/v2\/types\/post"}],"author":[{"embeddable":true,"href":"https:\/\/lasprimeras.com.do\/index.php\/wp-json\/wp\/v2\/users\/3"}],"replies":[{"embeddable":true,"href":"https:\/\/lasprimeras.com.do\/index.php\/wp-json\/wp\/v2\/comments?post=67506"}],"version-history":[{"count":1,"href":"https:\/\/lasprimeras.com.do\/index.php\/wp-json\/wp\/v2\/posts\/67506\/revisions"}],"predecessor-version":[{"id":67508,"href":"https:\/\/lasprimeras.com.do\/index.php\/wp-json\/wp\/v2\/posts\/67506\/revisions\/67508"}],"wp:featuredmedia":[{"embeddable":true,"href":"https:\/\/lasprimeras.com.do\/index.php\/wp-json\/wp\/v2\/media\/67507"}],"wp:attachment":[{"href":"https:\/\/lasprimeras.com.do\/index.php\/wp-json\/wp\/v2\/media?parent=67506"}],"wp:term":[{"taxonomy":"category","embeddable":true,"href":"https:\/\/lasprimeras.com.do\/index.php\/wp-json\/wp\/v2\/categories?post=67506"},{"taxonomy":"post_tag","embeddable":true,"href":"https:\/\/lasprimeras.com.do\/index.php\/wp-json\/wp\/v2\/tags?post=67506"}],"curies":[{"name":"wp","href":"https:\/\/api.w.org\/{rel}","templated":true}]}}