{"id":67509,"date":"2023-11-16T06:50:01","date_gmt":"2023-11-16T10:50:01","guid":{"rendered":"https:\/\/lasprimeras.com.do\/?p=67509"},"modified":"2023-11-16T06:50:02","modified_gmt":"2023-11-16T10:50:02","slug":"israel-encontro-armamento-en-el-principal-hospital-franja-de-gaza","status":"publish","type":"post","link":"https:\/\/lasprimeras.com.do\/index.php\/2023\/11\/16\/israel-encontro-armamento-en-el-principal-hospital-franja-de-gaza\/","title":{"rendered":"Israel encontr\u00f3 armamento en el principal hospital Franja de Gaza"},"content":{"rendered":"\n<p>Israel.-.-Las Fuerzas de Defensa de Israel (FDI) han difundido este mi\u00e9rcoles im\u00e1genes del armamento perteneciente al Movimiento de Resistencia Isl\u00e1mica (Ham\u00e1s) incautado durante su operaci\u00f3n militar en el hospital de Al Shifa, el mayor complejo sanitario de la Franja de Gaza.<\/p>\n\n\n\n<p>\u00abDurante las b\u00fasquedas dentro de una de las salas del hospital, las tropas han localizado una habitaci\u00f3n que conten\u00eda medios tecnol\u00f3gicos, equipos de combate y equipos militares utilizados por la organizaci\u00f3n terrorista Ham\u00e1s\u00bb, han detallado desde el Ej\u00e9rcito israel\u00ed.<\/p>\n\n\n\n<p>En las im\u00e1genes compartidas por las FDI en sus redes sociales oficiales se observan varios rifles de asalto, cargadores, granadas de mano y ropajes. El Ej\u00e9rcito de Israel ha se\u00f1alado que en otras salas se han encontrado \u00abmedios tecnol\u00f3gicos\u00bb que evidencian el uso de las instalaciones por parte de Ham\u00e1s.<\/p>\n\n\n\n<p>Asimismo, el portavoz de las FDI, Daniel Hagari, ha aseverado que durante su avance por las instalaciones sanitarias, las tropas israel\u00edes han encontrado ropa de color negro, como la empleada por los miembros de Ham\u00e1s, tirada en el suelo, lo que indica que \u00ablos terroristas pudieron escapar disfrazados de civiles\u00bb.<\/p>\n\n\n\n<p>\u00abTodos estos hallazgos prueban inequ\u00edvocamente que el hospital fue utilizado con fines terroristas, en completa violaci\u00f3n del Derecho Internacional\u00bb, ha zanjado Hagari, que adem\u00e1s ha asegurado que las FDI seguir\u00e1n operando en Al Shifa en busca de m\u00e1s informaci\u00f3n de Inteligencia y archivos de Ham\u00e1s.<\/p>\n\n\n\n<p>Las Fuerzas de Defensa de Israel han justificado su intervenci\u00f3n en el hospital de Al Shifa como una operaci\u00f3n \u00abprecisa\u00bb contra los miembros de Ham\u00e1s despu\u00e9s de acusar a la milicia palestina de utilizar las instalaciones como escudo y sala de operaciones para sus actividades armadas.<\/p>\n\n\n\n<p>Ham\u00e1s lanz\u00f3 el 7 de octubre una ofensiva contra Israel que se cobr\u00f3 la vida de cerca de 1.200 personas y tom\u00f3 como reh\u00e9n a otras casi 240. Las FDI, por su parte, lanzaron poco despu\u00e9s una cruenta contraofensiva que deja ya m\u00e1s de 11.500 palestinos muertos en la Franja de Gaza.<\/p>\n","protected":false},"excerpt":{"rendered":"<p>Israel.-.-Las Fuerzas de Defensa de Israel (FDI) han difundido este mi\u00e9rcoles im\u00e1genes del armamento perteneciente al Movimiento de Resistencia Isl\u00e1mica (Ham\u00e1s) incautado durante su operaci\u00f3n militar en el hospital de&hellip;<\/p>\n","protected":false},"author":3,"featured_media":67510,"comment_status":"open","ping_status":"open","sticky":false,"template":"","format":"standard","meta":{"content-type":"","jetpack_post_was_ever_published":false,"_jetpack_newsletter_access":"","_jetpack_dont_email_post_to_subs":false,"_jetpack_newsletter_tier_id":0,"_jetpack_memberships_contains_paywalled_content":false,"_jetpack_memberships_contains_paid_content":false,"footnotes":""},"categories":[1],"tags":[3499],"class_list":["post-67509","post","type-post","status-publish","format-standard","has-post-thumbnail","hentry","category-sin-categoria","tag-israel"],"jetpack_featured_media_url":"https:\/\/lasprimeras.com.do\/wp-content\/uploads\/2023\/11\/Portada-Pagina-WEB-2-8-750x375-10.jpg","jetpack-related-posts":[{"id":66194,"url":"https:\/\/lasprimeras.com.do\/index.php\/2023\/11\/04\/el-ejercito-israeli-afirma-haber-atacado-hospital-franja-de-gaza\/","url_meta":{"origin":67509,"position":0},"title":"El Ej\u00e9rcito israel\u00ed afirma haber atacado hospital Franja de Gaza","author":"BIMARY DE JES\u00daS Matos","date":"4 de noviembre de 2023","format":false,"excerpt":"Israel.-Las Fuerzas de Defensa de Israel (FDI) han reconocido haber atacado este viernes los alrededores del Hospital Al Shifa, el mayor complejo hospitalario de Gaza, por la presencia de una c\u00e9lula terrorista en una de las ambulancias, estacionada frente al edificio. \u00abReconocimos a una c\u00e9lula terrorista de Ham\u00e1s utilizando una\u2026","rel":"","context":"En \u00abSin categor\u00eda\u00bb","block_context":{"text":"Sin categor\u00eda","link":"https:\/\/lasprimeras.com.do\/index.php\/category\/sin-categoria\/"},"img":{"alt_text":"","src":"https:\/\/i0.wp.com\/lasprimeras.com.do\/wp-content\/uploads\/2023\/11\/WhatsApp-Image-2023-11-03-at-1.39.41-PM-1-4.jpeg?resize=350%2C200&ssl=1","width":350,"height":200,"srcset":"https:\/\/i0.wp.com\/lasprimeras.com.do\/wp-content\/uploads\/2023\/11\/WhatsApp-Image-2023-11-03-at-1.39.41-PM-1-4.jpeg?resize=350%2C200&ssl=1 1x, https:\/\/i0.wp.com\/lasprimeras.com.do\/wp-content\/uploads\/2023\/11\/WhatsApp-Image-2023-11-03-at-1.39.41-PM-1-4.jpeg?resize=525%2C300&ssl=1 1.5x"},"classes":[]},{"id":70045,"url":"https:\/\/lasprimeras.com.do\/index.php\/2023\/12\/07\/decenas-de-terroristas-de-hamas-se-rinden-ante-el-ejercito-de-israel\/","url_meta":{"origin":67509,"position":1},"title":"Decenas de terroristas de Hamas se rinden ante el Ej\u00e9rcito de Israel","author":"BIMARY DE JES\u00daS Matos","date":"7 de diciembre de 2023","format":false,"excerpt":"GAZA.- Decenas de miembros del grupo terrorista Hamas se rindieron ante las tropas de las Fuerzas de Defensa de Israel, a dos meses del inicio de la guerra. Las im\u00e1genes difundidas en redes sociales muestran a decenas de presuntos combatientes sentados en el piso, en filas y semidesnudos, muchos con\u2026","rel":"","context":"En \u00abSin categor\u00eda\u00bb","block_context":{"text":"Sin categor\u00eda","link":"https:\/\/lasprimeras.com.do\/index.php\/category\/sin-categoria\/"},"img":{"alt_text":"","src":"https:\/\/i0.wp.com\/lasprimeras.com.do\/wp-content\/uploads\/2023\/12\/WhatsApp-Image-2023-12-07-at-1.25.36-PM-5.jpeg?resize=350%2C200&ssl=1","width":350,"height":200,"srcset":"https:\/\/i0.wp.com\/lasprimeras.com.do\/wp-content\/uploads\/2023\/12\/WhatsApp-Image-2023-12-07-at-1.25.36-PM-5.jpeg?resize=350%2C200&ssl=1 1x, https:\/\/i0.wp.com\/lasprimeras.com.do\/wp-content\/uploads\/2023\/12\/WhatsApp-Image-2023-12-07-at-1.25.36-PM-5.jpeg?resize=525%2C300&ssl=1 1.5x"},"classes":[]},{"id":71114,"url":"https:\/\/lasprimeras.com.do\/index.php\/2023\/12\/17\/el-ejercito-israeli-descubrio-el-tunel-mas-grande-de-hamas-a-escasos-metros-de-la-frontera\/","url_meta":{"origin":67509,"position":2},"title":"El Ej\u00e9rcito israel\u00ed descubri\u00f3 el t\u00fanel m\u00e1s grande de Ham\u00e1s a escasos metros de la frontera","author":"Nelson Feliz","date":"17 de diciembre de 2023","format":false,"excerpt":"Ham\u00e1s, INFOBAE- Unos cuatro kil\u00f3metros de extensi\u00f3n, a 50 metros de profundidad: son las dimensiones del mayor t\u00fanel de Hamas que el Ej\u00e9rcito israel\u00ed ha descubierto dentro de la Franja de Gaza. Ubicado a menos de medio kil\u00f3metro del cruce de Erez, en la frontera con Israel al norte del\u2026","rel":"","context":"En \u00abSin categor\u00eda\u00bb","block_context":{"text":"Sin categor\u00eda","link":"https:\/\/lasprimeras.com.do\/index.php\/category\/sin-categoria\/"},"img":{"alt_text":"Tunel Hamas","src":"https:\/\/i0.wp.com\/lasprimeras.com.do\/wp-content\/uploads\/2023\/12\/Tunel-Hamas.jpg?resize=350%2C200&ssl=1","width":350,"height":200,"srcset":"https:\/\/i0.wp.com\/lasprimeras.com.do\/wp-content\/uploads\/2023\/12\/Tunel-Hamas.jpg?resize=350%2C200&ssl=1 1x, https:\/\/i0.wp.com\/lasprimeras.com.do\/wp-content\/uploads\/2023\/12\/Tunel-Hamas.jpg?resize=525%2C300&ssl=1 1.5x"},"classes":[]},{"id":65653,"url":"https:\/\/lasprimeras.com.do\/index.php\/2023\/10\/30\/israel-reporta-la-eliminacion-de-cuatro-altos-integrantes-de-hamas\/","url_meta":{"origin":67509,"position":3},"title":"Israel reporta la eliminaci\u00f3n de cuatro altos integrantes de Ham\u00e1s","author":"BIMARY DE JES\u00daS Matos","date":"30 de octubre de 2023","format":false,"excerpt":"JERUSALEN.- Las Fuerzas de Defensa de Israel (FDI) se\u00f1alaron este lunes que contin\u00faan expandiendo \u00absus operaciones terrestres en la Franja de Gaza\u00bb e informaron de la eliminaci\u00f3n de 4 altos integrantes del movimiento radical Ham\u00e1s. Los militares israel\u00edes comunicaron que, con el uso de helic\u00f3pteros y drones, desmantelaron \u00abvarias c\u00e9lulas\u2026","rel":"","context":"En \u00abSin categor\u00eda\u00bb","block_context":{"text":"Sin categor\u00eda","link":"https:\/\/lasprimeras.com.do\/index.php\/category\/sin-categoria\/"},"img":{"alt_text":"","src":"","width":0,"height":0},"classes":[]},{"id":65910,"url":"https:\/\/lasprimeras.com.do\/index.php\/2023\/11\/01\/israel-vuelve-a-atacar-el-campo-de-refugiados-de-jabalia-en-gaza\/","url_meta":{"origin":67509,"position":4},"title":"Israel vuelve a atacar el campo de refugiados de Jabalia, en Gaza","author":"BIMARY DE JES\u00daS Matos","date":"1 de noviembre de 2023","format":false,"excerpt":"PALESTINA.- Los militares de Israel volvieron a atacar este mi\u00e9rcoles el campo de refugiados de Jabalia, ubicado en el norte de la Franja de Gaza, reporta Al Jazeera. De acuerdo con su informaci\u00f3n, el emplazamiento fue atacado por aviones de combate y sufri\u00f3 bombardeos. Tambi\u00e9n indic\u00f3 que hay el riesgo\u2026","rel":"","context":"En \u00abSin categor\u00eda\u00bb","block_context":{"text":"Sin categor\u00eda","link":"https:\/\/lasprimeras.com.do\/index.php\/category\/sin-categoria\/"},"img":{"alt_text":"","src":"https:\/\/i0.wp.com\/lasprimeras.com.do\/wp-content\/uploads\/2023\/11\/WhatsApp-Image-2023-11-01-at-9.19.48-AM-1.jpeg?resize=350%2C200&ssl=1","width":350,"height":200,"srcset":"https:\/\/i0.wp.com\/lasprimeras.com.do\/wp-content\/uploads\/2023\/11\/WhatsApp-Image-2023-11-01-at-9.19.48-AM-1.jpeg?resize=350%2C200&ssl=1 1x, https:\/\/i0.wp.com\/lasprimeras.com.do\/wp-content\/uploads\/2023\/11\/WhatsApp-Image-2023-11-01-at-9.19.48-AM-1.jpeg?resize=525%2C300&ssl=1 1.5x"},"classes":[]},{"id":82948,"url":"https:\/\/lasprimeras.com.do\/index.php\/2024\/05\/09\/netanyahu-dice-que-israel-luchara-hasta-con-las-unas-si-es-necesario-para-derrotar-a-hamas\/","url_meta":{"origin":67509,"position":5},"title":"Netanyahu dice que Israel \u201cluchar\u00e1 hasta con las u\u00f1as\u201d si es necesario para derrotar a Ham\u00e1s","author":"Nelson Feliz","date":"9 de mayo de 2024","format":false,"excerpt":"BY JOSEPH KRAUSS AND JOSEF FEDERMAN JERUSAL\u00c9N (AP) \u2014 El primer ministro israel\u00ed Benjamin Netanyahu declar\u00f3 el jueves que la amenaza de Estados Unidos de retener armamento no evitar\u00e1 que Israel contin\u00fae con su ofensiva en la Franja de Gaza, indicando que podr\u00eda proceder con una invasi\u00f3n a la hacinada\u2026","rel":"","context":"En \u00abSin categor\u00eda\u00bb","block_context":{"text":"Sin categor\u00eda","link":"https:\/\/lasprimeras.com.do\/index.php\/category\/sin-categoria\/"},"img":{"alt_text":"","src":"https:\/\/i0.wp.com\/lasprimeras.com.do\/wp-content\/uploads\/2024\/05\/muertos.jpg?resize=350%2C200&ssl=1","width":350,"height":200,"srcset":"https:\/\/i0.wp.com\/lasprimeras.com.do\/wp-content\/uploads\/2024\/05\/muertos.jpg?resize=350%2C200&ssl=1 1x, https:\/\/i0.wp.com\/lasprimeras.com.do\/wp-content\/uploads\/2024\/05\/muertos.jpg?resize=525%2C300&ssl=1 1.5x, https:\/\/i0.wp.com\/lasprimeras.com.do\/wp-content\/uploads\/2024\/05\/muertos.jpg?resize=700%2C400&ssl=1 2x"},"classes":[]}],"jetpack_sharing_enabled":true,"_links":{"self":[{"href":"https:\/\/lasprimeras.com.do\/index.php\/wp-json\/wp\/v2\/posts\/67509","targetHints":{"allow":["GET"]}}],"collection":[{"href":"https:\/\/lasprimeras.com.do\/index.php\/wp-json\/wp\/v2\/posts"}],"about":[{"href":"https:\/\/lasprimeras.com.do\/index.php\/wp-json\/wp\/v2\/types\/post"}],"author":[{"embeddable":true,"href":"https:\/\/lasprimeras.com.do\/index.php\/wp-json\/wp\/v2\/users\/3"}],"replies":[{"embeddable":true,"href":"https:\/\/lasprimeras.com.do\/index.php\/wp-json\/wp\/v2\/comments?post=67509"}],"version-history":[{"count":1,"href":"https:\/\/lasprimeras.com.do\/index.php\/wp-json\/wp\/v2\/posts\/67509\/revisions"}],"predecessor-version":[{"id":67511,"href":"https:\/\/lasprimeras.com.do\/index.php\/wp-json\/wp\/v2\/posts\/67509\/revisions\/67511"}],"wp:featuredmedia":[{"embeddable":true,"href":"https:\/\/lasprimeras.com.do\/index.php\/wp-json\/wp\/v2\/media\/67510"}],"wp:attachment":[{"href":"https:\/\/lasprimeras.com.do\/index.php\/wp-json\/wp\/v2\/media?parent=67509"}],"wp:term":[{"taxonomy":"category","embeddable":true,"href":"https:\/\/lasprimeras.com.do\/index.php\/wp-json\/wp\/v2\/categories?post=67509"},{"taxonomy":"post_tag","embeddable":true,"href":"https:\/\/lasprimeras.com.do\/index.php\/wp-json\/wp\/v2\/tags?post=67509"}],"curies":[{"name":"wp","href":"https:\/\/api.w.org\/{rel}","templated":true}]}}