{"id":67512,"date":"2023-11-16T06:52:30","date_gmt":"2023-11-16T10:52:30","guid":{"rendered":"https:\/\/lasprimeras.com.do\/?p=67512"},"modified":"2023-11-16T06:52:31","modified_gmt":"2023-11-16T10:52:31","slug":"pitcher-jeurys-familia-se-prepara-para-debutar-con-el-escogido","status":"publish","type":"post","link":"https:\/\/lasprimeras.com.do\/index.php\/2023\/11\/16\/pitcher-jeurys-familia-se-prepara-para-debutar-con-el-escogido\/","title":{"rendered":"Pitcher Jeurys Familia se prepara para debutar con el Escogido"},"content":{"rendered":"\n<p>SANTO DOMINGO.- El relevista Jeurys Familia, con experiencia de 12 a\u00f1os en las Grandes Ligas, se est\u00e1 poniendo a tono para entrar en acci\u00f3n con los Leones del Escogido.<\/p>\n\n\n\n<p>Familia, quien lleg\u00f3 al club v\u00eda la agencia libre, se present\u00f3 al Estadio Quisqueya Juan Marichal y manifest\u00f3 que est\u00e1 trabajando para entrar lo antes posible a contribuir con la causa escarlata.<\/p>\n\n\n\n<p>Indic\u00f3 que tras dos meses inactivo se sinti\u00f3 bien en la pr\u00e1ctica de los melenudos enfrentando bateadores.<\/p>\n\n\n\n<p>\u201cTuve buen comando y lanc\u00e9 strikes, que es lo m\u00e1s importante\u201d, asegur\u00f3 el derecho de 34 a\u00f1os, que est\u00e9 a\u00f1o lanz\u00f3 brevemente con los Atl\u00e9ticos de Oakland en la gran carpa.<\/p>\n\n\n\n<p>Familia, quien logr\u00f3 43 salvamentos en el 2015 y 51 en 2016 con los Mets de Nueva York, se\u00f1al\u00f3 que desde ya est\u00e1 dispuesto a contribuir al equipo en lo que le necesite el dirigente V\u00edctor Est\u00e9vez.<\/p>\n\n\n\n<p>\u201cVengo a ayudar a los m\u00e1s j\u00f3venes, colaborar en lo que est\u00e9 a mi alcance y a fortalecer el bullpen, dando lo mejor de m\u00ed para ayudar a ganar la corona, que es la principal meta\u201d, declar\u00f3.<\/p>\n\n\n\n<p>Sobre su acogida con el equipo rojo de la capital, valor\u00f3 el hecho de estar en un conjunto con muchas caras conocidas.<\/p>\n\n\n\n<p>\u201cMe siento como en casa porque conozco a varios de los muchachos y porque Luis Rojas fue mi dirigente en Grandes Ligas\u201d, agreg\u00f3 Familia.<\/p>\n\n\n\n<p><\/p>\n","protected":false},"excerpt":{"rendered":"<p>SANTO DOMINGO.- El relevista Jeurys Familia, con experiencia de 12 a\u00f1os en las Grandes Ligas, se est\u00e1 poniendo a tono para entrar en acci\u00f3n con los Leones del Escogido. Familia,&hellip;<\/p>\n","protected":false},"author":3,"featured_media":67513,"comment_status":"open","ping_status":"open","sticky":false,"template":"","format":"standard","meta":{"content-type":"","jetpack_post_was_ever_published":false,"_jetpack_newsletter_access":"","_jetpack_dont_email_post_to_subs":false,"_jetpack_newsletter_tier_id":0,"_jetpack_memberships_contains_paywalled_content":false,"_jetpack_memberships_contains_paid_content":false,"footnotes":""},"categories":[1],"tags":[],"class_list":["post-67512","post","type-post","status-publish","format-standard","has-post-thumbnail","hentry","category-sin-categoria"],"jetpack_featured_media_url":"https:\/\/lasprimeras.com.do\/wp-content\/uploads\/2023\/11\/Portada-Pagina-WEB-2-8-750x375-11.jpg","jetpack-related-posts":[{"id":68692,"url":"https:\/\/lasprimeras.com.do\/index.php\/2023\/11\/27\/arauz-decide-por-estrellas-para-un-triunfo-1-0-sobre-el-escogido\/","url_meta":{"origin":67512,"position":0},"title":"Arauz decide por Estrellas para un triunfo 1-0 sobre el Escogido","author":"Nelson Feliz","date":"27 de noviembre de 2023","format":false,"excerpt":"En hit vino despu\u00e9s de dos outs. Santo Domingo. Jonathan Arauz dispar\u00f3 un sencillo decisivo, despu\u00e9s de dos outs, en el s\u00e9ptimo episodio para darle u triunfo a las Estrellas Orientales 1-0 sobre los Leones del Escogido en un partido disputado este domingo en el Estadio Tetelo Vargas. Fue un\u2026","rel":"","context":"En \u00abSin categor\u00eda\u00bb","block_context":{"text":"Sin categor\u00eda","link":"https:\/\/lasprimeras.com.do\/index.php\/category\/sin-categoria\/"},"img":{"alt_text":"Jonathan Arauz","src":"https:\/\/i0.wp.com\/lasprimeras.com.do\/wp-content\/uploads\/2023\/11\/Jonathan-Arauz.jpg?resize=350%2C200&ssl=1","width":350,"height":200,"srcset":"https:\/\/i0.wp.com\/lasprimeras.com.do\/wp-content\/uploads\/2023\/11\/Jonathan-Arauz.jpg?resize=350%2C200&ssl=1 1x, https:\/\/i0.wp.com\/lasprimeras.com.do\/wp-content\/uploads\/2023\/11\/Jonathan-Arauz.jpg?resize=525%2C300&ssl=1 1.5x, https:\/\/i0.wp.com\/lasprimeras.com.do\/wp-content\/uploads\/2023\/11\/Jonathan-Arauz.jpg?resize=700%2C400&ssl=1 2x"},"classes":[]},{"id":70805,"url":"https:\/\/lasprimeras.com.do\/index.php\/2023\/12\/14\/blanco-da-batazo-ganador-estrellas-vencen-a-leones-y-quiebran-empate-en-el-segundo-lugar-2\/","url_meta":{"origin":67512,"position":1},"title":"Blanco da batazo ganador, Estrellas vencen a Leones y quiebran empate en el segundo lugar","author":"BIMARY DE JES\u00daS Matos","date":"14 de diciembre de 2023","format":false,"excerpt":"Los dos equipos llegaron al partido con marca de 22-19. Dairon Blanco dispar\u00f3 un sencillo en el noveno episodio para dejar en el terreno a los Leones del Escogido en la victoria de las Estrellas Orientales 4-3 en el Estadio Tetelo Vargas la noche de este mi\u00e9rcoles para as\u00ed quedarse\u2026","rel":"","context":"En \u00abSin categor\u00eda\u00bb","block_context":{"text":"Sin categor\u00eda","link":"https:\/\/lasprimeras.com.do\/index.php\/category\/sin-categoria\/"},"img":{"alt_text":"","src":"https:\/\/i0.wp.com\/lasprimeras.com.do\/wp-content\/uploads\/2023\/12\/Paliza-juramenta-al-diputado-por-Independencia-y-al-alcalde-de-Duverge-abandonan-el-PLD-1-9.jpg?resize=350%2C200&ssl=1","width":350,"height":200,"srcset":"https:\/\/i0.wp.com\/lasprimeras.com.do\/wp-content\/uploads\/2023\/12\/Paliza-juramenta-al-diputado-por-Independencia-y-al-alcalde-de-Duverge-abandonan-el-PLD-1-9.jpg?resize=350%2C200&ssl=1 1x, https:\/\/i0.wp.com\/lasprimeras.com.do\/wp-content\/uploads\/2023\/12\/Paliza-juramenta-al-diputado-por-Independencia-y-al-alcalde-de-Duverge-abandonan-el-PLD-1-9.jpg?resize=525%2C300&ssl=1 1.5x"},"classes":[]},{"id":70763,"url":"https:\/\/lasprimeras.com.do\/index.php\/2023\/12\/14\/blanco-da-batazo-ganador-estrellas-vencen-a-leones-y-quiebran-empate-en-el-segundo-lugar\/","url_meta":{"origin":67512,"position":2},"title":"Blanco da batazo ganador, Estrellas vencen a Leones y quiebran empate en el segundo lugar","author":"Nelson Feliz","date":"14 de diciembre de 2023","format":false,"excerpt":"Los dos equipos llegaron al partido con marca de 22-19. Dairon Blanco dispar\u00f3 un sencillo en el noveno episodio para dejar en el terreno a los Leones del Escogido en la victoria de las Estrellas Orientales 4-3 en el Estadio Tetelo Vargas la noche de este mi\u00e9rcoles para as\u00ed quedarse\u2026","rel":"","context":"En \u00abSin categor\u00eda\u00bb","block_context":{"text":"Sin categor\u00eda","link":"https:\/\/lasprimeras.com.do\/index.php\/category\/sin-categoria\/"},"img":{"alt_text":"dairon blanco","src":"https:\/\/i0.wp.com\/lasprimeras.com.do\/wp-content\/uploads\/2023\/12\/dairon-blanco.jpg?resize=350%2C200&ssl=1","width":350,"height":200,"srcset":"https:\/\/i0.wp.com\/lasprimeras.com.do\/wp-content\/uploads\/2023\/12\/dairon-blanco.jpg?resize=350%2C200&ssl=1 1x, https:\/\/i0.wp.com\/lasprimeras.com.do\/wp-content\/uploads\/2023\/12\/dairon-blanco.jpg?resize=525%2C300&ssl=1 1.5x, https:\/\/i0.wp.com\/lasprimeras.com.do\/wp-content\/uploads\/2023\/12\/dairon-blanco.jpg?resize=700%2C400&ssl=1 2x"},"classes":[]},{"id":92575,"url":"https:\/\/lasprimeras.com.do\/index.php\/2025\/01\/07\/leones-dominan-a-tigres-8-1\/","url_meta":{"origin":67512,"position":3},"title":"Leones dominan a Tigres 8-1","author":"Nelson Feliz","date":"7 de enero de 2025","format":false,"excerpt":"Once imparables, siete de ellos extrabases, y otra excelente labor del bullpen condujeron a los Leones del Escogido a un triunfo por paliza este martes sobre los Tigres del Licey 8-1 en el estadio Quisqueya Juan Marichal. Los melenudos hicieron saltar temprano del mont\u00edculo al abridor azul C\u00e9sar Valdez a\u2026","rel":"","context":"En \u00abDEPORTES\u00bb","block_context":{"text":"DEPORTES","link":"https:\/\/lasprimeras.com.do\/index.php\/category\/deportes\/"},"img":{"alt_text":"Junior Caminero","src":"https:\/\/i0.wp.com\/lasprimeras.com.do\/wp-content\/uploads\/2025\/01\/Junior-Caminero.jpeg?resize=350%2C200&ssl=1","width":350,"height":200,"srcset":"https:\/\/i0.wp.com\/lasprimeras.com.do\/wp-content\/uploads\/2025\/01\/Junior-Caminero.jpeg?resize=350%2C200&ssl=1 1x, https:\/\/i0.wp.com\/lasprimeras.com.do\/wp-content\/uploads\/2025\/01\/Junior-Caminero.jpeg?resize=525%2C300&ssl=1 1.5x, https:\/\/i0.wp.com\/lasprimeras.com.do\/wp-content\/uploads\/2025\/01\/Junior-Caminero.jpeg?resize=700%2C400&ssl=1 2x"},"classes":[]},{"id":112184,"url":"https:\/\/lasprimeras.com.do\/index.php\/2025\/10\/19\/miguel-medina-y-grupo-de-medios-panorama-son-escogidos-miembros-de-la-junta-directiva-de-la-sip\/","url_meta":{"origin":67512,"position":4},"title":"Miguel Medina y Grupo de Medios Panorama son escogidos miembros de la Junta Directiva de la SIP\u00a0","author":"Nelson Feliz","date":"19 de octubre de 2025","format":false,"excerpt":"El CEO de Grupo de Medios Panorama, Miguel Medina, fue escogido como miembro de la Junta Directiva de la Sociedad Interamericana de Prensa (SIP), durante la 81 asamblea general de ese organismo celebrada este fin de semana en Punta Cana. La elecci\u00f3n se realiz\u00f3 en el marco de las sesiones\u2026","rel":"","context":"En \u00abENTRETENIMIENTO\u00bb","block_context":{"text":"ENTRETENIMIENTO","link":"https:\/\/lasprimeras.com.do\/index.php\/category\/entretenimiento\/"},"img":{"alt_text":"","src":"https:\/\/i0.wp.com\/lasprimeras.com.do\/wp-content\/uploads\/2025\/10\/MIGUEL-MEDINA.jpg?resize=350%2C200&ssl=1","width":350,"height":200,"srcset":"https:\/\/i0.wp.com\/lasprimeras.com.do\/wp-content\/uploads\/2025\/10\/MIGUEL-MEDINA.jpg?resize=350%2C200&ssl=1 1x, https:\/\/i0.wp.com\/lasprimeras.com.do\/wp-content\/uploads\/2025\/10\/MIGUEL-MEDINA.jpg?resize=525%2C300&ssl=1 1.5x, https:\/\/i0.wp.com\/lasprimeras.com.do\/wp-content\/uploads\/2025\/10\/MIGUEL-MEDINA.jpg?resize=700%2C400&ssl=1 2x"},"classes":[]},{"id":69306,"url":"https:\/\/lasprimeras.com.do\/index.php\/2023\/12\/01\/leones-disparan-tres-jonrones-gonzalez-empuja-tres-y-los-rojos-hunden-mas-a-aguilas\/","url_meta":{"origin":67512,"position":5},"title":"Leones disparan tres jonrones, Gonz\u00e1lez empuja tres y los rojos hunden m\u00e1s a \u00c1guilas","author":"Nelson Feliz","date":"1 de diciembre de 2023","format":false,"excerpt":"El Escogido cont\u00f3 con un relevo efectivo para quedar solo en cuarto lugar. Tres jugadores de los Leones del Escogido dispararon cada uno un jonr\u00f3n solitario, Erick Gonz\u00e1lez remolc\u00f3 tres carreras para un triunfo 7-2 de los rojos, la noche de este jueves, sobre las \u00c1guilas Cibae\u00f1as en un partido\u2026","rel":"","context":"En \u00abSin categor\u00eda\u00bb","block_context":{"text":"Sin categor\u00eda","link":"https:\/\/lasprimeras.com.do\/index.php\/category\/sin-categoria\/"},"img":{"alt_text":"Erick Gonz\u00e1lez","src":"https:\/\/i0.wp.com\/lasprimeras.com.do\/wp-content\/uploads\/2023\/12\/Erick-Gonzalez.jpg?resize=350%2C200&ssl=1","width":350,"height":200,"srcset":"https:\/\/i0.wp.com\/lasprimeras.com.do\/wp-content\/uploads\/2023\/12\/Erick-Gonzalez.jpg?resize=350%2C200&ssl=1 1x, https:\/\/i0.wp.com\/lasprimeras.com.do\/wp-content\/uploads\/2023\/12\/Erick-Gonzalez.jpg?resize=525%2C300&ssl=1 1.5x, https:\/\/i0.wp.com\/lasprimeras.com.do\/wp-content\/uploads\/2023\/12\/Erick-Gonzalez.jpg?resize=700%2C400&ssl=1 2x"},"classes":[]}],"jetpack_sharing_enabled":true,"_links":{"self":[{"href":"https:\/\/lasprimeras.com.do\/index.php\/wp-json\/wp\/v2\/posts\/67512","targetHints":{"allow":["GET"]}}],"collection":[{"href":"https:\/\/lasprimeras.com.do\/index.php\/wp-json\/wp\/v2\/posts"}],"about":[{"href":"https:\/\/lasprimeras.com.do\/index.php\/wp-json\/wp\/v2\/types\/post"}],"author":[{"embeddable":true,"href":"https:\/\/lasprimeras.com.do\/index.php\/wp-json\/wp\/v2\/users\/3"}],"replies":[{"embeddable":true,"href":"https:\/\/lasprimeras.com.do\/index.php\/wp-json\/wp\/v2\/comments?post=67512"}],"version-history":[{"count":1,"href":"https:\/\/lasprimeras.com.do\/index.php\/wp-json\/wp\/v2\/posts\/67512\/revisions"}],"predecessor-version":[{"id":67514,"href":"https:\/\/lasprimeras.com.do\/index.php\/wp-json\/wp\/v2\/posts\/67512\/revisions\/67514"}],"wp:featuredmedia":[{"embeddable":true,"href":"https:\/\/lasprimeras.com.do\/index.php\/wp-json\/wp\/v2\/media\/67513"}],"wp:attachment":[{"href":"https:\/\/lasprimeras.com.do\/index.php\/wp-json\/wp\/v2\/media?parent=67512"}],"wp:term":[{"taxonomy":"category","embeddable":true,"href":"https:\/\/lasprimeras.com.do\/index.php\/wp-json\/wp\/v2\/categories?post=67512"},{"taxonomy":"post_tag","embeddable":true,"href":"https:\/\/lasprimeras.com.do\/index.php\/wp-json\/wp\/v2\/tags?post=67512"}],"curies":[{"name":"wp","href":"https:\/\/api.w.org\/{rel}","templated":true}]}}