{"id":67525,"date":"2023-11-16T07:34:57","date_gmt":"2023-11-16T11:34:57","guid":{"rendered":"https:\/\/lasprimeras.com.do\/?p=67525"},"modified":"2023-11-16T07:34:58","modified_gmt":"2023-11-16T11:34:58","slug":"hombre-golpea-y-prende-fuego-a-su-tia-por-pelea-por-departamento","status":"publish","type":"post","link":"https:\/\/lasprimeras.com.do\/index.php\/2023\/11\/16\/hombre-golpea-y-prende-fuego-a-su-tia-por-pelea-por-departamento\/","title":{"rendered":"Hombre golpea y prende fuego a su t\u00eda por pelea por departamento"},"content":{"rendered":"\n<p>Denisse Marina<\/p>\n\n\n\n<p>Una tr\u00e1gica noticia ha dado la vuelta al mundo, ya que un hombre cometi\u00f3 un terrible crimen contra su propia t\u00eda. De acuerdo con lo informado, una abogada de 54 a\u00f1os fue atacada por su propio sobrino.<\/p>\n\n\n\n<p>Liliana, originaria y residente de Bucarest en Ruman\u00eda, fue golpeada brutalmente y prendida fuego por \u00e9l mismo, debido a que el hombre de 33 a\u00f1os buscaba que la mujer le diera el departamento donde esta viv\u00eda.<\/p>\n\n\n\n<p>Ante esta situaci\u00f3n, los vecinos intentaron intervenir, pero a pesar de esto, la mujer perdi\u00f3 la vida luego de estos terribles ataques. Tras provocarle la muerte a su t\u00eda, el hombre intent\u00f3 huir.<\/p>\n\n\n\n<p>De acuerdo con lo informado por los vecinos, Alexandru, el atacante, no solo exig\u00eda a su t\u00eda que entregara el departamento, sino que tambi\u00e9n le consiguiera un empleo. Esto, seg\u00fan afirman, fue una pelea de herencia.<\/p>\n\n\n\n<p>Afortunadamente, las autoridades fueron capaces de arrestarlo y el incidente qued\u00f3 grabado en las c\u00e1maras de vigilancia, por lo que existen pruebas suficientes para que el hombre sea condenado por el crimen.<\/p>\n\n\n\n<p>A continuaci\u00f3n puedes ver lo ocurrido por medio de las c\u00e1maras de seguridad que grabaron el suceso (ADVERTENCIA: im\u00e1genes fuertes):<\/p>\n\n\n\n<figure class=\"wp-block-embed is-type-rich is-provider-twitter wp-block-embed-twitter\"><div class=\"wp-block-embed__wrapper\">\nhttps:\/\/twitter.com\/i\/status\/1721983579478016377\n<\/div><\/figure>\n","protected":false},"excerpt":{"rendered":"<p>Denisse Marina Una tr\u00e1gica noticia ha dado la vuelta al mundo, ya que un hombre cometi\u00f3 un terrible crimen contra su propia t\u00eda. De acuerdo con lo informado, una abogada&hellip;<\/p>\n","protected":false},"author":2,"featured_media":67526,"comment_status":"open","ping_status":"open","sticky":false,"template":"","format":"standard","meta":{"content-type":"","jetpack_post_was_ever_published":false,"_jetpack_newsletter_access":"","_jetpack_dont_email_post_to_subs":false,"_jetpack_newsletter_tier_id":0,"_jetpack_memberships_contains_paywalled_content":false,"_jetpack_memberships_contains_paid_content":false,"footnotes":""},"categories":[1],"tags":[2593,9221,46,6141,9550,9549],"class_list":["post-67525","post","type-post","status-publish","format-standard","has-post-thumbnail","hentry","category-sin-categoria","tag-departamento","tag-golpea","tag-hombre","tag-pelea","tag-prende-fuego","tag-tia"],"jetpack_featured_media_url":"https:\/\/lasprimeras.com.do\/wp-content\/uploads\/2023\/11\/atentado.jpg","jetpack-related-posts":[{"id":77083,"url":"https:\/\/lasprimeras.com.do\/index.php\/2024\/02\/18\/hombre-le-prende-fuego-a-una-mujer-en-salcedo\/","url_meta":{"origin":67525,"position":0},"title":"Hombre le prende fuego a una mujer en Salcedo","author":"Nelson Feliz","date":"18 de febrero de 2024","format":false,"excerpt":"La v\u00edctima fue identificada como Alexandra Liriano; su estado de salud es delicado. Una mujer result\u00f3 con graves quemaduras en su cuerpo tras haber sido rociada con gasolina y prendida en fuego por un hombre que presuntamente era su pareja y la atac\u00f3 de manera sorpresiva la noche de este\u2026","rel":"","context":"En \u00abNACIONALES\u00bb","block_context":{"text":"NACIONALES","link":"https:\/\/lasprimeras.com.do\/index.php\/category\/nacionales\/"},"img":{"alt_text":"Alexandra Liriano","src":"https:\/\/i0.wp.com\/lasprimeras.com.do\/wp-content\/uploads\/2024\/02\/Alexandra-Liriano.jpg?resize=350%2C200&ssl=1","width":350,"height":200,"srcset":"https:\/\/i0.wp.com\/lasprimeras.com.do\/wp-content\/uploads\/2024\/02\/Alexandra-Liriano.jpg?resize=350%2C200&ssl=1 1x, https:\/\/i0.wp.com\/lasprimeras.com.do\/wp-content\/uploads\/2024\/02\/Alexandra-Liriano.jpg?resize=525%2C300&ssl=1 1.5x, https:\/\/i0.wp.com\/lasprimeras.com.do\/wp-content\/uploads\/2024\/02\/Alexandra-Liriano.jpg?resize=700%2C400&ssl=1 2x"},"classes":[]},{"id":57637,"url":"https:\/\/lasprimeras.com.do\/index.php\/2023\/08\/14\/nina-secuestrada-en-villa-altagracia-desconoce-donde-estaba\/","url_meta":{"origin":67525,"position":1},"title":"Ni\u00f1a secuestrada en Villa Altagracia desconoce d\u00f3nde estaba","author":"Nelson Feliz","date":"14 de agosto de 2023","format":false,"excerpt":"Un vecino de 27 a\u00f1os ten\u00eda a la ni\u00f1a de 11 a\u00f1os en su poder desde el 16 de julio. Una ni\u00f1a de 11 a\u00f1os de Villa Altagracia, que estuvo retenida por un hombre adulto durante 29 d\u00edas, revel\u00f3 a su t\u00eda que no sab\u00eda d\u00f3nde se encontraba. La menor\u2026","rel":"","context":"En \u00abNACIONALES\u00bb","block_context":{"text":"NACIONALES","link":"https:\/\/lasprimeras.com.do\/index.php\/category\/nacionales\/"},"img":{"alt_text":"Familiares de ni\u00f1a secuestrada.","src":"https:\/\/i0.wp.com\/lasprimeras.com.do\/wp-content\/uploads\/2023\/08\/familiares.jpg?resize=350%2C200&ssl=1","width":350,"height":200,"srcset":"https:\/\/i0.wp.com\/lasprimeras.com.do\/wp-content\/uploads\/2023\/08\/familiares.jpg?resize=350%2C200&ssl=1 1x, https:\/\/i0.wp.com\/lasprimeras.com.do\/wp-content\/uploads\/2023\/08\/familiares.jpg?resize=525%2C300&ssl=1 1.5x, https:\/\/i0.wp.com\/lasprimeras.com.do\/wp-content\/uploads\/2023\/08\/familiares.jpg?resize=700%2C400&ssl=1 2x"},"classes":[]},{"id":54925,"url":"https:\/\/lasprimeras.com.do\/index.php\/2023\/07\/16\/asesinan-a-tiros-de-fusil-a-hombre-en-ponta-pora-brasil\/","url_meta":{"origin":67525,"position":2},"title":"Asesinan a tiros de fusil a hombre en Ponta Por\u00e1, Brasil","author":"Nelson Feliz","date":"16 de julio de 2023","format":false,"excerpt":"Un hombre fue violentamente asesinado en plena v\u00eda p\u00fablica, en la zona de Ponta Por\u00e1, Brasil, zona fronteriza con Pedro Juan Caballero, Departamento de Amambay, Paraguay. Se trata de Gilberto Emanuel Fernandes Abelha, brasile\u00f1o que ser\u00eda residente de Pedro Juan Caballero, quien recibi\u00f3 varios impactos de arma de fuego que\u2026","rel":"","context":"En \u00abSin categor\u00eda\u00bb","block_context":{"text":"Sin categor\u00eda","link":"https:\/\/lasprimeras.com.do\/index.php\/category\/sin-categoria\/"},"img":{"alt_text":"El hombre recibi\u00f3 varios impactos de bala en la cabeza, presumiblemente con un fus\u00edl. Foto: Gentileza.","src":"https:\/\/i0.wp.com\/lasprimeras.com.do\/wp-content\/uploads\/2023\/07\/ASESINATO.jpg?resize=350%2C200&ssl=1","width":350,"height":200,"srcset":"https:\/\/i0.wp.com\/lasprimeras.com.do\/wp-content\/uploads\/2023\/07\/ASESINATO.jpg?resize=350%2C200&ssl=1 1x, https:\/\/i0.wp.com\/lasprimeras.com.do\/wp-content\/uploads\/2023\/07\/ASESINATO.jpg?resize=525%2C300&ssl=1 1.5x, https:\/\/i0.wp.com\/lasprimeras.com.do\/wp-content\/uploads\/2023\/07\/ASESINATO.jpg?resize=700%2C400&ssl=1 2x"},"classes":[]},{"id":88785,"url":"https:\/\/lasprimeras.com.do\/index.php\/2024\/09\/06\/arrestan-hombre-escondido-en-una-lavadora-en-paraiso\/","url_meta":{"origin":67525,"position":3},"title":"Arrestan hombre escondido en una lavadora en Para\u00edso","author":"Nelson Feliz","date":"6 de septiembre de 2024","format":false,"excerpt":"Al detenido se le ocup\u00f3 sustancias narc\u00f3ticas y un arma de fuego. Miembros del Departamento de Investigaciones y de la Polic\u00eda Preventiva, adscritos a la Direcci\u00f3n Regional Sur coordinado por el Ministerio P\u00fablico, arrestan un hombre que intentaba evadir a las autoridades escondi\u00e9ndose dentro de una lavadora en el municipio\u2026","rel":"","context":"En \u00abMILITARES\u00bb","block_context":{"text":"MILITARES","link":"https:\/\/lasprimeras.com.do\/index.php\/category\/militares\/"},"img":{"alt_text":"","src":"https:\/\/i0.wp.com\/lasprimeras.com.do\/wp-content\/uploads\/2024\/09\/evidencias.jpeg?resize=350%2C200&ssl=1","width":350,"height":200,"srcset":"https:\/\/i0.wp.com\/lasprimeras.com.do\/wp-content\/uploads\/2024\/09\/evidencias.jpeg?resize=350%2C200&ssl=1 1x, https:\/\/i0.wp.com\/lasprimeras.com.do\/wp-content\/uploads\/2024\/09\/evidencias.jpeg?resize=525%2C300&ssl=1 1.5x, https:\/\/i0.wp.com\/lasprimeras.com.do\/wp-content\/uploads\/2024\/09\/evidencias.jpeg?resize=700%2C400&ssl=1 2x, https:\/\/i0.wp.com\/lasprimeras.com.do\/wp-content\/uploads\/2024\/09\/evidencias.jpeg?resize=1050%2C600&ssl=1 3x, https:\/\/i0.wp.com\/lasprimeras.com.do\/wp-content\/uploads\/2024\/09\/evidencias.jpeg?resize=1400%2C800&ssl=1 4x"},"classes":[]},{"id":96278,"url":"https:\/\/lasprimeras.com.do\/index.php\/2025\/03\/28\/hombre-rocia-gasolina-y-prende-fuego-a-su-pareja-en-vicente-noble\/","url_meta":{"origin":67525,"position":4},"title":"Hombre roc\u00eda gasolina y prende fuego a su pareja en Vicente Noble","author":"Nelson Feliz","date":"28 de marzo de 2025","format":false,"excerpt":"Un hombre identificado como \u00abTaja\u00bb roci\u00f3 con gasolina y prendi\u00f3 fuego a su pareja sentimental, en presencia de sus tres hijas, mientras se encontraban en su vivienda ubicada en el barrio Las Canarias, del municipio de Vicente Noble en Barahona. La v\u00edctima, identificada como Zaony, estaba compartiendo con sus hijas\u2026","rel":"","context":"En \u00abNACIONALES\u00bb","block_context":{"text":"NACIONALES","link":"https:\/\/lasprimeras.com.do\/index.php\/category\/nacionales\/"},"img":{"alt_text":"","src":"","width":0,"height":0},"classes":[]},{"id":66286,"url":"https:\/\/lasprimeras.com.do\/index.php\/2023\/11\/05\/capturan-uno-de-dos-hombres-senalados-como-participante-en-muerte-de-mujer\/","url_meta":{"origin":67525,"position":5},"title":"Capturan uno de dos hombres se\u00f1alados como participante en muerte de mujer","author":"Nelson Feliz","date":"5 de noviembre de 2023","format":false,"excerpt":"-El origen del caso se debi\u00f3 a viejas rencillas personales. Por Martin Restituyo La Polic\u00eda Nacional inform\u00f3 que fue apresado anoche en el barrio Puerto Rico, en el municipio Santo Domingo Este, uno de dos hombres se\u00f1alados como los autores de disparar contra varias personas por viejas rencillas personales y\u2026","rel":"","context":"En \u00abMILITARES\u00bb","block_context":{"text":"MILITARES","link":"https:\/\/lasprimeras.com.do\/index.php\/category\/militares\/"},"img":{"alt_text":"preso-celda","src":"https:\/\/i0.wp.com\/lasprimeras.com.do\/wp-content\/uploads\/2023\/06\/preso-celda.jpg?resize=350%2C200&ssl=1","width":350,"height":200,"srcset":"https:\/\/i0.wp.com\/lasprimeras.com.do\/wp-content\/uploads\/2023\/06\/preso-celda.jpg?resize=350%2C200&ssl=1 1x, https:\/\/i0.wp.com\/lasprimeras.com.do\/wp-content\/uploads\/2023\/06\/preso-celda.jpg?resize=525%2C300&ssl=1 1.5x, https:\/\/i0.wp.com\/lasprimeras.com.do\/wp-content\/uploads\/2023\/06\/preso-celda.jpg?resize=700%2C400&ssl=1 2x"},"classes":[]}],"jetpack_sharing_enabled":true,"_links":{"self":[{"href":"https:\/\/lasprimeras.com.do\/index.php\/wp-json\/wp\/v2\/posts\/67525","targetHints":{"allow":["GET"]}}],"collection":[{"href":"https:\/\/lasprimeras.com.do\/index.php\/wp-json\/wp\/v2\/posts"}],"about":[{"href":"https:\/\/lasprimeras.com.do\/index.php\/wp-json\/wp\/v2\/types\/post"}],"author":[{"embeddable":true,"href":"https:\/\/lasprimeras.com.do\/index.php\/wp-json\/wp\/v2\/users\/2"}],"replies":[{"embeddable":true,"href":"https:\/\/lasprimeras.com.do\/index.php\/wp-json\/wp\/v2\/comments?post=67525"}],"version-history":[{"count":1,"href":"https:\/\/lasprimeras.com.do\/index.php\/wp-json\/wp\/v2\/posts\/67525\/revisions"}],"predecessor-version":[{"id":67527,"href":"https:\/\/lasprimeras.com.do\/index.php\/wp-json\/wp\/v2\/posts\/67525\/revisions\/67527"}],"wp:featuredmedia":[{"embeddable":true,"href":"https:\/\/lasprimeras.com.do\/index.php\/wp-json\/wp\/v2\/media\/67526"}],"wp:attachment":[{"href":"https:\/\/lasprimeras.com.do\/index.php\/wp-json\/wp\/v2\/media?parent=67525"}],"wp:term":[{"taxonomy":"category","embeddable":true,"href":"https:\/\/lasprimeras.com.do\/index.php\/wp-json\/wp\/v2\/categories?post=67525"},{"taxonomy":"post_tag","embeddable":true,"href":"https:\/\/lasprimeras.com.do\/index.php\/wp-json\/wp\/v2\/tags?post=67525"}],"curies":[{"name":"wp","href":"https:\/\/api.w.org\/{rel}","templated":true}]}}