{"id":67528,"date":"2023-11-16T07:43:13","date_gmt":"2023-11-16T11:43:13","guid":{"rendered":"https:\/\/lasprimeras.com.do\/?p=67528"},"modified":"2023-11-16T07:43:15","modified_gmt":"2023-11-16T11:43:15","slug":"pedro-sanchez-a-punto-de-presidir-de-nuevo-el-gobierno-en-una-espana-dividida","status":"publish","type":"post","link":"https:\/\/lasprimeras.com.do\/index.php\/2023\/11\/16\/pedro-sanchez-a-punto-de-presidir-de-nuevo-el-gobierno-en-una-espana-dividida\/","title":{"rendered":"Pedro S\u00e1nchez, a punto de presidir de nuevo el gobierno en una Espa\u00f1a dividida"},"content":{"rendered":"\n<p>Alfons LUNA<\/p>\n\n\n\n<p>Pedro S\u00e1nchez recibir\u00e1 este jueves, salvo sorpresa may\u00fascula, la confianza de los diputados espa\u00f1oles para seguir al frente de un pa\u00eds profundamente dividido por su decisi\u00f3n de conceder una ley de amnist\u00eda a los independentistas catalanes a cambio de su apoyo.<\/p>\n\n\n\n<p>En el poder desde 2018, el socialista tiene garantizados los votos de 179 diputados en una votaci\u00f3n prevista para este jueves a \u00faltima hora, una cifra superior a la mayor\u00eda absoluta fijada en 176.<\/p>\n\n\n\n<p>Una vez investido por los diputados, S\u00e1nchez podr\u00e1 formar un nuevo Gobierno en los pr\u00f3ximos d\u00edas con sus aliados de la coalici\u00f3n de extrema izquierda Sumar, poniendo fin a casi cuatro meses de bloqueo desde las elecciones legislativas del 23 de julio.<\/p>\n\n\n\n<p>El presidente del Gobierno qued\u00f3 segundo en esos comicios, por detr\u00e1s de su rival conservador Alberto N\u00fa\u00f1ez Feij\u00f3o, y en las \u00faltimas semanas ha tenido que negociar por doquier para sellar acuerdos con varios grupos regionalistas, cuyo apoyo est\u00e1 resultando crucial a falta de una mayor\u00eda clara en el Parlamento.<\/p>\n\n\n\n<p>En concreto, ha tenido que mantener conversaciones con el partido del l\u00edder independentista catal\u00e1n Carles Puigdemont, que vive en B\u00e9lgica desde hace seis a\u00f1os para eludir su procesamiento por liderar el intento de secesi\u00f3n de Catalu\u00f1a en 2017.<\/p>\n\n\n\n<p>Aceptando, tras intensas negociaciones, apoyar la reelecci\u00f3n de S\u00e1nchez, Puigdemont obtuvo de los socialistas el compromiso de la pr\u00f3xima aprobaci\u00f3n de una ley de amnist\u00eda para cientos de independentistas procesados, que deber\u00eda permitirle regresar a Espa\u00f1a.<\/p>\n\n\n\n<ul class=\"wp-block-list\">\n<li>&#8220;Cerrar heridas&#8221; &#8211;<\/li>\n<\/ul>\n\n\n\n<p>Al exponer el mi\u00e9rcoles ante los diputados las prioridades de su nueva legislatura, Pedro S\u00e1nchez defendi\u00f3 la necesidad y constitucionalidad de esta medida, a la que se hab\u00eda opuesto en el pasado.<\/p>\n\n\n\n<p>Esta amnist\u00eda es necesaria para &#8220;cerrar las heridas&#8221; abiertas por la crisis de 2017, afirm\u00f3 el presidente del Gobierno, asegurando que quiere garantizar &#8220;la unidad de Espa\u00f1a por la v\u00eda del di\u00e1logo y del perd\u00f3n&#8221;.<\/p>\n\n\n\n<p>El Partido Popular de Feij\u00f3o acusa al Partido Socialista de haber concedido el proyecto de ley con el \u00fanico objetivo de mantenerse en el poder a toda costa, y advierte de que Espa\u00f1a podr\u00eda acabar en el punto de mira de la UE, como Hungr\u00eda y Polonia, por el ataque al Estado de Derecho que constituye el proyecto.<\/p>\n\n\n\n<p>Rechazada por la mayor\u00eda de los espa\u00f1oles, seg\u00fan varios sondeos de opini\u00f3n, esta amnist\u00eda llev\u00f3 el domingo a cientos de miles de personas a salir a la calle en respuesta a una convocatoria del PP.<\/p>\n\n\n\n<p>Para el s\u00e1bado est\u00e1 prevista en Madrid una nueva manifestaci\u00f3n, en la que participar\u00e1n dirigentes del PP y del partido ultraderechista Vox.<\/p>\n\n\n\n<p>&#8220;La amnist\u00eda no mejorar\u00e1 la convivencia&#8221;, respondi\u00f3 en el debate parlamentario del mi\u00e9rcoles Feij\u00f3o.<\/p>\n\n\n\n<p>Las concentraciones diarias de la extrema derecha ante la sede del Partido Socialista en Madrid, que se producen desde la semana pasada, derivaron regularmente en disturbios. El mi\u00e9rcoles por la noche, 15 personas m\u00e1s fueron detenidas por alterar el orden p\u00fablico y enfrentarse a la polic\u00eda, seg\u00fan la Delegaci\u00f3n del Gobierno en Madrid.<\/p>\n\n\n\n<p>Como consecuencia de estas tensiones, m\u00e1s de 1.600 polic\u00edas se desplegaron de nuevo el jueves en torno al Congreso de los Diputados, completamente acordonado desde el mi\u00e9rcoles por las fuerzas del orden. Es el dispositivo equivalente a un partido de f\u00fatbol de alto riesgo.<\/p>\n\n\n\n<p>En este contexto, S\u00e1nchez pidi\u00f3 el mi\u00e9rcoles a la oposici\u00f3n que sea &#8220;responsable&#8221; y no aproveche la situaci\u00f3n para crear tensi\u00f3n en las calles.<\/p>\n\n\n\n<p>Signo de que la mayor\u00eda parlamentaria heterog\u00e9nea que rodea al l\u00edder socialista se perfila como inestable, Mertxe Aizpurua, la portavoz de Bildu, advirti\u00f3 que el apoyo de su formaci\u00f3n, considerada heredera de la vitrina pol\u00edtica de la organizaci\u00f3n separatista vasca ETA, no es &#8220;un cheque en blanco&#8221;.<\/p>\n\n\n\n<p>Feij\u00f3o ahond\u00f3 en esta perspectiva y dijo este jueves que, &#8220;lamentablemente, vamos a tener un gobierno que se va a prorrogar mes a mes y quien va a mandar en el Gobierno de Espa\u00f1a no es el presidente del Gobierno&#8221;.<\/p>\n","protected":false},"excerpt":{"rendered":"<p>Alfons LUNA Pedro S\u00e1nchez recibir\u00e1 este jueves, salvo sorpresa may\u00fascula, la confianza de los diputados espa\u00f1oles para seguir al frente de un pa\u00eds profundamente dividido por su decisi\u00f3n de conceder&hellip;<\/p>\n","protected":false},"author":2,"featured_media":67529,"comment_status":"open","ping_status":"open","sticky":false,"template":"","format":"standard","meta":{"content-type":"","jetpack_post_was_ever_published":false,"_jetpack_newsletter_access":"","_jetpack_dont_email_post_to_subs":false,"_jetpack_newsletter_tier_id":0,"_jetpack_memberships_contains_paywalled_content":false,"_jetpack_memberships_contains_paid_content":false,"footnotes":""},"categories":[1],"tags":[3810,28,171,2512,9551],"class_list":["post-67528","post","type-post","status-publish","format-standard","has-post-thumbnail","hentry","category-sin-categoria","tag-dividida","tag-espana","tag-gobierno","tag-pedro-sanchez","tag-presidir"],"jetpack_featured_media_url":"https:\/\/lasprimeras.com.do\/wp-content\/uploads\/2023\/11\/Alberto-Nunez-Feijoo.jpg","jetpack-related-posts":[{"id":109291,"url":"https:\/\/lasprimeras.com.do\/index.php\/2025\/09\/16\/pedro-sanchez-pide-expulsar-a-israel-de-competiciones-mientras-no-cese-barbarie-contra-palestinos\/","url_meta":{"origin":67528,"position":0},"title":"Pedro S\u00e1nchez pide expulsar a Israel de competiciones mientras \u2018no cese barbarie\u2019 contra palestinos","author":"Nelson Feliz","date":"16 de septiembre de 2025","format":false,"excerpt":"POR TALES AZZONI MADRID (AP) \u2014 El presidente del Gobierno espa\u00f1ol, Pedro S\u00e1nchez, pidi\u00f3 el lunes que Israel sea excluido de las competiciones deportivas despu\u00e9s de que activistas propalestinos interrumpieran la etapa final de la Vuelta a Espa\u00f1a en ca\u00f3ticas escenas en Madrid. El ministro de Relaciones Exteriores de Israel\u2026","rel":"","context":"En \u00abDEPORTES\u00bb","block_context":{"text":"DEPORTES","link":"https:\/\/lasprimeras.com.do\/index.php\/category\/deportes\/"},"img":{"alt_text":"","src":"https:\/\/i0.wp.com\/lasprimeras.com.do\/wp-content\/uploads\/2025\/09\/Pedro-Sanchez.jpg?resize=350%2C200&ssl=1","width":350,"height":200,"srcset":"https:\/\/i0.wp.com\/lasprimeras.com.do\/wp-content\/uploads\/2025\/09\/Pedro-Sanchez.jpg?resize=350%2C200&ssl=1 1x, https:\/\/i0.wp.com\/lasprimeras.com.do\/wp-content\/uploads\/2025\/09\/Pedro-Sanchez.jpg?resize=525%2C300&ssl=1 1.5x, https:\/\/i0.wp.com\/lasprimeras.com.do\/wp-content\/uploads\/2025\/09\/Pedro-Sanchez.jpg?resize=700%2C400&ssl=1 2x"},"classes":[]},{"id":122760,"url":"https:\/\/lasprimeras.com.do\/index.php\/2026\/02\/22\/pedro-sanchez-llama-a-que-castilla-y-leon-sea-el-punto-y-final-de-los-gobiernos-del-pp-y-vox\/","url_meta":{"origin":67528,"position":1},"title":"Pedro S\u00e1nchez llama a que Castilla y Le\u00f3n sea \u00abel punto y final\u00bb de los gobiernos del PP y Vox","author":"Nelson Feliz","date":"22 de febrero de 2026","format":false,"excerpt":"El l\u00edder del PSOE y jefe del Ejecutivo, Pedro S\u00e1nchez, acompa\u00f1ado del candidato a la Presidencia de la Junta de Castilla y Le\u00f3n, Carlos Mart\u00ednez. EFE\/ Ana Barredo","rel":"","context":"En \u00abINTERNACIONALES\u00bb","block_context":{"text":"INTERNACIONALES","link":"https:\/\/lasprimeras.com.do\/index.php\/category\/sin-categoria\/internacionales\/"},"img":{"alt_text":"El l\u00edder del PSOE y jefe del Ejecutivo, Pedro S\u00e1nchez, acompa\u00f1ado del candidato a la Presidencia de la Junta de Castilla y Le\u00f3n, Carlos Mart\u00ednez. EFE\/ Ana Barredo","src":"https:\/\/i0.wp.com\/lasprimeras.com.do\/wp-content\/uploads\/2026\/02\/Pedro-Sanchez-y-Carlos-Martinez.jpg?resize=350%2C200&ssl=1","width":350,"height":200,"srcset":"https:\/\/i0.wp.com\/lasprimeras.com.do\/wp-content\/uploads\/2026\/02\/Pedro-Sanchez-y-Carlos-Martinez.jpg?resize=350%2C200&ssl=1 1x, https:\/\/i0.wp.com\/lasprimeras.com.do\/wp-content\/uploads\/2026\/02\/Pedro-Sanchez-y-Carlos-Martinez.jpg?resize=525%2C300&ssl=1 1.5x, https:\/\/i0.wp.com\/lasprimeras.com.do\/wp-content\/uploads\/2026\/02\/Pedro-Sanchez-y-Carlos-Martinez.jpg?resize=700%2C400&ssl=1 2x"},"classes":[]},{"id":109983,"url":"https:\/\/lasprimeras.com.do\/index.php\/2025\/09\/24\/cleo-sanchez-afirma-que-con-el-prm-el-pueblo-cambio-la-esperanza-por-la-preocupacion\/","url_meta":{"origin":67528,"position":2},"title":"Cleo S\u00e1nchez afirma que con el PRM, el pueblo cambi\u00f3 la esperanza por la preocupaci\u00f3n.","author":"Nelson Feliz","date":"24 de septiembre de 2025","format":false,"excerpt":"La integrante del Comit\u00e9 Central del Partido de la Liberaci\u00f3n Dominicana (PLD), Cleo S\u00e1nchez, calific\u00f3 de indolente al Gobierno del PRM, presidido por el Presidente Luis Abinader, integrado por \u201cfuncionarios que no funcionan\u201d La ex diputada emiti\u00f3 estos conceptos al participar en el programa \u00abMarcando el Rumbo\u201d, afirmando tambi\u00e9n que\u2026","rel":"","context":"En \u00abPOLITICA\u00bb","block_context":{"text":"POLITICA","link":"https:\/\/lasprimeras.com.do\/index.php\/category\/politica\/"},"img":{"alt_text":"","src":"https:\/\/i0.wp.com\/lasprimeras.com.do\/wp-content\/uploads\/2025\/09\/Cleo-Sanchez.jpg?resize=350%2C200&ssl=1","width":350,"height":200,"srcset":"https:\/\/i0.wp.com\/lasprimeras.com.do\/wp-content\/uploads\/2025\/09\/Cleo-Sanchez.jpg?resize=350%2C200&ssl=1 1x, https:\/\/i0.wp.com\/lasprimeras.com.do\/wp-content\/uploads\/2025\/09\/Cleo-Sanchez.jpg?resize=525%2C300&ssl=1 1.5x, https:\/\/i0.wp.com\/lasprimeras.com.do\/wp-content\/uploads\/2025\/09\/Cleo-Sanchez.jpg?resize=700%2C400&ssl=1 2x"},"classes":[]},{"id":127964,"url":"https:\/\/lasprimeras.com.do\/index.php\/2026\/04\/18\/espana-y-mexico-zanjan-su-disputa-diplomatica-por-el-pasado-colonial-con-apreton-de-manos\/","url_meta":{"origin":67528,"position":3},"title":"Espa\u00f1a y M\u00e9xico zanjan su disputa diplom\u00e1tica por el pasado colonial con apret\u00f3n de manos","author":"Nelson Feliz","date":"18 de abril de 2026","format":false,"excerpt":"POR JOSEPH WILSON BARCELONA (AP) \u2014 Con unas pocas palabras bien elegidas y un apret\u00f3n de manos, la presidenta de M\u00e9xico, Claudia Sheinbaum, dio por zanjada el s\u00e1bado una disputa diplom\u00e1tica entre su gobierno y Espa\u00f1a por el pasado colonial espa\u00f1ol durante su visita a Barcelona. \u201cNo hay crisis diplom\u00e1tica,\u2026","rel":"","context":"En \u00abINTERNACIONALES\u00bb","block_context":{"text":"INTERNACIONALES","link":"https:\/\/lasprimeras.com.do\/index.php\/category\/sin-categoria\/internacionales\/"},"img":{"alt_text":"Claudia Sheinbaum y Pedro S\u00e1nchez","src":"https:\/\/i0.wp.com\/lasprimeras.com.do\/wp-content\/uploads\/2026\/04\/Claudia-Sheinbaum-y-Pedro-Sanchez.jpg?resize=350%2C200&ssl=1","width":350,"height":200,"srcset":"https:\/\/i0.wp.com\/lasprimeras.com.do\/wp-content\/uploads\/2026\/04\/Claudia-Sheinbaum-y-Pedro-Sanchez.jpg?resize=350%2C200&ssl=1 1x, https:\/\/i0.wp.com\/lasprimeras.com.do\/wp-content\/uploads\/2026\/04\/Claudia-Sheinbaum-y-Pedro-Sanchez.jpg?resize=525%2C300&ssl=1 1.5x, https:\/\/i0.wp.com\/lasprimeras.com.do\/wp-content\/uploads\/2026\/04\/Claudia-Sheinbaum-y-Pedro-Sanchez.jpg?resize=700%2C400&ssl=1 2x"},"classes":[]},{"id":113100,"url":"https:\/\/lasprimeras.com.do\/index.php\/2025\/10\/29\/gustavo-sanchez-el-populismo-es-practica-dominante-en-el-gobierno-del-prm\/","url_meta":{"origin":67528,"position":4},"title":"Gustavo S\u00e1nchez: El Populismo es pr\u00e1ctica dominante en el Gobierno del PRM","author":"Nelson Feliz","date":"29 de octubre de 2025","format":false,"excerpt":"El vocero de los diputados del PLD: \u201cLo real es que el PLD sube y el partido de gobierno baja\u201d. El vocero del Partido de la Liberaci\u00f3n Dominicana en la C\u00e1mara de Diputados, Gustavo S\u00e1nchez, reiter\u00f3 lo que es una apreciaci\u00f3n generalizada que el PRM no se prepar\u00f3 para ser\u2026","rel":"","context":"En \u00abPOLITICA\u00bb","block_context":{"text":"POLITICA","link":"https:\/\/lasprimeras.com.do\/index.php\/category\/politica\/"},"img":{"alt_text":"","src":"https:\/\/i0.wp.com\/lasprimeras.com.do\/wp-content\/uploads\/2025\/10\/Gustavo-Sanchez-2.jpg?resize=350%2C200&ssl=1","width":350,"height":200,"srcset":"https:\/\/i0.wp.com\/lasprimeras.com.do\/wp-content\/uploads\/2025\/10\/Gustavo-Sanchez-2.jpg?resize=350%2C200&ssl=1 1x, https:\/\/i0.wp.com\/lasprimeras.com.do\/wp-content\/uploads\/2025\/10\/Gustavo-Sanchez-2.jpg?resize=525%2C300&ssl=1 1.5x, https:\/\/i0.wp.com\/lasprimeras.com.do\/wp-content\/uploads\/2025\/10\/Gustavo-Sanchez-2.jpg?resize=700%2C400&ssl=1 2x"},"classes":[]},{"id":121359,"url":"https:\/\/lasprimeras.com.do\/index.php\/2026\/02\/03\/espana-busca-prohibir-redes-sociales-para-menores-de-16-anos-uniendose-a-otros-paises-de-europa\/","url_meta":{"origin":67528,"position":5},"title":"Espa\u00f1a busca prohibir redes sociales para menores de 16 a\u00f1os, uni\u00e9ndose a otros pa\u00edses de Europa","author":"Nelson Feliz","date":"3 de febrero de 2026","format":false,"excerpt":"POR SUMAN NAISHADHAM MADRID (AP) \u2014 Espa\u00f1a planea prohibir el acceso de ni\u00f1os menores de 16 a\u00f1os a redes sociales, afirm\u00f3 el martes el presidente de gobierno Pedro S\u00e1nchez, en una medida dise\u00f1ada para proteger a los j\u00f3venes de los da\u00f1os del contenido en l\u00ednea. En un discurso en una\u2026","rel":"","context":"En \u00abINTERNACIONALES\u00bb","block_context":{"text":"INTERNACIONALES","link":"https:\/\/lasprimeras.com.do\/index.php\/category\/sin-categoria\/internacionales\/"},"img":{"alt_text":"El presidente de gobierno espa\u00f1ol Pedro S\u00e1nchez en una conferencia en Bruselas el 23 de enero del 2026. (AP foto\/Omar Havana)","src":"https:\/\/i0.wp.com\/lasprimeras.com.do\/wp-content\/uploads\/2026\/02\/Pedro-Sanchez.jpg?resize=350%2C200&ssl=1","width":350,"height":200,"srcset":"https:\/\/i0.wp.com\/lasprimeras.com.do\/wp-content\/uploads\/2026\/02\/Pedro-Sanchez.jpg?resize=350%2C200&ssl=1 1x, https:\/\/i0.wp.com\/lasprimeras.com.do\/wp-content\/uploads\/2026\/02\/Pedro-Sanchez.jpg?resize=525%2C300&ssl=1 1.5x, https:\/\/i0.wp.com\/lasprimeras.com.do\/wp-content\/uploads\/2026\/02\/Pedro-Sanchez.jpg?resize=700%2C400&ssl=1 2x"},"classes":[]}],"jetpack_sharing_enabled":true,"_links":{"self":[{"href":"https:\/\/lasprimeras.com.do\/index.php\/wp-json\/wp\/v2\/posts\/67528","targetHints":{"allow":["GET"]}}],"collection":[{"href":"https:\/\/lasprimeras.com.do\/index.php\/wp-json\/wp\/v2\/posts"}],"about":[{"href":"https:\/\/lasprimeras.com.do\/index.php\/wp-json\/wp\/v2\/types\/post"}],"author":[{"embeddable":true,"href":"https:\/\/lasprimeras.com.do\/index.php\/wp-json\/wp\/v2\/users\/2"}],"replies":[{"embeddable":true,"href":"https:\/\/lasprimeras.com.do\/index.php\/wp-json\/wp\/v2\/comments?post=67528"}],"version-history":[{"count":1,"href":"https:\/\/lasprimeras.com.do\/index.php\/wp-json\/wp\/v2\/posts\/67528\/revisions"}],"predecessor-version":[{"id":67530,"href":"https:\/\/lasprimeras.com.do\/index.php\/wp-json\/wp\/v2\/posts\/67528\/revisions\/67530"}],"wp:featuredmedia":[{"embeddable":true,"href":"https:\/\/lasprimeras.com.do\/index.php\/wp-json\/wp\/v2\/media\/67529"}],"wp:attachment":[{"href":"https:\/\/lasprimeras.com.do\/index.php\/wp-json\/wp\/v2\/media?parent=67528"}],"wp:term":[{"taxonomy":"category","embeddable":true,"href":"https:\/\/lasprimeras.com.do\/index.php\/wp-json\/wp\/v2\/categories?post=67528"},{"taxonomy":"post_tag","embeddable":true,"href":"https:\/\/lasprimeras.com.do\/index.php\/wp-json\/wp\/v2\/tags?post=67528"}],"curies":[{"name":"wp","href":"https:\/\/api.w.org\/{rel}","templated":true}]}}