{"id":67557,"date":"2023-11-16T11:23:54","date_gmt":"2023-11-16T15:23:54","guid":{"rendered":"https:\/\/lasprimeras.com.do\/?p=67557"},"modified":"2023-11-16T11:23:56","modified_gmt":"2023-11-16T15:23:56","slug":"cruz-jiminian-da-inicio-a-la-navidad-con-tradicional-actividad","status":"publish","type":"post","link":"https:\/\/lasprimeras.com.do\/index.php\/2023\/11\/16\/cruz-jiminian-da-inicio-a-la-navidad-con-tradicional-actividad\/","title":{"rendered":"Cruz Jimini\u00e1n da inicio a la Navidad con tradicional actividad"},"content":{"rendered":"\n<p>Como cada a\u00f1o, y con una colorida y alegre actividad, el doctor F\u00e9lix Antonio Cruz Jimini\u00e1n dio inicio a la Navidad en Cristo Rey, junto a todo el equipo de la cl\u00ednica que lleva su nombre y residentes de ese sector capitalino.<\/p>\n\n\n\n<p>&#8220;Es una tradici\u00f3n en la cl\u00ednica Cruz Jimini\u00e1n iniciar la Navidad a mediados de cada noviembre. Este mi\u00e9rcoles comenzamos con la entrega de golosinas, c\u00e1nticos, villancicos, luces, Santa Claus y la presentaci\u00f3n de diversos artistas para llevar alegr\u00eda a los moradores de Cristo Rey&#8221;, expres\u00f3 Cruz Jimini\u00e1n.<\/p>\n\n\n\n<p>&#8220;La Navidad simboliza la natividad. El nacimiento de Jesucristo, y nosotros que somos cristianos celebramos al Padre. Toda esta idea proviene de mi infancia, siempre me ha encantado poner el arbolito y las luces&#8221;, rememor\u00f3 el galeno sobre la actividad.<\/p>\n\n\n\n<p>Para dar inicio a la emblem\u00e1tica actividad, fue decorado el centro de salud con un hermoso nacimiento y objetos aleg\u00f3ricos a la festividad.<\/p>\n\n\n\n<p>Entre los artistas que participar\u00e1n en la tradicional fiesta est\u00e1n Bonnie Cepeda y Handy Ventura.<\/p>\n","protected":false},"excerpt":{"rendered":"<p>Como cada a\u00f1o, y con una colorida y alegre actividad, el doctor F\u00e9lix Antonio Cruz Jimini\u00e1n dio inicio a la Navidad en Cristo Rey, junto a todo el equipo de&hellip;<\/p>\n","protected":false},"author":2,"featured_media":67558,"comment_status":"open","ping_status":"open","sticky":false,"template":"","format":"standard","meta":{"content-type":"","jetpack_post_was_ever_published":false,"_jetpack_newsletter_access":"","_jetpack_dont_email_post_to_subs":false,"_jetpack_newsletter_tier_id":0,"_jetpack_memberships_contains_paywalled_content":false,"_jetpack_memberships_contains_paid_content":false,"footnotes":""},"categories":[84],"tags":[9566],"class_list":["post-67557","post","type-post","status-publish","format-standard","has-post-thumbnail","hentry","category-entretenimiento","tag-felix-antonio-cruz-jiminian"],"jetpack_featured_media_url":"https:\/\/lasprimeras.com.do\/wp-content\/uploads\/2023\/11\/Felix-Antonio-Cruz-Jiminian-1.jpg","jetpack-related-posts":[{"id":118438,"url":"https:\/\/lasprimeras.com.do\/index.php\/2025\/12\/28\/dr-cruz-jiminian-aclara-falsas-acusaciones-en-su-contra-sobre-caso-senasa\/","url_meta":{"origin":67557,"position":0},"title":"Dr. Cruz Jimini\u00e1n aclar\u00e1 falsas acusaciones en su contra sobre caso SeNaSa","author":"Nelson Feliz","date":"28 de diciembre de 2025","format":false,"excerpt":"El reconocido m\u00e9dico y fil\u00e1ntropo dominicano, doctor F\u00e9lix Antonio Cruz Jimini\u00e1n, desminti\u00f3 de manera categ\u00f3rica las recientes y falsas acusaciones que intentan vincular su nombre con irregularidades en el Seguro Nacional de Salud (SeNaSa). Durante el encuentro con los medios de comunicaci\u00f3n, el Dr. Cruz Jimini\u00e1n presentar\u00e1 pruebas documentales que\u2026","rel":"","context":"En \u00abPORTADA\u00bb","block_context":{"text":"PORTADA","link":"https:\/\/lasprimeras.com.do\/index.php\/category\/portada\/"},"img":{"alt_text":"F\u00e9lix Antonio Cruz Jimini\u00e1n","src":"https:\/\/i0.wp.com\/lasprimeras.com.do\/wp-content\/uploads\/2025\/12\/Felix-Antonio-Cruz-Jiminian.jpg?resize=350%2C200&ssl=1","width":350,"height":200,"srcset":"https:\/\/i0.wp.com\/lasprimeras.com.do\/wp-content\/uploads\/2025\/12\/Felix-Antonio-Cruz-Jiminian.jpg?resize=350%2C200&ssl=1 1x, https:\/\/i0.wp.com\/lasprimeras.com.do\/wp-content\/uploads\/2025\/12\/Felix-Antonio-Cruz-Jiminian.jpg?resize=525%2C300&ssl=1 1.5x"},"classes":[]},{"id":106064,"url":"https:\/\/lasprimeras.com.do\/index.php\/2025\/08\/10\/franklin-garcia-fermin-encabeza-caminata-por-la-salud-en-el-parque-jardin-botanico-nacional\/","url_meta":{"origin":67557,"position":1},"title":"Franklin Garc\u00eda Ferm\u00edn encabeza \u201cCaminata por la Salud\u201d en el Parque Jard\u00edn Bot\u00e1nico Nacional","author":"Nelson Feliz","date":"10 de agosto de 2025","format":false,"excerpt":"La actividad, celebrada en el marco del 47.\u00ba aniversario de la creaci\u00f3n del MESCyT, cont\u00f3 con la colaboraci\u00f3n de la Fundaci\u00f3n Cruz Jimini\u00e1n, que preside el fil\u00e1ntropo doctor Antonio Cruz Jimini\u00e1n. El ministro de Educaci\u00f3n Superior, Ciencia y Tecnolog\u00eda (MESCyT), doctor Franklin Garc\u00eda Ferm\u00edn, encabez\u00f3 una caminata por la salud,\u2026","rel":"","context":"En \u00abNACIONALES\u00bb","block_context":{"text":"NACIONALES","link":"https:\/\/lasprimeras.com.do\/index.php\/category\/nacionales\/"},"img":{"alt_text":"Franklin Garc\u00eda Ferm\u00edn","src":"https:\/\/i0.wp.com\/lasprimeras.com.do\/wp-content\/uploads\/2025\/08\/Franklin-Garcia-Fermin.jpg?resize=350%2C200&ssl=1","width":350,"height":200,"srcset":"https:\/\/i0.wp.com\/lasprimeras.com.do\/wp-content\/uploads\/2025\/08\/Franklin-Garcia-Fermin.jpg?resize=350%2C200&ssl=1 1x, https:\/\/i0.wp.com\/lasprimeras.com.do\/wp-content\/uploads\/2025\/08\/Franklin-Garcia-Fermin.jpg?resize=525%2C300&ssl=1 1.5x, https:\/\/i0.wp.com\/lasprimeras.com.do\/wp-content\/uploads\/2025\/08\/Franklin-Garcia-Fermin.jpg?resize=700%2C400&ssl=1 2x"},"classes":[]},{"id":91615,"url":"https:\/\/lasprimeras.com.do\/index.php\/2024\/11\/28\/entregan-bonos-navidenos-clinica-cruz-jiminian-hospital-padre-billini-y-conavihsida\/","url_meta":{"origin":67557,"position":2},"title":"Entregan bonos navide\u00f1os Cl\u00ednica Cruz Jimini\u00e1n, Hospital Padre Billini y Conavihsida","author":"Nelson Feliz","date":"28 de noviembre de 2024","format":false,"excerpt":"El coordinador del Gabinete de Pol\u00edticas Sociales del Gobierno, Tony Pe\u00f1a Guaba, entreg\u00f3 este jueves durante un nutrido acto en la Cl\u00ednica Cruz Jimini\u00e1n, una cantidad considerable de bonos navide\u00f1os. Pe\u00f1a Guaba, cumple su promesa en el acto de lanzamiento del Bono Navide\u00f1o de este a\u00f1o, de que las llevar\u00eda\u2026","rel":"","context":"En \u00abECONOM\u00cdA\u00bb","block_context":{"text":"ECONOM\u00cdA","link":"https:\/\/lasprimeras.com.do\/index.php\/category\/economia\/"},"img":{"alt_text":"","src":"https:\/\/i0.wp.com\/lasprimeras.com.do\/wp-content\/uploads\/2024\/11\/pena-guaba.jpg?resize=350%2C200&ssl=1","width":350,"height":200,"srcset":"https:\/\/i0.wp.com\/lasprimeras.com.do\/wp-content\/uploads\/2024\/11\/pena-guaba.jpg?resize=350%2C200&ssl=1 1x, https:\/\/i0.wp.com\/lasprimeras.com.do\/wp-content\/uploads\/2024\/11\/pena-guaba.jpg?resize=525%2C300&ssl=1 1.5x, https:\/\/i0.wp.com\/lasprimeras.com.do\/wp-content\/uploads\/2024\/11\/pena-guaba.jpg?resize=700%2C400&ssl=1 2x"},"classes":[]},{"id":105465,"url":"https:\/\/lasprimeras.com.do\/index.php\/2025\/08\/04\/cesac-y-fundacion-cruz-jiminian-ejecutan-jornada-integral-de-asistencia-medica-en-barahona\/","url_meta":{"origin":67557,"position":3},"title":"CESAC y Fundaci\u00f3n Cruz Jimini\u00e1n ejecutan jornada integral de asistencia m\u00e9dica en Barahona","author":"Nelson Feliz","date":"4 de agosto de 2025","format":false,"excerpt":"El Cuerpo Especializado en Seguridad Aeroportuaria y de la Aviaci\u00f3n Civil (CESAC), en colaboraci\u00f3n con la Fundaci\u00f3n Cruz Jimini\u00e1n, llev\u00f3 a cabo una jornada de acci\u00f3n c\u00edvica y asistencia m\u00e9dica comunitaria en la Escuela B\u00e1sica Aura Therma Suero F\u00e9liz-Habanero, provincia Barahona. La actividad cont\u00f3 con la participaci\u00f3n de un equipo\u2026","rel":"","context":"En \u00abSALUD\u00bb","block_context":{"text":"SALUD","link":"https:\/\/lasprimeras.com.do\/index.php\/category\/salud\/"},"img":{"alt_text":"","src":"https:\/\/i0.wp.com\/lasprimeras.com.do\/wp-content\/uploads\/2025\/08\/jornada-medica.jpg?resize=350%2C200&ssl=1","width":350,"height":200,"srcset":"https:\/\/i0.wp.com\/lasprimeras.com.do\/wp-content\/uploads\/2025\/08\/jornada-medica.jpg?resize=350%2C200&ssl=1 1x, https:\/\/i0.wp.com\/lasprimeras.com.do\/wp-content\/uploads\/2025\/08\/jornada-medica.jpg?resize=525%2C300&ssl=1 1.5x, https:\/\/i0.wp.com\/lasprimeras.com.do\/wp-content\/uploads\/2025\/08\/jornada-medica.jpg?resize=700%2C400&ssl=1 2x"},"classes":[]},{"id":78707,"url":"https:\/\/lasprimeras.com.do\/index.php\/2024\/03\/19\/apresan-a-dos-hombres-por-robo-en-la-clinica-dr-cruz-jiminian\/","url_meta":{"origin":67557,"position":4},"title":"Apresan a dos hombres por robo en la Cl\u00ednica Dr. Cruz Jimini\u00e1n","author":"BIMARY DE JES\u00daS Matos","date":"19 de marzo de 2024","format":false,"excerpt":"Agentes policiales, adscritos a la Direcci\u00f3n Central de Investigaci\u00f3n (Dicrim), apresaron a dos hombres que el pasado 15 de marzo penetraron al \u00e1rea de Resonancia Magn\u00e9tica de la Cl\u00ednica Dr. Cruz Jimini\u00e1n, en el sector de Cristo Rey, de donde lograron sustraer una computadora completa. Los detenidos son Jos\u00e9 Luis\u2026","rel":"","context":"En \u00abPORTADA\u00bb","block_context":{"text":"PORTADA","link":"https:\/\/lasprimeras.com.do\/index.php\/category\/portada\/"},"img":{"alt_text":"","src":"https:\/\/i0.wp.com\/lasprimeras.com.do\/wp-content\/uploads\/2024\/03\/WhatsApp-Image-2024-03-19-at-11.25.24-AM.jpeg?resize=350%2C200&ssl=1","width":350,"height":200,"srcset":"https:\/\/i0.wp.com\/lasprimeras.com.do\/wp-content\/uploads\/2024\/03\/WhatsApp-Image-2024-03-19-at-11.25.24-AM.jpeg?resize=350%2C200&ssl=1 1x, https:\/\/i0.wp.com\/lasprimeras.com.do\/wp-content\/uploads\/2024\/03\/WhatsApp-Image-2024-03-19-at-11.25.24-AM.jpeg?resize=525%2C300&ssl=1 1.5x, https:\/\/i0.wp.com\/lasprimeras.com.do\/wp-content\/uploads\/2024\/03\/WhatsApp-Image-2024-03-19-at-11.25.24-AM.jpeg?resize=700%2C400&ssl=1 2x"},"classes":[]},{"id":80176,"url":"https:\/\/lasprimeras.com.do\/index.php\/2024\/04\/04\/cruz-jiminian-inaugura-moderna-unidad-de-endoscopia-y-hepatologia\/","url_meta":{"origin":67557,"position":5},"title":"Cruz Jimini\u00e1n inaugura moderna Unidad de Endoscopia y Hepatolog\u00eda","author":"Nelson Feliz","date":"4 de abril de 2024","format":false,"excerpt":"Por Martin Restituyo El doctor F\u00e9lix Antonio Cruz Jimini\u00e1n dej\u00f3 inaugurado este jueves la Unidad de Endoscopia y Hepatolog\u00eda (HEPAGASTRO) en la cl\u00ednica que lleva su nombre, la cual contar\u00e1 con equipos de alta tecnolog\u00eda que permiten una evaluaci\u00f3n y detecci\u00f3n de lesiones en etapas precoces. Entre los equipos figura\u2026","rel":"","context":"En \u00abPORTADA\u00bb","block_context":{"text":"PORTADA","link":"https:\/\/lasprimeras.com.do\/index.php\/category\/portada\/"},"img":{"alt_text":"","src":"","width":0,"height":0},"classes":[]}],"jetpack_sharing_enabled":true,"_links":{"self":[{"href":"https:\/\/lasprimeras.com.do\/index.php\/wp-json\/wp\/v2\/posts\/67557","targetHints":{"allow":["GET"]}}],"collection":[{"href":"https:\/\/lasprimeras.com.do\/index.php\/wp-json\/wp\/v2\/posts"}],"about":[{"href":"https:\/\/lasprimeras.com.do\/index.php\/wp-json\/wp\/v2\/types\/post"}],"author":[{"embeddable":true,"href":"https:\/\/lasprimeras.com.do\/index.php\/wp-json\/wp\/v2\/users\/2"}],"replies":[{"embeddable":true,"href":"https:\/\/lasprimeras.com.do\/index.php\/wp-json\/wp\/v2\/comments?post=67557"}],"version-history":[{"count":1,"href":"https:\/\/lasprimeras.com.do\/index.php\/wp-json\/wp\/v2\/posts\/67557\/revisions"}],"predecessor-version":[{"id":67559,"href":"https:\/\/lasprimeras.com.do\/index.php\/wp-json\/wp\/v2\/posts\/67557\/revisions\/67559"}],"wp:featuredmedia":[{"embeddable":true,"href":"https:\/\/lasprimeras.com.do\/index.php\/wp-json\/wp\/v2\/media\/67558"}],"wp:attachment":[{"href":"https:\/\/lasprimeras.com.do\/index.php\/wp-json\/wp\/v2\/media?parent=67557"}],"wp:term":[{"taxonomy":"category","embeddable":true,"href":"https:\/\/lasprimeras.com.do\/index.php\/wp-json\/wp\/v2\/categories?post=67557"},{"taxonomy":"post_tag","embeddable":true,"href":"https:\/\/lasprimeras.com.do\/index.php\/wp-json\/wp\/v2\/tags?post=67557"}],"curies":[{"name":"wp","href":"https:\/\/api.w.org\/{rel}","templated":true}]}}