{"id":67586,"date":"2023-11-16T14:34:32","date_gmt":"2023-11-16T18:34:32","guid":{"rendered":"https:\/\/lasprimeras.com.do\/?p=67586"},"modified":"2023-11-16T14:34:33","modified_gmt":"2023-11-16T18:34:33","slug":"coe-declara-14-provincias-en-alerta-8-de-ellas-en-amarilla-por-fuertes-lluvias","status":"publish","type":"post","link":"https:\/\/lasprimeras.com.do\/index.php\/2023\/11\/16\/coe-declara-14-provincias-en-alerta-8-de-ellas-en-amarilla-por-fuertes-lluvias\/","title":{"rendered":"COE declara 14 provincias en alerta; 8 de ellas en amarilla por fuertes lluvias"},"content":{"rendered":"\n<p>Santo Domingo.-La directora de la Oficina Nacional de Meteorolog\u00eda (Onamet), Gloria Ceballos, inform\u00f3 este jueves que el fen\u00f3meno atmosf\u00e9rico previsto a llegar al pa\u00eds, cuenta con un 60% de probabilidad para convertirse en una depresi\u00f3n tropical o cicl\u00f3n.<\/p>\n\n\n\n<p>Sin embargo, Ceballos indic\u00f3 que este fen\u00f3meno, sin importar su elevaci\u00f3n de categor\u00eda, generar\u00e1 significativos acumulados de lluvias.<\/p>\n\n\n\n<p>Este evento clim\u00e1tico, el cual se moviliza a trav\u00e9s del Mar Caribe, incidir\u00e1 a partir de ma\u00f1ana en las zonas fronterizas, provincias de la regi\u00f3n suroeste y en Santo Domingo.<\/p>\n\n\n\n<p>Seg\u00fan los estudios, el s\u00e1bado y domingo ser\u00e1n los d\u00edas en los cuales las lluvias impactar\u00e1n en el pa\u00eds con mayor fuerza.<\/p>\n\n\n\n<p>Ceballos explic\u00f3 que los an\u00e1lisis realizados en sistema de monitoreo climatol\u00f3gico establece que los campos nubosos se retiran el pr\u00f3ximo martes.<\/p>\n\n\n\n<p>Luego del pron\u00f3stico desarrollado por la Onamet, el director del Centro de Operaciones de Emergencias, Juan Manuel M\u00e9ndez Garc\u00eda, coloc\u00f3 a 14 provincias alerta por las depresiones atmosf\u00e9ricas.<\/p>\n\n\n\n<p>Las provincias declaradas en alerta amarilla fueron Pedernales, San Juan, Barahona, Azua, El\u00edas Pi\u00f1a, Dajab\u00f3n, Independencia, Bahoruco.<\/p>\n\n\n\n<p>En cambio, Santo Domingo, Distrito Nacional, Peravia, San Crist\u00f3bal, Monse\u00f1or Nouel, San Jos\u00e9 de Ocoa se encuentran en alerta verde.<\/p>\n\n\n\n<p>Por esta raz\u00f3n, el Coe anunci\u00f3 que los organismos de seguridad y socorro estar\u00e1n en sesi\u00f3n permanente para mantener informada a la poblaci\u00f3n.<\/p>\n\n\n\n<p>Esta entidad recomienda a quienes residen en zonas de alto riesgo, cercanos a r\u00edos, arroyos y ca\u00f1adas, deben estar atentos y tomar las medidas de precauci\u00f3n requeridas para evitar las inundaciones.<\/p>\n\n\n\n<p>M\u00e9ndez se\u00f1al\u00f3 que la sociedad dominicana no podr\u00e1 utilizar los balnearios en las provincias bajo alerta.<\/p>\n","protected":false},"excerpt":{"rendered":"<p>Santo Domingo.-La directora de la Oficina Nacional de Meteorolog\u00eda (Onamet), Gloria Ceballos, inform\u00f3 este jueves que el fen\u00f3meno atmosf\u00e9rico previsto a llegar al pa\u00eds, cuenta con un 60% de probabilidad&hellip;<\/p>\n","protected":false},"author":3,"featured_media":67587,"comment_status":"open","ping_status":"open","sticky":false,"template":"","format":"standard","meta":{"content-type":"","jetpack_post_was_ever_published":false,"_jetpack_newsletter_access":"","_jetpack_dont_email_post_to_subs":false,"_jetpack_newsletter_tier_id":0,"_jetpack_memberships_contains_paywalled_content":false,"_jetpack_memberships_contains_paid_content":false,"footnotes":""},"categories":[25],"tags":[2266],"class_list":["post-67586","post","type-post","status-publish","format-standard","has-post-thumbnail","hentry","category-portada","tag-coe"],"jetpack_featured_media_url":"https:\/\/lasprimeras.com.do\/wp-content\/uploads\/2023\/11\/WhatsApp-Image-2023-11-16-at-12.55.31-AM-3.jpeg","jetpack-related-posts":[{"id":67811,"url":"https:\/\/lasprimeras.com.do\/index.php\/2023\/11\/18\/ceballos-el-cambio-climatico-es-causante-de-estos-eventos-de-lluvia-fuera-de-temporada\/","url_meta":{"origin":67586,"position":0},"title":"Ceballos el cambio clim\u00e1tico es causante de estos eventos de lluvia fuera de temporada","author":"Nelson Feliz","date":"18 de noviembre de 2023","format":false,"excerpt":"La directora de la Oficina Nacional de Meteorolog\u00eda (Onamet), Gloria Ceballos, inform\u00f3 est\u00e1 noche que el pa\u00eds se mantiene bajo los efectos de un disturbio que ocasiona las copiosas lluvias que recibe el territorio nacional desde el viernes. Dijo que, aunque el fen\u00f3meno no alcanz\u00f3 la categor\u00eda de hurac\u00e1n, las\u2026","rel":"","context":"En \u00abNACIONALES\u00bb","block_context":{"text":"NACIONALES","link":"https:\/\/lasprimeras.com.do\/index.php\/category\/nacionales\/"},"img":{"alt_text":"Gloria Ceballos","src":"https:\/\/i0.wp.com\/lasprimeras.com.do\/wp-content\/uploads\/2023\/11\/Gloria-Ceballos-1.jpg?resize=350%2C200&ssl=1","width":350,"height":200,"srcset":"https:\/\/i0.wp.com\/lasprimeras.com.do\/wp-content\/uploads\/2023\/11\/Gloria-Ceballos-1.jpg?resize=350%2C200&ssl=1 1x, https:\/\/i0.wp.com\/lasprimeras.com.do\/wp-content\/uploads\/2023\/11\/Gloria-Ceballos-1.jpg?resize=525%2C300&ssl=1 1.5x, https:\/\/i0.wp.com\/lasprimeras.com.do\/wp-content\/uploads\/2023\/11\/Gloria-Ceballos-1.jpg?resize=700%2C400&ssl=1 2x"},"classes":[]},{"id":127845,"url":"https:\/\/lasprimeras.com.do\/index.php\/2026\/04\/16\/gloria-ceballos-alerta-por-lluvias-en-el-centro-y-este-de-rd\/","url_meta":{"origin":67586,"position":1},"title":"Gloria Ceballos: Alerta por lluvias en el centro y este de RD","author":"Nelson Feliz","date":"16 de abril de 2026","format":false,"excerpt":"La directora del Indomet hizo un llamado a la poblaci\u00f3n a tomar precauciones esta tarde La directora del Instituto Dominicano de Meteorolog\u00eda (Indomet), Gloria Ceballos, advirti\u00f3 que durante la tarde de este jueves se registra una fuerte actividad convectiva en la zona este, noreste y el centro del pa\u00eds, debido\u2026","rel":"","context":"En \u00abCLIMA\u00bb","block_context":{"text":"CLIMA","link":"https:\/\/lasprimeras.com.do\/index.php\/category\/clima\/"},"img":{"alt_text":"","src":"https:\/\/i0.wp.com\/lasprimeras.com.do\/wp-content\/uploads\/2025\/10\/Gloria-Ceballos.jpg?resize=350%2C200&ssl=1","width":350,"height":200,"srcset":"https:\/\/i0.wp.com\/lasprimeras.com.do\/wp-content\/uploads\/2025\/10\/Gloria-Ceballos.jpg?resize=350%2C200&ssl=1 1x, https:\/\/i0.wp.com\/lasprimeras.com.do\/wp-content\/uploads\/2025\/10\/Gloria-Ceballos.jpg?resize=525%2C300&ssl=1 1.5x, https:\/\/i0.wp.com\/lasprimeras.com.do\/wp-content\/uploads\/2025\/10\/Gloria-Ceballos.jpg?resize=700%2C400&ssl=1 2x"},"classes":[]},{"id":127855,"url":"https:\/\/lasprimeras.com.do\/index.php\/2026\/04\/16\/coe-aumenta-alertas-21-provincias-en-amarilla-y-7-en-verde-por-vaguada\/","url_meta":{"origin":67586,"position":2},"title":"COE aumenta alertas: 21 provincias en amarilla y 7 en verde por vaguada","author":"Nelson Feliz","date":"16 de abril de 2026","format":false,"excerpt":"El organismo de socorro exhort\u00f3 a la poblaci\u00f3n, especialmente a padres y tutores, a vigilar a los menores y evitar el uso de r\u00edos, arroyos y ca\u00f1adas con alto caudal El Centro de Operaciones de Emergencias (COE) elev\u00f3 la tarde de este jueves a 20 las provincias en alerta amarilla\u2026","rel":"","context":"En \u00abCLIMA\u00bb","block_context":{"text":"CLIMA","link":"https:\/\/lasprimeras.com.do\/index.php\/category\/clima\/"},"img":{"alt_text":"","src":"https:\/\/i0.wp.com\/lasprimeras.com.do\/wp-content\/uploads\/2025\/06\/Lluvias.jpg?resize=350%2C200&ssl=1","width":350,"height":200},"classes":[]},{"id":112360,"url":"https:\/\/lasprimeras.com.do\/index.php\/2025\/10\/21\/gloria-ceballos-lluvias-del-sistema-tropical-comenzaran-esta-tarde-y-podrian-extenderse-al-sabado\/","url_meta":{"origin":67586,"position":3},"title":"Gloria Ceballos: lluvias del sistema tropical comenzar\u00e1n esta tarde y podr\u00edan extenderse al s\u00e1bado","author":"Nelson Feliz","date":"21 de octubre de 2025","format":false,"excerpt":"Meteor\u00f3loga advierte que sistema tropical podr\u00eda dejar hasta 500 mm de lluvia y riesgo de inundaciones. La directora del Instituto Dominicano de Meteorolog\u00eda (Indomet), Gloria Ceballos, inform\u00f3 este martes que las lluvias asociadas al sistema tropical que se desplaza al sur del pa\u00eds comenzar\u00e1n a sentirse desde esta tarde y\u2026","rel":"","context":"En \u00abCLIMA\u00bb","block_context":{"text":"CLIMA","link":"https:\/\/lasprimeras.com.do\/index.php\/category\/clima\/"},"img":{"alt_text":"Gloria Ceballos","src":"https:\/\/i0.wp.com\/lasprimeras.com.do\/wp-content\/uploads\/2024\/06\/Gloria-Ceballos.jpg?resize=350%2C200&ssl=1","width":350,"height":200,"srcset":"https:\/\/i0.wp.com\/lasprimeras.com.do\/wp-content\/uploads\/2024\/06\/Gloria-Ceballos.jpg?resize=350%2C200&ssl=1 1x, https:\/\/i0.wp.com\/lasprimeras.com.do\/wp-content\/uploads\/2024\/06\/Gloria-Ceballos.jpg?resize=525%2C300&ssl=1 1.5x, https:\/\/i0.wp.com\/lasprimeras.com.do\/wp-content\/uploads\/2024\/06\/Gloria-Ceballos.jpg?resize=700%2C400&ssl=1 2x"},"classes":[]},{"id":50994,"url":"https:\/\/lasprimeras.com.do\/index.php\/2023\/05\/25\/ceballos-dice-rd-acumula-cerca-de-275-milimetros-de-lluvia\/","url_meta":{"origin":67586,"position":4},"title":"Ceballos dice RD acumula cerca de 275 mil\u00edmetros de lluvia","author":"prenxa100","date":"25 de mayo de 2023","format":false,"excerpt":"Santo Domingo, RD.-. La directora de la Oficina Nacional de Meteorolog\u00eda (Onamet), Gloria Ceballos, explic\u00f3 que Rep\u00fablica Dominicana ha sufrido en los \u00faltimos diez d\u00edas fuertes y continuos aguaceros en casi la totalidad de su territorio producto de los efectos de una vaguada. Ceballos, public\u00f3 este jueves en su cuenta\u2026","rel":"","context":"En \u00abNACIONALES\u00bb","block_context":{"text":"NACIONALES","link":"https:\/\/lasprimeras.com.do\/index.php\/category\/nacionales\/"},"img":{"alt_text":"","src":"","width":0,"height":0},"classes":[]},{"id":105648,"url":"https:\/\/lasprimeras.com.do\/index.php\/2025\/08\/05\/indomet-emite-alerta-por-tormentas-electricas-en-santo-domingo-y-otras-provincias\/","url_meta":{"origin":67586,"position":5},"title":"Indomet emite alerta por tormentas el\u00e9ctricas en Santo Domingo y otras provincias","author":"Nelson Feliz","date":"5 de agosto de 2025","format":false,"excerpt":"La directora de la instituci\u00f3n, Gloria Ceballos, exhort\u00f3 a la poblaci\u00f3n a tomar precauciones ante estas condiciones del tiempo. La directora del Instituto Dominicano de Meteorolog\u00eda (Indomet), Gloria Ceballos, inform\u00f3 la tarde de este martes que se est\u00e1n registrando tormentas el\u00e9ctricas en diferentes zonas del pa\u00eds, incluyendo el Gran Santo\u2026","rel":"","context":"En \u00abNACIONALES\u00bb","block_context":{"text":"NACIONALES","link":"https:\/\/lasprimeras.com.do\/index.php\/category\/nacionales\/"},"img":{"alt_text":"","src":"https:\/\/i0.wp.com\/lasprimeras.com.do\/wp-content\/uploads\/2025\/06\/Indomet.jpg?resize=350%2C200&ssl=1","width":350,"height":200,"srcset":"https:\/\/i0.wp.com\/lasprimeras.com.do\/wp-content\/uploads\/2025\/06\/Indomet.jpg?resize=350%2C200&ssl=1 1x, https:\/\/i0.wp.com\/lasprimeras.com.do\/wp-content\/uploads\/2025\/06\/Indomet.jpg?resize=525%2C300&ssl=1 1.5x, https:\/\/i0.wp.com\/lasprimeras.com.do\/wp-content\/uploads\/2025\/06\/Indomet.jpg?resize=700%2C400&ssl=1 2x"},"classes":[]}],"jetpack_sharing_enabled":true,"_links":{"self":[{"href":"https:\/\/lasprimeras.com.do\/index.php\/wp-json\/wp\/v2\/posts\/67586","targetHints":{"allow":["GET"]}}],"collection":[{"href":"https:\/\/lasprimeras.com.do\/index.php\/wp-json\/wp\/v2\/posts"}],"about":[{"href":"https:\/\/lasprimeras.com.do\/index.php\/wp-json\/wp\/v2\/types\/post"}],"author":[{"embeddable":true,"href":"https:\/\/lasprimeras.com.do\/index.php\/wp-json\/wp\/v2\/users\/3"}],"replies":[{"embeddable":true,"href":"https:\/\/lasprimeras.com.do\/index.php\/wp-json\/wp\/v2\/comments?post=67586"}],"version-history":[{"count":1,"href":"https:\/\/lasprimeras.com.do\/index.php\/wp-json\/wp\/v2\/posts\/67586\/revisions"}],"predecessor-version":[{"id":67588,"href":"https:\/\/lasprimeras.com.do\/index.php\/wp-json\/wp\/v2\/posts\/67586\/revisions\/67588"}],"wp:featuredmedia":[{"embeddable":true,"href":"https:\/\/lasprimeras.com.do\/index.php\/wp-json\/wp\/v2\/media\/67587"}],"wp:attachment":[{"href":"https:\/\/lasprimeras.com.do\/index.php\/wp-json\/wp\/v2\/media?parent=67586"}],"wp:term":[{"taxonomy":"category","embeddable":true,"href":"https:\/\/lasprimeras.com.do\/index.php\/wp-json\/wp\/v2\/categories?post=67586"},{"taxonomy":"post_tag","embeddable":true,"href":"https:\/\/lasprimeras.com.do\/index.php\/wp-json\/wp\/v2\/tags?post=67586"}],"curies":[{"name":"wp","href":"https:\/\/api.w.org\/{rel}","templated":true}]}}