{"id":67595,"date":"2023-11-16T14:38:54","date_gmt":"2023-11-16T18:38:54","guid":{"rendered":"https:\/\/lasprimeras.com.do\/?p=67595"},"modified":"2023-11-16T14:38:55","modified_gmt":"2023-11-16T18:38:55","slug":"fp-dice-renegociacion-del-contrato-de-aerodom-es-un-nuevo-prestamo-que-toma-abinader","status":"publish","type":"post","link":"https:\/\/lasprimeras.com.do\/index.php\/2023\/11\/16\/fp-dice-renegociacion-del-contrato-de-aerodom-es-un-nuevo-prestamo-que-toma-abinader\/","title":{"rendered":"FP dice renegociaci\u00f3n del contrato de Aerodom es un \u00abnuevo pr\u00e9stamo\u00bb que toma Abinader"},"content":{"rendered":"\n<p>Santo Domingo.-El partido Fuerza del Pueblo expres\u00f3 este jueves su posici\u00f3n frente a la renegociaci\u00f3n del contrato de concesi\u00f3n de Aerodom, realizada por el presidente de la Rep\u00fablica, Luis Abinader el pasado martes 14 de noviembre.<\/p>\n\n\n\n<p>La FP record\u00f3 que 1998 en el gobierno del expresidente Leonel Fern\u00e1ndez se convoc\u00f3 a una licitaci\u00f3n p\u00fablica internacional para la concesi\u00f3n de la operaci\u00f3n, administraci\u00f3n, ampliaci\u00f3n y modernizaci\u00f3n de varios aeropuertos internacionales.<\/p>\n\n\n\n<p>\u201cLa transparencia del proceso fue tal que cont\u00f3 con un comit\u00e9 de observadores compuestos por personalidades como: Freddy Beras Goico; el periodista Bonaparte Gautreaux Pi\u00f1eyro; el pastor evang\u00e9lico Braulio Portes; el jurista Jottin Cury, entre otros. Adem\u00e1s, se conform\u00f3 un denominado Comit\u00e9 T\u00e9cnico Ampliado, conformado por varios funcionarios del \u00e1rea y Arturo Villanueva, la Asociaci\u00f3n Nacional de Hoteles y Restaurantes (ASONAHORES); los se\u00f1ores Alex Santana y Julio Heinsen, de la Asociaci\u00f3n de L\u00edneas A\u00e9reas de la Rep\u00fablica Dominicana (ALA); y una representaci\u00f3n de la Organizaci\u00f3n de Aviaci\u00f3n Civil Internacional (OACI)\u201d, explica el comunicado de la Fuerza del Pueblo.<\/p>\n\n\n\n<p>\u201cEste contrato, fue aprobado luego de vistas p\u00fablicas y sugerencias de modificaciones, en un Congreso controlado por dirigentes del hoy Partido Revolucionario Moderno (PRM), incluyendo a Ram\u00f3n Alburquerque, Jes\u00fas V\u00e1squez Mart\u00ednez (Chu), Milagros Ort\u00edz Bosch, Ginette Bournigal, y Alfredo Pacheco, result\u00f3 en significativas mejoras en infraestructuras aeroportuarias. Adem\u00e1s, que, en tres ocasiones, en el gobierno de Hip\u00f3lito Mej\u00eda, se modific\u00f3 la f\u00f3rmula econ\u00f3mica de retribuci\u00f3n del acuerdo al que inicialmente se hab\u00eda arribado\u201d, cita el documento.<\/p>\n\n\n\n<p>De igual manera, la Fuerza del Pueblo deplor\u00f3 que el presidente de la Rep\u00fablica olvidara que, en el primer contrato se logr\u00f3 la ampliaci\u00f3n del aeropuerto Gregorio Luper\u00f3n, de Puerto Plata; el aeropuerto de El Catey, en Saman\u00e1; la construcci\u00f3n de una moderna ala en el Aeropuerto Internacional de Las Am\u00e9ricas, entre otras construcciones. Contrato que fue a favor del Estado Dominicano, contrario al nuevo convenio, que solo procura recursos para usarlos en la campa\u00f1a electoral.<\/p>\n\n\n\n<p>Expres\u00f3 su preocupaci\u00f3n ante lo que considera un pr\u00e9stamo encubierto, implicado en la renegociaci\u00f3n, que compromete financieramente al pa\u00eds por 37 a\u00f1os. Se cuestiona la viabilidad y transparencia de las propuestas de proyectos financiados con recursos anticipados, dada la limitaci\u00f3n de tiempo para completar los procesos de licitaci\u00f3n.<\/p>\n\n\n\n<p>El comunicado se\u00f1al\u00f3 una aparente contradicci\u00f3n en la postura del presidente Abinader respecto al contrato existente de AERODOM. Aunque critica el cumplimiento del contrato y las inversiones realizadas, se ha permitido una extensi\u00f3n de 30 a\u00f1os adicionales.<\/p>\n\n\n\n<p>La Fuerza del Pueblo sugiri\u00f3 que una auditor\u00eda internacional independiente ser\u00eda el m\u00e9todo apropiado para evaluar el cumplimiento del contrato original.<\/p>\n\n\n\n<p>La Fuerza del Pueblo expres\u00f3 preocupaci\u00f3n por la legalidad de la renovaci\u00f3n de la concesi\u00f3n ya que la misma se hizo al margen de la ley 340-06 de Compras y Contrataciones de Bienes, Servicios, Obras y Concesiones del Estado.<\/p>\n\n\n\n<p>Se conden\u00f3 lo que se percibe como un uso de la renegociaci\u00f3n para desviar la atenci\u00f3n de otros temas cr\u00edticos, como el esc\u00e1ndalo del Intrant, y las importaciones de productos agropecuarios en detrimento de nuestros productores.<\/p>\n\n\n\n<p>La Fuerza del Pueblo denunci\u00f3 por igual un abuso de poder en la asignaci\u00f3n de 745 millones de d\u00f3lares para prop\u00f3sitos pol\u00edticos.<\/p>\n\n\n\n<p>Inst\u00f3 al presidente Abinader a enfocarse en una gesti\u00f3n gubernamental eficiente, evitando comprometer financieramente a futuras generaciones y enfoc\u00e1ndose en la transparencia y el beneficio p\u00fablico.<\/p>\n","protected":false},"excerpt":{"rendered":"<p>Santo Domingo.-El partido Fuerza del Pueblo expres\u00f3 este jueves su posici\u00f3n frente a la renegociaci\u00f3n del contrato de concesi\u00f3n de Aerodom, realizada por el presidente de la Rep\u00fablica, Luis Abinader&hellip;<\/p>\n","protected":false},"author":3,"featured_media":67596,"comment_status":"open","ping_status":"open","sticky":false,"template":"","format":"standard","meta":{"content-type":"","jetpack_post_was_ever_published":false,"_jetpack_newsletter_access":"","_jetpack_dont_email_post_to_subs":false,"_jetpack_newsletter_tier_id":0,"_jetpack_memberships_contains_paywalled_content":false,"_jetpack_memberships_contains_paid_content":false,"footnotes":""},"categories":[1],"tags":[79],"class_list":["post-67595","post","type-post","status-publish","format-standard","has-post-thumbnail","hentry","category-sin-categoria","tag-fp"],"jetpack_featured_media_url":"https:\/\/lasprimeras.com.do\/wp-content\/uploads\/2023\/11\/WhatsApp-Image-2023-11-16-at-12.55.31-AM-3-2.jpeg","jetpack-related-posts":[{"id":67554,"url":"https:\/\/lasprimeras.com.do\/index.php\/2023\/11\/16\/renegociacion-de-contrato-de-aerodom-es-un-nuevo-prestamo-que-toma-abinader\/","url_meta":{"origin":67595,"position":0},"title":"\u201cRenegociaci\u00f3n\u201d de contrato de AERODOM, es un nuevo pr\u00e9stamo que toma Abinader","author":"Nelson Feliz","date":"16 de noviembre de 2023","format":false,"excerpt":"FP denuncia que contrato satanizado por Abinader se aprob\u00f3 en Congreso controlado por dirigentes del PRM En el marco de la reciente renegociaci\u00f3n del contrato de AERODOM llevada a cabo por el gobierno del presidente Luis Abinader, el partido Fuerza del Pueblo (FP) record\u00f3 la historia del contrato original.\u00a0 Mediante\u2026","rel":"","context":"En \u00abPORTADA\u00bb","block_context":{"text":"PORTADA","link":"https:\/\/lasprimeras.com.do\/index.php\/category\/portada\/"},"img":{"alt_text":"AERODOM","src":"https:\/\/i0.wp.com\/lasprimeras.com.do\/wp-content\/uploads\/2023\/11\/AERODOM.jpg?resize=350%2C200&ssl=1","width":350,"height":200,"srcset":"https:\/\/i0.wp.com\/lasprimeras.com.do\/wp-content\/uploads\/2023\/11\/AERODOM.jpg?resize=350%2C200&ssl=1 1x, https:\/\/i0.wp.com\/lasprimeras.com.do\/wp-content\/uploads\/2023\/11\/AERODOM.jpg?resize=525%2C300&ssl=1 1.5x, https:\/\/i0.wp.com\/lasprimeras.com.do\/wp-content\/uploads\/2023\/11\/AERODOM.jpg?resize=700%2C400&ssl=1 2x"},"classes":[]},{"id":110198,"url":"https:\/\/lasprimeras.com.do\/index.php\/2025\/09\/25\/ivan-lorenzo-pide-a-abinader-y-paliza-dar-explicacion-sobre-la-renegociacion-del-contrato-aerodom\/","url_meta":{"origin":67595,"position":1},"title":"Iv\u00e1n Lorenzo pide a Abinader y Paliza dar explicaci\u00f3n sobre la renegociaci\u00f3n del contrato AERODOM","author":"Nelson Feliz","date":"25 de septiembre de 2025","format":false,"excerpt":"El vicepresidente del Partido de la Liberaci\u00f3n Dominicana (PLD), Iv\u00e1n Lorenzo, solicit\u00f3 este jueves al presidente de la Rep\u00fablica, Luis Abinader y al ministro de la Presidencia, Jos\u00e9 Ignacio Paliza, dar una explicaci\u00f3n al pa\u00eds sobre el contrato de Aeropuertos Dominicanos Siglo XXI (Aerodom). \"Es necesario que tanto los comisionados\u2026","rel":"","context":"En \u00abPOLITICA\u00bb","block_context":{"text":"POLITICA","link":"https:\/\/lasprimeras.com.do\/index.php\/category\/politica\/"},"img":{"alt_text":"","src":"https:\/\/i0.wp.com\/lasprimeras.com.do\/wp-content\/uploads\/2025\/09\/Yvan-Lorenzo.jpg?resize=350%2C200&ssl=1","width":350,"height":200,"srcset":"https:\/\/i0.wp.com\/lasprimeras.com.do\/wp-content\/uploads\/2025\/09\/Yvan-Lorenzo.jpg?resize=350%2C200&ssl=1 1x, https:\/\/i0.wp.com\/lasprimeras.com.do\/wp-content\/uploads\/2025\/09\/Yvan-Lorenzo.jpg?resize=525%2C300&ssl=1 1.5x, https:\/\/i0.wp.com\/lasprimeras.com.do\/wp-content\/uploads\/2025\/09\/Yvan-Lorenzo.jpg?resize=700%2C400&ssl=1 2x"},"classes":[]},{"id":69819,"url":"https:\/\/lasprimeras.com.do\/index.php\/2023\/12\/06\/leonel-advierte-llevara-al-tc-ley-que-permitio-a-abinader-firmar-el-contrato-de-aerodom-sin-transparencia\/","url_meta":{"origin":67595,"position":2},"title":"Leonel advierte llevar\u00e1 al TC; ley que permiti\u00f3 a Abinader firmar el contrato de Aerodom sin transparencia","author":"Nelson Feliz","date":"6 de diciembre de 2023","format":false,"excerpt":"Ley que promovi\u00f3 Abinader permite desconocer el principio de transparencia que figura en la Constituci\u00f3n El presidente del partido Fuerza del Pueblo (FP), Leonel Fern\u00e1ndez, asegur\u00f3 que hay que proceder a declarar la inconstitucionalidad, de la ley que utiliz\u00f3 el presidente de la Rep\u00fablica, Luis Abinader, como mecanismo para no\u2026","rel":"","context":"En \u00abPORTADA\u00bb","block_context":{"text":"PORTADA","link":"https:\/\/lasprimeras.com.do\/index.php\/category\/portada\/"},"img":{"alt_text":"Leonel Fern\u00e1ndez","src":"https:\/\/i0.wp.com\/lasprimeras.com.do\/wp-content\/uploads\/2023\/12\/Leonel-Fernandez-2.jpg?resize=350%2C200&ssl=1","width":350,"height":200,"srcset":"https:\/\/i0.wp.com\/lasprimeras.com.do\/wp-content\/uploads\/2023\/12\/Leonel-Fernandez-2.jpg?resize=350%2C200&ssl=1 1x, https:\/\/i0.wp.com\/lasprimeras.com.do\/wp-content\/uploads\/2023\/12\/Leonel-Fernandez-2.jpg?resize=525%2C300&ssl=1 1.5x, https:\/\/i0.wp.com\/lasprimeras.com.do\/wp-content\/uploads\/2023\/12\/Leonel-Fernandez-2.jpg?resize=700%2C400&ssl=1 2x"},"classes":[]},{"id":69926,"url":"https:\/\/lasprimeras.com.do\/index.php\/2023\/12\/06\/luis-henriquez-abinader-pone-fin-a-su-discurso-de-transparencia-con-el-contrato-de-aerodom\/","url_meta":{"origin":67595,"position":3},"title":"Luis Henr\u00edquez: \u00abAbinader pone fin a su discurso de transparencia con el contrato de AERODOM\u00bb","author":"Nelson Feliz","date":"6 de diciembre de 2023","format":false,"excerpt":"El vocero del bloque de Diputados del Partido de la Liberaci\u00f3n Dominicana (PLD), Luis Henr\u00edquez, afirm\u00f3 que la renegociaci\u00f3n del contrato de concesi\u00f3n entre el Estado dominicano y la empresa AERODOM, pone fin al discurso de transparencia del presidente Luis Abinader. Henr\u00edquez manifest\u00f3 que, por el bien del pa\u00eds y\u2026","rel":"","context":"En \u00abSin categor\u00eda\u00bb","block_context":{"text":"Sin categor\u00eda","link":"https:\/\/lasprimeras.com.do\/index.php\/category\/sin-categoria\/"},"img":{"alt_text":"Luis Henr\u00edquez","src":"https:\/\/i0.wp.com\/lasprimeras.com.do\/wp-content\/uploads\/2023\/12\/Luis-Henriquez.jpg?resize=350%2C200&ssl=1","width":350,"height":200,"srcset":"https:\/\/i0.wp.com\/lasprimeras.com.do\/wp-content\/uploads\/2023\/12\/Luis-Henriquez.jpg?resize=350%2C200&ssl=1 1x, https:\/\/i0.wp.com\/lasprimeras.com.do\/wp-content\/uploads\/2023\/12\/Luis-Henriquez.jpg?resize=525%2C300&ssl=1 1.5x"},"classes":[]},{"id":67470,"url":"https:\/\/lasprimeras.com.do\/index.php\/2023\/11\/15\/melanio-paredes-es-anuncio-que-solo-procura-tumbar-temas\/","url_meta":{"origin":67595,"position":4},"title":"Melanio Paredes: Es anuncio que solo procura tumbar temas","author":"Nelson Feliz","date":"15 de noviembre de 2023","format":false,"excerpt":"Es populista el anuncio del presidente Luis Abinader de que se renegociar\u00e1 el contrato de concesi\u00f3n con AERODOM, advierte Melanio Paredes. El miembro del Comit\u00e9 Pol\u00edtico del Partido de la Liberaci\u00f3n Dominicana (PLD), Melanio Paredes, consider\u00f3 como populista el anuncio que hizo el presidente Luis Abinader de la renegociaci\u00f3n del\u2026","rel":"","context":"En \u00abPORTADA\u00bb","block_context":{"text":"PORTADA","link":"https:\/\/lasprimeras.com.do\/index.php\/category\/portada\/"},"img":{"alt_text":"Melanio Paredes","src":"https:\/\/i0.wp.com\/lasprimeras.com.do\/wp-content\/uploads\/2023\/11\/Melanio-Paredes.jpeg?resize=350%2C200&ssl=1","width":350,"height":200,"srcset":"https:\/\/i0.wp.com\/lasprimeras.com.do\/wp-content\/uploads\/2023\/11\/Melanio-Paredes.jpeg?resize=350%2C200&ssl=1 1x, https:\/\/i0.wp.com\/lasprimeras.com.do\/wp-content\/uploads\/2023\/11\/Melanio-Paredes.jpeg?resize=525%2C300&ssl=1 1.5x, https:\/\/i0.wp.com\/lasprimeras.com.do\/wp-content\/uploads\/2023\/11\/Melanio-Paredes.jpeg?resize=700%2C400&ssl=1 2x"},"classes":[]},{"id":67327,"url":"https:\/\/lasprimeras.com.do\/index.php\/2023\/11\/15\/abinader-negocio-el-contrato-de-los-aeropuertos-por-otros-treinta-anos\/","url_meta":{"origin":67595,"position":5},"title":"Abinader negoci\u00f3 el contrato de los aeropuertos por otros treinta a\u00f1os","author":"BIMARY DE JES\u00daS Matos","date":"15 de noviembre de 2023","format":false,"excerpt":"Santo Domingo.-El presidente Luis Abinader anunci\u00f3 que la renegociaci\u00f3n del contrato de concesi\u00f3n con la empresa Aeropuertos Dominicanos Siglo XXI (Aerodom) dejar\u00e1 beneficios para el pa\u00eds de entre 1,905 y 2,155 millones de d\u00f3lares los cuales ser\u00e1n reinvertidos en la ejecuci\u00f3n de varias obras del Estado dominicano. Mediante una alocuci\u00f3n\u2026","rel":"","context":"En \u00abNACIONALES\u00bb","block_context":{"text":"NACIONALES","link":"https:\/\/lasprimeras.com.do\/index.php\/category\/nacionales\/"},"img":{"alt_text":"","src":"https:\/\/i0.wp.com\/lasprimeras.com.do\/wp-content\/uploads\/2023\/11\/WhatsApp-Image-2023-11-14-at-10.40.46-PM-2.jpeg?resize=350%2C200&ssl=1","width":350,"height":200,"srcset":"https:\/\/i0.wp.com\/lasprimeras.com.do\/wp-content\/uploads\/2023\/11\/WhatsApp-Image-2023-11-14-at-10.40.46-PM-2.jpeg?resize=350%2C200&ssl=1 1x, https:\/\/i0.wp.com\/lasprimeras.com.do\/wp-content\/uploads\/2023\/11\/WhatsApp-Image-2023-11-14-at-10.40.46-PM-2.jpeg?resize=525%2C300&ssl=1 1.5x"},"classes":[]}],"jetpack_sharing_enabled":true,"_links":{"self":[{"href":"https:\/\/lasprimeras.com.do\/index.php\/wp-json\/wp\/v2\/posts\/67595","targetHints":{"allow":["GET"]}}],"collection":[{"href":"https:\/\/lasprimeras.com.do\/index.php\/wp-json\/wp\/v2\/posts"}],"about":[{"href":"https:\/\/lasprimeras.com.do\/index.php\/wp-json\/wp\/v2\/types\/post"}],"author":[{"embeddable":true,"href":"https:\/\/lasprimeras.com.do\/index.php\/wp-json\/wp\/v2\/users\/3"}],"replies":[{"embeddable":true,"href":"https:\/\/lasprimeras.com.do\/index.php\/wp-json\/wp\/v2\/comments?post=67595"}],"version-history":[{"count":1,"href":"https:\/\/lasprimeras.com.do\/index.php\/wp-json\/wp\/v2\/posts\/67595\/revisions"}],"predecessor-version":[{"id":67597,"href":"https:\/\/lasprimeras.com.do\/index.php\/wp-json\/wp\/v2\/posts\/67595\/revisions\/67597"}],"wp:featuredmedia":[{"embeddable":true,"href":"https:\/\/lasprimeras.com.do\/index.php\/wp-json\/wp\/v2\/media\/67596"}],"wp:attachment":[{"href":"https:\/\/lasprimeras.com.do\/index.php\/wp-json\/wp\/v2\/media?parent=67595"}],"wp:term":[{"taxonomy":"category","embeddable":true,"href":"https:\/\/lasprimeras.com.do\/index.php\/wp-json\/wp\/v2\/categories?post=67595"},{"taxonomy":"post_tag","embeddable":true,"href":"https:\/\/lasprimeras.com.do\/index.php\/wp-json\/wp\/v2\/tags?post=67595"}],"curies":[{"name":"wp","href":"https:\/\/api.w.org\/{rel}","templated":true}]}}