{"id":67623,"date":"2023-11-17T06:22:33","date_gmt":"2023-11-17T10:22:33","guid":{"rendered":"https:\/\/lasprimeras.com.do\/?p=67623"},"modified":"2023-11-17T06:24:43","modified_gmt":"2023-11-17T10:24:43","slug":"se-forma-potencial-ciclon-tropical-veintidos-en-el-caribe-segun-el-nhc-de-ee-uu","status":"publish","type":"post","link":"https:\/\/lasprimeras.com.do\/index.php\/2023\/11\/17\/se-forma-potencial-ciclon-tropical-veintidos-en-el-caribe-segun-el-nhc-de-ee-uu\/","title":{"rendered":"Se forma potencial cicl\u00f3n tropical Veintid\u00f3s en el Caribe, seg\u00fan el NHC de EE.UU."},"content":{"rendered":"\n<p>Por Sara Tonks<\/p>\n\n\n\n<p>(CNN) &#8212; El potencial cicl\u00f3n tropical Veintid\u00f3s se form\u00f3 sobre el mar Caribe occidental, seg\u00fan la actualizaci\u00f3n de las 4 pm del Centro Nacional de Huracanes (NHC por sus siglas en ingl\u00e9s).<\/p>\n\n\n\n<p>El sistema de tormentas se encuentra a unas 365 millas (587 kil\u00f3metros) al oeste-suroeste de Kingston, Jamaica, con vientos de 35 mph (56 km\/h).<\/p>\n\n\n\n<p>Actualmente se espera que el sistema se fortalezca hasta convertirse en tormenta tropical a primera hora del s\u00e1bado, momento en el que se convertir\u00eda en tormenta con nombre.<\/p>\n\n\n\n<p>Se han emitido avisos de tormenta tropical para Jamaica, Hait\u00ed, el sureste de las Bahamas y las Islas Turcas y Caicos.<\/p>\n\n\n\n<p>El NHC pronostica lluvias totales generalizadas de 127 a 254 mm con acumulaciones potenciales de hasta 406 mm en su camino hasta el lunes por la ma\u00f1ana.<\/p>\n\n\n\n<figure class=\"wp-block-image size-full is-resized\"><img decoding=\"async\" width=\"772\" height=\"673\" src=\"https:\/\/lasprimeras.com.do\/wp-content\/uploads\/2023\/11\/NOAA.jpg\" alt=\"\" class=\"wp-image-67626\" style=\"width:840px;height:auto\" srcset=\"https:\/\/lasprimeras.com.do\/wp-content\/uploads\/2023\/11\/NOAA.jpg 772w, https:\/\/lasprimeras.com.do\/wp-content\/uploads\/2023\/11\/NOAA-300x262.jpg 300w, https:\/\/lasprimeras.com.do\/wp-content\/uploads\/2023\/11\/NOAA-768x670.jpg 768w\" sizes=\"(max-width: 772px) 100vw, 772px\" \/><\/figure>\n\n\n\n<p>&#8220;El movimiento inicial es incierto ya que el sistema a\u00fan no tiene un centro bien definido, pero el sistema de nubes en general parece moverse generalmente hacia el norte-noreste&#8221;, dice el NHC.<\/p>\n\n\n\n<p>No se espera que la tormenta tenga ning\u00fan impacto en Estados Unidos en este momento.El siguiente nombre en la lista del Atl\u00e1ntico es Vince.<\/p>\n","protected":false},"excerpt":{"rendered":"<p>Por Sara Tonks (CNN) &#8212; El potencial cicl\u00f3n tropical Veintid\u00f3s se form\u00f3 sobre el mar Caribe occidental, seg\u00fan la actualizaci\u00f3n de las 4 pm del Centro Nacional de Huracanes (NHC&hellip;<\/p>\n","protected":false},"author":2,"featured_media":67624,"comment_status":"open","ping_status":"open","sticky":false,"template":"","format":"standard","meta":{"content-type":"","jetpack_post_was_ever_published":false,"_jetpack_newsletter_access":"","_jetpack_dont_email_post_to_subs":false,"_jetpack_newsletter_tier_id":0,"_jetpack_memberships_contains_paywalled_content":false,"_jetpack_memberships_contains_paid_content":false,"footnotes":""},"categories":[25],"tags":[743,9572,1440,6460,172,9579],"class_list":["post-67623","post","type-post","status-publish","format-standard","has-post-thumbnail","hentry","category-portada","tag-centro","tag-ciclon-tropical","tag-el-caribe","tag-huracanes","tag-nacional","tag-veintidos"],"jetpack_featured_media_url":"https:\/\/lasprimeras.com.do\/wp-content\/uploads\/2023\/11\/SATALITE.jpg","jetpack-related-posts":[{"id":85469,"url":"https:\/\/lasprimeras.com.do\/index.php\/2024\/06\/30\/un-peligroso-e-inusual-huracan-se-intensifica-rapidamente-a-su-paso-por-el-caribe\/","url_meta":{"origin":67623,"position":0},"title":"Un peligroso e inusual hurac\u00e1n se intensifica r\u00e1pidamente a su paso por el Caribe","author":"Nelson Feliz","date":"30 de junio de 2024","format":false,"excerpt":"Este tipo de fen\u00f3menos son inusuales para esta \u00e9poca del a\u00f1o, puesto que el primer hurac\u00e1n de la temporada generalmente se forma a partir de agosto. La tormenta tropical Beryl se convirti\u00f3 este s\u00e1bado en un \"peligroso\" hurac\u00e1n a su paso por el sureste del mar Caribe, inform\u00f3 el Centro\u2026","rel":"","context":"En \u00abSin categor\u00eda\u00bb","block_context":{"text":"Sin categor\u00eda","link":"https:\/\/lasprimeras.com.do\/index.php\/category\/sin-categoria\/"},"img":{"alt_text":"","src":"https:\/\/i0.wp.com\/lasprimeras.com.do\/wp-content\/uploads\/2024\/06\/beryl.jpg?resize=350%2C200&ssl=1","width":350,"height":200,"srcset":"https:\/\/i0.wp.com\/lasprimeras.com.do\/wp-content\/uploads\/2024\/06\/beryl.jpg?resize=350%2C200&ssl=1 1x, https:\/\/i0.wp.com\/lasprimeras.com.do\/wp-content\/uploads\/2024\/06\/beryl.jpg?resize=525%2C300&ssl=1 1.5x, https:\/\/i0.wp.com\/lasprimeras.com.do\/wp-content\/uploads\/2024\/06\/beryl.jpg?resize=700%2C400&ssl=1 2x"},"classes":[]},{"id":59148,"url":"https:\/\/lasprimeras.com.do\/index.php\/2023\/08\/31\/la-depresion-tropical-11-se-convierte-en-la-tormenta-tropical-jose\/","url_meta":{"origin":67623,"position":1},"title":"La depresi\u00f3n tropical 11 se convierte en la tormenta tropical Jos\u00e9","author":"Nelson Feliz","date":"31 de agosto de 2023","format":false,"excerpt":"El sistema tendr\u00e1 corta duraci\u00f3n de actividad cicl\u00f3nica, antes de ser absorbido por el hurac\u00e1n Franklin. Por Carlos Tolentino Rosario La depresi\u00f3n tropical n\u00famero 11 se convirti\u00f3 esta madrugada en la tormenta tropical Jos\u00e9 tras haber alcanzado vientos m\u00e1ximos sostenidos en 40 millas por hora (mph), inform\u00f3 el Centro Nacional\u2026","rel":"","context":"En \u00abSin categor\u00eda\u00bb","block_context":{"text":"Sin categor\u00eda","link":"https:\/\/lasprimeras.com.do\/index.php\/category\/sin-categoria\/"},"img":{"alt_text":"tormenta tropical Jos\u00e9","src":"https:\/\/i0.wp.com\/lasprimeras.com.do\/wp-content\/uploads\/2023\/08\/tormenta-tropical-Jose.jpg?resize=350%2C200&ssl=1","width":350,"height":200,"srcset":"https:\/\/i0.wp.com\/lasprimeras.com.do\/wp-content\/uploads\/2023\/08\/tormenta-tropical-Jose.jpg?resize=350%2C200&ssl=1 1x, https:\/\/i0.wp.com\/lasprimeras.com.do\/wp-content\/uploads\/2023\/08\/tormenta-tropical-Jose.jpg?resize=525%2C300&ssl=1 1.5x, https:\/\/i0.wp.com\/lasprimeras.com.do\/wp-content\/uploads\/2023\/08\/tormenta-tropical-Jose.jpg?resize=700%2C400&ssl=1 2x"},"classes":[]},{"id":59680,"url":"https:\/\/lasprimeras.com.do\/index.php\/2023\/09\/06\/meteorologos-del-nhc-preven-que-la-tormenta-lee-amenaza-ser-huracan-este-fin-de-semana\/","url_meta":{"origin":67623,"position":2},"title":"Meteor\u00f3logos del NHC prev\u00e9n que la tormenta Lee amenaza ser hurac\u00e1n este fin de semana","author":"Nelson Feliz","date":"6 de septiembre de 2023","format":false,"excerpt":"Los meteor\u00f3logos del NHC prev\u00e9n que la tormenta \"se intensifique r\u00e1pidamente en un hurac\u00e1n extremadamente peligroso\" y que el viernes alcance a ser un hurac\u00e1n mayor, es decir de categor\u00eda tres o m\u00e1s en la escala Saffir-Simpson, de un m\u00e1ximo de cinco. La depresi\u00f3n tropical 13 que se form\u00f3 este\u2026","rel":"","context":"En \u00abPORTADA\u00bb","block_context":{"text":"PORTADA","link":"https:\/\/lasprimeras.com.do\/index.php\/category\/portada\/"},"img":{"alt_text":"Tormenta Lee","src":"https:\/\/i0.wp.com\/lasprimeras.com.do\/wp-content\/uploads\/2023\/09\/LEE-1.jpg?resize=350%2C200&ssl=1","width":350,"height":200,"srcset":"https:\/\/i0.wp.com\/lasprimeras.com.do\/wp-content\/uploads\/2023\/09\/LEE-1.jpg?resize=350%2C200&ssl=1 1x, https:\/\/i0.wp.com\/lasprimeras.com.do\/wp-content\/uploads\/2023\/09\/LEE-1.jpg?resize=525%2C300&ssl=1 1.5x, https:\/\/i0.wp.com\/lasprimeras.com.do\/wp-content\/uploads\/2023\/09\/LEE-1.jpg?resize=700%2C400&ssl=1 2x"},"classes":[]},{"id":67574,"url":"https:\/\/lasprimeras.com.do\/index.php\/2023\/11\/16\/disturbio-en-mar-caribe-podria-convertirse-en-ciclon-tropical-entre-sabado-y-domingo\/","url_meta":{"origin":67623,"position":3},"title":"Disturbio en mar Caribe podr\u00eda convertirse en cicl\u00f3n tropical entre s\u00e1bado y domingo","author":"Nelson Feliz","date":"16 de noviembre de 2023","format":false,"excerpt":"Debido al disturbio tropical se esperan fuertes lluvias sobre gran parte del pa\u00eds s\u00e1bado y domingo. Una amplia zona de baja presi\u00f3n sobre el centro-oeste del mar Caribe increment\u00f3 su probabilidad de convertirse en depresi\u00f3n tropical o cicl\u00f3n tropical a un 60% en las pr\u00f3ximas 48 horas, seg\u00fan el bolet\u00edn\u2026","rel":"","context":"En \u00abNACIONALES\u00bb","block_context":{"text":"NACIONALES","link":"https:\/\/lasprimeras.com.do\/index.php\/category\/nacionales\/"},"img":{"alt_text":"","src":"https:\/\/i0.wp.com\/lasprimeras.com.do\/wp-content\/uploads\/2023\/11\/ciclon-tropical-1.png?resize=350%2C200&ssl=1","width":350,"height":200,"srcset":"https:\/\/i0.wp.com\/lasprimeras.com.do\/wp-content\/uploads\/2023\/11\/ciclon-tropical-1.png?resize=350%2C200&ssl=1 1x, https:\/\/i0.wp.com\/lasprimeras.com.do\/wp-content\/uploads\/2023\/11\/ciclon-tropical-1.png?resize=525%2C300&ssl=1 1.5x, https:\/\/i0.wp.com\/lasprimeras.com.do\/wp-content\/uploads\/2023\/11\/ciclon-tropical-1.png?resize=700%2C400&ssl=1 2x"},"classes":[]},{"id":54621,"url":"https:\/\/lasprimeras.com.do\/index.php\/2023\/07\/12\/preven-formacion-de-depresion-o-tormenta-tropical-sobre-oceano-atlantico-central\/","url_meta":{"origin":67623,"position":4},"title":"Prev\u00e9n formaci\u00f3n de depresi\u00f3n o tormenta tropical sobre Oc\u00e9ano Atl\u00e1ntico central","author":"Nelson Feliz","date":"12 de julio de 2023","format":false,"excerpt":"Aseguraron que las posibilidades de desarrollo podr\u00edan disminuir durante el fin de semana, una vez que el sistema alcance aguas m\u00e1s fr\u00edas. El Centro Nacional de Huracanes (NHC, por sus siglas en ingl\u00e9s) de Estados Unidos inform\u00f3 que un \u00e1rea de baja presi\u00f3n ubicada a m\u00e1s de 500 millas al\u2026","rel":"","context":"En \u00abSin categor\u00eda\u00bb","block_context":{"text":"Sin categor\u00eda","link":"https:\/\/lasprimeras.com.do\/index.php\/category\/sin-categoria\/"},"img":{"alt_text":"tormenta tropical","src":"https:\/\/i0.wp.com\/lasprimeras.com.do\/wp-content\/uploads\/2023\/07\/NCH-1.png?resize=350%2C200&ssl=1","width":350,"height":200,"srcset":"https:\/\/i0.wp.com\/lasprimeras.com.do\/wp-content\/uploads\/2023\/07\/NCH-1.png?resize=350%2C200&ssl=1 1x, https:\/\/i0.wp.com\/lasprimeras.com.do\/wp-content\/uploads\/2023\/07\/NCH-1.png?resize=525%2C300&ssl=1 1.5x, https:\/\/i0.wp.com\/lasprimeras.com.do\/wp-content\/uploads\/2023\/07\/NCH-1.png?resize=700%2C400&ssl=1 2x"},"classes":[]},{"id":89456,"url":"https:\/\/lasprimeras.com.do\/index.php\/2024\/09\/25\/tormenta-tropical-helene-gana-fuerza-y-activa-avisos-por-huracan-en-partes-de-florida-y-mexico\/","url_meta":{"origin":67623,"position":5},"title":"Tormenta tropical Helene gana fuerza y activa avisos por hurac\u00e1n en partes de Florida y M\u00e9xico","author":"Nelson Feliz","date":"25 de septiembre de 2024","format":false,"excerpt":"Historia de AP La tormenta tropical Helene ganaba intensidad r\u00e1pidamente en el mar Caribe y se espera que se convierta en hurac\u00e1n el mi\u00e9rcoles mientras avanza hacia el norte a lo largo de la costa de M\u00e9xico hacia Estados Unidos, lo que provoc\u00f3 evacuaciones, cierre de escuelas y declaraciones de\u2026","rel":"","context":"En \u00abSin categor\u00eda\u00bb","block_context":{"text":"Sin categor\u00eda","link":"https:\/\/lasprimeras.com.do\/index.php\/category\/sin-categoria\/"},"img":{"alt_text":"","src":"https:\/\/i0.wp.com\/lasprimeras.com.do\/wp-content\/uploads\/2024\/09\/AA1rceDW.jpg?resize=350%2C200&ssl=1","width":350,"height":200,"srcset":"https:\/\/i0.wp.com\/lasprimeras.com.do\/wp-content\/uploads\/2024\/09\/AA1rceDW.jpg?resize=350%2C200&ssl=1 1x, https:\/\/i0.wp.com\/lasprimeras.com.do\/wp-content\/uploads\/2024\/09\/AA1rceDW.jpg?resize=525%2C300&ssl=1 1.5x, https:\/\/i0.wp.com\/lasprimeras.com.do\/wp-content\/uploads\/2024\/09\/AA1rceDW.jpg?resize=700%2C400&ssl=1 2x"},"classes":[]}],"jetpack_sharing_enabled":true,"_links":{"self":[{"href":"https:\/\/lasprimeras.com.do\/index.php\/wp-json\/wp\/v2\/posts\/67623","targetHints":{"allow":["GET"]}}],"collection":[{"href":"https:\/\/lasprimeras.com.do\/index.php\/wp-json\/wp\/v2\/posts"}],"about":[{"href":"https:\/\/lasprimeras.com.do\/index.php\/wp-json\/wp\/v2\/types\/post"}],"author":[{"embeddable":true,"href":"https:\/\/lasprimeras.com.do\/index.php\/wp-json\/wp\/v2\/users\/2"}],"replies":[{"embeddable":true,"href":"https:\/\/lasprimeras.com.do\/index.php\/wp-json\/wp\/v2\/comments?post=67623"}],"version-history":[{"count":2,"href":"https:\/\/lasprimeras.com.do\/index.php\/wp-json\/wp\/v2\/posts\/67623\/revisions"}],"predecessor-version":[{"id":67627,"href":"https:\/\/lasprimeras.com.do\/index.php\/wp-json\/wp\/v2\/posts\/67623\/revisions\/67627"}],"wp:featuredmedia":[{"embeddable":true,"href":"https:\/\/lasprimeras.com.do\/index.php\/wp-json\/wp\/v2\/media\/67624"}],"wp:attachment":[{"href":"https:\/\/lasprimeras.com.do\/index.php\/wp-json\/wp\/v2\/media?parent=67623"}],"wp:term":[{"taxonomy":"category","embeddable":true,"href":"https:\/\/lasprimeras.com.do\/index.php\/wp-json\/wp\/v2\/categories?post=67623"},{"taxonomy":"post_tag","embeddable":true,"href":"https:\/\/lasprimeras.com.do\/index.php\/wp-json\/wp\/v2\/tags?post=67623"}],"curies":[{"name":"wp","href":"https:\/\/api.w.org\/{rel}","templated":true}]}}