{"id":67635,"date":"2023-11-17T06:57:25","date_gmt":"2023-11-17T10:57:25","guid":{"rendered":"https:\/\/lasprimeras.com.do\/?p=67635"},"modified":"2023-11-17T06:57:27","modified_gmt":"2023-11-17T10:57:27","slug":"arajet-inaugura-ruta-entre-sd-y-buenos-aires","status":"publish","type":"post","link":"https:\/\/lasprimeras.com.do\/index.php\/2023\/11\/17\/arajet-inaugura-ruta-entre-sd-y-buenos-aires\/","title":{"rendered":"Arajet inaugura ruta entre SD y Buenos Aires"},"content":{"rendered":"\n<p>Santo Domingo.-La l\u00ednea a\u00e9rea Arajet inform\u00f3 ayer que inici\u00f3 oficialmente su nueva ruta con un vuelo directo entre la ciudad de Buenos Aires, en Argentina, y Santo Domingo, en Rep\u00fablica Dominicana.<\/p>\n\n\n\n<p>Arajet dijo que concluye el a\u00f1o con broche de oro inaugurando esta ruta tan esperada, que se convierte en el destino n\u00famero 22 en 16 pa\u00edses del continente americano.<\/p>\n\n\n\n<p>Es la primera vez que quedan conectados de manera directa el Aeropuerto Internacional Ministro Pistarini, (Ezeiza), en Buenos Aires, y el Aeropuerto Internacional Las Am\u00e9ricas de Santo Domingo, capital de la Rep\u00fablica Dominicana.<\/p>\n\n\n\n<p>Este vuelo directo de menos de ocho horas est\u00e1 disponible tres veces por semana, partiendo de Buenos Aires lunes, mi\u00e9rcoles y viernes , a las 04:25 de la madrugada, y desde Santo Domingo a Buenos Aires, saliendo a las 5:55 de la tarde, domingos, martes y jueves.<\/p>\n\n\n\n<p>Adem\u00e1s, podr\u00e1 conectarse con Montreal y Toronto en Canad\u00e1; Ciudad de M\u00e9xico y Canc\u00fan en M\u00e9xico; Ciudad de Guatemala, en Guatemala; San Jos\u00e9 en Costa Rica; San Salvador en El Salvador y varios destinos del Caribe, convirtiendo a Santo Domingo en el nuevo hub del continente, indica Arajet en una declaraci\u00f3n de prensa.<\/p>\n\n\n\n<p>Carlos Mesa, vicepresidente Senior de Experiencia del Cliente, destac\u00f3 la importancia que tiene Argentina para Rep\u00fablica Dominicana por estar dentro de los cinco principales pa\u00edses emisores de turistas.<\/p>\n\n\n\n<p>\u201cAhora los argentinos estar\u00e1n conectados con el Caribe mejor que nunca; por primera vez tendremos un vuelo directo entre nuestras dos ciudades capitales; una demostraci\u00f3n de que\u202fArajet ha mantenido su palabra de democratizar los cielos de la regi\u00f3n uniendo a todo el continente a los mejores precios y con la mejor experiencia y calidad de nuestros servicios a bordo\u201d afirm\u00f3 Mesa.<\/p>\n","protected":false},"excerpt":{"rendered":"<p>Santo Domingo.-La l\u00ednea a\u00e9rea Arajet inform\u00f3 ayer que inici\u00f3 oficialmente su nueva ruta con un vuelo directo entre la ciudad de Buenos Aires, en Argentina, y Santo Domingo, en Rep\u00fablica&hellip;<\/p>\n","protected":false},"author":3,"featured_media":67636,"comment_status":"open","ping_status":"open","sticky":false,"template":"","format":"standard","meta":{"content-type":"","jetpack_post_was_ever_published":false,"_jetpack_newsletter_access":"","_jetpack_dont_email_post_to_subs":false,"_jetpack_newsletter_tier_id":0,"_jetpack_memberships_contains_paywalled_content":false,"_jetpack_memberships_contains_paid_content":false,"footnotes":""},"categories":[25],"tags":[2569],"class_list":["post-67635","post","type-post","status-publish","format-standard","has-post-thumbnail","hentry","category-portada","tag-arajet"],"jetpack_featured_media_url":"https:\/\/lasprimeras.com.do\/wp-content\/uploads\/2023\/11\/valentin-26.jpg","jetpack-related-posts":[{"id":100327,"url":"https:\/\/lasprimeras.com.do\/index.php\/2025\/06\/05\/arajet-iniciara-el-16-de-junio-vuelos-directos-desde-santo-domingo-hacia-nueva-york\/","url_meta":{"origin":67635,"position":0},"title":"Arajet iniciar\u00e1 el 16 de junio vuelos directos desde Santo Domingo hacia Nueva York","author":"Nelson Feliz","date":"5 de junio de 2025","format":false,"excerpt":"Anuncia en Puerto Rico que la ruta Santo Domingo-Nueva York inicia el lunes 16 de junio. El fundador y CEO de Arajet, V\u00edctor Pacheco M\u00e9ndez, anunci\u00f3 este mi\u00e9rcoles que la aerol\u00ednea dominicana de bajo costo iniciar\u00e1 vuelos directos desde Santo Domingo hacia Nueva York a partir del pr\u00f3ximo 16 de\u2026","rel":"","context":"En \u00abPORTADA\u00bb","block_context":{"text":"PORTADA","link":"https:\/\/lasprimeras.com.do\/index.php\/category\/portada\/"},"img":{"alt_text":"V\u00edctor Pacheco M\u00e9ndez","src":"https:\/\/i0.wp.com\/lasprimeras.com.do\/wp-content\/uploads\/2025\/06\/Victor-Pacheco-Mendez.jpg?resize=350%2C200&ssl=1","width":350,"height":200,"srcset":"https:\/\/i0.wp.com\/lasprimeras.com.do\/wp-content\/uploads\/2025\/06\/Victor-Pacheco-Mendez.jpg?resize=350%2C200&ssl=1 1x, https:\/\/i0.wp.com\/lasprimeras.com.do\/wp-content\/uploads\/2025\/06\/Victor-Pacheco-Mendez.jpg?resize=525%2C300&ssl=1 1.5x, https:\/\/i0.wp.com\/lasprimeras.com.do\/wp-content\/uploads\/2025\/06\/Victor-Pacheco-Mendez.jpg?resize=700%2C400&ssl=1 2x"},"classes":[]},{"id":99806,"url":"https:\/\/lasprimeras.com.do\/index.php\/2025\/05\/27\/sebastian-negron-nueva-ruta-de-arajet-dinamizara-turismo-entre-uerto-rico-y-rd\/","url_meta":{"origin":67635,"position":1},"title":"Sebasti\u00e1n Negr\u00f3n: \u201cNueva ruta de Arajet dinamizar\u00e1 turismo entre uerto Rico y RD\u201d","author":"Nelson Feliz","date":"27 de mayo de 2025","format":false,"excerpt":"El secretario del Departamento de Desarrollo Econ\u00f3mico y Comercio de Puerto Rico, Sebasti\u00e1n Negr\u00f3n, afirm\u00f3 que el inicio de vuelos directos entre Puerto Rico y Rep\u00fablica Dominicana por parte de la aerol\u00ednea dominicana de bajo costo, Arajet, tendr\u00e1 un impacto positivo en el fortalecimiento del turismo y las relaciones comerciales\u2026","rel":"","context":"En \u00abPORTADA\u00bb","block_context":{"text":"PORTADA","link":"https:\/\/lasprimeras.com.do\/index.php\/category\/portada\/"},"img":{"alt_text":"Sebasti\u00e1n Negr\u00f3n","src":"https:\/\/i0.wp.com\/lasprimeras.com.do\/wp-content\/uploads\/2025\/05\/Sebastian-Negron.jpg?resize=350%2C200&ssl=1","width":350,"height":200,"srcset":"https:\/\/i0.wp.com\/lasprimeras.com.do\/wp-content\/uploads\/2025\/05\/Sebastian-Negron.jpg?resize=350%2C200&ssl=1 1x, https:\/\/i0.wp.com\/lasprimeras.com.do\/wp-content\/uploads\/2025\/05\/Sebastian-Negron.jpg?resize=525%2C300&ssl=1 1.5x, https:\/\/i0.wp.com\/lasprimeras.com.do\/wp-content\/uploads\/2025\/05\/Sebastian-Negron.jpg?resize=700%2C400&ssl=1 2x"},"classes":[]},{"id":121053,"url":"https:\/\/lasprimeras.com.do\/index.php\/2026\/01\/30\/banreservas-y-arajet-se-unen-para-facilitar-vuelos-y-experiencia-de-viaje\/","url_meta":{"origin":67635,"position":2},"title":"Banreservas y Arajet se unen para facilitar vuelos y experiencia de viaje","author":"Nelson Feliz","date":"30 de enero de 2026","format":false,"excerpt":"Santo Domingo, RD. \u2013 Banreservas y la aerol\u00ednea bandera dominicana Arajet anunciaron una promoci\u00f3n conjunta dirigida a los tarjetahabientes de la entidad financiera, que permitir\u00e1 viajar a la extensa red de destinos que ofrece la l\u00ednea a\u00e9rea, con condiciones preferenciales durante los primeros meses de 2026. La iniciativa busca permitir\u2026","rel":"","context":"En \u00abECONOM\u00cdA\u00bb","block_context":{"text":"ECONOM\u00cdA","link":"https:\/\/lasprimeras.com.do\/index.php\/category\/economia\/"},"img":{"alt_text":"","src":"https:\/\/i0.wp.com\/lasprimeras.com.do\/wp-content\/uploads\/2026\/01\/IMG-20251202-WA0594.jpg?resize=350%2C200&ssl=1","width":350,"height":200,"srcset":"https:\/\/i0.wp.com\/lasprimeras.com.do\/wp-content\/uploads\/2026\/01\/IMG-20251202-WA0594.jpg?resize=350%2C200&ssl=1 1x, https:\/\/i0.wp.com\/lasprimeras.com.do\/wp-content\/uploads\/2026\/01\/IMG-20251202-WA0594.jpg?resize=525%2C300&ssl=1 1.5x, https:\/\/i0.wp.com\/lasprimeras.com.do\/wp-content\/uploads\/2026\/01\/IMG-20251202-WA0594.jpg?resize=700%2C400&ssl=1 2x, https:\/\/i0.wp.com\/lasprimeras.com.do\/wp-content\/uploads\/2026\/01\/IMG-20251202-WA0594.jpg?resize=1050%2C600&ssl=1 3x"},"classes":[]},{"id":79032,"url":"https:\/\/lasprimeras.com.do\/index.php\/2024\/03\/22\/arajet-y-cesac-remueven-dos-pasajeros-de-vuelo-por-falsa-alarma-de-objeto-explosivo\/","url_meta":{"origin":67635,"position":3},"title":"Arajet y CESAC remueven dos pasajeros de vuelo por falsa alarma de objeto explosivo.","author":"BIMARY DE JES\u00daS Matos","date":"22 de marzo de 2024","format":false,"excerpt":"Santo Domingo.-La Aerol\u00ednea Arajet inform\u00f3 que el Cuerpo Especializados de Seguridad Aeroportuaria, en cumplimiento de los protocolos internacionales, procedi\u00f3 a remover a dos pasajeros del vuelo HI1078 de Santo Domingo a Cartagena, luego de que estos dieran una falsa alarma sobre portar un objeto explosivo a bordo. Seg\u00fan explic\u00f3 el\u2026","rel":"","context":"En \u00abNACIONALES\u00bb","block_context":{"text":"NACIONALES","link":"https:\/\/lasprimeras.com.do\/index.php\/category\/nacionales\/"},"img":{"alt_text":"","src":"https:\/\/i0.wp.com\/lasprimeras.com.do\/wp-content\/uploads\/2024\/03\/IMG-20240322-WA0017.jpg?resize=350%2C200&ssl=1","width":350,"height":200,"srcset":"https:\/\/i0.wp.com\/lasprimeras.com.do\/wp-content\/uploads\/2024\/03\/IMG-20240322-WA0017.jpg?resize=350%2C200&ssl=1 1x, https:\/\/i0.wp.com\/lasprimeras.com.do\/wp-content\/uploads\/2024\/03\/IMG-20240322-WA0017.jpg?resize=525%2C300&ssl=1 1.5x, https:\/\/i0.wp.com\/lasprimeras.com.do\/wp-content\/uploads\/2024\/03\/IMG-20240322-WA0017.jpg?resize=700%2C400&ssl=1 2x, https:\/\/i0.wp.com\/lasprimeras.com.do\/wp-content\/uploads\/2024\/03\/IMG-20240322-WA0017.jpg?resize=1050%2C600&ssl=1 3x"},"classes":[]},{"id":116912,"url":"https:\/\/lasprimeras.com.do\/index.php\/2025\/12\/05\/arajet-fija-tope-de-us1000-para-pasajes-de-ida-y-vuelta-entre-rd-y-newark-este-diciembre\/","url_meta":{"origin":67635,"position":4},"title":"Arajet fija tope de US$1,000 para pasajes de ida y vuelta entre RD y Newark este diciembre","author":"Nelson Feliz","date":"5 de diciembre de 2025","format":false,"excerpt":"Las negociaciones avanzan para que Arajet vuele hacia el principal aeropuerto de Nueva York, el JFK Nueva York - La aerol\u00ednea dominicana Arajet anunci\u00f3 que, durante todo el mes de diciembre, los boletos a\u00e9reos en la ruta Newark\u2013Rep\u00fablica Dominicana no superar\u00e1n los 1,000 d\u00f3lares ida y vuelta. La empresa present\u00f3\u2026","rel":"","context":"En \u00abECONOM\u00cdA\u00bb","block_context":{"text":"ECONOM\u00cdA","link":"https:\/\/lasprimeras.com.do\/index.php\/category\/economia\/"},"img":{"alt_text":"","src":"https:\/\/i0.wp.com\/lasprimeras.com.do\/wp-content\/uploads\/2025\/12\/ARAJET.jpg?resize=350%2C200&ssl=1","width":350,"height":200},"classes":[]},{"id":51256,"url":"https:\/\/lasprimeras.com.do\/index.php\/2023\/05\/29\/arajet-inicia-una-nueva-era-de-conectividad-entre-santiago-y-colombia\/","url_meta":{"origin":67635,"position":5},"title":"Arajet inicia una nueva era de conectividad entre Santiago y Colombia","author":"prenxa100","date":"29 de mayo de 2023","format":false,"excerpt":"La nueva ruta Santiago-Medell\u00edn, con dos frecuencias, iniciar\u00e1 el 17 julio. Santiago . -\u00a0El ministro de Turismo, David Collado y V\u00edctor Pacheco M\u00e9ndez, CEO y fundador de Arajet, encabezaron este lunes el anuncio oficial de la nueva ruta Santiago (STI) \u2013 Medell\u00edn (MED), que inicia el 17 de julio y\u2026","rel":"","context":"En \u00abTURISMO\u00bb","block_context":{"text":"TURISMO","link":"https:\/\/lasprimeras.com.do\/index.php\/category\/turismo\/"},"img":{"alt_text":"","src":"","width":0,"height":0},"classes":[]}],"jetpack_sharing_enabled":true,"_links":{"self":[{"href":"https:\/\/lasprimeras.com.do\/index.php\/wp-json\/wp\/v2\/posts\/67635","targetHints":{"allow":["GET"]}}],"collection":[{"href":"https:\/\/lasprimeras.com.do\/index.php\/wp-json\/wp\/v2\/posts"}],"about":[{"href":"https:\/\/lasprimeras.com.do\/index.php\/wp-json\/wp\/v2\/types\/post"}],"author":[{"embeddable":true,"href":"https:\/\/lasprimeras.com.do\/index.php\/wp-json\/wp\/v2\/users\/3"}],"replies":[{"embeddable":true,"href":"https:\/\/lasprimeras.com.do\/index.php\/wp-json\/wp\/v2\/comments?post=67635"}],"version-history":[{"count":1,"href":"https:\/\/lasprimeras.com.do\/index.php\/wp-json\/wp\/v2\/posts\/67635\/revisions"}],"predecessor-version":[{"id":67637,"href":"https:\/\/lasprimeras.com.do\/index.php\/wp-json\/wp\/v2\/posts\/67635\/revisions\/67637"}],"wp:featuredmedia":[{"embeddable":true,"href":"https:\/\/lasprimeras.com.do\/index.php\/wp-json\/wp\/v2\/media\/67636"}],"wp:attachment":[{"href":"https:\/\/lasprimeras.com.do\/index.php\/wp-json\/wp\/v2\/media?parent=67635"}],"wp:term":[{"taxonomy":"category","embeddable":true,"href":"https:\/\/lasprimeras.com.do\/index.php\/wp-json\/wp\/v2\/categories?post=67635"},{"taxonomy":"post_tag","embeddable":true,"href":"https:\/\/lasprimeras.com.do\/index.php\/wp-json\/wp\/v2\/tags?post=67635"}],"curies":[{"name":"wp","href":"https:\/\/api.w.org\/{rel}","templated":true}]}}