{"id":67652,"date":"2023-11-17T07:05:15","date_gmt":"2023-11-17T11:05:15","guid":{"rendered":"https:\/\/lasprimeras.com.do\/?p=67652"},"modified":"2023-11-17T07:05:16","modified_gmt":"2023-11-17T11:05:16","slug":"quevedo-y-bizarrap-siguen-sumando-exitos-con-el-latin-grammy-a-mejor-cancion-urbana","status":"publish","type":"post","link":"https:\/\/lasprimeras.com.do\/index.php\/2023\/11\/17\/quevedo-y-bizarrap-siguen-sumando-exitos-con-el-latin-grammy-a-mejor-cancion-urbana\/","title":{"rendered":"Quevedo y Bizarrap siguen sumando \u00e9xitos con el Latin Grammy a mejor canci\u00f3n urbana"},"content":{"rendered":"\n<p>Santo Domingo.-El espa\u00f1ol Quevedo y el argentino Bizarrap han obtenido este jueves el premio a mejor Canci\u00f3n Urbana en la 24\u00aa edici\u00f3n de los Latin Grammy como compositores de su famosa \u2018Bzrp Music Sessions, Vol. 52\u2019, que ya logr\u00f3 la proeza de mantenerse durante siete semanas en el n\u00famero 1 global de Spotify.<\/p>\n\n\n\n<p>Ha sido durante la llamada \u2018Premiere\u2019, que no se televisa y durante la que se entrega el grueso de los galardones, especialmente los m\u00e1s t\u00e9cnicos y espec\u00edficos, y que arranc\u00f3 con un n\u00famero flamenco protagonizado por los nominados al mejor disco en esta categor\u00eda.<\/p>\n\n\n\n<p>Poco despu\u00e9s, \u00c9dgar Barrera ha abierto la lista de premiados con su galard\u00f3n al Compositor del A\u00f1o, el primero concedido en el Palacio de Congresos y Exposiciones de Sevilla (FIBES), en la primera ocasi\u00f3n en la que se celebran fuera de Estados Unidos.<\/p>\n\n\n\n<p>Otros artistas distinguidos en los primeros momentos de la entrega han sido los mexicanos Molotov, que han obtenido el Latin Grammy al mejor \u00c1lbum de Rock frente a los espa\u00f1oles Arde Bogot\u00e1 y su \u2018Cowboyws de la A\u2019 entre otros, as\u00ed como la cubana Omara Portuondo, que ha obtenido el suyo por \u2018Vida\u2019 como el mejor \u00c1lbum Tropical Tradicional.<\/p>\n\n\n\n<p>Adem\u00e1s el colombiano Juanes se ha llevado el Latin Grammy al mejor \u00e1lbum de Pop\/Rock por su disco \u2018Vida cotidiana\u2019.<\/p>\n\n\n\n<p>Entre los discursos de aceptaci\u00f3n, Paquito D\u2019Rivera ha dedicado su galard\u00f3n a la mejor Obra\/Composicion Cl\u00e1sica Contempor\u00e1nea a \u00ablos pueblos de Cuba y de Venezuela, que alg\u00fan d\u00eda ser\u00e1n libres\u00bb, as\u00ed como el de Gaby Amarantos, que ha hecho lo propio con \u00abtodas las mujeres negras de Brasil\u00bb por su \u00e1lbum de m\u00fasica de ra\u00edz en lengua portuguesa.<\/p>\n\n\n\n<p>A partir de las 22:30 hora local est\u00e1 previsto que d\u00e9 comienzo la gran ceremonia de entrega de los Latin Grammy, en la que se conceder\u00e1n los 10 premios restantes en categor\u00edas principales como canci\u00f3n, grabaci\u00f3n y disco del a\u00f1o, y con actuaciones de estrellas como Rosal\u00eda, Shakira, Maluma o Alejandro Sanz, entre muchos otros.<\/p>\n","protected":false},"excerpt":{"rendered":"<p>Santo Domingo.-El espa\u00f1ol Quevedo y el argentino Bizarrap han obtenido este jueves el premio a mejor Canci\u00f3n Urbana en la 24\u00aa edici\u00f3n de los Latin Grammy como compositores de su&hellip;<\/p>\n","protected":false},"author":3,"featured_media":67653,"comment_status":"open","ping_status":"open","sticky":false,"template":"","format":"standard","meta":{"content-type":"","jetpack_post_was_ever_published":false,"_jetpack_newsletter_access":"","_jetpack_dont_email_post_to_subs":false,"_jetpack_newsletter_tier_id":0,"_jetpack_memberships_contains_paywalled_content":false,"_jetpack_memberships_contains_paid_content":false,"footnotes":""},"categories":[84],"tags":[7735],"class_list":["post-67652","post","type-post","status-publish","format-standard","has-post-thumbnail","hentry","category-entretenimiento","tag-latin-grammy"],"jetpack_featured_media_url":"https:\/\/lasprimeras.com.do\/wp-content\/uploads\/2023\/11\/valentin-31.jpg","jetpack-related-posts":[{"id":63249,"url":"https:\/\/lasprimeras.com.do\/index.php\/2023\/10\/11\/keityn-recibe-siete-nominaciones-a-la-24a-entrega-de-los-premios-latin-grammy\/","url_meta":{"origin":67652,"position":0},"title":"Keityn recibe siete nominaciones a la 24\u00aa entrega de los Premios Lat\u00edn Grammy","author":"Nelson Feliz","date":"11 de octubre de 2023","format":false,"excerpt":"El exitoso compositor y productor del momento y el creador de los \u00e9xitos globales m\u00e1s populares de hoy en d\u00eda, ha sido nominado a la 24\u00aa Entrega Anual de los Premios Latin Grammy con siete nominaciones. Keityn se encuentra entre las estrellas con m\u00e1s nominaciones de este a\u00f1o. Con nominaciones\u2026","rel":"","context":"En \u00abENTRETENIMIENTO\u00bb","block_context":{"text":"ENTRETENIMIENTO","link":"https:\/\/lasprimeras.com.do\/index.php\/category\/entretenimiento\/"},"img":{"alt_text":"Keityn","src":"https:\/\/i0.wp.com\/lasprimeras.com.do\/wp-content\/uploads\/2023\/10\/Captura.jpg?resize=350%2C200&ssl=1","width":350,"height":200},"classes":[]},{"id":75105,"url":"https:\/\/lasprimeras.com.do\/index.php\/2024\/01\/29\/quevedo-hace-una-pausa-musical-porque-no-soy-una-maquina\/","url_meta":{"origin":67652,"position":1},"title":"Quevedo hace una pausa musical porque \u00abno soy una m\u00e1quina\u00bb","author":"BIMARY DE JES\u00daS Matos","date":"29 de enero de 2024","format":false,"excerpt":"Las Palmas de Gran Canaria \u2013 Quevedo, el m\u00fasico espa\u00f1ol que lider\u00f3 las listas mundiales de reproducciones en Spotify, ha decidido poner en pausa su carrera, desconectarse de las redes sociales y abrir un par\u00e9ntesis que promete que ser\u00e1 temporal. \u201dNo soy una m\u00e1quina\u201d, se justific\u00f3 el joven cantante, de\u2026","rel":"","context":"En \u00abENTRETENIMIENTO\u00bb","block_context":{"text":"ENTRETENIMIENTO","link":"https:\/\/lasprimeras.com.do\/index.php\/category\/entretenimiento\/"},"img":{"alt_text":"","src":"https:\/\/i0.wp.com\/lasprimeras.com.do\/wp-content\/uploads\/2024\/01\/Diseno-sin-titulo-10-3.webp?resize=350%2C200&ssl=1","width":350,"height":200,"srcset":"https:\/\/i0.wp.com\/lasprimeras.com.do\/wp-content\/uploads\/2024\/01\/Diseno-sin-titulo-10-3.webp?resize=350%2C200&ssl=1 1x, https:\/\/i0.wp.com\/lasprimeras.com.do\/wp-content\/uploads\/2024\/01\/Diseno-sin-titulo-10-3.webp?resize=525%2C300&ssl=1 1.5x, https:\/\/i0.wp.com\/lasprimeras.com.do\/wp-content\/uploads\/2024\/01\/Diseno-sin-titulo-10-3.webp?resize=700%2C400&ssl=1 2x, https:\/\/i0.wp.com\/lasprimeras.com.do\/wp-content\/uploads\/2024\/01\/Diseno-sin-titulo-10-3.webp?resize=1050%2C600&ssl=1 3x, https:\/\/i0.wp.com\/lasprimeras.com.do\/wp-content\/uploads\/2024\/01\/Diseno-sin-titulo-10-3.webp?resize=1400%2C800&ssl=1 4x"},"classes":[]},{"id":73374,"url":"https:\/\/lasprimeras.com.do\/index.php\/2024\/01\/09\/young-miko-colabora-con-bizarrap-en-su-sesion-58\/","url_meta":{"origin":67652,"position":2},"title":"Young Miko colabora con Bizarrap en su &#8220;Sesi\u00f3n 58&#8221;","author":"BIMARY DE JES\u00daS Matos","date":"9 de enero de 2024","format":false,"excerpt":"Santo Domingo.-La cantante puertorrique\u00f1a Young Miko ser\u00e1 la pr\u00f3xima invitada del productor y m\u00fasico argentino Bizarrap para su sesi\u00f3n 58, que saldr\u00e1 a la luz este mi\u00e9rcoles, seg\u00fan anunci\u00f3 el exitoso artista en sus redes sociales. El mensaje publicado por el de Ramos Mej\u00eda en su perfil de X sigue\u2026","rel":"","context":"En \u00abENTRETENIMIENTO\u00bb","block_context":{"text":"ENTRETENIMIENTO","link":"https:\/\/lasprimeras.com.do\/index.php\/category\/entretenimiento\/"},"img":{"alt_text":"","src":"https:\/\/i0.wp.com\/lasprimeras.com.do\/wp-content\/uploads\/2024\/01\/Noticias-de-energia-2024-01-09T121924.120.png?resize=350%2C200&ssl=1","width":350,"height":200,"srcset":"https:\/\/i0.wp.com\/lasprimeras.com.do\/wp-content\/uploads\/2024\/01\/Noticias-de-energia-2024-01-09T121924.120.png?resize=350%2C200&ssl=1 1x, https:\/\/i0.wp.com\/lasprimeras.com.do\/wp-content\/uploads\/2024\/01\/Noticias-de-energia-2024-01-09T121924.120.png?resize=525%2C300&ssl=1 1.5x"},"classes":[]},{"id":67149,"url":"https:\/\/lasprimeras.com.do\/index.php\/2023\/11\/13\/los-latin-grammy-celebran-en-sevilla-la-excelencia-musical-de-los-creadores-latinos\/","url_meta":{"origin":67652,"position":3},"title":"Los Latin Grammy celebran en Sevilla la &#8220;excelencia&#8221; musical de los creadores latinos","author":"BIMARY DE JES\u00daS Matos","date":"13 de noviembre de 2023","format":false,"excerpt":"Santo Domingo.-Los Latin Grammy 2023 celebraron este domingo la \u00abexcelencia\u00bb musical de los creadores latinos con la entrega del Premio a la Excelencia Musical a las cantantes espa\u00f1olas Carmen Linares y Ana Torroja, el mexicano Mijares, la brasile\u00f1a Simone, el trompetista cubano Arturo Sandoval y la banda de rock argentina\u2026","rel":"","context":"En \u00abENTRETENIMIENTO\u00bb","block_context":{"text":"ENTRETENIMIENTO","link":"https:\/\/lasprimeras.com.do\/index.php\/category\/entretenimiento\/"},"img":{"alt_text":"","src":"https:\/\/i0.wp.com\/lasprimeras.com.do\/wp-content\/uploads\/2023\/11\/valentin-19.jpg?resize=350%2C200&ssl=1","width":350,"height":200,"srcset":"https:\/\/i0.wp.com\/lasprimeras.com.do\/wp-content\/uploads\/2023\/11\/valentin-19.jpg?resize=350%2C200&ssl=1 1x, https:\/\/i0.wp.com\/lasprimeras.com.do\/wp-content\/uploads\/2023\/11\/valentin-19.jpg?resize=525%2C300&ssl=1 1.5x"},"classes":[]},{"id":75791,"url":"https:\/\/lasprimeras.com.do\/index.php\/2024\/02\/05\/karol-g-gana-su-primer-grammy-a-mejor-album-de-musica-urbana-por-manana-sera-bonito\/","url_meta":{"origin":67652,"position":4},"title":"Karol G gana su primer grammy a mejor \u00e1lbum de m\u00fasica urbana por &#8216;Ma\u00f1ana ser\u00e1 bonito&#8217;","author":"BIMARY DE JES\u00daS Matos","date":"5 de febrero de 2024","format":false,"excerpt":"Las vegas.-Karol G gan\u00f3 este domingo su primer Grammy estadounidense a mejor \u00e1lbum de m\u00fasica urbana por 'Ma\u00f1ana ser\u00e1 bonito'. \"Estoy muy feliz de estar aqu\u00ed frente a tantas leyendas. Mi \u00e1lbum me ha dado las mejores memorias de mi vida\", dijo Karol G despu\u00e9s de recibir el premio de\u2026","rel":"","context":"En \u00abENTRETENIMIENTO\u00bb","block_context":{"text":"ENTRETENIMIENTO","link":"https:\/\/lasprimeras.com.do\/index.php\/category\/entretenimiento\/"},"img":{"alt_text":"","src":"","width":0,"height":0},"classes":[]},{"id":60999,"url":"https:\/\/lasprimeras.com.do\/index.php\/2023\/09\/21\/shakira-recibe-7-nominaciones-al-latin-grammy\/","url_meta":{"origin":67652,"position":5},"title":"Shakira recibe 7 nominaciones al Latin GRAMMY","author":"Nelson Feliz","date":"21 de septiembre de 2023","format":false,"excerpt":"Tras recibir 7 nominaciones a los Latin GRAMMY\u00ae y una destacada actuaci\u00f3n y ser honrada en los MTV Video Music Awards, la artista ganadora del GRAMMY\u00ae y del Latin GRAMMY\u00ae Shakira lanz\u00f3 su \u00faltimo sencillo \"El Jefe\" junto a Fuerza Regida, un pegajoso tema regional mexicano de ska. Adem\u00e1s, Shakira\u2026","rel":"","context":"En \u00abENTRETENIMIENTO\u00bb","block_context":{"text":"ENTRETENIMIENTO","link":"https:\/\/lasprimeras.com.do\/index.php\/category\/entretenimiento\/"},"img":{"alt_text":"Shakira","src":"https:\/\/i0.wp.com\/lasprimeras.com.do\/wp-content\/uploads\/2023\/09\/Shakira.jpg?resize=350%2C200&ssl=1","width":350,"height":200,"srcset":"https:\/\/i0.wp.com\/lasprimeras.com.do\/wp-content\/uploads\/2023\/09\/Shakira.jpg?resize=350%2C200&ssl=1 1x, https:\/\/i0.wp.com\/lasprimeras.com.do\/wp-content\/uploads\/2023\/09\/Shakira.jpg?resize=525%2C300&ssl=1 1.5x, https:\/\/i0.wp.com\/lasprimeras.com.do\/wp-content\/uploads\/2023\/09\/Shakira.jpg?resize=700%2C400&ssl=1 2x"},"classes":[]}],"jetpack_sharing_enabled":true,"_links":{"self":[{"href":"https:\/\/lasprimeras.com.do\/index.php\/wp-json\/wp\/v2\/posts\/67652","targetHints":{"allow":["GET"]}}],"collection":[{"href":"https:\/\/lasprimeras.com.do\/index.php\/wp-json\/wp\/v2\/posts"}],"about":[{"href":"https:\/\/lasprimeras.com.do\/index.php\/wp-json\/wp\/v2\/types\/post"}],"author":[{"embeddable":true,"href":"https:\/\/lasprimeras.com.do\/index.php\/wp-json\/wp\/v2\/users\/3"}],"replies":[{"embeddable":true,"href":"https:\/\/lasprimeras.com.do\/index.php\/wp-json\/wp\/v2\/comments?post=67652"}],"version-history":[{"count":1,"href":"https:\/\/lasprimeras.com.do\/index.php\/wp-json\/wp\/v2\/posts\/67652\/revisions"}],"predecessor-version":[{"id":67654,"href":"https:\/\/lasprimeras.com.do\/index.php\/wp-json\/wp\/v2\/posts\/67652\/revisions\/67654"}],"wp:featuredmedia":[{"embeddable":true,"href":"https:\/\/lasprimeras.com.do\/index.php\/wp-json\/wp\/v2\/media\/67653"}],"wp:attachment":[{"href":"https:\/\/lasprimeras.com.do\/index.php\/wp-json\/wp\/v2\/media?parent=67652"}],"wp:term":[{"taxonomy":"category","embeddable":true,"href":"https:\/\/lasprimeras.com.do\/index.php\/wp-json\/wp\/v2\/categories?post=67652"},{"taxonomy":"post_tag","embeddable":true,"href":"https:\/\/lasprimeras.com.do\/index.php\/wp-json\/wp\/v2\/tags?post=67652"}],"curies":[{"name":"wp","href":"https:\/\/api.w.org\/{rel}","templated":true}]}}