{"id":67678,"date":"2023-11-17T08:58:49","date_gmt":"2023-11-17T12:58:49","guid":{"rendered":"https:\/\/lasprimeras.com.do\/?p=67678"},"modified":"2023-11-17T08:58:51","modified_gmt":"2023-11-17T12:58:51","slug":"tomas-hernandez-felicita-al-director-de-idoppril-tras-recibir-medalla-de-plata","status":"publish","type":"post","link":"https:\/\/lasprimeras.com.do\/index.php\/2023\/11\/17\/tomas-hernandez-felicita-al-director-de-idoppril-tras-recibir-medalla-de-plata\/","title":{"rendered":"Tom\u00e1s Hern\u00e1ndez felicita al director de IDOPPRIL tras recibir \u00a1Medalla de Plata!"},"content":{"rendered":"\n<p>Por Mart\u00edn Restituyo<\/p>\n\n\n\n<pre class=\"wp-block-code\"><code>El director del Instituto Dominicano de Prevenci\u00f3n y Protecci\u00f3n de Riesgos Laborales (IDOPPRIL), Dr. Fausto L\u00f3pez Sol\u00eds,recibi\u00f3 la \u00a1Medalla de Plata! en el Premio Nacional de la Calidad, entregado por el Presidente Luis Abinader y el Ministerio de Administraci\u00f3n P\u00fablica (MAP).\n\nDe inmediato su amigo y ex compa\u00f1ero de curul en la C\u00e1mara de Diputados, Ing. Agrom. Tom\u00e1s Hern\u00e1ndez Alberto gir\u00f3 una visita este jueves hasta el despacho del Dr. L\u00f3pez Sol\u00eds para felicitarlo y darles un abrazo de manera personal.\n\nHern\u00e1ndez Alberto sostuvo que el prop\u00f3sito de su visita fue para \u201cfelicitar a mi amigo por ese premio y he visto c\u00f3mo ha cambiado esta instituci\u00f3n para bien del Sistema de la Seguridad Social\u201d.\n\n\"El agr\u00f3nomo sembr\u00f3 amistad en tierra f\u00e9rtil, y en un abrazo recibi\u00f3 una cosecha de hermandad y aprecio de su amigo, el doctor Fausto L\u00f3pez Sol\u00eds\".\n\nDurante el encuentro, el doctor L\u00f3pez Sol\u00eds, le hizo un resumen de los logros que durante la actual gesti\u00f3n de gobierno puede exhibir el IDOPPRIL a favor de los afiliados.\n\nEl incumbente de IDOPPRIL, cit\u00f3 como logro la eliminaci\u00f3n de pagos por consultas y estudios m\u00e9dicos con especialistas y, la apertura de 16 m\u00f3dulos de atenci\u00f3n en las diferentes provincias del pa\u00eds, para darle servicios a los trabajadores afectados por accidentes de trabajo.<\/code><\/pre>\n","protected":false},"excerpt":{"rendered":"<p>Por Mart\u00edn Restituyo<\/p>\n","protected":false},"author":2,"featured_media":67679,"comment_status":"open","ping_status":"open","sticky":false,"template":"","format":"standard","meta":{"content-type":"","jetpack_post_was_ever_published":false,"_jetpack_newsletter_access":"","_jetpack_dont_email_post_to_subs":false,"_jetpack_newsletter_tier_id":0,"_jetpack_memberships_contains_paywalled_content":false,"_jetpack_memberships_contains_paid_content":false,"footnotes":""},"categories":[35,25],"tags":[712,1315,8009,9591,9590],"class_list":["post-67678","post","type-post","status-publish","format-standard","has-post-thumbnail","hentry","category-nacionales","category-portada","tag-fausto-lopez-solis","tag-felicita","tag-idoppril","tag-medalla-de-plata","tag-tomas-hernandez-alberto"],"jetpack_featured_media_url":"https:\/\/lasprimeras.com.do\/wp-content\/uploads\/2023\/11\/Tomas-Hernandez-Alberto-y-Fausto-Lopez-Solis.jpg","jetpack-related-posts":[{"id":78971,"url":"https:\/\/lasprimeras.com.do\/index.php\/2024\/03\/21\/idoppril-instala-nuevo-modulo-de-atencion-en-los-alcarrizos-2\/","url_meta":{"origin":67678,"position":0},"title":"IDOPPRIL instala nuevo m\u00f3dulo de atenci\u00f3n en Los Alcarrizos","author":"Nelson Feliz","date":"21 de marzo de 2024","format":false,"excerpt":"El Instituto Dominicano de Prevenci\u00f3n y Protecci\u00f3n de Riesgos Laborales (IDOPPRIL) dej\u00f3 en funcionamiento su nuevo m\u00f3dulo de atenci\u00f3n al usuario en el Hospital General Dr. Vinicio Calventi, del municipio Los Alcarrizos. El director ejecutivo del IDOPPRIL, doctor Fausto L\u00f3pez Sol\u00eds, explic\u00f3 que en lo adelante los afiliados de Los\u2026","rel":"","context":"En \u00abPORTADA\u00bb","block_context":{"text":"PORTADA","link":"https:\/\/lasprimeras.com.do\/index.php\/category\/portada\/"},"img":{"alt_text":"Fausto L\u00f3pez Sol\u00eds","src":"https:\/\/i0.wp.com\/lasprimeras.com.do\/wp-content\/uploads\/2024\/03\/Fausto-Lopez-Solis.jpg?resize=350%2C200&ssl=1","width":350,"height":200,"srcset":"https:\/\/i0.wp.com\/lasprimeras.com.do\/wp-content\/uploads\/2024\/03\/Fausto-Lopez-Solis.jpg?resize=350%2C200&ssl=1 1x, https:\/\/i0.wp.com\/lasprimeras.com.do\/wp-content\/uploads\/2024\/03\/Fausto-Lopez-Solis.jpg?resize=525%2C300&ssl=1 1.5x"},"classes":[]},{"id":62688,"url":"https:\/\/lasprimeras.com.do\/index.php\/2023\/10\/06\/reconocen-al-idoppril-como-institucion-embajadora-de-confianza\/","url_meta":{"origin":67678,"position":1},"title":"Reconocen al IDOPPRIL como instituci\u00f3n Embajadora de Confianza","author":"Nelson Feliz","date":"6 de octubre de 2023","format":false,"excerpt":"La prestigiosa empresa Aenor Rep\u00fablica Dominicana entreg\u00f3 un reconocimiento al doctor Fausto L\u00f3pez Sol\u00eds, director ejecutivo del IDOPPRIL por los avances experimentados por ese instituto en los \u00faltimos 10 a\u00f1os, en especial desde su creaci\u00f3n en 2019 a la fecha. Por Mart\u00edn Restituyo El Instituto Dominicano de Prevenci\u00f3n y Protecci\u00f3n\u2026","rel":"","context":"En \u00abNACIONALES\u00bb","block_context":{"text":"NACIONALES","link":"https:\/\/lasprimeras.com.do\/index.php\/category\/nacionales\/"},"img":{"alt_text":"Fausto Lopez Solis","src":"https:\/\/i0.wp.com\/lasprimeras.com.do\/wp-content\/uploads\/2023\/10\/Fausto-Lopez-Solis.jpg?resize=350%2C200&ssl=1","width":350,"height":200,"srcset":"https:\/\/i0.wp.com\/lasprimeras.com.do\/wp-content\/uploads\/2023\/10\/Fausto-Lopez-Solis.jpg?resize=350%2C200&ssl=1 1x, https:\/\/i0.wp.com\/lasprimeras.com.do\/wp-content\/uploads\/2023\/10\/Fausto-Lopez-Solis.jpg?resize=525%2C300&ssl=1 1.5x, https:\/\/i0.wp.com\/lasprimeras.com.do\/wp-content\/uploads\/2023\/10\/Fausto-Lopez-Solis.jpg?resize=700%2C400&ssl=1 2x"},"classes":[]},{"id":61666,"url":"https:\/\/lasprimeras.com.do\/index.php\/2023\/09\/29\/lopez-solis-afirma-seguro-de-riesgos-laborales-establece-record-en-atenciones-a-sus-afiliados\/","url_meta":{"origin":67678,"position":2},"title":"L\u00f3pez Sol\u00eds afirma Seguro de Riesgos Laborales establece r\u00e9cord en atenciones a sus afiliados","author":"Nelson Feliz","date":"29 de septiembre de 2023","format":false,"excerpt":"Por Martin Restituyo El director ejecutivo del Instituto Dominicano de Prevenci\u00f3n y Protecci\u00f3n de Riesgos Laborales (IDOPPRIL), revel\u00f3 que en la actual gesti\u00f3n de gobierno se han logrado metas que no hab\u00edan sido alcanzadas desde la promulgaci\u00f3n de la Ley 87-01, que cre\u00f3 el Sistema de Seguridad Social en el\u2026","rel":"","context":"En \u00abECONOM\u00cdA\u00bb","block_context":{"text":"ECONOM\u00cdA","link":"https:\/\/lasprimeras.com.do\/index.php\/category\/economia\/"},"img":{"alt_text":"IDOPRIL","src":"https:\/\/i0.wp.com\/lasprimeras.com.do\/wp-content\/uploads\/2023\/09\/IDOPRIL.jpg?resize=350%2C200&ssl=1","width":350,"height":200,"srcset":"https:\/\/i0.wp.com\/lasprimeras.com.do\/wp-content\/uploads\/2023\/09\/IDOPRIL.jpg?resize=350%2C200&ssl=1 1x, https:\/\/i0.wp.com\/lasprimeras.com.do\/wp-content\/uploads\/2023\/09\/IDOPRIL.jpg?resize=525%2C300&ssl=1 1.5x, https:\/\/i0.wp.com\/lasprimeras.com.do\/wp-content\/uploads\/2023\/09\/IDOPRIL.jpg?resize=700%2C400&ssl=1 2x"},"classes":[]},{"id":78894,"url":"https:\/\/lasprimeras.com.do\/index.php\/2024\/03\/21\/idoppril-instala-nuevo-modulo-de-atencion-en-los-alcarrizos\/","url_meta":{"origin":67678,"position":3},"title":"IDOPPRIL instala nuevo m\u00f3dulo de atenci\u00f3n en Los Alcarrizos","author":"BIMARY DE JES\u00daS Matos","date":"21 de marzo de 2024","format":false,"excerpt":"Martin Restituyo Santo Domingo. - El Instituto Dominicano de Prevenci\u00f3n y Protecci\u00f3n de Riesgos Laborales (IDOPPRIL) dej\u00f3 en funcionamiento su nuevo m\u00f3dulo de atenci\u00f3n al usuario en el Hospital General Dr. Vinicio Calventi, del municipio Los Alcarrizos. El director ejecutivo del IDOPPRIL, doctor Fausto L\u00f3pez Sol\u00eds, explic\u00f3 que en lo\u2026","rel":"","context":"En \u00abPORTADA\u00bb","block_context":{"text":"PORTADA","link":"https:\/\/lasprimeras.com.do\/index.php\/category\/portada\/"},"img":{"alt_text":"","src":"https:\/\/i0.wp.com\/lasprimeras.com.do\/wp-content\/uploads\/2024\/03\/WhatsApp-Image-2024-03-21-at-10.55.09-AM.jpeg?resize=350%2C200&ssl=1","width":350,"height":200,"srcset":"https:\/\/i0.wp.com\/lasprimeras.com.do\/wp-content\/uploads\/2024\/03\/WhatsApp-Image-2024-03-21-at-10.55.09-AM.jpeg?resize=350%2C200&ssl=1 1x, https:\/\/i0.wp.com\/lasprimeras.com.do\/wp-content\/uploads\/2024\/03\/WhatsApp-Image-2024-03-21-at-10.55.09-AM.jpeg?resize=525%2C300&ssl=1 1.5x, https:\/\/i0.wp.com\/lasprimeras.com.do\/wp-content\/uploads\/2024\/03\/WhatsApp-Image-2024-03-21-at-10.55.09-AM.jpeg?resize=700%2C400&ssl=1 2x, https:\/\/i0.wp.com\/lasprimeras.com.do\/wp-content\/uploads\/2024\/03\/WhatsApp-Image-2024-03-21-at-10.55.09-AM.jpeg?resize=1050%2C600&ssl=1 3x, https:\/\/i0.wp.com\/lasprimeras.com.do\/wp-content\/uploads\/2024\/03\/WhatsApp-Image-2024-03-21-at-10.55.09-AM.jpeg?resize=1400%2C800&ssl=1 4x"},"classes":[]},{"id":71991,"url":"https:\/\/lasprimeras.com.do\/index.php\/2023\/12\/25\/idoppril-cubre-el-100-de-sus-compromisos-con-afiliados-y-prestadoras-de-servicios\/","url_meta":{"origin":67678,"position":4},"title":"IDOPPRIL cubre el 100 % de sus compromisos con afiliados y prestadoras de servicios","author":"Nelson Feliz","date":"25 de diciembre de 2023","format":false,"excerpt":"L\u00f3pez Sol\u00eds informa que durante este a\u00f1o se realizaron pagos por unos 3,000 millones de pesos. Por Martin Restituyo Con un total de RD$2,909,610,921.14 desembolsado en 2023, el Instituto Dominicano de Prevenci\u00f3n y Protecci\u00f3n de Riesgos Laborales (IDOPPRIL) impact\u00f3 de manera positiva a unos 237,303 afiliados, Prestadoras de Servicios de\u2026","rel":"","context":"En \u00abECONOM\u00cdA\u00bb","block_context":{"text":"ECONOM\u00cdA","link":"https:\/\/lasprimeras.com.do\/index.php\/category\/economia\/"},"img":{"alt_text":"Fausto L\u00f3pez Sol\u00eds","src":"https:\/\/i0.wp.com\/lasprimeras.com.do\/wp-content\/uploads\/2023\/12\/Fausto-Lopez-Solis.jpg?resize=350%2C200&ssl=1","width":350,"height":200,"srcset":"https:\/\/i0.wp.com\/lasprimeras.com.do\/wp-content\/uploads\/2023\/12\/Fausto-Lopez-Solis.jpg?resize=350%2C200&ssl=1 1x, https:\/\/i0.wp.com\/lasprimeras.com.do\/wp-content\/uploads\/2023\/12\/Fausto-Lopez-Solis.jpg?resize=525%2C300&ssl=1 1.5x, https:\/\/i0.wp.com\/lasprimeras.com.do\/wp-content\/uploads\/2023\/12\/Fausto-Lopez-Solis.jpg?resize=700%2C400&ssl=1 2x"},"classes":[]},{"id":85526,"url":"https:\/\/lasprimeras.com.do\/index.php\/2024\/07\/01\/idoppril-activa-plan-de-contingencia-ante-paso-de-huracan-beryl\/","url_meta":{"origin":67678,"position":5},"title":"IDOPPRIL activa Plan de Contingencia ante paso de hurac\u00e1n Beryl","author":"Nelson Feliz","date":"1 de julio de 2024","format":false,"excerpt":"L\u00f3pez Sol\u00eds dice personal de seguridad y de servicios tendr\u00e1 asistencia inmediata en caso de accidente laboral. El Instituto Dominicano de Prevenci\u00f3n y Protecci\u00f3n de Riesgos Laborales (IDOPPRIL), activ\u00f3 el protocolo preventivo en la instituci\u00f3n para ofrecer atenciones inmediatas a los afiliados que resulten lesionados durante sus jornadas laborales antes,\u2026","rel":"","context":"En \u00abSin categor\u00eda\u00bb","block_context":{"text":"Sin categor\u00eda","link":"https:\/\/lasprimeras.com.do\/index.php\/category\/sin-categoria\/"},"img":{"alt_text":"Fausto L\u00f3pez Sol\u00eds","src":"https:\/\/i0.wp.com\/lasprimeras.com.do\/wp-content\/uploads\/2024\/07\/Fausto-Lopez-Solis.jpg?resize=350%2C200&ssl=1","width":350,"height":200,"srcset":"https:\/\/i0.wp.com\/lasprimeras.com.do\/wp-content\/uploads\/2024\/07\/Fausto-Lopez-Solis.jpg?resize=350%2C200&ssl=1 1x, https:\/\/i0.wp.com\/lasprimeras.com.do\/wp-content\/uploads\/2024\/07\/Fausto-Lopez-Solis.jpg?resize=525%2C300&ssl=1 1.5x, https:\/\/i0.wp.com\/lasprimeras.com.do\/wp-content\/uploads\/2024\/07\/Fausto-Lopez-Solis.jpg?resize=700%2C400&ssl=1 2x"},"classes":[]}],"jetpack_sharing_enabled":true,"_links":{"self":[{"href":"https:\/\/lasprimeras.com.do\/index.php\/wp-json\/wp\/v2\/posts\/67678","targetHints":{"allow":["GET"]}}],"collection":[{"href":"https:\/\/lasprimeras.com.do\/index.php\/wp-json\/wp\/v2\/posts"}],"about":[{"href":"https:\/\/lasprimeras.com.do\/index.php\/wp-json\/wp\/v2\/types\/post"}],"author":[{"embeddable":true,"href":"https:\/\/lasprimeras.com.do\/index.php\/wp-json\/wp\/v2\/users\/2"}],"replies":[{"embeddable":true,"href":"https:\/\/lasprimeras.com.do\/index.php\/wp-json\/wp\/v2\/comments?post=67678"}],"version-history":[{"count":1,"href":"https:\/\/lasprimeras.com.do\/index.php\/wp-json\/wp\/v2\/posts\/67678\/revisions"}],"predecessor-version":[{"id":67680,"href":"https:\/\/lasprimeras.com.do\/index.php\/wp-json\/wp\/v2\/posts\/67678\/revisions\/67680"}],"wp:featuredmedia":[{"embeddable":true,"href":"https:\/\/lasprimeras.com.do\/index.php\/wp-json\/wp\/v2\/media\/67679"}],"wp:attachment":[{"href":"https:\/\/lasprimeras.com.do\/index.php\/wp-json\/wp\/v2\/media?parent=67678"}],"wp:term":[{"taxonomy":"category","embeddable":true,"href":"https:\/\/lasprimeras.com.do\/index.php\/wp-json\/wp\/v2\/categories?post=67678"},{"taxonomy":"post_tag","embeddable":true,"href":"https:\/\/lasprimeras.com.do\/index.php\/wp-json\/wp\/v2\/tags?post=67678"}],"curies":[{"name":"wp","href":"https:\/\/api.w.org\/{rel}","templated":true}]}}