{"id":67771,"date":"2023-11-18T10:06:46","date_gmt":"2023-11-18T14:06:46","guid":{"rendered":"https:\/\/lasprimeras.com.do\/?p=67771"},"modified":"2023-11-18T10:06:47","modified_gmt":"2023-11-18T14:06:47","slug":"regresa-este-domingo-mariposas-en-el-parque-las-praderas","status":"publish","type":"post","link":"https:\/\/lasprimeras.com.do\/index.php\/2023\/11\/18\/regresa-este-domingo-mariposas-en-el-parque-las-praderas\/","title":{"rendered":"Regresa este domingo \u00abMariposas en el Parque Las Praderas\u00bb"},"content":{"rendered":"\n<p>SANTO DOMINGO.- Las artistas Adalgisa Pantale\u00f3n, Janina Rosado y Elvira Taveras, unir\u00e1n sus talentos para poner en escena el espect\u00e1culo \u00abMariposas en el Parque Las Praderas\u00bb, el 19 de noviembre a las 06:00 p.m., un evento gratuito para toda la familia.<\/p>\n\n\n\n<p>El evento es dedicado a la memoria de las Hermanas Mirabal, tres activistas pol\u00edticas de la Rep\u00fablica Dominicana y conmemorar el Mes de la No Violencia contra la Mujer.<\/p>\n\n\n\n<p>Un piano de cola colocado en el anfiteatro del Parque de Las Praderas, entrando por la calle Guarocuya en el sector de las Praderas, ser\u00e1 el escenario ideal para deleitar a los presentes con las canciones preferidas de las Hermanas Mirabal.<\/p>\n\n\n\n<p>Ser\u00e1n interpretadas por la cantante y actriz dominicana Adalgisa Pantale\u00f3n, junto a la ganadora de diez Latin Grammy, la pianista, arreglista, productora y directora musical Janina Rosado.<\/p>\n\n\n\n<p>POEMAS Y CARTAS<\/p>\n\n\n\n<p>Adem\u00e1s, la actriz, directora y productora teatral, Elvira Taveras, recitar\u00e1 varios poemas en honor a la mujer y leer\u00e1 cartas intercambiadas entre Minerva Mirabal y Manolo Tavarez.<\/p>\n\n\n\n<p>El Parque de Las Praderas, con m\u00e1s de 76,000 metros cuadrados de extensi\u00f3n y cuatro de largo, es el segundo de mayor gesti\u00f3n municipal en la ciudad de Santo Domingo.<\/p>\n\n\n\n<p>Durante toda la semana sirve de escenario para promover la salud y el bienestar a trav\u00e9s de actividades deportivas como: tenis, baloncesto, zumba, yoga, entre otros entrenamientos f\u00edsicos al aire libre, tambi\u00e9n es Pet Friendly.<\/p>\n\n\n\n<p>Desde mayo viene realizando una serie de actividades y conciertos, como Piano Bajo la Luna, con el destacado pianista y compositor Rafael Solano, como un aporte a la sociedad dominicana, con el apoyo de la Alcald\u00eda del Distrito Nacional, Grupo Viamar y Banco Popular.<\/p>\n","protected":false},"excerpt":{"rendered":"<p>SANTO DOMINGO.- Las artistas Adalgisa Pantale\u00f3n, Janina Rosado y Elvira Taveras, unir\u00e1n sus talentos para poner en escena el espect\u00e1culo \u00abMariposas en el Parque Las Praderas\u00bb, el 19 de noviembre&hellip;<\/p>\n","protected":false},"author":3,"featured_media":67772,"comment_status":"open","ping_status":"open","sticky":false,"template":"","format":"standard","meta":{"content-type":"","jetpack_post_was_ever_published":false,"_jetpack_newsletter_access":"","_jetpack_dont_email_post_to_subs":false,"_jetpack_newsletter_tier_id":0,"_jetpack_memberships_contains_paywalled_content":false,"_jetpack_memberships_contains_paid_content":false,"footnotes":""},"categories":[84],"tags":[],"class_list":["post-67771","post","type-post","status-publish","format-standard","has-post-thumbnail","hentry","category-entretenimiento"],"jetpack_featured_media_url":"https:\/\/lasprimeras.com.do\/wp-content\/uploads\/2023\/11\/valentin-4.png","jetpack-related-posts":[{"id":110324,"url":"https:\/\/lasprimeras.com.do\/index.php\/2025\/09\/27\/caasd-trabaja-para-solucionar-averia-causada-por-lluvias-que-limita-suministro-de-agua-potable-en-las-praderas\/","url_meta":{"origin":67771,"position":0},"title":"CAASD trabaja para solucionar aver\u00eda causada por lluvias que limita suministro de agua potable en Las Praderas","author":"Nelson Feliz","date":"27 de septiembre de 2025","format":false,"excerpt":"La Corporaci\u00f3n del Acueducto y Alcantarillado de Santo Domingo (CAASD) inform\u00f3 que se encuentra trabajando de manera continua para corregir una aver\u00eda que limita el servicio de agua potable en el sector Las Praderas, del Distrito Nacional, producto de las fuertes lluvias registradas recientemente por una activa onda tropical. La\u2026","rel":"","context":"En \u00abNACIONALES\u00bb","block_context":{"text":"NACIONALES","link":"https:\/\/lasprimeras.com.do\/index.php\/category\/nacionales\/"},"img":{"alt_text":"","src":"https:\/\/i0.wp.com\/lasprimeras.com.do\/wp-content\/uploads\/2025\/09\/caasd-3.jpg?resize=350%2C200&ssl=1","width":350,"height":200,"srcset":"https:\/\/i0.wp.com\/lasprimeras.com.do\/wp-content\/uploads\/2025\/09\/caasd-3.jpg?resize=350%2C200&ssl=1 1x, https:\/\/i0.wp.com\/lasprimeras.com.do\/wp-content\/uploads\/2025\/09\/caasd-3.jpg?resize=525%2C300&ssl=1 1.5x, https:\/\/i0.wp.com\/lasprimeras.com.do\/wp-content\/uploads\/2025\/09\/caasd-3.jpg?resize=700%2C400&ssl=1 2x"},"classes":[]},{"id":115934,"url":"https:\/\/lasprimeras.com.do\/index.php\/2025\/11\/25\/festival-cultural-hermanas-mirabal-2025-concluye-con-actos-en-honor-a-las-hermanas-mirabal\/","url_meta":{"origin":67771,"position":1},"title":"Festival Cultural Hermanas Mirabal 2025 concluye con actos en honor a las Hermanas Mirabal","author":"Nelson Feliz","date":"25 de noviembre de 2025","format":false,"excerpt":"Este 25 de noviembre se conmemora el 65 aniversario del asesinato de Las Mariposas. El Festival Cultural Hermanas Mirabal 2025 concluy\u00f3 de manera exitosa con una serie de actos conmemorativos que resaltaron el compromiso y el liderazgo de la legisladora Mar\u00eda Mercedes Ortiz Dilon\u00e9, quien tambi\u00e9n es presidenta ejecutiva del\u2026","rel":"","context":"En \u00abENTRETENIMIENTO\u00bb","block_context":{"text":"ENTRETENIMIENTO","link":"https:\/\/lasprimeras.com.do\/index.php\/category\/entretenimiento\/"},"img":{"alt_text":"","src":"https:\/\/i0.wp.com\/lasprimeras.com.do\/wp-content\/uploads\/2025\/11\/Festival-Cultural-Hermanas-Mirabal-2025.jpg?resize=350%2C200&ssl=1","width":350,"height":200,"srcset":"https:\/\/i0.wp.com\/lasprimeras.com.do\/wp-content\/uploads\/2025\/11\/Festival-Cultural-Hermanas-Mirabal-2025.jpg?resize=350%2C200&ssl=1 1x, https:\/\/i0.wp.com\/lasprimeras.com.do\/wp-content\/uploads\/2025\/11\/Festival-Cultural-Hermanas-Mirabal-2025.jpg?resize=525%2C300&ssl=1 1.5x, https:\/\/i0.wp.com\/lasprimeras.com.do\/wp-content\/uploads\/2025\/11\/Festival-Cultural-Hermanas-Mirabal-2025.jpg?resize=700%2C400&ssl=1 2x"},"classes":[]},{"id":124479,"url":"https:\/\/lasprimeras.com.do\/index.php\/2026\/03\/12\/abinader-destaca-a-minerva-mirabal-como-pilar-de-la-democracia\/","url_meta":{"origin":67771,"position":2},"title":"Abinader destaca a Minerva Mirabal como pilar de la democracia","author":"Nelson Feliz","date":"12 de marzo de 2026","format":false,"excerpt":"El presidente Luis Abinader encabez\u00f3 este jueves los actos conmemorativos del centenario del nacimiento de Minerva Mirabal, donde resalt\u00f3 su liderazgo, su valent\u00eda frente a la tiran\u00eda y el legado de libertad que dej\u00f3 para la Rep\u00fablica Dominicana y el mundo. Durante su intervenci\u00f3n, el mandatario manifest\u00f3 que Minerva Mirabal\u2026","rel":"","context":"En \u00abNACIONALES\u00bb","block_context":{"text":"NACIONALES","link":"https:\/\/lasprimeras.com.do\/index.php\/category\/nacionales\/"},"img":{"alt_text":"Luis Abinader","src":"https:\/\/i0.wp.com\/lasprimeras.com.do\/wp-content\/uploads\/2026\/03\/Luis-Abinader-2.jpg?resize=350%2C200&ssl=1","width":350,"height":200,"srcset":"https:\/\/i0.wp.com\/lasprimeras.com.do\/wp-content\/uploads\/2026\/03\/Luis-Abinader-2.jpg?resize=350%2C200&ssl=1 1x, https:\/\/i0.wp.com\/lasprimeras.com.do\/wp-content\/uploads\/2026\/03\/Luis-Abinader-2.jpg?resize=525%2C300&ssl=1 1.5x, https:\/\/i0.wp.com\/lasprimeras.com.do\/wp-content\/uploads\/2026\/03\/Luis-Abinader-2.jpg?resize=700%2C400&ssl=1 2x"},"classes":[]},{"id":68228,"url":"https:\/\/lasprimeras.com.do\/index.php\/2023\/11\/22\/mariposas-de-acero-regresa-al-gran-teatro-del-cibao\/","url_meta":{"origin":67771,"position":3},"title":"\u201cMariposas de Acero\u201d regresa al Gran Teatro del Cibao","author":"BIMARY DE JES\u00daS Matos","date":"22 de noviembre de 2023","format":false,"excerpt":"SANTIAGO DE LOS CABALLEROS.- \u201cMariposas de Acero\u201d, el espect\u00e1culo emocionante y conmovedor que narra la vida de nuestras hero\u00ednas nacionales, las Hermanas Mirabal, se presentar\u00e1 nueva vez en el Gran Teatro del Cibao el pr\u00f3ximo s\u00e1bado 25 de noviembre, para conmemorar el \u201cD\u00eda Internacional de la Eliminaci\u00f3n de la Violencia\u2026","rel":"","context":"En \u00abENTRETENIMIENTO\u00bb","block_context":{"text":"ENTRETENIMIENTO","link":"https:\/\/lasprimeras.com.do\/index.php\/category\/entretenimiento\/"},"img":{"alt_text":"","src":"https:\/\/i0.wp.com\/lasprimeras.com.do\/wp-content\/uploads\/2023\/11\/Noticias-de-energia-18.png?resize=350%2C200&ssl=1","width":350,"height":200},"classes":[]},{"id":89277,"url":"https:\/\/lasprimeras.com.do\/index.php\/2024\/09\/20\/presidente-regidores-dn-invita-capitalenos-a-participar-en-semana-del-bienestar\/","url_meta":{"origin":67771,"position":4},"title":"Presidente regidores DN invita capitale\u00f1os a participar en semana del bienestar","author":"Nelson Feliz","date":"20 de septiembre de 2024","format":false,"excerpt":"El presidente del Concejo de Regidores del Ayuntamiento del Distrito Nacional, Yovany Moya, invit\u00f3 a los regidores y la poblaci\u00f3n en general, a participar de la Semana del Bienestar Mundial que se celebrar\u00e1 desde este viernes 20 al domingo 22 de septiembre con actividades recreativas en m\u00e1s de 180 parques\u2026","rel":"","context":"En \u00abNACIONALES\u00bb","block_context":{"text":"NACIONALES","link":"https:\/\/lasprimeras.com.do\/index.php\/category\/nacionales\/"},"img":{"alt_text":"Yovany Moya","src":"https:\/\/i0.wp.com\/lasprimeras.com.do\/wp-content\/uploads\/2024\/09\/Yovany-Moya.jpg?resize=350%2C200&ssl=1","width":350,"height":200,"srcset":"https:\/\/i0.wp.com\/lasprimeras.com.do\/wp-content\/uploads\/2024\/09\/Yovany-Moya.jpg?resize=350%2C200&ssl=1 1x, https:\/\/i0.wp.com\/lasprimeras.com.do\/wp-content\/uploads\/2024\/09\/Yovany-Moya.jpg?resize=525%2C300&ssl=1 1.5x"},"classes":[]},{"id":121920,"url":"https:\/\/lasprimeras.com.do\/index.php\/2026\/02\/11\/jandy-ventura-participa-en-dominicans-on-the-hill-y-recibe-reconocimiento-en-el-capitolio-de-ee-uu\/","url_meta":{"origin":67771,"position":5},"title":"Jandy Ventura participa en &#8220;Dominicans On The Hill&#8221; y recibe reconocimiento en el Capitolio de EE. UU.","author":"Nelson Feliz","date":"11 de febrero de 2026","format":false,"excerpt":"La conferencia, liderada por Adriano Espaillat, reuni\u00f3 a figuras destacadas para discutir el impacto cultural y social de la comunidad dominicana El merenguero dominicano Jandy Ventura particip\u00f3 en la octava conferencia anual Dominicans On The Hill, celebrada en el Centro de Visitantes del Capitolio de los Estados Unidos, un evento\u2026","rel":"","context":"En \u00abENTRETENIMIENTO\u00bb","block_context":{"text":"ENTRETENIMIENTO","link":"https:\/\/lasprimeras.com.do\/index.php\/category\/entretenimiento\/"},"img":{"alt_text":"","src":"https:\/\/i0.wp.com\/lasprimeras.com.do\/wp-content\/uploads\/2026\/02\/Jandy-Ventura-0.jpg?resize=350%2C200&ssl=1","width":350,"height":200,"srcset":"https:\/\/i0.wp.com\/lasprimeras.com.do\/wp-content\/uploads\/2026\/02\/Jandy-Ventura-0.jpg?resize=350%2C200&ssl=1 1x, https:\/\/i0.wp.com\/lasprimeras.com.do\/wp-content\/uploads\/2026\/02\/Jandy-Ventura-0.jpg?resize=525%2C300&ssl=1 1.5x, https:\/\/i0.wp.com\/lasprimeras.com.do\/wp-content\/uploads\/2026\/02\/Jandy-Ventura-0.jpg?resize=700%2C400&ssl=1 2x"},"classes":[]}],"jetpack_sharing_enabled":true,"_links":{"self":[{"href":"https:\/\/lasprimeras.com.do\/index.php\/wp-json\/wp\/v2\/posts\/67771","targetHints":{"allow":["GET"]}}],"collection":[{"href":"https:\/\/lasprimeras.com.do\/index.php\/wp-json\/wp\/v2\/posts"}],"about":[{"href":"https:\/\/lasprimeras.com.do\/index.php\/wp-json\/wp\/v2\/types\/post"}],"author":[{"embeddable":true,"href":"https:\/\/lasprimeras.com.do\/index.php\/wp-json\/wp\/v2\/users\/3"}],"replies":[{"embeddable":true,"href":"https:\/\/lasprimeras.com.do\/index.php\/wp-json\/wp\/v2\/comments?post=67771"}],"version-history":[{"count":1,"href":"https:\/\/lasprimeras.com.do\/index.php\/wp-json\/wp\/v2\/posts\/67771\/revisions"}],"predecessor-version":[{"id":67773,"href":"https:\/\/lasprimeras.com.do\/index.php\/wp-json\/wp\/v2\/posts\/67771\/revisions\/67773"}],"wp:featuredmedia":[{"embeddable":true,"href":"https:\/\/lasprimeras.com.do\/index.php\/wp-json\/wp\/v2\/media\/67772"}],"wp:attachment":[{"href":"https:\/\/lasprimeras.com.do\/index.php\/wp-json\/wp\/v2\/media?parent=67771"}],"wp:term":[{"taxonomy":"category","embeddable":true,"href":"https:\/\/lasprimeras.com.do\/index.php\/wp-json\/wp\/v2\/categories?post=67771"},{"taxonomy":"post_tag","embeddable":true,"href":"https:\/\/lasprimeras.com.do\/index.php\/wp-json\/wp\/v2\/tags?post=67771"}],"curies":[{"name":"wp","href":"https:\/\/api.w.org\/{rel}","templated":true}]}}