{"id":67801,"date":"2023-11-18T14:53:46","date_gmt":"2023-11-18T18:53:46","guid":{"rendered":"https:\/\/lasprimeras.com.do\/?p=67801"},"modified":"2023-11-18T14:53:48","modified_gmt":"2023-11-18T18:53:48","slug":"la-cantante-anahi-deja-un-concierto-de-rbd-en-brasil-con-una-infeccion-renal-grave","status":"publish","type":"post","link":"https:\/\/lasprimeras.com.do\/index.php\/2023\/11\/18\/la-cantante-anahi-deja-un-concierto-de-rbd-en-brasil-con-una-infeccion-renal-grave\/","title":{"rendered":"La cantante Anah\u00ed deja un concierto de RBD en Brasil con una infecci\u00f3n renal &#8220;grave&#8221;"},"content":{"rendered":"\n<p>Brasil.-La cantante Anah\u00ed, de la banda pop mexicana RBD, se vio obligada a abandonar un concierto del grupo en Sao Paulo debido a una infecci\u00f3n renal &#8220;grave&#8221;, que le fue detectada en un hospital en el fue ingresada la noche de este viernes, seg\u00fan ella misma ha informado a trav\u00e9s de las redes sociales.<\/p>\n\n\n\n<p>&#8220;Por primera vez en mi vida tuve que abandonar un concierto por un problema de salud&#8221;, escribi\u00f3 la cantante mexicana, quien explic\u00f3 que durante &#8220;los \u00faltimos d\u00edas&#8221; ha sufrido &#8220;un dolor insoportable en las costillas, espalda y cabeza&#8221;, junto con &#8220;fiebre muy alta y escalofr\u00edos&#8221;.<\/p>\n\n\n\n<p>Agreg\u00f3 que le han realizado &#8220;estudios de sangre y ultrasonido&#8221; y que le ha sido detectada &#8220;una severa infecci\u00f3n en los ri\u00f1ones&#8221;, que le ha causado &#8220;mucha inflaci\u00f3n&#8221; y dolor.<\/p>\n\n\n\n<p>&#8220;Estoy en manos de los doctores y, por el momento, pensando en lo m\u00e1s importante, que es la salud&#8221;, apunt\u00f3 la integrante de RBD, de 40 a\u00f1os, quien pidi\u00f3 &#8220;disculpas&#8221; a los seguidores de su grupo en Brasil y dijo tener &#8220;el coraz\u00f3n en pedacitos&#8221;.<\/p>\n\n\n\n<p>La banda pop mexicana, nacida en 2004 durante la telenovela Rebelde, se encuentra en Brasil en una gira de reencuentro, tras haberse separado en 2008.<\/p>\n\n\n\n<p>La gira &#8220;Soy Rebelde Tour&#8221; comenz\u00f3 en agosto pasado por Estados Unidos, ha pasado por Colombia y, tras la escala en Brasil, concluir\u00e1 a mediados de diciembre pr\u00f3ximo en M\u00e9xico.<\/p>\n","protected":false},"excerpt":{"rendered":"<p>Brasil.-La cantante Anah\u00ed, de la banda pop mexicana RBD, se vio obligada a abandonar un concierto del grupo en Sao Paulo debido a una infecci\u00f3n renal &#8220;grave&#8221;, que le fue&hellip;<\/p>\n","protected":false},"author":3,"featured_media":67802,"comment_status":"open","ping_status":"open","sticky":false,"template":"","format":"standard","meta":{"content-type":"","jetpack_post_was_ever_published":false,"_jetpack_newsletter_access":"","_jetpack_dont_email_post_to_subs":false,"_jetpack_newsletter_tier_id":0,"_jetpack_memberships_contains_paywalled_content":false,"_jetpack_memberships_contains_paid_content":false,"footnotes":""},"categories":[84],"tags":[],"class_list":["post-67801","post","type-post","status-publish","format-standard","has-post-thumbnail","hentry","category-entretenimiento"],"jetpack_featured_media_url":"https:\/\/lasprimeras.com.do\/wp-content\/uploads\/2023\/11\/WhatsApp-Image-2023-11-18-at-8.18.25-AM-1-2.webp","jetpack-related-posts":[{"id":72188,"url":"https:\/\/lasprimeras.com.do\/index.php\/2023\/12\/27\/rbd-despide-a-su-manager-guillermo-rosas\/","url_meta":{"origin":67801,"position":0},"title":"RBD despide a su m\u00e1nager Guillermo Rosas","author":"BIMARY DE JES\u00daS Matos","date":"27 de diciembre de 2023","format":false,"excerpt":"Santo Domingo.-RBD termina su exitosa gira de reencuentro tras 15 a\u00f1os fuera de los escenarios en medio de escandalo por haber despedido a su m\u00e1nager Guillermo Rosas, quien fue uno de los mayores precursores de que la banda se volviera a reunir, logrando que Anah\u00ed, Dulce Mar\u00eda, Maite Perroni, Christian\u2026","rel":"","context":"En \u00abENTRETENIMIENTO\u00bb","block_context":{"text":"ENTRETENIMIENTO","link":"https:\/\/lasprimeras.com.do\/index.php\/category\/entretenimiento\/"},"img":{"alt_text":"","src":"https:\/\/i0.wp.com\/lasprimeras.com.do\/wp-content\/uploads\/2023\/12\/Noticias-de-energia-58-6.jpg?resize=350%2C200&ssl=1","width":350,"height":200,"srcset":"https:\/\/i0.wp.com\/lasprimeras.com.do\/wp-content\/uploads\/2023\/12\/Noticias-de-energia-58-6.jpg?resize=350%2C200&ssl=1 1x, https:\/\/i0.wp.com\/lasprimeras.com.do\/wp-content\/uploads\/2023\/12\/Noticias-de-energia-58-6.jpg?resize=525%2C300&ssl=1 1.5x"},"classes":[]},{"id":62913,"url":"https:\/\/lasprimeras.com.do\/index.php\/2023\/10\/09\/revelan-cuanto-dinero-recauda-luis-miguel-por-concierto\/","url_meta":{"origin":67801,"position":1},"title":"Revelan cu\u00e1nto dinero recauda Luis Miguel por concierto","author":"Nelson Feliz","date":"9 de octubre de 2023","format":false,"excerpt":"De acuerdo con el m\u00e1s reciente ranking de Pollstar, publicaci\u00f3n especializada en m\u00fasica en vivo, el tour de Luis Miguel es uno de los 10 m\u00e1s exitosos del momento. El cantante Luis Miguel tiene la d\u00e9cima gira musical m\u00e1s exitosa del momento. De acuerdo con el m\u00e1s reciente ranking de\u2026","rel":"","context":"En \u00abENTRETENIMIENTO\u00bb","block_context":{"text":"ENTRETENIMIENTO","link":"https:\/\/lasprimeras.com.do\/index.php\/category\/entretenimiento\/"},"img":{"alt_text":"Luis Miguel","src":"https:\/\/i0.wp.com\/lasprimeras.com.do\/wp-content\/uploads\/2023\/10\/Luis-Miguel.jpg?resize=350%2C200&ssl=1","width":350,"height":200,"srcset":"https:\/\/i0.wp.com\/lasprimeras.com.do\/wp-content\/uploads\/2023\/10\/Luis-Miguel.jpg?resize=350%2C200&ssl=1 1x, https:\/\/i0.wp.com\/lasprimeras.com.do\/wp-content\/uploads\/2023\/10\/Luis-Miguel.jpg?resize=525%2C300&ssl=1 1.5x, https:\/\/i0.wp.com\/lasprimeras.com.do\/wp-content\/uploads\/2023\/10\/Luis-Miguel.jpg?resize=700%2C400&ssl=1 2x"},"classes":[]},{"id":69464,"url":"https:\/\/lasprimeras.com.do\/index.php\/2023\/12\/03\/un-parasito-tropical-deformante-podria-contener-un-secreto-esencial-para-el-desarrollo-de-nuevos-analgesicos\/","url_meta":{"origin":67801,"position":2},"title":"Un par\u00e1sito tropical deformante podr\u00eda contener un secreto esencial para el desarrollo de nuevos analg\u00e9sicos","author":"Nelson Feliz","date":"3 de diciembre de 2023","format":false,"excerpt":"Cient\u00edficos profundizaron por primera vez en los mecanismos fisiol\u00f3gicos y celulares que se desarrollan en las v\u00edctimas de estos par\u00e1sitos, que conducen a lesiones cut\u00e1neas indoloras. Un equipo de cient\u00edficos dirigido por especialistas de la Universidad Estatal de Ohio (EE.UU.) avanz\u00f3 por primera vez en la comprensi\u00f3n de por qu\u00e9\u2026","rel":"","context":"En \u00abSin categor\u00eda\u00bb","block_context":{"text":"Sin categor\u00eda","link":"https:\/\/lasprimeras.com.do\/index.php\/category\/sin-categoria\/"},"img":{"alt_text":"Tinci\u00f3n despu\u00e9s de la inyecci\u00f3n de ant\u00edgenos.","src":"https:\/\/i0.wp.com\/lasprimeras.com.do\/wp-content\/uploads\/2023\/12\/Tincion-despues-de-la-inyeccion-de-antigenos.jpg?resize=350%2C200&ssl=1","width":350,"height":200,"srcset":"https:\/\/i0.wp.com\/lasprimeras.com.do\/wp-content\/uploads\/2023\/12\/Tincion-despues-de-la-inyeccion-de-antigenos.jpg?resize=350%2C200&ssl=1 1x, https:\/\/i0.wp.com\/lasprimeras.com.do\/wp-content\/uploads\/2023\/12\/Tincion-despues-de-la-inyeccion-de-antigenos.jpg?resize=525%2C300&ssl=1 1.5x, https:\/\/i0.wp.com\/lasprimeras.com.do\/wp-content\/uploads\/2023\/12\/Tincion-despues-de-la-inyeccion-de-antigenos.jpg?resize=700%2C400&ssl=1 2x"},"classes":[]},{"id":63595,"url":"https:\/\/lasprimeras.com.do\/index.php\/2023\/10\/13\/el-sol-de-mexico-regresa-a-republica-dominicana\/","url_meta":{"origin":67801,"position":3},"title":"El sol de M\u00e9xico regresa a Repu\u0301blica Dominicana","author":"BIMARY DE JES\u00daS Matos","date":"13 de octubre de 2023","format":false,"excerpt":"SANTO DOMINGO.- El esperado regreso de Luis Miguel a Repu\u0301blica Dominicana ya tiene fecha y lugar. La cita sera\u0301 el pro\u0301ximo 17 de enero en el Estadio Oli\u0301mpico. Un concierto en donde sus fans podra\u0301n disfrutar de todos los e\u0301xitos del cantante y una puesta en escena inolvidable. El mexicano\u2026","rel":"","context":"En \u00abENTRETENIMIENTO\u00bb","block_context":{"text":"ENTRETENIMIENTO","link":"https:\/\/lasprimeras.com.do\/index.php\/category\/entretenimiento\/"},"img":{"alt_text":"","src":"https:\/\/i0.wp.com\/lasprimeras.com.do\/wp-content\/uploads\/2023\/10\/WhatsApp-Image-2023-10-13-at-11.03.05-AM-1.webp?resize=350%2C200&ssl=1","width":350,"height":200,"srcset":"https:\/\/i0.wp.com\/lasprimeras.com.do\/wp-content\/uploads\/2023\/10\/WhatsApp-Image-2023-10-13-at-11.03.05-AM-1.webp?resize=350%2C200&ssl=1 1x, https:\/\/i0.wp.com\/lasprimeras.com.do\/wp-content\/uploads\/2023\/10\/WhatsApp-Image-2023-10-13-at-11.03.05-AM-1.webp?resize=525%2C300&ssl=1 1.5x, https:\/\/i0.wp.com\/lasprimeras.com.do\/wp-content\/uploads\/2023\/10\/WhatsApp-Image-2023-10-13-at-11.03.05-AM-1.webp?resize=700%2C400&ssl=1 2x, https:\/\/i0.wp.com\/lasprimeras.com.do\/wp-content\/uploads\/2023\/10\/WhatsApp-Image-2023-10-13-at-11.03.05-AM-1.webp?resize=1050%2C600&ssl=1 3x, https:\/\/i0.wp.com\/lasprimeras.com.do\/wp-content\/uploads\/2023\/10\/WhatsApp-Image-2023-10-13-at-11.03.05-AM-1.webp?resize=1400%2C800&ssl=1 4x"},"classes":[]},{"id":79944,"url":"https:\/\/lasprimeras.com.do\/index.php\/2024\/04\/01\/detectan-en-ee-uu-un-caso-de-infeccion-humana-por-gripe-aviar-altamente-contagiosa\/","url_meta":{"origin":67801,"position":4},"title":"Detectan en EE.UU. un caso de infecci\u00f3n humana por gripe aviar altamente contagiosa","author":"Nelson Feliz","date":"1 de abril de 2024","format":false,"excerpt":"Los expertos relacionan el caso con brotes recientes de la enfermedad entre vacas lecheras en varios estados. Un caso de gripe aviar altamente patog\u00e9nica fue detectado en un residente del estado norteamericano de Texas tras entrar en contacto con vacas lecheras infectadas, seg\u00fan inform\u00f3 este lunes el Departamento de Salud\u2026","rel":"","context":"En \u00abSin categor\u00eda\u00bb","block_context":{"text":"Sin categor\u00eda","link":"https:\/\/lasprimeras.com.do\/index.php\/category\/sin-categoria\/"},"img":{"alt_text":"gripe","src":"https:\/\/i0.wp.com\/lasprimeras.com.do\/wp-content\/uploads\/2024\/04\/gripe.jpg?resize=350%2C200&ssl=1","width":350,"height":200,"srcset":"https:\/\/i0.wp.com\/lasprimeras.com.do\/wp-content\/uploads\/2024\/04\/gripe.jpg?resize=350%2C200&ssl=1 1x, https:\/\/i0.wp.com\/lasprimeras.com.do\/wp-content\/uploads\/2024\/04\/gripe.jpg?resize=525%2C300&ssl=1 1.5x, https:\/\/i0.wp.com\/lasprimeras.com.do\/wp-content\/uploads\/2024\/04\/gripe.jpg?resize=700%2C400&ssl=1 2x, https:\/\/i0.wp.com\/lasprimeras.com.do\/wp-content\/uploads\/2024\/04\/gripe.jpg?resize=1050%2C600&ssl=1 3x"},"classes":[]},{"id":50586,"url":"https:\/\/lasprimeras.com.do\/index.php\/2023\/05\/22\/cantante-miguel-delgado-estrenara-su-disco-verano-con-concierto\/","url_meta":{"origin":67801,"position":5},"title":"Cantante Miguel Delgado estrenar\u00e1 su disco \u201cVerano\u201d con concierto","author":"prenxa100","date":"22 de mayo de 2023","format":false,"excerpt":"El cantante dominicano realizar\u00e1 su primer concierto en vivo el pr\u00f3ximo 30 de junio en Mecenas Caf\u00e9. SANTO DOMINGO. \u2013 El artista dominicano Miguel Delgado da grandes pasos en el mundo art\u00edstico con la presentaci\u00f3n de su EP, titulado, \u201cVerano\u201d, en el marco de su primer concierto en vivo el\u2026","rel":"","context":"En \u00abENTRETENIMIENTO\u00bb","block_context":{"text":"ENTRETENIMIENTO","link":"https:\/\/lasprimeras.com.do\/index.php\/category\/entretenimiento\/"},"img":{"alt_text":"","src":"","width":0,"height":0},"classes":[]}],"jetpack_sharing_enabled":true,"_links":{"self":[{"href":"https:\/\/lasprimeras.com.do\/index.php\/wp-json\/wp\/v2\/posts\/67801","targetHints":{"allow":["GET"]}}],"collection":[{"href":"https:\/\/lasprimeras.com.do\/index.php\/wp-json\/wp\/v2\/posts"}],"about":[{"href":"https:\/\/lasprimeras.com.do\/index.php\/wp-json\/wp\/v2\/types\/post"}],"author":[{"embeddable":true,"href":"https:\/\/lasprimeras.com.do\/index.php\/wp-json\/wp\/v2\/users\/3"}],"replies":[{"embeddable":true,"href":"https:\/\/lasprimeras.com.do\/index.php\/wp-json\/wp\/v2\/comments?post=67801"}],"version-history":[{"count":1,"href":"https:\/\/lasprimeras.com.do\/index.php\/wp-json\/wp\/v2\/posts\/67801\/revisions"}],"predecessor-version":[{"id":67803,"href":"https:\/\/lasprimeras.com.do\/index.php\/wp-json\/wp\/v2\/posts\/67801\/revisions\/67803"}],"wp:featuredmedia":[{"embeddable":true,"href":"https:\/\/lasprimeras.com.do\/index.php\/wp-json\/wp\/v2\/media\/67802"}],"wp:attachment":[{"href":"https:\/\/lasprimeras.com.do\/index.php\/wp-json\/wp\/v2\/media?parent=67801"}],"wp:term":[{"taxonomy":"category","embeddable":true,"href":"https:\/\/lasprimeras.com.do\/index.php\/wp-json\/wp\/v2\/categories?post=67801"},{"taxonomy":"post_tag","embeddable":true,"href":"https:\/\/lasprimeras.com.do\/index.php\/wp-json\/wp\/v2\/tags?post=67801"}],"curies":[{"name":"wp","href":"https:\/\/api.w.org\/{rel}","templated":true}]}}