{"id":67837,"date":"2023-11-19T21:46:16","date_gmt":"2023-11-20T01:46:16","guid":{"rendered":"https:\/\/lasprimeras.com.do\/?p=67837"},"modified":"2023-11-19T21:46:17","modified_gmt":"2023-11-20T01:46:17","slug":"javier-milei-es-el-nuevo-presidente-de-argentina","status":"publish","type":"post","link":"https:\/\/lasprimeras.com.do\/index.php\/2023\/11\/19\/javier-milei-es-el-nuevo-presidente-de-argentina\/","title":{"rendered":"Javier Milei es el nuevo presidente de Argentina"},"content":{"rendered":"\n<p><strong>Massa reconoce derrota ante Milei y le felicita como &#8220;presidente de todos los argentinos&#8221;<\/strong><\/p>\n\n\n\n<p>El candidato oficialista a la Presidencia de Argentina, Sergio Massa, reconoci\u00f3 este domingo su derrota en el balotaje, que dio el triunfo -a\u00fan sin cifras oficiales- a su oponente, el l\u00edder de La Libertad Avanza (ultraderecha), Javier Milei, quien ser\u00e1 pr\u00f3ximo mandatario del pa\u00eds desde el 10 de diciembre.<\/p>\n\n\n\n<p>El ultraderechista Javier Milei lideraba el domingo el balotaje presidencial en Argentina ante el oficialista Sergio Massa con m\u00e1s del 86% del conteo preliminar de votos.<\/p>\n\n\n\n<p>Milei, de La Libertad Avanza, obten\u00eda 55,95% mientras que Massa, de la peronista Uni\u00f3n por la Patria y actual ministro de Econom\u00eda, alcanzaba 44,04%.<\/p>\n\n\n\n<p>El economista libertario, que entr\u00f3 a la escena pol\u00edtica hace escasos dos a\u00f1os y carece de experiencia en la gesti\u00f3n p\u00fablica, prometi\u00f3 realizar un recorte dr\u00e1stico del gasto p\u00fablico, cerrar el banco central y dolarizar la econom\u00eda.<\/p>\n\n\n\n<p>Otras de sus pol\u00e9micas propuestas han sido la convocatoria a un plebiscito popular para derogar la ley que legaliz\u00f3 el aborto, la desregulaci\u00f3n del mercado legal de armas y la aplicaci\u00f3n de aranceles a la salud y la educaci\u00f3n p\u00fablica, entre otras.<\/p>\n\n\n\n<p>Antes de que comenzaran a difundirse los resultados oficiales Massa reconoci\u00f3 su derrota y felicit\u00f3 por su triunfo a Milei.<\/p>\n\n\n\n<p>&#8220;Los resultados no son los que esper\u00e1bamos y me he comunicado con Milei para felicitarlo porque es el presidente que la gran mayor\u00eda eligi\u00f3 para los pr\u00f3ximos cuatro a\u00f1os&#8221;, dijo Massa a sus seguidores en su comando de campa\u00f1a.<br>&#8220;Lo hice convencido de que lo m\u00e1s importante es el mensaje de que la convivencia y el di\u00e1logo es el camino que debemos recorrer&#8221;.<\/p>\n","protected":false},"excerpt":{"rendered":"<p>Massa reconoce derrota ante Milei y le felicita como &#8220;presidente de todos los argentinos&#8221; El candidato oficialista a la Presidencia de Argentina, Sergio Massa, reconoci\u00f3 este domingo su derrota en&hellip;<\/p>\n","protected":false},"author":2,"featured_media":67838,"comment_status":"open","ping_status":"open","sticky":false,"template":"","format":"standard","meta":{"content-type":"","jetpack_post_was_ever_published":false,"_jetpack_newsletter_access":"","_jetpack_dont_email_post_to_subs":false,"_jetpack_newsletter_tier_id":0,"_jetpack_memberships_contains_paywalled_content":false,"_jetpack_memberships_contains_paid_content":false,"footnotes":""},"categories":[1],"tags":[9626],"class_list":["post-67837","post","type-post","status-publish","format-standard","has-post-thumbnail","hentry","category-sin-categoria","tag-javier-milei-es-el-nuevo-presidente-de-argentina"],"jetpack_featured_media_url":"https:\/\/lasprimeras.com.do\/wp-content\/uploads\/2023\/11\/Javier-Milei-1.jpg","jetpack-related-posts":[{"id":67881,"url":"https:\/\/lasprimeras.com.do\/index.php\/2023\/11\/20\/presidente-electo-javier-milei-augura-hoy-comienza-el-fin-de-la-decadencia-argentina\/","url_meta":{"origin":67837,"position":0},"title":"Presidente electo Javier Milei augura: &#8220;Hoy comienza el fin de la decadencia argentina&#8221;","author":"BIMARY DE JES\u00daS Matos","date":"20 de noviembre de 2023","format":false,"excerpt":"Argentina.-El presidente electo, Javier Milei, augur\u00f3 este domingo que \u00abhoy comienza el fin de la decadencia argentina\u00bb, al pronunciar su primer discurso tras los comicios que gan\u00f3 con el 55,69 % de los votos y el 99,28 % de las mesas escrutadas , y avis\u00f3 de que \u00abno hay vuelta\u2026","rel":"","context":"En \u00abSin categor\u00eda\u00bb","block_context":{"text":"Sin categor\u00eda","link":"https:\/\/lasprimeras.com.do\/index.php\/category\/sin-categoria\/"},"img":{"alt_text":"","src":"https:\/\/i0.wp.com\/lasprimeras.com.do\/wp-content\/uploads\/2023\/11\/WhatsApp-Image-2023-11-19-at-4.12.21-PM-3.jpeg?resize=350%2C200&ssl=1","width":350,"height":200,"srcset":"https:\/\/i0.wp.com\/lasprimeras.com.do\/wp-content\/uploads\/2023\/11\/WhatsApp-Image-2023-11-19-at-4.12.21-PM-3.jpeg?resize=350%2C200&ssl=1 1x, https:\/\/i0.wp.com\/lasprimeras.com.do\/wp-content\/uploads\/2023\/11\/WhatsApp-Image-2023-11-19-at-4.12.21-PM-3.jpeg?resize=525%2C300&ssl=1 1.5x"},"classes":[]},{"id":68076,"url":"https:\/\/lasprimeras.com.do\/index.php\/2023\/11\/21\/transicion-en-argentina-empieza-sin-encuentro-previsto-entre-alberto-fernandez-y-milei\/","url_meta":{"origin":67837,"position":1},"title":"Transici\u00f3n en Argentina empieza sin encuentro previsto entre Alberto Fern\u00e1ndez y Milei","author":"Nelson Feliz","date":"21 de noviembre de 2023","format":false,"excerpt":"Argentina, EFE.-. El excandidato oficialista a la Presidencia, Sergio Massa, seguir\u00e1 como ministro de Econom\u00eda y dispuso un equipo de transici\u00f3n que apoye a Fern\u00e1ndez en sus contactos con Milei. La transici\u00f3n en Argentina hacia el nuevo Ejecutivo que tomar\u00e1 posesi\u00f3n el 10 de diciembre comienza sin el previsto encuentro\u2026","rel":"","context":"En \u00abSin categor\u00eda\u00bb","block_context":{"text":"Sin categor\u00eda","link":"https:\/\/lasprimeras.com.do\/index.php\/category\/sin-categoria\/"},"img":{"alt_text":"Alberto Fern\u00e1ndez","src":"https:\/\/i0.wp.com\/lasprimeras.com.do\/wp-content\/uploads\/2023\/11\/Alberto-Fernandez.jpeg?resize=350%2C200&ssl=1","width":350,"height":200,"srcset":"https:\/\/i0.wp.com\/lasprimeras.com.do\/wp-content\/uploads\/2023\/11\/Alberto-Fernandez.jpeg?resize=350%2C200&ssl=1 1x, https:\/\/i0.wp.com\/lasprimeras.com.do\/wp-content\/uploads\/2023\/11\/Alberto-Fernandez.jpeg?resize=525%2C300&ssl=1 1.5x, https:\/\/i0.wp.com\/lasprimeras.com.do\/wp-content\/uploads\/2023\/11\/Alberto-Fernandez.jpeg?resize=700%2C400&ssl=1 2x"},"classes":[]},{"id":67666,"url":"https:\/\/lasprimeras.com.do\/index.php\/2023\/11\/17\/partido-de-javier-milei-denuncia-fraude-en-primera-vuelta\/","url_meta":{"origin":67837,"position":2},"title":"Partido de Javier Milei denuncia fraude en primera vuelta","author":"Nelson Feliz","date":"17 de noviembre de 2023","format":false,"excerpt":"La Libertad Avanza (LLA) present\u00f3 un reclamo ante la jueza federal electoral Mar\u00eda Servini de Cubr\u00eda, reproducido ayer jueves por distintos medios de prensa. El partido La Libertad Avanza, liderado por el candidato presidencial de ultraderecha Javier Milei, denunci\u00f3 ante la justicia electoral que una de las fuerzas de seguridad\u2026","rel":"","context":"En \u00abSin categor\u00eda\u00bb","block_context":{"text":"Sin categor\u00eda","link":"https:\/\/lasprimeras.com.do\/index.php\/category\/sin-categoria\/"},"img":{"alt_text":"Un hombre vestido como el personaje televisivo El Zorro grita consignas a favor de Javier Milei, candidato presidencial de La Libertad Avanza en Ezeiza,Buenos Aires.(AP FOTO\/NATACHA PISARENKO)","src":"https:\/\/i0.wp.com\/lasprimeras.com.do\/wp-content\/uploads\/2023\/11\/javier-milei-1.jpeg?resize=350%2C200&ssl=1","width":350,"height":200,"srcset":"https:\/\/i0.wp.com\/lasprimeras.com.do\/wp-content\/uploads\/2023\/11\/javier-milei-1.jpeg?resize=350%2C200&ssl=1 1x, https:\/\/i0.wp.com\/lasprimeras.com.do\/wp-content\/uploads\/2023\/11\/javier-milei-1.jpeg?resize=525%2C300&ssl=1 1.5x, https:\/\/i0.wp.com\/lasprimeras.com.do\/wp-content\/uploads\/2023\/11\/javier-milei-1.jpeg?resize=700%2C400&ssl=1 2x"},"classes":[]},{"id":57700,"url":"https:\/\/lasprimeras.com.do\/index.php\/2023\/08\/15\/sergio-massa-resetea-la-campana-con-javier-milei-como-nuevo-jefe-opositor\/","url_meta":{"origin":67837,"position":3},"title":"Sergio Massa resetea la campa\u00f1a con Javier Milei como nuevo jefe opositor","author":"Nelson Feliz","date":"15 de agosto de 2023","format":false,"excerpt":"Por Ezequiel Rudman El tigrense fue el segundo candidato m\u00e1s votado detr\u00e1s del libertario. A la caza del voto de centro de Rodr\u00edguez Larreta. El primer tiempo se jug\u00f3 en las PASO, el segundo tiempo ser\u00e1 en las generales de octubre y una pr\u00f3rroga en el balotaje en noviembre. Sergio\u2026","rel":"","context":"En \u00abSin categor\u00eda\u00bb","block_context":{"text":"Sin categor\u00eda","link":"https:\/\/lasprimeras.com.do\/index.php\/category\/sin-categoria\/"},"img":{"alt_text":"Sergio Massa","src":"https:\/\/i0.wp.com\/lasprimeras.com.do\/wp-content\/uploads\/2023\/08\/Sergio-Massa.jpg?resize=350%2C200&ssl=1","width":350,"height":200,"srcset":"https:\/\/i0.wp.com\/lasprimeras.com.do\/wp-content\/uploads\/2023\/08\/Sergio-Massa.jpg?resize=350%2C200&ssl=1 1x, https:\/\/i0.wp.com\/lasprimeras.com.do\/wp-content\/uploads\/2023\/08\/Sergio-Massa.jpg?resize=525%2C300&ssl=1 1.5x"},"classes":[]},{"id":69748,"url":"https:\/\/lasprimeras.com.do\/index.php\/2023\/12\/05\/javier-milei-y-elon-musk-en-sintonia-a-cinco-dias-de-la-investidura-en-argentina\/","url_meta":{"origin":67837,"position":4},"title":"Javier Milei y Elon Musk &#8220;en sinton\u00eda&#8221; a cinco d\u00edas de la investidura en Argentina","author":"Nelson Feliz","date":"5 de diciembre de 2023","format":false,"excerpt":"La buena relaci\u00f3n entre Milei y Musk no es nueva, ya que el fundador y directivo de SpaceX y Tesla hab\u00eda manifestado su apoyo al ultraliberal el pasado 19 de noviembre. El presidente electo de Argentina, Javier Milei, y el magnate y empresario sudafricano Elon Musk intercambiaron este martes varios\u2026","rel":"","context":"En \u00abSin categor\u00eda\u00bb","block_context":{"text":"Sin categor\u00eda","link":"https:\/\/lasprimeras.com.do\/index.php\/category\/sin-categoria\/"},"img":{"alt_text":"Magnate Elon Musk y el presidente electo de Argentina, Javier Milei","src":"https:\/\/i0.wp.com\/lasprimeras.com.do\/wp-content\/uploads\/2023\/12\/Elon-Musk-y-Javier-Milei.jpeg?resize=350%2C200&ssl=1","width":350,"height":200,"srcset":"https:\/\/i0.wp.com\/lasprimeras.com.do\/wp-content\/uploads\/2023\/12\/Elon-Musk-y-Javier-Milei.jpeg?resize=350%2C200&ssl=1 1x, https:\/\/i0.wp.com\/lasprimeras.com.do\/wp-content\/uploads\/2023\/12\/Elon-Musk-y-Javier-Milei.jpeg?resize=525%2C300&ssl=1 1.5x, https:\/\/i0.wp.com\/lasprimeras.com.do\/wp-content\/uploads\/2023\/12\/Elon-Musk-y-Javier-Milei.jpeg?resize=700%2C400&ssl=1 2x"},"classes":[]},{"id":67366,"url":"https:\/\/lasprimeras.com.do\/index.php\/2023\/11\/15\/el-leon-la-motosierra-y-el-populista-los-mitines-de-javier-milei-en-argentina\/","url_meta":{"origin":67837,"position":5},"title":"El Le\u00f3n, la motosierra y el populista: Los m\u00edtines de Javier Milei en Argentina","author":"Nelson Feliz","date":"15 de noviembre de 2023","format":false,"excerpt":"POR DANIEL POLITI Y RODRIGO ABD BUENOS AIRES, Argentina (AP) \u2014 Batman y el Joker, un hombre disfrazado de le\u00f3n de cuerpo entero y otro cuya cabeza y brazos han sido reemplazados por motosierras. Esto no es un Carnaval ni una Comic-Con, sino m\u00e1s bien el extravagante mitin de campa\u00f1a\u2026","rel":"","context":"En \u00abSin categor\u00eda\u00bb","block_context":{"text":"Sin categor\u00eda","link":"https:\/\/lasprimeras.com.do\/index.php\/category\/sin-categoria\/"},"img":{"alt_text":"Javier Milei","src":"https:\/\/i0.wp.com\/lasprimeras.com.do\/wp-content\/uploads\/2023\/11\/Javier-Milei.jpg?resize=350%2C200&ssl=1","width":350,"height":200,"srcset":"https:\/\/i0.wp.com\/lasprimeras.com.do\/wp-content\/uploads\/2023\/11\/Javier-Milei.jpg?resize=350%2C200&ssl=1 1x, https:\/\/i0.wp.com\/lasprimeras.com.do\/wp-content\/uploads\/2023\/11\/Javier-Milei.jpg?resize=525%2C300&ssl=1 1.5x"},"classes":[]}],"jetpack_sharing_enabled":true,"_links":{"self":[{"href":"https:\/\/lasprimeras.com.do\/index.php\/wp-json\/wp\/v2\/posts\/67837","targetHints":{"allow":["GET"]}}],"collection":[{"href":"https:\/\/lasprimeras.com.do\/index.php\/wp-json\/wp\/v2\/posts"}],"about":[{"href":"https:\/\/lasprimeras.com.do\/index.php\/wp-json\/wp\/v2\/types\/post"}],"author":[{"embeddable":true,"href":"https:\/\/lasprimeras.com.do\/index.php\/wp-json\/wp\/v2\/users\/2"}],"replies":[{"embeddable":true,"href":"https:\/\/lasprimeras.com.do\/index.php\/wp-json\/wp\/v2\/comments?post=67837"}],"version-history":[{"count":1,"href":"https:\/\/lasprimeras.com.do\/index.php\/wp-json\/wp\/v2\/posts\/67837\/revisions"}],"predecessor-version":[{"id":67839,"href":"https:\/\/lasprimeras.com.do\/index.php\/wp-json\/wp\/v2\/posts\/67837\/revisions\/67839"}],"wp:featuredmedia":[{"embeddable":true,"href":"https:\/\/lasprimeras.com.do\/index.php\/wp-json\/wp\/v2\/media\/67838"}],"wp:attachment":[{"href":"https:\/\/lasprimeras.com.do\/index.php\/wp-json\/wp\/v2\/media?parent=67837"}],"wp:term":[{"taxonomy":"category","embeddable":true,"href":"https:\/\/lasprimeras.com.do\/index.php\/wp-json\/wp\/v2\/categories?post=67837"},{"taxonomy":"post_tag","embeddable":true,"href":"https:\/\/lasprimeras.com.do\/index.php\/wp-json\/wp\/v2\/tags?post=67837"}],"curies":[{"name":"wp","href":"https:\/\/api.w.org\/{rel}","templated":true}]}}