{"id":67840,"date":"2023-11-19T22:03:34","date_gmt":"2023-11-20T02:03:34","guid":{"rendered":"https:\/\/lasprimeras.com.do\/?p=67840"},"modified":"2023-11-19T22:03:36","modified_gmt":"2023-11-20T02:03:36","slug":"muere-esposa-de-jimmy-carter-y-ex-primera-dama-estadounidense-rosalynn-carter","status":"publish","type":"post","link":"https:\/\/lasprimeras.com.do\/index.php\/2023\/11\/19\/muere-esposa-de-jimmy-carter-y-ex-primera-dama-estadounidense-rosalynn-carter\/","title":{"rendered":"Muere esposa de Jimmy Carter y ex primera dama estadounidense, Rosalynn Carter"},"content":{"rendered":"\n<p>Georgia, EFE.- La ex primera dama estadounidense Rosalynn Carter, esposa del expresidente Jimmy Carter (1977-1981), falleci\u00f3 AYER a los 96 a\u00f1os, inform\u00f3 la Fundaci\u00f3n Carter.<\/p>\n\n\n\n<p>&#8220;Nuestra cofundadora, la ex primera dama de Estados Unidos Rosalynn Carter, muri\u00f3 en Plains (Georgia)&#8221;, inform\u00f3 por X (antiguo Twitter) el Centro Carter.<\/p>\n\n\n\n<p>El viernes pasado, Rosalynn Carter hab\u00eda empezado a recibir cuidados paliativos en su casa. Ella y su esposo, de 99 a\u00f1os, se encontraban juntos recibiendo estos cuidados.<\/p>\n","protected":false},"excerpt":{"rendered":"<p>Georgia, EFE.- La ex primera dama estadounidense Rosalynn Carter, esposa del expresidente Jimmy Carter (1977-1981), falleci\u00f3 AYER a los 96 a\u00f1os, inform\u00f3 la Fundaci\u00f3n Carter. &#8220;Nuestra cofundadora, la ex primera&hellip;<\/p>\n","protected":false},"author":2,"featured_media":67841,"comment_status":"open","ping_status":"open","sticky":false,"template":"","format":"standard","meta":{"content-type":"","jetpack_post_was_ever_published":false,"_jetpack_newsletter_access":"","_jetpack_dont_email_post_to_subs":false,"_jetpack_newsletter_tier_id":0,"_jetpack_memberships_contains_paywalled_content":false,"_jetpack_memberships_contains_paid_content":false,"footnotes":""},"categories":[1],"tags":[401,4051,9628,9627,650,9629],"class_list":["post-67840","post","type-post","status-publish","format-standard","has-post-thumbnail","hentry","category-sin-categoria","tag-esposa","tag-estadounidense","tag-ex-primera-dama","tag-jimmy-carter","tag-muere","tag-rosalynn-carter"],"jetpack_featured_media_url":"https:\/\/lasprimeras.com.do\/wp-content\/uploads\/2023\/11\/El-expresidente-Jimmy-Carter-junto-a-su-esposa-se-encontraban-juntos-recibiendo-cuidados-paliativos.jpg","jetpack-related-posts":[{"id":86359,"url":"https:\/\/lasprimeras.com.do\/index.php\/2024\/07\/23\/jimmy-carter-murio-esto-sabemos-sobre-el-rumor-del-fallecimiento-del-expresidente-de-eu\/","url_meta":{"origin":67840,"position":0},"title":"\u00bfJimmy Carter muri\u00f3? Esto sabemos sobre el rumor del fallecimiento del expresidente de EU","author":"Nelson Feliz","date":"23 de julio de 2024","format":false,"excerpt":"El expresidente estadounidense Jimmy Carter se retir\u00f3 de la vida p\u00fablica el a\u00f1o pasado y reside en su vivienda de Georgia. Reportes sobre la muerte de Jimmy Carter, expresidente de Estados Unidos, encendieron las alertas de algunos medios de comunicaci\u00f3n en el mundo, luego de que fuera publicada una carta\u2026","rel":"","context":"En \u00abSin categor\u00eda\u00bb","block_context":{"text":"Sin categor\u00eda","link":"https:\/\/lasprimeras.com.do\/index.php\/category\/sin-categoria\/"},"img":{"alt_text":"Jimmy Carter","src":"https:\/\/i0.wp.com\/lasprimeras.com.do\/wp-content\/uploads\/2024\/07\/Jimmy-Carter.png?resize=350%2C200&ssl=1","width":350,"height":200,"srcset":"https:\/\/i0.wp.com\/lasprimeras.com.do\/wp-content\/uploads\/2024\/07\/Jimmy-Carter.png?resize=350%2C200&ssl=1 1x, https:\/\/i0.wp.com\/lasprimeras.com.do\/wp-content\/uploads\/2024\/07\/Jimmy-Carter.png?resize=525%2C300&ssl=1 1.5x"},"classes":[]},{"id":92135,"url":"https:\/\/lasprimeras.com.do\/index.php\/2024\/12\/29\/expresidente-de-eeuu-jimmy-carter-muere-a-los-100-anos-de-edad\/","url_meta":{"origin":67840,"position":1},"title":"Expresidente de EEUU Jimmy Carter muere a los 100 a\u00f1os de edad","author":"Nelson Feliz","date":"29 de diciembre de 2024","format":false,"excerpt":"El expresidente ten\u00eda varios a\u00f1os enfermo Atlanta, AP- El expresidente de Estados Unidos Jimmy Carter, un cultivador de man\u00ed de Georgia que cumpli\u00f3 un per\u00edodo turbulento en la Casa Blanca para luego ganar fama y galardones, incluido el Premio Nobel de la Paz, por su trabajo humanitario en el mundo,\u2026","rel":"","context":"En \u00abINTERNACIONALES\u00bb","block_context":{"text":"INTERNACIONALES","link":"https:\/\/lasprimeras.com.do\/index.php\/category\/sin-categoria\/internacionales\/"},"img":{"alt_text":"Jimmy Carter","src":"https:\/\/i0.wp.com\/lasprimeras.com.do\/wp-content\/uploads\/2024\/12\/Jimmy-Carter.jpg?resize=350%2C200&ssl=1","width":350,"height":200,"srcset":"https:\/\/i0.wp.com\/lasprimeras.com.do\/wp-content\/uploads\/2024\/12\/Jimmy-Carter.jpg?resize=350%2C200&ssl=1 1x, https:\/\/i0.wp.com\/lasprimeras.com.do\/wp-content\/uploads\/2024\/12\/Jimmy-Carter.jpg?resize=525%2C300&ssl=1 1.5x, https:\/\/i0.wp.com\/lasprimeras.com.do\/wp-content\/uploads\/2024\/12\/Jimmy-Carter.jpg?resize=700%2C400&ssl=1 2x"},"classes":[]},{"id":92132,"url":"https:\/\/lasprimeras.com.do\/index.php\/2024\/12\/29\/abinader-lamenta-muerte-de-jimmy-carter-incansable-luchador-por-la-democracia\/","url_meta":{"origin":67840,"position":2},"title":"Abinader lamenta muerte de Jimmy Carter, &#8220;incansable luchador por la democracia&#8221;","author":"Nelson Feliz","date":"29 de diciembre de 2024","format":false,"excerpt":"Lo describi\u00f3 como un \"gran ser humano e incansable luchador por la democracia y los derechos humanos\" El presidente Luis Abinader lament\u00f3 el fallecimiento del expresidente de Estados Unidos Jimmy Carter, quien muri\u00f3 este domingo a los 100 a\u00f1os de edad en su casa de Plains, Georgia, rodeado de su\u2026","rel":"","context":"En \u00abNACIONALES\u00bb","block_context":{"text":"NACIONALES","link":"https:\/\/lasprimeras.com.do\/index.php\/category\/nacionales\/"},"img":{"alt_text":"","src":"https:\/\/i0.wp.com\/lasprimeras.com.do\/wp-content\/uploads\/2024\/10\/WhatsApp-Image-2024-10-08-at-2.19.17-PM.jpeg?resize=350%2C200&ssl=1","width":350,"height":200,"srcset":"https:\/\/i0.wp.com\/lasprimeras.com.do\/wp-content\/uploads\/2024\/10\/WhatsApp-Image-2024-10-08-at-2.19.17-PM.jpeg?resize=350%2C200&ssl=1 1x, https:\/\/i0.wp.com\/lasprimeras.com.do\/wp-content\/uploads\/2024\/10\/WhatsApp-Image-2024-10-08-at-2.19.17-PM.jpeg?resize=525%2C300&ssl=1 1.5x, https:\/\/i0.wp.com\/lasprimeras.com.do\/wp-content\/uploads\/2024\/10\/WhatsApp-Image-2024-10-08-at-2.19.17-PM.jpeg?resize=700%2C400&ssl=1 2x, https:\/\/i0.wp.com\/lasprimeras.com.do\/wp-content\/uploads\/2024\/10\/WhatsApp-Image-2024-10-08-at-2.19.17-PM.jpeg?resize=1050%2C600&ssl=1 3x"},"classes":[]},{"id":92468,"url":"https:\/\/lasprimeras.com.do\/index.php\/2025\/01\/04\/largo-adios-a-jimmy-carter-repasa-100-anos-desde-inicios-en-georgia-rural-hasta-el-ambito-mundial\/","url_meta":{"origin":67840,"position":3},"title":"Largo adi\u00f3s a Jimmy Carter repasa 100 a\u00f1os, desde inicios en Georgia rural hasta el \u00e1mbito mundial","author":"Nelson Feliz","date":"4 de enero de 2025","format":false,"excerpt":"By KATE PAYNE, BILL BARROW and JEFF AMY PLAINS, Georgia, EE.UU. (AP) \u2014 El largo adi\u00f3s del p\u00fablico a Jimmy Carter comenz\u00f3 el s\u00e1bado en Georgia, donde el f\u00e9retro del 39no presidente de Estados Unidos, cubierto con la bandera nacional, recorri\u00f3 su peque\u00f1a ciudad natal y pas\u00f3 por la granja\u2026","rel":"","context":"En \u00abINTERNACIONALES\u00bb","block_context":{"text":"INTERNACIONALES","link":"https:\/\/lasprimeras.com.do\/index.php\/category\/sin-categoria\/internacionales\/"},"img":{"alt_text":"","src":"https:\/\/i0.wp.com\/lasprimeras.com.do\/wp-content\/uploads\/2025\/01\/Jimmy-Carter.jpg?resize=350%2C200&ssl=1","width":350,"height":200,"srcset":"https:\/\/i0.wp.com\/lasprimeras.com.do\/wp-content\/uploads\/2025\/01\/Jimmy-Carter.jpg?resize=350%2C200&ssl=1 1x, https:\/\/i0.wp.com\/lasprimeras.com.do\/wp-content\/uploads\/2025\/01\/Jimmy-Carter.jpg?resize=525%2C300&ssl=1 1.5x, https:\/\/i0.wp.com\/lasprimeras.com.do\/wp-content\/uploads\/2025\/01\/Jimmy-Carter.jpg?resize=700%2C400&ssl=1 2x"},"classes":[]},{"id":92282,"url":"https:\/\/lasprimeras.com.do\/index.php\/2025\/01\/01\/jimmy-carter-recibira-un-funeral-de-estado-el-9-de-enero-en-washington\/","url_meta":{"origin":67840,"position":4},"title":"Jimmy Carter recibir\u00e1 un funeral de Estado el 9 de enero en Washington","author":"Nelson Feliz","date":"1 de enero de 2025","format":false,"excerpt":"Las ceremonias y homenajes a Carter empezar\u00e1n el 4 de enero en su Georgia natal y se extender\u00e1n hasta el funeral de Estado del 9 WASHINGTON, EFE.-El expresidente estadounidense Jimmy Carter (1977-1981), fallecido el 29 de diciembre a los 100 a\u00f1os, recibir\u00e1 un funeral de Estado el pr\u00f3ximo 9 de\u2026","rel":"","context":"En \u00abINTERNACIONALES\u00bb","block_context":{"text":"INTERNACIONALES","link":"https:\/\/lasprimeras.com.do\/index.php\/category\/sin-categoria\/internacionales\/"},"img":{"alt_text":"Jimmy Carter","src":"https:\/\/i0.wp.com\/lasprimeras.com.do\/wp-content\/uploads\/2025\/01\/Jimmy-Carter-1.jpg?resize=350%2C200&ssl=1","width":350,"height":200,"srcset":"https:\/\/i0.wp.com\/lasprimeras.com.do\/wp-content\/uploads\/2025\/01\/Jimmy-Carter-1.jpg?resize=350%2C200&ssl=1 1x, https:\/\/i0.wp.com\/lasprimeras.com.do\/wp-content\/uploads\/2025\/01\/Jimmy-Carter-1.jpg?resize=525%2C300&ssl=1 1.5x"},"classes":[]},{"id":109811,"url":"https:\/\/lasprimeras.com.do\/index.php\/2025\/09\/22\/cientos-de-estrellas-firman-una-carta-defendiendo-la-libertad-de-expresion-tras-la-suspension-de-jimmy-kimmel\/","url_meta":{"origin":67840,"position":5},"title":"Cientos de estrellas firman una carta defendiendo la libertad de expresi\u00f3n tras la suspensi\u00f3n de Jimmy Kimmel","author":"Nelson Feliz","date":"22 de septiembre de 2025","format":false,"excerpt":"Por Mark Kennedy NUEVA YORK (AP) \u2014 Cientos de estrellas de Hollywood y Broadway, entre ellos Robert De Niro, Ben Affleck, Jennifer Aniston, Selena Gomez, Lin-Manuel Miranda, Tom Hanks y Meryl Streep, instan a los estadounidenses a \u201cluchar para defender y preservar nuestros derechos protegidos constitucionalmente\u201d tras la suspensi\u00f3n de\u2026","rel":"","context":"En \u00abENTRETENIMIENTO\u00bb","block_context":{"text":"ENTRETENIMIENTO","link":"https:\/\/lasprimeras.com.do\/index.php\/category\/entretenimiento\/"},"img":{"alt_text":"","src":"https:\/\/i0.wp.com\/lasprimeras.com.do\/wp-content\/uploads\/2025\/09\/figuras.jpg?resize=350%2C200&ssl=1","width":350,"height":200,"srcset":"https:\/\/i0.wp.com\/lasprimeras.com.do\/wp-content\/uploads\/2025\/09\/figuras.jpg?resize=350%2C200&ssl=1 1x, https:\/\/i0.wp.com\/lasprimeras.com.do\/wp-content\/uploads\/2025\/09\/figuras.jpg?resize=525%2C300&ssl=1 1.5x, https:\/\/i0.wp.com\/lasprimeras.com.do\/wp-content\/uploads\/2025\/09\/figuras.jpg?resize=700%2C400&ssl=1 2x"},"classes":[]}],"jetpack_sharing_enabled":true,"_links":{"self":[{"href":"https:\/\/lasprimeras.com.do\/index.php\/wp-json\/wp\/v2\/posts\/67840","targetHints":{"allow":["GET"]}}],"collection":[{"href":"https:\/\/lasprimeras.com.do\/index.php\/wp-json\/wp\/v2\/posts"}],"about":[{"href":"https:\/\/lasprimeras.com.do\/index.php\/wp-json\/wp\/v2\/types\/post"}],"author":[{"embeddable":true,"href":"https:\/\/lasprimeras.com.do\/index.php\/wp-json\/wp\/v2\/users\/2"}],"replies":[{"embeddable":true,"href":"https:\/\/lasprimeras.com.do\/index.php\/wp-json\/wp\/v2\/comments?post=67840"}],"version-history":[{"count":1,"href":"https:\/\/lasprimeras.com.do\/index.php\/wp-json\/wp\/v2\/posts\/67840\/revisions"}],"predecessor-version":[{"id":67842,"href":"https:\/\/lasprimeras.com.do\/index.php\/wp-json\/wp\/v2\/posts\/67840\/revisions\/67842"}],"wp:featuredmedia":[{"embeddable":true,"href":"https:\/\/lasprimeras.com.do\/index.php\/wp-json\/wp\/v2\/media\/67841"}],"wp:attachment":[{"href":"https:\/\/lasprimeras.com.do\/index.php\/wp-json\/wp\/v2\/media?parent=67840"}],"wp:term":[{"taxonomy":"category","embeddable":true,"href":"https:\/\/lasprimeras.com.do\/index.php\/wp-json\/wp\/v2\/categories?post=67840"},{"taxonomy":"post_tag","embeddable":true,"href":"https:\/\/lasprimeras.com.do\/index.php\/wp-json\/wp\/v2\/tags?post=67840"}],"curies":[{"name":"wp","href":"https:\/\/api.w.org\/{rel}","templated":true}]}}