{"id":67843,"date":"2023-11-19T23:12:56","date_gmt":"2023-11-20T03:12:56","guid":{"rendered":"https:\/\/lasprimeras.com.do\/?p=67843"},"modified":"2023-11-19T23:12:57","modified_gmt":"2023-11-20T03:12:57","slug":"desantis-se-niega-a-condenar-publicacion-de-musk-sobre-antisemitismo","status":"publish","type":"post","link":"https:\/\/lasprimeras.com.do\/index.php\/2023\/11\/19\/desantis-se-niega-a-condenar-publicacion-de-musk-sobre-antisemitismo\/","title":{"rendered":"DeSantis se niega a condenar publicaci\u00f3n de Musk sobre antisemitismo"},"content":{"rendered":"\n<p>El candidato presidencial republicano Ron DeSantis se neg\u00f3 a condenar la publicaci\u00f3n de Elon Musk que respalda una teor\u00eda de conspiraci\u00f3n antisemita y sostuvo el domingo que no estaba familiarizado con la publicaci\u00f3n, que llev\u00f3 a grandes empresas a retirar publicidad de la red social X.<\/p>\n\n\n\n<p>\u201cNo vi el comentario\u201d, dijo el gobernador de Florida en el programa \u201cState of the Union\u201d de CNN. \u201cS\u00e9 que Elon ha tenido un tiro al blanco en la espalda desde que compr\u00f3 Twitter porque creo que lo est\u00e1 llevando en una direcci\u00f3n que a muchas personas que est\u00e1n acostumbradas a controlar la narrativa no les gusta\u201d.<\/p>\n\n\n\n<p>Musk ha provocado indignaci\u00f3n con una publicaci\u00f3n reciente en la red social X en respuesta a un usuario que acus\u00f3 a los jud\u00edos de odiar a los blancos. \u201cHas dicho la verdad\u201d, public\u00f3 Musk el mi\u00e9rcoles.<\/p>\n\n\n\n<p>Desde entonces, IBM, Disney y otros anunciantes importantes han retirado fondos de X, un duro golpe mientras la plataforma antes conocida como Twitter intenta recuperar las grandes marcas y sus d\u00f3lares publicitarios que constituyen su principal fuente de ingresos.<\/p>\n\n\n\n<p>DeSantis anunci\u00f3 su candidatura presidencial en la plataforma de Musk, incluso cuando algunas investigaciones muestran que se ha convertido en un para\u00edso para el discurso de odio desde que el multimillonario se hiciera cargo de la compa\u00f1\u00eda el a\u00f1o pasado.<\/p>\n\n\n\n<p>\u201cState of the Union\u201d puso la publicaci\u00f3n de Musk en la pantalla y el presentador Jake Tapper se la ley\u00f3 a DeSantis antes de presionarlo para que la condenara, pero el gobernador continu\u00f3 objetando.<\/p>\n\n\n\n<p>\u201cS\u00e9 que intentaste leerlo. No tengo idea de cu\u00e1l es el contexto\u201d, dijo<br>DeSantis, quien se uni\u00f3 al programa a trav\u00e9s de videoconferencia. \u201cConozco a Elon Musk. Nunca lo he visto hacer nada. Creo que es un tipo que cree en Estados Unidos. Nunca lo he visto permitirse nada de eso. Entonces es sorprendente, si eso es cierto, pero no lo he visto. As\u00ed que no quiero sentarme ah\u00ed y juzgar sobre la marcha\u201d.<\/p>\n\n\n\n<p>El gobernador tambi\u00e9n dijo que se opone al antisemitismo \u201cen todos los \u00e1mbitos\u201d, sin importar si proviene de la derecha o la izquierda del espectro ideol\u00f3gico. AGENCIA AP<\/p>\n","protected":false},"excerpt":{"rendered":"<p>El candidato presidencial republicano Ron DeSantis se neg\u00f3 a condenar la publicaci\u00f3n de Elon Musk que respalda una teor\u00eda de conspiraci\u00f3n antisemita y sostuvo el domingo que no estaba familiarizado&hellip;<\/p>\n","protected":false},"author":2,"featured_media":67844,"comment_status":"open","ping_status":"open","sticky":false,"template":"","format":"standard","meta":{"content-type":"","jetpack_post_was_ever_published":false,"_jetpack_newsletter_access":"","_jetpack_dont_email_post_to_subs":false,"_jetpack_newsletter_tier_id":0,"_jetpack_memberships_contains_paywalled_content":false,"_jetpack_memberships_contains_paid_content":false,"footnotes":""},"categories":[1],"tags":[9631,9630,1721,1100,4153,4107],"class_list":["post-67843","post","type-post","status-publish","format-standard","has-post-thumbnail","hentry","category-sin-categoria","tag-antisemitismo","tag-condenar","tag-elon-musk","tag-niega","tag-publicacion","tag-ron-desantis"],"jetpack_featured_media_url":"https:\/\/lasprimeras.com.do\/wp-content\/uploads\/2023\/11\/Ron-DeSantis.jpg","jetpack-related-posts":[{"id":67761,"url":"https:\/\/lasprimeras.com.do\/index.php\/2023\/11\/18\/ee-uu-el-gobierno-acusa-elon-musk-fomentar-antisemitismo\/","url_meta":{"origin":67843,"position":0},"title":"EE.UU: El Gobierno acusa Elon Musk \u00abfomentar antisemitismo","author":"BIMARY DE JES\u00daS Matos","date":"18 de noviembre de 2023","format":false,"excerpt":"WASHINGTON.\u2013 Estados Unidos ha condenado este viernes los \u00faltimos comentarios del magnate Elon Musk, propietario de la red social X, por \u00abfomentar el antisemitismo\u00bb. Emiti\u00f3 su condena despu\u00e9s de que el tambi\u00e9n due\u00f1o de Tesla diese la raz\u00f3n a un usuario de la plataforma que acusaba a los jud\u00edos de\u2026","rel":"","context":"En \u00abSin categor\u00eda\u00bb","block_context":{"text":"Sin categor\u00eda","link":"https:\/\/lasprimeras.com.do\/index.php\/category\/sin-categoria\/"},"img":{"alt_text":"","src":"https:\/\/i0.wp.com\/lasprimeras.com.do\/wp-content\/uploads\/2023\/11\/valentin-38.jpg?resize=350%2C200&ssl=1","width":350,"height":200,"srcset":"https:\/\/i0.wp.com\/lasprimeras.com.do\/wp-content\/uploads\/2023\/11\/valentin-38.jpg?resize=350%2C200&ssl=1 1x, https:\/\/i0.wp.com\/lasprimeras.com.do\/wp-content\/uploads\/2023\/11\/valentin-38.jpg?resize=525%2C300&ssl=1 1.5x"},"classes":[]},{"id":88530,"url":"https:\/\/lasprimeras.com.do\/index.php\/2024\/08\/30\/musk-arremete-contra-el-seudojuez-de-moraes-y-contra-el-regimen-represivo-de-brasil\/","url_meta":{"origin":67843,"position":1},"title":"Musk arremete contra el &#8220;seudojuez&#8221; De Moraes y contra &#8220;el r\u00e9gimen represivo&#8221; de Brasil","author":"Nelson Feliz","date":"30 de agosto de 2024","format":false,"excerpt":"Nueva York,(EFE).- El magnate Elon Musk, propietario de X (antes Twitter), dijo este viernes que la suspensi\u00f3n de la red social en Brasil ha sido ordenada por \"un seudojuez no electo\" que est\u00e1 \"destrozando con fines pol\u00edticos la libertad de expresi\u00f3n, pilar de la democracia\". Fue en su cuenta personal\u2026","rel":"","context":"En \u00abSin categor\u00eda\u00bb","block_context":{"text":"Sin categor\u00eda","link":"https:\/\/lasprimeras.com.do\/index.php\/category\/sin-categoria\/"},"img":{"alt_text":"Elon Musk","src":"https:\/\/i0.wp.com\/lasprimeras.com.do\/wp-content\/uploads\/2024\/08\/Elon-Musk.jpg?resize=350%2C200&ssl=1","width":350,"height":200,"srcset":"https:\/\/i0.wp.com\/lasprimeras.com.do\/wp-content\/uploads\/2024\/08\/Elon-Musk.jpg?resize=350%2C200&ssl=1 1x, https:\/\/i0.wp.com\/lasprimeras.com.do\/wp-content\/uploads\/2024\/08\/Elon-Musk.jpg?resize=525%2C300&ssl=1 1.5x, https:\/\/i0.wp.com\/lasprimeras.com.do\/wp-content\/uploads\/2024\/08\/Elon-Musk.jpg?resize=700%2C400&ssl=1 2x"},"classes":[]},{"id":78721,"url":"https:\/\/lasprimeras.com.do\/index.php\/2024\/03\/19\/abinader-invita-a-elon-musk-a-visitar-rd-para-explorar-oportunidades-tecnologicas\/","url_meta":{"origin":67843,"position":2},"title":"Abinader invita a Elon Musk a visitar RD para explorar oportunidades tecnol\u00f3gicas","author":"Nelson Feliz","date":"19 de marzo de 2024","format":false,"excerpt":"De igual manera le dice que #DRIsOpenForBusiness (RD est\u00e1 abierta para los negocios) El presidente Luis Abinader respondi\u00f3 a una publicaci\u00f3n de Elon Musk en X (antes Twitter), en la que el famoso emprendedor catalog\u00f3 como \"interesante\" la iniciativa del verja perimetral inteligente entre Rep\u00fablica Dominicana y Hait\u00ed. En su\u2026","rel":"","context":"En \u00abPORTADA\u00bb","block_context":{"text":"PORTADA","link":"https:\/\/lasprimeras.com.do\/index.php\/category\/portada\/"},"img":{"alt_text":"","src":"https:\/\/i0.wp.com\/lasprimeras.com.do\/wp-content\/uploads\/2024\/03\/Luis-Abinader-invita-a-Elon-Musk.jpg?resize=350%2C200&ssl=1","width":350,"height":200,"srcset":"https:\/\/i0.wp.com\/lasprimeras.com.do\/wp-content\/uploads\/2024\/03\/Luis-Abinader-invita-a-Elon-Musk.jpg?resize=350%2C200&ssl=1 1x, https:\/\/i0.wp.com\/lasprimeras.com.do\/wp-content\/uploads\/2024\/03\/Luis-Abinader-invita-a-Elon-Musk.jpg?resize=525%2C300&ssl=1 1.5x, https:\/\/i0.wp.com\/lasprimeras.com.do\/wp-content\/uploads\/2024\/03\/Luis-Abinader-invita-a-Elon-Musk.jpg?resize=700%2C400&ssl=1 2x, https:\/\/i0.wp.com\/lasprimeras.com.do\/wp-content\/uploads\/2024\/03\/Luis-Abinader-invita-a-Elon-Musk.jpg?resize=1050%2C600&ssl=1 3x"},"classes":[]},{"id":96360,"url":"https:\/\/lasprimeras.com.do\/index.php\/2025\/03\/30\/elon-musk-fusiona-su-empresa-de-inteligencia-artificial-xai-y-x-por-33000-millones-de-dolares\/","url_meta":{"origin":67843,"position":3},"title":"Elon Musk fusiona su empresa de inteligencia artificial xAI y X por 33,000 millones de d\u00f3lares","author":"Nelson Feliz","date":"30 de marzo de 2025","format":false,"excerpt":"Musk anuncia que su empresa de inteligencia artificial xAI adquiri\u00f3 X por USD 33.000 millones. San Francisco, AFP - El viernes el magnate Elon Musk anunci\u00f3 que su start-up de inteligencia artificial xAI adquiri\u00f3 la red social X, tambi\u00e9n de su propiedad, en una \"transacci\u00f3n totalmente en acciones\" que valora\u2026","rel":"","context":"En \u00abECONOM\u00cdA\u00bb","block_context":{"text":"ECONOM\u00cdA","link":"https:\/\/lasprimeras.com.do\/index.php\/category\/economia\/"},"img":{"alt_text":"","src":"https:\/\/i0.wp.com\/lasprimeras.com.do\/wp-content\/uploads\/2025\/03\/Elon-Musk-1.jpg?resize=350%2C200&ssl=1","width":350,"height":200,"srcset":"https:\/\/i0.wp.com\/lasprimeras.com.do\/wp-content\/uploads\/2025\/03\/Elon-Musk-1.jpg?resize=350%2C200&ssl=1 1x, https:\/\/i0.wp.com\/lasprimeras.com.do\/wp-content\/uploads\/2025\/03\/Elon-Musk-1.jpg?resize=525%2C300&ssl=1 1.5x, https:\/\/i0.wp.com\/lasprimeras.com.do\/wp-content\/uploads\/2025\/03\/Elon-Musk-1.jpg?resize=700%2C400&ssl=1 2x"},"classes":[]},{"id":69748,"url":"https:\/\/lasprimeras.com.do\/index.php\/2023\/12\/05\/javier-milei-y-elon-musk-en-sintonia-a-cinco-dias-de-la-investidura-en-argentina\/","url_meta":{"origin":67843,"position":4},"title":"Javier Milei y Elon Musk &#8220;en sinton\u00eda&#8221; a cinco d\u00edas de la investidura en Argentina","author":"Nelson Feliz","date":"5 de diciembre de 2023","format":false,"excerpt":"La buena relaci\u00f3n entre Milei y Musk no es nueva, ya que el fundador y directivo de SpaceX y Tesla hab\u00eda manifestado su apoyo al ultraliberal el pasado 19 de noviembre. El presidente electo de Argentina, Javier Milei, y el magnate y empresario sudafricano Elon Musk intercambiaron este martes varios\u2026","rel":"","context":"En \u00abSin categor\u00eda\u00bb","block_context":{"text":"Sin categor\u00eda","link":"https:\/\/lasprimeras.com.do\/index.php\/category\/sin-categoria\/"},"img":{"alt_text":"Magnate Elon Musk y el presidente electo de Argentina, Javier Milei","src":"https:\/\/i0.wp.com\/lasprimeras.com.do\/wp-content\/uploads\/2023\/12\/Elon-Musk-y-Javier-Milei.jpeg?resize=350%2C200&ssl=1","width":350,"height":200,"srcset":"https:\/\/i0.wp.com\/lasprimeras.com.do\/wp-content\/uploads\/2023\/12\/Elon-Musk-y-Javier-Milei.jpeg?resize=350%2C200&ssl=1 1x, https:\/\/i0.wp.com\/lasprimeras.com.do\/wp-content\/uploads\/2023\/12\/Elon-Musk-y-Javier-Milei.jpeg?resize=525%2C300&ssl=1 1.5x, https:\/\/i0.wp.com\/lasprimeras.com.do\/wp-content\/uploads\/2023\/12\/Elon-Musk-y-Javier-Milei.jpeg?resize=700%2C400&ssl=1 2x"},"classes":[]},{"id":87497,"url":"https:\/\/lasprimeras.com.do\/index.php\/2024\/08\/12\/donald-trump-en-conversacion-con-elon-musk-la-inmigracion-ilegal-me-salvo-la-vida\/","url_meta":{"origin":67843,"position":5},"title":"Donald Trump en conversaci\u00f3n con Elon Musk: \u201cLa inmigraci\u00f3n ilegal me salv\u00f3 la vida\u201d","author":"Nelson Feliz","date":"12 de agosto de 2024","format":false,"excerpt":"Agencia EFE El expresidente estadounidense y candidato electoral republicano Donald Trump (2017-2021) asegur\u00f3 este lunes que la inmigraci\u00f3n ilegal le \u201csalv\u00f3\u201d la vida el d\u00eda de su ataque y brome\u00f3 con que incluso va a dormir con el gr\u00e1fico que mostr\u00f3 al p\u00fablico y que al girar la cabeza le\u2026","rel":"","context":"En \u00abSin categor\u00eda\u00bb","block_context":{"text":"Sin categor\u00eda","link":"https:\/\/lasprimeras.com.do\/index.php\/category\/sin-categoria\/"},"img":{"alt_text":"Donald Trump","src":"https:\/\/i0.wp.com\/lasprimeras.com.do\/wp-content\/uploads\/2024\/08\/Donald-Trump.jpg?resize=350%2C200&ssl=1","width":350,"height":200,"srcset":"https:\/\/i0.wp.com\/lasprimeras.com.do\/wp-content\/uploads\/2024\/08\/Donald-Trump.jpg?resize=350%2C200&ssl=1 1x, https:\/\/i0.wp.com\/lasprimeras.com.do\/wp-content\/uploads\/2024\/08\/Donald-Trump.jpg?resize=525%2C300&ssl=1 1.5x, https:\/\/i0.wp.com\/lasprimeras.com.do\/wp-content\/uploads\/2024\/08\/Donald-Trump.jpg?resize=700%2C400&ssl=1 2x"},"classes":[]}],"jetpack_sharing_enabled":true,"_links":{"self":[{"href":"https:\/\/lasprimeras.com.do\/index.php\/wp-json\/wp\/v2\/posts\/67843","targetHints":{"allow":["GET"]}}],"collection":[{"href":"https:\/\/lasprimeras.com.do\/index.php\/wp-json\/wp\/v2\/posts"}],"about":[{"href":"https:\/\/lasprimeras.com.do\/index.php\/wp-json\/wp\/v2\/types\/post"}],"author":[{"embeddable":true,"href":"https:\/\/lasprimeras.com.do\/index.php\/wp-json\/wp\/v2\/users\/2"}],"replies":[{"embeddable":true,"href":"https:\/\/lasprimeras.com.do\/index.php\/wp-json\/wp\/v2\/comments?post=67843"}],"version-history":[{"count":1,"href":"https:\/\/lasprimeras.com.do\/index.php\/wp-json\/wp\/v2\/posts\/67843\/revisions"}],"predecessor-version":[{"id":67845,"href":"https:\/\/lasprimeras.com.do\/index.php\/wp-json\/wp\/v2\/posts\/67843\/revisions\/67845"}],"wp:featuredmedia":[{"embeddable":true,"href":"https:\/\/lasprimeras.com.do\/index.php\/wp-json\/wp\/v2\/media\/67844"}],"wp:attachment":[{"href":"https:\/\/lasprimeras.com.do\/index.php\/wp-json\/wp\/v2\/media?parent=67843"}],"wp:term":[{"taxonomy":"category","embeddable":true,"href":"https:\/\/lasprimeras.com.do\/index.php\/wp-json\/wp\/v2\/categories?post=67843"},{"taxonomy":"post_tag","embeddable":true,"href":"https:\/\/lasprimeras.com.do\/index.php\/wp-json\/wp\/v2\/tags?post=67843"}],"curies":[{"name":"wp","href":"https:\/\/api.w.org\/{rel}","templated":true}]}}