{"id":67861,"date":"2023-11-20T07:05:37","date_gmt":"2023-11-20T11:05:37","guid":{"rendered":"https:\/\/lasprimeras.com.do\/?p=67861"},"modified":"2023-11-20T07:05:39","modified_gmt":"2023-11-20T11:05:39","slug":"el-leon-la-peluca-y-el-guerrero-quien-es-javier-milei-el-presidente-electo-de-argentina","status":"publish","type":"post","link":"https:\/\/lasprimeras.com.do\/index.php\/2023\/11\/20\/el-leon-la-peluca-y-el-guerrero-quien-es-javier-milei-el-presidente-electo-de-argentina\/","title":{"rendered":"El le\u00f3n, la peluca y el guerrero. \u00bfQui\u00e9n es Javier Milei, el presidente electo de Argentina?"},"content":{"rendered":"\n<p>POR DAVID BILLER Y DANIEL POLITI<\/p>\n\n\n\n<p>BUENOS AIRES, Argentina (AP) \u2014 Sus legiones de fan\u00e1ticos lo llaman \u201cel loco\u201d y \u201cla peluca\u201d debido a su ferocidad y su mata de cabello rebelde, mientras \u00e9l se refiere a s\u00ed mismo como \u201cel le\u00f3n\u201d.<\/p>\n\n\n\n<p>Piensa que la educaci\u00f3n sexual es un complot marxista para destruir la familia, considera a sus mastines clonados como sus \u201cni\u00f1os con cuatro patas\u201d y ha planteado la posibilidad de que a las personas se les deber\u00eda permitir vender sus propios \u00f3rganos vitales.<\/p>\n\n\n\n<p>\u00c9l es Javier Milei, el pr\u00f3ximo presidente de Argentina.<\/p>\n\n\n\n<p>Hace unos a\u00f1os, Milei era un presentador televisivo que adoraba a los bookers porque sus discursos contra el gasto gubernamental y la clase pol\u00edtica gobernante aumentaron los ratings.<\/p>\n\n\n\n<p>En ese momento, y hasta hace apenas unos meses, casi ning\u00fan experto pol\u00edtico cre\u00eda que \u00e9l tuviera una oportunidad real de convertirse en presidente de la segunda econom\u00eda m\u00e1s grande de Am\u00e9rica del Sur.<\/p>\n\n\n\n<p>Pero Milei, un economista de 53 a\u00f1os, ha sacudido al establishment pol\u00edtico argentino y se ha insertado en lo que durante mucho tiempo ha sido efectivamente un sistema bipartidista al acumular una oleada de apoyo con sus prescripciones de medidas dr\u00e1sticas para frenar la creciente inflaci\u00f3n y prometiendo a una cruzada contra el avance del socialismo en la sociedad.<\/p>\n\n\n\n<p>LIBERTARIO &#8216;ANARCOCAPITALISTA&#8217;<\/p>\n\n\n\n<p>En el centro de su plan econ\u00f3mico para Argentina est\u00e1 una propuesta para reemplazar la moneda local, el peso, por el d\u00f3lar estadounidense.<\/p>\n\n\n\n<p>Ha dicho repetidamente que la \u00fanica manera de poner fin al flagelo de la inflaci\u00f3n , que ha superado el 140%, es impedir que los pol\u00edticos sigan imprimiendo dinero. Por ello, planea extinguir el Banco Central.<\/p>\n\n\n\n<p>El libertarismo de Milei, autodenominado \u201canarcocapitalista\u201d, fue una novedad para Argentina. Se ha pronunciado a favor de flexibilizar las leyes laborales del pa\u00eds y promovi\u00f3 una visi\u00f3n de un gobierno marcadamente m\u00e1s peque\u00f1o para impulsar el crecimiento econ\u00f3mico.<\/p>\n\n\n\n<p>Eso implica eliminar la mitad de los ministerios del gobierno, incluidos los de salud y educaci\u00f3n. Como s\u00edmbolo de los cortes profundos que defiende, en ocasiones ha hecho campa\u00f1a con una motosierra en mano.<\/p>\n\n\n\n<p>La reducci\u00f3n del tama\u00f1o del Estado encaja con sus llamados a que se elimine la \u201ccasta pol\u00edtica\u201d del gobierno argentino, de la misma manera que el expresidente estadounidense Donald Trump habl\u00f3 de \u201cdrenar el pantano\u201d en referencia al arraigado establishment.<\/p>\n\n\n\n<p>Milei a menudo ha sido comparado con Trump, un l\u00edder al que admira abiertamente.<\/p>\n\n\n\n<p>Antes de salir a la luz p\u00fablica, Milei fue economista jefe de la Corporaci\u00f3n Am\u00e9rica, uno de los conglomerados empresariales m\u00e1s grandes de Argentina que, entre otras cosas, administra la mayor\u00eda de los aeropuertos del pa\u00eds. Trabaj\u00f3 all\u00ed hasta 2021, cuando gan\u00f3 su esca\u00f1o como legislador.<\/p>\n\n\n\n<p>GUERRERO DE LA CULTURA<\/p>\n\n\n\n<p>Milei no s\u00f3lo se ve a s\u00ed mismo como un pol\u00edtico de derecha, sino tambi\u00e9n como un guerrero cultural con la misi\u00f3n de revolucionar la sociedad argentina.<\/p>\n\n\n\n<p>Algunas de las posiciones de Milei parecen hacer eco de las de los republicanos m\u00e1s conservadores en Estados Unidos, mientras que su ret\u00f3rica feroz y cargada de blasfemias ya lo ha elevado a la prominencia en la guerra cultural global que a veces abruma el discurso pol\u00edtico en Estados Unidos, el vecino Brasil y otros lugares.<\/p>\n\n\n\n<p>Milei se opone a las pol\u00edticas feministas y al aborto, que Argentina legaliz\u00f3 en los \u00faltimos a\u00f1os, y ha propuesto un plebiscito para derogar la ley.<\/p>\n\n\n\n<p>Tambi\u00e9n rechaza la idea de que los humanos tengan un papel en provocar el cambio clim\u00e1tico. En una aparici\u00f3n televisiva, denunci\u00f3 al Papa Francisco, que es argentino, como un \u201cimb\u00e9cil\u201d por defender la justicia social y llam\u00f3 al l\u00edder de la Iglesia Cat\u00f3lica Romana \u201cel representante de la malignidad en la Tierra\u201d.<\/p>\n\n\n\n<p>En la misma l\u00ednea que el lema de Trump, \u201cHacer que Estados Unidos vuelva a ser grande\u201d, Milei ha dicho que devolver\u00e1 al pa\u00eds a un per\u00edodo de grandeza no especificado.<\/p>\n\n\n\n<p>\u201cArgentina va a recuperar el lugar en el mundo que nunca debi\u00f3 perder\u201d, dijo Milei en su acto de victoria el domingo. Sus seguidores han acogido con agrado la comparaci\u00f3n y, a menudo, usan sombreros con las palabras \u201cHacer que Argentina vuelva a ser grande\u201d.<\/p>\n\n\n\n<p>VIDA PERSONAL<\/p>\n\n\n\n<p>Hijo de un empresario del transporte de pasajeros y de una ama de casa, al economista no le gusta hablar mucho de su infancia y ha dicho que su juventud estuvo marcada por una relaci\u00f3n tensa con su padre.<\/p>\n\n\n\n<p>Una Milei m\u00e1s joven tocaba en una banda tributo a los Rolling Stones y se desempe\u00f1aba como portera en las divisiones juveniles del club de f\u00fatbol Chacarita.<\/p>\n\n\n\n<p>Pero decidi\u00f3 dejar de lado el f\u00fatbol durante el per\u00edodo de hiperinflaci\u00f3n de finales de los 80 para estudiar econom\u00eda.<\/p>\n\n\n\n<p>Por estos d\u00edas, el \u00fanico miembro de la familia con el que tiene una relaci\u00f3n cercana es su hermana, Karina Milei, quien dirigi\u00f3 su campa\u00f1a. \u00c9l la llama \u201cla jefa\u201d y la ha caracterizado repetidamente como la arquitecta de su ascenso al poder.<\/p>\n\n\n\n<p>Durante sus repetidas apariciones en televisi\u00f3n, Milei no solo habl\u00f3 de econom\u00eda y pol\u00edtica.<\/p>\n\n\n\n<p>Tambi\u00e9n profundiz\u00f3 en su vida personal y una vez se present\u00f3 como un experto en sexo t\u00e1ntrico, comentando abiertamente c\u00f3mo hab\u00eda participado repetidamente en sexo grupal y brindando consejos.<\/p>\n\n\n\n<p>Durante gran parte de su vida adulta, Milei no tuvo una pareja rom\u00e1ntica seria y no se sabe que tenga amigos. Despu\u00e9s de decir durante meses que no ten\u00eda tiempo para tener citas, en julio inici\u00f3 una relaci\u00f3n con la actriz y artista F\u00e1tima Fl\u00f3rez .<\/p>\n\n\n\n<p>Es conocida por sus imitaciones de la vicepresidenta Cristina Fern\u00e1ndez de Kirchner, quien fue presidenta entre 2007 y 2015.<\/p>\n\n\n\n<p>Milei ten\u00eda una profunda conexi\u00f3n con su mast\u00edn ingl\u00e9s, Conan, quien falleci\u00f3. Ahora tiene al menos otros cuatro supuestamente clonados utilizando el ADN de Conan, todos los cuales llevan nombres de economistas. A pesar del apodo de \u201cpeluca\u201d, su cabello es real.<\/p>\n","protected":false},"excerpt":{"rendered":"<p>POR DAVID BILLER Y DANIEL POLITI BUENOS AIRES, Argentina (AP) \u2014 Sus legiones de fan\u00e1ticos lo llaman \u201cel loco\u201d y \u201cla peluca\u201d debido a su ferocidad y su mata de&hellip;<\/p>\n","protected":false},"author":2,"featured_media":67862,"comment_status":"open","ping_status":"open","sticky":false,"template":"","format":"standard","meta":{"content-type":"","jetpack_post_was_ever_published":false,"_jetpack_newsletter_access":"","_jetpack_dont_email_post_to_subs":false,"_jetpack_newsletter_tier_id":0,"_jetpack_memberships_contains_paywalled_content":false,"_jetpack_memberships_contains_paid_content":false,"footnotes":""},"categories":[1],"tags":[3254,9638,9509,6261,9637,9636],"class_list":["post-67861","post","type-post","status-publish","format-standard","has-post-thumbnail","hentry","category-sin-categoria","tag-argentina","tag-el-guerrero","tag-el-leon","tag-javier-milei","tag-la-peluca","tag-presidente-electo"],"jetpack_featured_media_url":"https:\/\/lasprimeras.com.do\/wp-content\/uploads\/2023\/11\/Javier-Milei-2.jpg","jetpack-related-posts":[{"id":67881,"url":"https:\/\/lasprimeras.com.do\/index.php\/2023\/11\/20\/presidente-electo-javier-milei-augura-hoy-comienza-el-fin-de-la-decadencia-argentina\/","url_meta":{"origin":67861,"position":0},"title":"Presidente electo Javier Milei augura: &#8220;Hoy comienza el fin de la decadencia argentina&#8221;","author":"BIMARY DE JES\u00daS Matos","date":"20 de noviembre de 2023","format":false,"excerpt":"Argentina.-El presidente electo, Javier Milei, augur\u00f3 este domingo que \u00abhoy comienza el fin de la decadencia argentina\u00bb, al pronunciar su primer discurso tras los comicios que gan\u00f3 con el 55,69 % de los votos y el 99,28 % de las mesas escrutadas , y avis\u00f3 de que \u00abno hay vuelta\u2026","rel":"","context":"En \u00abSin categor\u00eda\u00bb","block_context":{"text":"Sin categor\u00eda","link":"https:\/\/lasprimeras.com.do\/index.php\/category\/sin-categoria\/"},"img":{"alt_text":"","src":"https:\/\/i0.wp.com\/lasprimeras.com.do\/wp-content\/uploads\/2023\/11\/WhatsApp-Image-2023-11-19-at-4.12.21-PM-3.jpeg?resize=350%2C200&ssl=1","width":350,"height":200,"srcset":"https:\/\/i0.wp.com\/lasprimeras.com.do\/wp-content\/uploads\/2023\/11\/WhatsApp-Image-2023-11-19-at-4.12.21-PM-3.jpeg?resize=350%2C200&ssl=1 1x, https:\/\/i0.wp.com\/lasprimeras.com.do\/wp-content\/uploads\/2023\/11\/WhatsApp-Image-2023-11-19-at-4.12.21-PM-3.jpeg?resize=525%2C300&ssl=1 1.5x"},"classes":[]},{"id":67366,"url":"https:\/\/lasprimeras.com.do\/index.php\/2023\/11\/15\/el-leon-la-motosierra-y-el-populista-los-mitines-de-javier-milei-en-argentina\/","url_meta":{"origin":67861,"position":1},"title":"El Le\u00f3n, la motosierra y el populista: Los m\u00edtines de Javier Milei en Argentina","author":"Nelson Feliz","date":"15 de noviembre de 2023","format":false,"excerpt":"POR DANIEL POLITI Y RODRIGO ABD BUENOS AIRES, Argentina (AP) \u2014 Batman y el Joker, un hombre disfrazado de le\u00f3n de cuerpo entero y otro cuya cabeza y brazos han sido reemplazados por motosierras. Esto no es un Carnaval ni una Comic-Con, sino m\u00e1s bien el extravagante mitin de campa\u00f1a\u2026","rel":"","context":"En \u00abSin categor\u00eda\u00bb","block_context":{"text":"Sin categor\u00eda","link":"https:\/\/lasprimeras.com.do\/index.php\/category\/sin-categoria\/"},"img":{"alt_text":"Javier Milei","src":"https:\/\/i0.wp.com\/lasprimeras.com.do\/wp-content\/uploads\/2023\/11\/Javier-Milei.jpg?resize=350%2C200&ssl=1","width":350,"height":200,"srcset":"https:\/\/i0.wp.com\/lasprimeras.com.do\/wp-content\/uploads\/2023\/11\/Javier-Milei.jpg?resize=350%2C200&ssl=1 1x, https:\/\/i0.wp.com\/lasprimeras.com.do\/wp-content\/uploads\/2023\/11\/Javier-Milei.jpg?resize=525%2C300&ssl=1 1.5x"},"classes":[]},{"id":69748,"url":"https:\/\/lasprimeras.com.do\/index.php\/2023\/12\/05\/javier-milei-y-elon-musk-en-sintonia-a-cinco-dias-de-la-investidura-en-argentina\/","url_meta":{"origin":67861,"position":2},"title":"Javier Milei y Elon Musk &#8220;en sinton\u00eda&#8221; a cinco d\u00edas de la investidura en Argentina","author":"Nelson Feliz","date":"5 de diciembre de 2023","format":false,"excerpt":"La buena relaci\u00f3n entre Milei y Musk no es nueva, ya que el fundador y directivo de SpaceX y Tesla hab\u00eda manifestado su apoyo al ultraliberal el pasado 19 de noviembre. El presidente electo de Argentina, Javier Milei, y el magnate y empresario sudafricano Elon Musk intercambiaron este martes varios\u2026","rel":"","context":"En \u00abSin categor\u00eda\u00bb","block_context":{"text":"Sin categor\u00eda","link":"https:\/\/lasprimeras.com.do\/index.php\/category\/sin-categoria\/"},"img":{"alt_text":"Magnate Elon Musk y el presidente electo de Argentina, Javier Milei","src":"https:\/\/i0.wp.com\/lasprimeras.com.do\/wp-content\/uploads\/2023\/12\/Elon-Musk-y-Javier-Milei.jpeg?resize=350%2C200&ssl=1","width":350,"height":200,"srcset":"https:\/\/i0.wp.com\/lasprimeras.com.do\/wp-content\/uploads\/2023\/12\/Elon-Musk-y-Javier-Milei.jpeg?resize=350%2C200&ssl=1 1x, https:\/\/i0.wp.com\/lasprimeras.com.do\/wp-content\/uploads\/2023\/12\/Elon-Musk-y-Javier-Milei.jpeg?resize=525%2C300&ssl=1 1.5x, https:\/\/i0.wp.com\/lasprimeras.com.do\/wp-content\/uploads\/2023\/12\/Elon-Musk-y-Javier-Milei.jpeg?resize=700%2C400&ssl=1 2x"},"classes":[]},{"id":68388,"url":"https:\/\/lasprimeras.com.do\/index.php\/2023\/11\/23\/joe-biden-felicita-a-milei-pero-declina-asistir-a-toma-posesion\/","url_meta":{"origin":67861,"position":3},"title":"Joe Biden felicita a Milei, pero declina asistir a toma posesi\u00f3n","author":"BIMARY DE JES\u00daS Matos","date":"23 de noviembre de 2023","format":false,"excerpt":"WASHINGTON.- El presidente estadounidense, Joe Biden, llam\u00f3 al mandatario electo de Argentina, Javier Milei, para felicitarlo, aunque declin\u00f3 la invitaci\u00f3n a asistir a la toma de posesi\u00f3n, el 10 de diciembre, por cuestiones de agenda, inform\u00f3 este mi\u00e9rcoles Diana Mondino, referente de pol\u00edtica exterior de La Libertad Avanza. \u00abEl presidente\u2026","rel":"","context":"En \u00abSin categor\u00eda\u00bb","block_context":{"text":"Sin categor\u00eda","link":"https:\/\/lasprimeras.com.do\/index.php\/category\/sin-categoria\/"},"img":{"alt_text":"","src":"https:\/\/i0.wp.com\/lasprimeras.com.do\/wp-content\/uploads\/2023\/11\/WhatsApp-Image-2023-11-23-at-4.44.34-PM.jpeg?resize=350%2C200&ssl=1","width":350,"height":200,"srcset":"https:\/\/i0.wp.com\/lasprimeras.com.do\/wp-content\/uploads\/2023\/11\/WhatsApp-Image-2023-11-23-at-4.44.34-PM.jpeg?resize=350%2C200&ssl=1 1x, https:\/\/i0.wp.com\/lasprimeras.com.do\/wp-content\/uploads\/2023\/11\/WhatsApp-Image-2023-11-23-at-4.44.34-PM.jpeg?resize=525%2C300&ssl=1 1.5x, https:\/\/i0.wp.com\/lasprimeras.com.do\/wp-content\/uploads\/2023\/11\/WhatsApp-Image-2023-11-23-at-4.44.34-PM.jpeg?resize=700%2C400&ssl=1 2x, https:\/\/i0.wp.com\/lasprimeras.com.do\/wp-content\/uploads\/2023\/11\/WhatsApp-Image-2023-11-23-at-4.44.34-PM.jpeg?resize=1050%2C600&ssl=1 3x"},"classes":[]},{"id":69659,"url":"https:\/\/lasprimeras.com.do\/index.php\/2023\/12\/04\/paliza-encabezara-delegacion-de-rd-en-toma-de-posesion-de-javier-milei-en-argentina\/","url_meta":{"origin":67861,"position":4},"title":"Paliza encabezar\u00e1 delegaci\u00f3n de RD en toma de posesi\u00f3n de Javier Milei en Argentina","author":"Nelson Feliz","date":"4 de diciembre de 2023","format":false,"excerpt":"La informaci\u00f3n est\u00e1 emitida en el decreto n\u00famero 615-23 El ministro Administrativo de la Presidencia, Jos\u00e9 Ignacio Paliza, encabezar\u00e1 la delegaci\u00f3n de Rep\u00fablica Dominicana que viajar\u00e1 a la Rep\u00fablica de Argentina para participar en la toma de posesi\u00f3n del presidente electo, Javier Milei, el pr\u00f3ximo domingo 10 del presente mes.\u2026","rel":"","context":"En \u00abNACIONALES\u00bb","block_context":{"text":"NACIONALES","link":"https:\/\/lasprimeras.com.do\/index.php\/category\/nacionales\/"},"img":{"alt_text":"Jos\u00e9 Ignacio Paliza","src":"https:\/\/i0.wp.com\/lasprimeras.com.do\/wp-content\/uploads\/2023\/08\/Jose-Ignacio-Paliza-1.jpg?resize=350%2C200&ssl=1","width":350,"height":200,"srcset":"https:\/\/i0.wp.com\/lasprimeras.com.do\/wp-content\/uploads\/2023\/08\/Jose-Ignacio-Paliza-1.jpg?resize=350%2C200&ssl=1 1x, https:\/\/i0.wp.com\/lasprimeras.com.do\/wp-content\/uploads\/2023\/08\/Jose-Ignacio-Paliza-1.jpg?resize=525%2C300&ssl=1 1.5x, https:\/\/i0.wp.com\/lasprimeras.com.do\/wp-content\/uploads\/2023\/08\/Jose-Ignacio-Paliza-1.jpg?resize=700%2C400&ssl=1 2x"},"classes":[]},{"id":69625,"url":"https:\/\/lasprimeras.com.do\/index.php\/2023\/12\/04\/jose-paliza-encabezara-delegacion-de-rd-en-toma-de-posesion-de-javier-milei-en-argentina\/","url_meta":{"origin":67861,"position":5},"title":"Jos\u00e9 Paliza encabezar\u00e1 delegaci\u00f3n de RD en toma de posesi\u00f3n de Javier Milei en Argentina","author":"BIMARY DE JES\u00daS Matos","date":"4 de diciembre de 2023","format":false,"excerpt":"SANTO DOMINGO \u2013 El ministro Administrativo de la Presidencia, Jos\u00e9 Ignacio Paliza, encabezar\u00e1 la delegaci\u00f3n de Rep\u00fablica Dominicana que viajar\u00e1 a la Rep\u00fablica de Argentina para participar en la toma de posesi\u00f3n del presidente electo, Javier Milei, el pr\u00f3ximo domingo 10 del presente mes. El acto que ser\u00e1 celebrado en\u2026","rel":"","context":"En \u00abSin categor\u00eda\u00bb","block_context":{"text":"Sin categor\u00eda","link":"https:\/\/lasprimeras.com.do\/index.php\/category\/sin-categoria\/"},"img":{"alt_text":"","src":"https:\/\/i0.wp.com\/lasprimeras.com.do\/wp-content\/uploads\/2023\/12\/WhatsApp-Image-2023-12-04-at-12.35.37-PM-4.jpeg?resize=350%2C200&ssl=1","width":350,"height":200,"srcset":"https:\/\/i0.wp.com\/lasprimeras.com.do\/wp-content\/uploads\/2023\/12\/WhatsApp-Image-2023-12-04-at-12.35.37-PM-4.jpeg?resize=350%2C200&ssl=1 1x, https:\/\/i0.wp.com\/lasprimeras.com.do\/wp-content\/uploads\/2023\/12\/WhatsApp-Image-2023-12-04-at-12.35.37-PM-4.jpeg?resize=525%2C300&ssl=1 1.5x"},"classes":[]}],"jetpack_sharing_enabled":true,"_links":{"self":[{"href":"https:\/\/lasprimeras.com.do\/index.php\/wp-json\/wp\/v2\/posts\/67861","targetHints":{"allow":["GET"]}}],"collection":[{"href":"https:\/\/lasprimeras.com.do\/index.php\/wp-json\/wp\/v2\/posts"}],"about":[{"href":"https:\/\/lasprimeras.com.do\/index.php\/wp-json\/wp\/v2\/types\/post"}],"author":[{"embeddable":true,"href":"https:\/\/lasprimeras.com.do\/index.php\/wp-json\/wp\/v2\/users\/2"}],"replies":[{"embeddable":true,"href":"https:\/\/lasprimeras.com.do\/index.php\/wp-json\/wp\/v2\/comments?post=67861"}],"version-history":[{"count":1,"href":"https:\/\/lasprimeras.com.do\/index.php\/wp-json\/wp\/v2\/posts\/67861\/revisions"}],"predecessor-version":[{"id":67863,"href":"https:\/\/lasprimeras.com.do\/index.php\/wp-json\/wp\/v2\/posts\/67861\/revisions\/67863"}],"wp:featuredmedia":[{"embeddable":true,"href":"https:\/\/lasprimeras.com.do\/index.php\/wp-json\/wp\/v2\/media\/67862"}],"wp:attachment":[{"href":"https:\/\/lasprimeras.com.do\/index.php\/wp-json\/wp\/v2\/media?parent=67861"}],"wp:term":[{"taxonomy":"category","embeddable":true,"href":"https:\/\/lasprimeras.com.do\/index.php\/wp-json\/wp\/v2\/categories?post=67861"},{"taxonomy":"post_tag","embeddable":true,"href":"https:\/\/lasprimeras.com.do\/index.php\/wp-json\/wp\/v2\/tags?post=67861"}],"curies":[{"name":"wp","href":"https:\/\/api.w.org\/{rel}","templated":true}]}}