{"id":67865,"date":"2023-11-20T07:22:06","date_gmt":"2023-11-20T11:22:06","guid":{"rendered":"https:\/\/lasprimeras.com.do\/?p=67865"},"modified":"2023-11-20T07:22:08","modified_gmt":"2023-11-20T11:22:08","slug":"lluvias-elevan-riesgo-de-enfemedades-y-brotes","status":"publish","type":"post","link":"https:\/\/lasprimeras.com.do\/index.php\/2023\/11\/20\/lluvias-elevan-riesgo-de-enfemedades-y-brotes\/","title":{"rendered":"Lluvias elevan riesgo de enfemedades y brotes"},"content":{"rendered":"\n<p>Santo Domingo.-Las lluvias e inundaciones que han afectado al pa\u00eds colocan a la poblaci\u00f3n en mayor riesgo de contraer enfermedades virales y bacterianas y de tener un recrudecimiento de brotes de patolog\u00edas que en la actualidad tienen alta incidencia en el pa\u00eds como las infecciones respiratorias, la leptospirosis, el c\u00f3lera y el dengue.<\/p>\n\n\n\n<p>Hasta la fecha, reportes oficiales indican que el dengue ha provocado 19 muertes y 18,389 casos sospechosos y por leptospirosis se reportan 38 fallecimientos y 475 casos sospechosos notificados al sistema de vigilancia epidemiol\u00f3gica, mientras un brote de c\u00f3lera afecta comunidades del sur y las emergencias m\u00e9dicas mantienen alta demanda de febriles por afecciones respiratorias.<\/p>\n\n\n\n<p>Mantener mayor rigurosidad en las medidas de higiene, sobre todo el lavado de manos y de los productos de consumo; consumir agua potable; evitar exponerse a aguas sucias y de lluvias figuran entre las recomendaciones que se hacen a la poblaci\u00f3n en los actuales, as\u00ed como mantener limpios los entornos de sus hogares para eliminar los posibles criaderos que se hayan formado del mosquito transmisor del dengue.<\/p>\n\n\n\n<p>Las condiciones de lluvias e inundaciones surgen en momentosel pa\u00eds enfrenta una epidemia de dengue e infecciones respiratorias.<\/p>\n","protected":false},"excerpt":{"rendered":"<p>Santo Domingo.-Las lluvias e inundaciones que han afectado al pa\u00eds colocan a la poblaci\u00f3n en mayor riesgo de contraer enfermedades virales y bacterianas y de tener un recrudecimiento de brotes&hellip;<\/p>\n","protected":false},"author":3,"featured_media":67866,"comment_status":"open","ping_status":"open","sticky":false,"template":"","format":"standard","meta":{"content-type":"","jetpack_post_was_ever_published":false,"_jetpack_newsletter_access":"","_jetpack_dont_email_post_to_subs":false,"_jetpack_newsletter_tier_id":0,"_jetpack_memberships_contains_paywalled_content":false,"_jetpack_memberships_contains_paid_content":false,"footnotes":""},"categories":[25],"tags":[2130],"class_list":["post-67865","post","type-post","status-publish","format-standard","has-post-thumbnail","hentry","category-portada","tag-lluvias"],"jetpack_featured_media_url":"https:\/\/lasprimeras.com.do\/wp-content\/uploads\/2023\/11\/WhatsApp-Image-2023-11-19-at-4.12.21-PM.jpeg","jetpack-related-posts":[{"id":112922,"url":"https:\/\/lasprimeras.com.do\/index.php\/2025\/10\/28\/preocupaciones-por-enfermedades-derivadas-de-las-inundaciones\/","url_meta":{"origin":67865,"position":0},"title":"Preocupaciones por enfermedades derivadas de las inundaciones","author":"Nelson Feliz","date":"28 de octubre de 2025","format":false,"excerpt":"Las inundaciones que ha dejado la tormenta Melissa, transformada en hurac\u00e1n, ha tra\u00eddo consigo las preocupaciones de m\u00e9dicos especialistas sobre el aumento de enfermedades asociadas a esos eventos clim\u00e1ticos. Epidemi\u00f3logos han advertido que tras lluvias pueden resurgir brotes de gastroenteritis, enfermedades de la piel y los ojos as\u00ed como situaciones\u2026","rel":"","context":"En \u00abSALUD\u00bb","block_context":{"text":"SALUD","link":"https:\/\/lasprimeras.com.do\/index.php\/category\/salud\/"},"img":{"alt_text":"","src":"","width":0,"height":0},"classes":[]},{"id":68176,"url":"https:\/\/lasprimeras.com.do\/index.php\/2023\/11\/22\/neumologos-recomiendan-vigilar-los-cuadros-respiratorios-tras-intensas-lluvias\/","url_meta":{"origin":67865,"position":1},"title":"Neum\u00f3logos recomiendan vigilar los cuadros respiratorios tras intensas lluvias","author":"Nelson Feliz","date":"22 de noviembre de 2023","format":false,"excerpt":"Los virus sincitial respiratorio y de influenza A y B son los que tienen mayor circulaci\u00f3n en el pa\u00eds. La Sociedad Dominicana de Neumolog\u00eda y Cirug\u00eda del T\u00f3rax (SDNCT)recomienda mantener activa la vigilancia de cuadros respiratorios en la poblaci\u00f3n y evitar permanecer en espacios reducidos con gran n\u00famero de personas,\u2026","rel":"","context":"En \u00abSin categor\u00eda\u00bb","block_context":{"text":"Sin categor\u00eda","link":"https:\/\/lasprimeras.com.do\/index.php\/category\/sin-categoria\/"},"img":{"alt_text":"","src":"https:\/\/i0.wp.com\/lasprimeras.com.do\/wp-content\/uploads\/2023\/11\/lluvias-1.jpeg?resize=350%2C200&ssl=1","width":350,"height":200,"srcset":"https:\/\/i0.wp.com\/lasprimeras.com.do\/wp-content\/uploads\/2023\/11\/lluvias-1.jpeg?resize=350%2C200&ssl=1 1x, https:\/\/i0.wp.com\/lasprimeras.com.do\/wp-content\/uploads\/2023\/11\/lluvias-1.jpeg?resize=525%2C300&ssl=1 1.5x, https:\/\/i0.wp.com\/lasprimeras.com.do\/wp-content\/uploads\/2023\/11\/lluvias-1.jpeg?resize=700%2C400&ssl=1 2x"},"classes":[]},{"id":64416,"url":"https:\/\/lasprimeras.com.do\/index.php\/2023\/10\/20\/el-28-de-asistencia-a-centros-de-salud-es-por-sospecha-dengue\/","url_meta":{"origin":67865,"position":2},"title":"El 28 % de asistencia a centros de salud es por sospecha dengue","author":"BIMARY DE JES\u00daS Matos","date":"20 de octubre de 2023","format":false,"excerpt":"Santo Domingo.-Luego de que el presidente Luis Abinader ordenara intensificar las acciones para controlar el brote de dengue en el pa\u00eds, las autoridades de salud activaron las medidas de mayor impacto en materia preventiva para enfrentar la propagaci\u00f3n de la enfermedad. El ministro de Salud, Daniel Rivera, inform\u00f3 ayer que\u2026","rel":"","context":"En \u00abNACIONALES\u00bb","block_context":{"text":"NACIONALES","link":"https:\/\/lasprimeras.com.do\/index.php\/category\/nacionales\/"},"img":{"alt_text":"","src":"https:\/\/i0.wp.com\/lasprimeras.com.do\/wp-content\/uploads\/2023\/10\/WhatsApp-Image-2023-10-18-at-9.33.42-PM-8.jpeg?resize=350%2C200&ssl=1","width":350,"height":200,"srcset":"https:\/\/i0.wp.com\/lasprimeras.com.do\/wp-content\/uploads\/2023\/10\/WhatsApp-Image-2023-10-18-at-9.33.42-PM-8.jpeg?resize=350%2C200&ssl=1 1x, https:\/\/i0.wp.com\/lasprimeras.com.do\/wp-content\/uploads\/2023\/10\/WhatsApp-Image-2023-10-18-at-9.33.42-PM-8.jpeg?resize=525%2C300&ssl=1 1.5x, https:\/\/i0.wp.com\/lasprimeras.com.do\/wp-content\/uploads\/2023\/10\/WhatsApp-Image-2023-10-18-at-9.33.42-PM-8.jpeg?resize=700%2C400&ssl=1 2x"},"classes":[]},{"id":59907,"url":"https:\/\/lasprimeras.com.do\/index.php\/2023\/09\/08\/sintomatologia-del-dengue-puede-confundirse-con-otros-virus-o-con-hepatitis-inflamacion-y-apendicitis\/","url_meta":{"origin":67865,"position":3},"title":"Sintomatolog\u00eda del dengue puede confundirse con otros virus o con hepatitis, inflamaci\u00f3n y apendicitis","author":"Nelson Feliz","date":"8 de septiembre de 2023","format":false,"excerpt":"La especialista de CEMDOE explic\u00f3 que estos s\u00edntomas son comunes a Malaria y Leptospirosis, as\u00ed como a los virus Zika y Chickungunya. La infect\u00f3loga del Centro M\u00e9dico de Diabetes, Obesidad y Especialidades (CEMDOE), doctora Elianet Castillo, \u00a0alert\u00f3 sobre el reciente brote de dengue que afecta varias zonas del pa\u00eds, avisando\u2026","rel":"","context":"En \u00abSin categor\u00eda\u00bb","block_context":{"text":"Sin categor\u00eda","link":"https:\/\/lasprimeras.com.do\/index.php\/category\/sin-categoria\/"},"img":{"alt_text":"Dra. Elianet Castillo","src":"https:\/\/i0.wp.com\/lasprimeras.com.do\/wp-content\/uploads\/2023\/09\/Dra.-Elianet-Castillo.jpg?resize=350%2C200&ssl=1","width":350,"height":200,"srcset":"https:\/\/i0.wp.com\/lasprimeras.com.do\/wp-content\/uploads\/2023\/09\/Dra.-Elianet-Castillo.jpg?resize=350%2C200&ssl=1 1x, https:\/\/i0.wp.com\/lasprimeras.com.do\/wp-content\/uploads\/2023\/09\/Dra.-Elianet-Castillo.jpg?resize=525%2C300&ssl=1 1.5x, https:\/\/i0.wp.com\/lasprimeras.com.do\/wp-content\/uploads\/2023\/09\/Dra.-Elianet-Castillo.jpg?resize=700%2C400&ssl=1 2x"},"classes":[]},{"id":69904,"url":"https:\/\/lasprimeras.com.do\/index.php\/2023\/12\/06\/salud-publica-confirma-cuatro-nuevos-casos-de-colera-suman-33-los-afectados\/","url_meta":{"origin":67865,"position":4},"title":"Salud P\u00fablica confirma cuatro nuevos casos de c\u00f3lera; suman 33 los afectados","author":"BIMARY DE JES\u00daS Matos","date":"6 de diciembre de 2023","format":false,"excerpt":"Santo Domingo.-El brote de c\u00f3lera detectado desde hace varias semanas en comunidades de Barahona y Bahoruco sigue afectando a poblaciones residentes, sobre todo en bateyes. Esta semana las autoridades del Ministerio de Salud P\u00fablica informaron la confirmaci\u00f3n de cuatro nuevos casos positivos de c\u00f3lera, con lo que se elevan a\u2026","rel":"","context":"En \u00abNACIONALES\u00bb","block_context":{"text":"NACIONALES","link":"https:\/\/lasprimeras.com.do\/index.php\/category\/nacionales\/"},"img":{"alt_text":"","src":"https:\/\/i0.wp.com\/lasprimeras.com.do\/wp-content\/uploads\/2023\/12\/Diseno-sin-titulo-1-3.jpg?resize=350%2C200&ssl=1","width":350,"height":200,"srcset":"https:\/\/i0.wp.com\/lasprimeras.com.do\/wp-content\/uploads\/2023\/12\/Diseno-sin-titulo-1-3.jpg?resize=350%2C200&ssl=1 1x, https:\/\/i0.wp.com\/lasprimeras.com.do\/wp-content\/uploads\/2023\/12\/Diseno-sin-titulo-1-3.jpg?resize=525%2C300&ssl=1 1.5x"},"classes":[]},{"id":72381,"url":"https:\/\/lasprimeras.com.do\/index.php\/2023\/12\/29\/25000-casos-de-dengue-reportados-este-ano\/","url_meta":{"origin":67865,"position":5},"title":"25,000 casos de dengue reportados este a\u00f1o","author":"BIMARY DE JES\u00daS Matos","date":"29 de diciembre de 2023","format":false,"excerpt":"Santo Domingo.-En lo que va de 2023, el sistema de vigilancia epidemiol\u00f3gica ha recibido el reporte de 24,735 casos sospechosos de dengue y ha confirmado 23 muertes a causa de la enfermedad, que durante m\u00e1s de cinco meses mantuvo niveles epid\u00e9micos en el pa\u00eds, generando una alta ocupaci\u00f3n de camas\u2026","rel":"","context":"En \u00abPORTADA\u00bb","block_context":{"text":"PORTADA","link":"https:\/\/lasprimeras.com.do\/index.php\/category\/portada\/"},"img":{"alt_text":"","src":"https:\/\/i0.wp.com\/lasprimeras.com.do\/wp-content\/uploads\/2023\/12\/WhatsApp-Image-2023-12-28-at-10.42.13-PM-1.jpeg?resize=350%2C200&ssl=1","width":350,"height":200,"srcset":"https:\/\/i0.wp.com\/lasprimeras.com.do\/wp-content\/uploads\/2023\/12\/WhatsApp-Image-2023-12-28-at-10.42.13-PM-1.jpeg?resize=350%2C200&ssl=1 1x, https:\/\/i0.wp.com\/lasprimeras.com.do\/wp-content\/uploads\/2023\/12\/WhatsApp-Image-2023-12-28-at-10.42.13-PM-1.jpeg?resize=525%2C300&ssl=1 1.5x"},"classes":[]}],"jetpack_sharing_enabled":true,"_links":{"self":[{"href":"https:\/\/lasprimeras.com.do\/index.php\/wp-json\/wp\/v2\/posts\/67865","targetHints":{"allow":["GET"]}}],"collection":[{"href":"https:\/\/lasprimeras.com.do\/index.php\/wp-json\/wp\/v2\/posts"}],"about":[{"href":"https:\/\/lasprimeras.com.do\/index.php\/wp-json\/wp\/v2\/types\/post"}],"author":[{"embeddable":true,"href":"https:\/\/lasprimeras.com.do\/index.php\/wp-json\/wp\/v2\/users\/3"}],"replies":[{"embeddable":true,"href":"https:\/\/lasprimeras.com.do\/index.php\/wp-json\/wp\/v2\/comments?post=67865"}],"version-history":[{"count":1,"href":"https:\/\/lasprimeras.com.do\/index.php\/wp-json\/wp\/v2\/posts\/67865\/revisions"}],"predecessor-version":[{"id":67867,"href":"https:\/\/lasprimeras.com.do\/index.php\/wp-json\/wp\/v2\/posts\/67865\/revisions\/67867"}],"wp:featuredmedia":[{"embeddable":true,"href":"https:\/\/lasprimeras.com.do\/index.php\/wp-json\/wp\/v2\/media\/67866"}],"wp:attachment":[{"href":"https:\/\/lasprimeras.com.do\/index.php\/wp-json\/wp\/v2\/media?parent=67865"}],"wp:term":[{"taxonomy":"category","embeddable":true,"href":"https:\/\/lasprimeras.com.do\/index.php\/wp-json\/wp\/v2\/categories?post=67865"},{"taxonomy":"post_tag","embeddable":true,"href":"https:\/\/lasprimeras.com.do\/index.php\/wp-json\/wp\/v2\/tags?post=67865"}],"curies":[{"name":"wp","href":"https:\/\/api.w.org\/{rel}","templated":true}]}}