{"id":67881,"date":"2023-11-20T07:30:48","date_gmt":"2023-11-20T11:30:48","guid":{"rendered":"https:\/\/lasprimeras.com.do\/?p=67881"},"modified":"2023-11-20T07:30:49","modified_gmt":"2023-11-20T11:30:49","slug":"presidente-electo-javier-milei-augura-hoy-comienza-el-fin-de-la-decadencia-argentina","status":"publish","type":"post","link":"https:\/\/lasprimeras.com.do\/index.php\/2023\/11\/20\/presidente-electo-javier-milei-augura-hoy-comienza-el-fin-de-la-decadencia-argentina\/","title":{"rendered":"Presidente electo Javier Milei augura: &#8220;Hoy comienza el fin de la decadencia argentina&#8221;"},"content":{"rendered":"\n<p>Argentina.-El presidente electo, Javier Milei, augur\u00f3 este domingo que \u00abhoy comienza el fin de la decadencia argentina\u00bb, al pronunciar su primer discurso tras los comicios que gan\u00f3 con el 55,69 % de los votos y el 99,28 % de las mesas escrutadas , y avis\u00f3 de que \u00abno hay vuelta atr\u00e1s\u00bb.<\/p>\n\n\n\n<p>\u00abBasta del modelo empobrecedor de la casta, hoy volvemos a abrazar las ideas de la libertad para ser una potencia mundial\u00bb, prometi\u00f3 el l\u00edder de La Libertad Avanza (ultraderecha), quien derrot\u00f3 en la segunda vuelta presidencial al oficialista Sergio Massa (44,30 %).<\/p>\n\n\n\n<p>Milei, de traje y corbata oscuros, dio su discurso solo sobre el escenario frente a un \u00abb\u00fanker\u00bb electoral abarrotado de simpatizantes que le gritaban \u00ab\u00a1Peluca presidente!\u00bb (por su corte de cabello) y \u00abLibertad, libertad\u00bb. Milei hab\u00eda presentado en el estrado por su inseparable hermana, Karina Milei, con quien se fundi\u00f3 en un abrazo, ambos evidentemente emocionados.<\/p>\n\n\n\n<p>El economista ultraliberal se\u00f1al\u00f3 que, de su mano, Argentina volver\u00e1 a \u00abretomar el camino\u00bb que no debi\u00f3 abandonar por el \u00abmodelo empobrecedor del Estado omnipresente\u00bb que s\u00f3lo beneficia a algunos y que deriva en un \u00abbot\u00edn\u00bb para repartirse entre los pol\u00edticos y sus amigos.<\/p>\n\n\n\n<p>\u00abHoy volvemos a abrazar las ideas de la libertad\u00bb, dijo. Y en referencia a los padres fundadores del pa\u00eds, aludi\u00f3 a tres premisas: un gobierno que \u00abcumple a rajatabla\u00bb con los compromisos que ha tomado, la \u00abpropiedad privada\u00bb y el \u00abcomercio libre\u00bb.<\/p>\n\n\n\n<p>Y avis\u00f3 al mundo de que su \u00abcompromiso\u00bb es con \u00abla democracia, el comercio libre y con la paz\u00bb y que trabajar\u00e1 \u00abcodo a codo con todas las naciones del mundo libre\u00bb.<\/p>\n","protected":false},"excerpt":{"rendered":"<p>Argentina.-El presidente electo, Javier Milei, augur\u00f3 este domingo que \u00abhoy comienza el fin de la decadencia argentina\u00bb, al pronunciar su primer discurso tras los comicios que gan\u00f3 con el 55,69&hellip;<\/p>\n","protected":false},"author":3,"featured_media":67882,"comment_status":"open","ping_status":"open","sticky":false,"template":"","format":"standard","meta":{"content-type":"","jetpack_post_was_ever_published":false,"_jetpack_newsletter_access":"","_jetpack_dont_email_post_to_subs":false,"_jetpack_newsletter_tier_id":0,"_jetpack_memberships_contains_paywalled_content":false,"_jetpack_memberships_contains_paid_content":false,"footnotes":""},"categories":[1],"tags":[6261],"class_list":["post-67881","post","type-post","status-publish","format-standard","has-post-thumbnail","hentry","category-sin-categoria","tag-javier-milei"],"jetpack_featured_media_url":"https:\/\/lasprimeras.com.do\/wp-content\/uploads\/2023\/11\/WhatsApp-Image-2023-11-19-at-4.12.21-PM-3.jpeg","jetpack-related-posts":[{"id":70369,"url":"https:\/\/lasprimeras.com.do\/index.php\/2023\/12\/11\/argentina-javier-milei-jura-su-cargo-como-presidente-del-pais\/","url_meta":{"origin":67881,"position":0},"title":"ARGENTINA: Javier Milei jura su cargo como presidente del pa\u00eds","author":"BIMARY DE JES\u00daS Matos","date":"11 de diciembre de 2023","format":false,"excerpt":"Buenos Aires \u2013 El ultraliberal Javier Milei ha jurado su cargo este domingo como presidente de Argentina en una ceremonia celebrada en la escalinata de la sede del Congreso en Buenos Aires en la que ha planteado su propuesta de plan de choque para la econom\u00eda que, seg\u00fan ha reconocido\u2026","rel":"","context":"En \u00abSin categor\u00eda\u00bb","block_context":{"text":"Sin categor\u00eda","link":"https:\/\/lasprimeras.com.do\/index.php\/category\/sin-categoria\/"},"img":{"alt_text":"","src":"https:\/\/i0.wp.com\/lasprimeras.com.do\/wp-content\/uploads\/2023\/12\/WhatsApp-Image-2023-12-10-at-11.56.33-AM.jpeg-9.jpg?resize=350%2C200&ssl=1","width":350,"height":200,"srcset":"https:\/\/i0.wp.com\/lasprimeras.com.do\/wp-content\/uploads\/2023\/12\/WhatsApp-Image-2023-12-10-at-11.56.33-AM.jpeg-9.jpg?resize=350%2C200&ssl=1 1x, https:\/\/i0.wp.com\/lasprimeras.com.do\/wp-content\/uploads\/2023\/12\/WhatsApp-Image-2023-12-10-at-11.56.33-AM.jpeg-9.jpg?resize=525%2C300&ssl=1 1.5x, https:\/\/i0.wp.com\/lasprimeras.com.do\/wp-content\/uploads\/2023\/12\/WhatsApp-Image-2023-12-10-at-11.56.33-AM.jpeg-9.jpg?resize=700%2C400&ssl=1 2x, https:\/\/i0.wp.com\/lasprimeras.com.do\/wp-content\/uploads\/2023\/12\/WhatsApp-Image-2023-12-10-at-11.56.33-AM.jpeg-9.jpg?resize=1050%2C600&ssl=1 3x"},"classes":[]},{"id":68388,"url":"https:\/\/lasprimeras.com.do\/index.php\/2023\/11\/23\/joe-biden-felicita-a-milei-pero-declina-asistir-a-toma-posesion\/","url_meta":{"origin":67881,"position":1},"title":"Joe Biden felicita a Milei, pero declina asistir a toma posesi\u00f3n","author":"BIMARY DE JES\u00daS Matos","date":"23 de noviembre de 2023","format":false,"excerpt":"WASHINGTON.- El presidente estadounidense, Joe Biden, llam\u00f3 al mandatario electo de Argentina, Javier Milei, para felicitarlo, aunque declin\u00f3 la invitaci\u00f3n a asistir a la toma de posesi\u00f3n, el 10 de diciembre, por cuestiones de agenda, inform\u00f3 este mi\u00e9rcoles Diana Mondino, referente de pol\u00edtica exterior de La Libertad Avanza. \u00abEl presidente\u2026","rel":"","context":"En \u00abSin categor\u00eda\u00bb","block_context":{"text":"Sin categor\u00eda","link":"https:\/\/lasprimeras.com.do\/index.php\/category\/sin-categoria\/"},"img":{"alt_text":"","src":"https:\/\/i0.wp.com\/lasprimeras.com.do\/wp-content\/uploads\/2023\/11\/WhatsApp-Image-2023-11-23-at-4.44.34-PM.jpeg?resize=350%2C200&ssl=1","width":350,"height":200,"srcset":"https:\/\/i0.wp.com\/lasprimeras.com.do\/wp-content\/uploads\/2023\/11\/WhatsApp-Image-2023-11-23-at-4.44.34-PM.jpeg?resize=350%2C200&ssl=1 1x, https:\/\/i0.wp.com\/lasprimeras.com.do\/wp-content\/uploads\/2023\/11\/WhatsApp-Image-2023-11-23-at-4.44.34-PM.jpeg?resize=525%2C300&ssl=1 1.5x, https:\/\/i0.wp.com\/lasprimeras.com.do\/wp-content\/uploads\/2023\/11\/WhatsApp-Image-2023-11-23-at-4.44.34-PM.jpeg?resize=700%2C400&ssl=1 2x, https:\/\/i0.wp.com\/lasprimeras.com.do\/wp-content\/uploads\/2023\/11\/WhatsApp-Image-2023-11-23-at-4.44.34-PM.jpeg?resize=1050%2C600&ssl=1 3x"},"classes":[]},{"id":69748,"url":"https:\/\/lasprimeras.com.do\/index.php\/2023\/12\/05\/javier-milei-y-elon-musk-en-sintonia-a-cinco-dias-de-la-investidura-en-argentina\/","url_meta":{"origin":67881,"position":2},"title":"Javier Milei y Elon Musk &#8220;en sinton\u00eda&#8221; a cinco d\u00edas de la investidura en Argentina","author":"Nelson Feliz","date":"5 de diciembre de 2023","format":false,"excerpt":"La buena relaci\u00f3n entre Milei y Musk no es nueva, ya que el fundador y directivo de SpaceX y Tesla hab\u00eda manifestado su apoyo al ultraliberal el pasado 19 de noviembre. El presidente electo de Argentina, Javier Milei, y el magnate y empresario sudafricano Elon Musk intercambiaron este martes varios\u2026","rel":"","context":"En \u00abSin categor\u00eda\u00bb","block_context":{"text":"Sin categor\u00eda","link":"https:\/\/lasprimeras.com.do\/index.php\/category\/sin-categoria\/"},"img":{"alt_text":"Magnate Elon Musk y el presidente electo de Argentina, Javier Milei","src":"https:\/\/i0.wp.com\/lasprimeras.com.do\/wp-content\/uploads\/2023\/12\/Elon-Musk-y-Javier-Milei.jpeg?resize=350%2C200&ssl=1","width":350,"height":200,"srcset":"https:\/\/i0.wp.com\/lasprimeras.com.do\/wp-content\/uploads\/2023\/12\/Elon-Musk-y-Javier-Milei.jpeg?resize=350%2C200&ssl=1 1x, https:\/\/i0.wp.com\/lasprimeras.com.do\/wp-content\/uploads\/2023\/12\/Elon-Musk-y-Javier-Milei.jpeg?resize=525%2C300&ssl=1 1.5x, https:\/\/i0.wp.com\/lasprimeras.com.do\/wp-content\/uploads\/2023\/12\/Elon-Musk-y-Javier-Milei.jpeg?resize=700%2C400&ssl=1 2x"},"classes":[]},{"id":67837,"url":"https:\/\/lasprimeras.com.do\/index.php\/2023\/11\/19\/javier-milei-es-el-nuevo-presidente-de-argentina\/","url_meta":{"origin":67881,"position":3},"title":"Javier Milei es el nuevo presidente de Argentina","author":"Nelson Feliz","date":"19 de noviembre de 2023","format":false,"excerpt":"Massa reconoce derrota ante Milei y le felicita como \"presidente de todos los argentinos\" El candidato oficialista a la Presidencia de Argentina, Sergio Massa, reconoci\u00f3 este domingo su derrota en el balotaje, que dio el triunfo -a\u00fan sin cifras oficiales- a su oponente, el l\u00edder de La Libertad Avanza (ultraderecha),\u2026","rel":"","context":"En \u00abSin categor\u00eda\u00bb","block_context":{"text":"Sin categor\u00eda","link":"https:\/\/lasprimeras.com.do\/index.php\/category\/sin-categoria\/"},"img":{"alt_text":"Javier Milei","src":"https:\/\/i0.wp.com\/lasprimeras.com.do\/wp-content\/uploads\/2023\/11\/Javier-Milei-1.jpg?resize=350%2C200&ssl=1","width":350,"height":200,"srcset":"https:\/\/i0.wp.com\/lasprimeras.com.do\/wp-content\/uploads\/2023\/11\/Javier-Milei-1.jpg?resize=350%2C200&ssl=1 1x, https:\/\/i0.wp.com\/lasprimeras.com.do\/wp-content\/uploads\/2023\/11\/Javier-Milei-1.jpg?resize=525%2C300&ssl=1 1.5x, https:\/\/i0.wp.com\/lasprimeras.com.do\/wp-content\/uploads\/2023\/11\/Javier-Milei-1.jpg?resize=700%2C400&ssl=1 2x"},"classes":[]},{"id":68076,"url":"https:\/\/lasprimeras.com.do\/index.php\/2023\/11\/21\/transicion-en-argentina-empieza-sin-encuentro-previsto-entre-alberto-fernandez-y-milei\/","url_meta":{"origin":67881,"position":4},"title":"Transici\u00f3n en Argentina empieza sin encuentro previsto entre Alberto Fern\u00e1ndez y Milei","author":"Nelson Feliz","date":"21 de noviembre de 2023","format":false,"excerpt":"Argentina, EFE.-. El excandidato oficialista a la Presidencia, Sergio Massa, seguir\u00e1 como ministro de Econom\u00eda y dispuso un equipo de transici\u00f3n que apoye a Fern\u00e1ndez en sus contactos con Milei. La transici\u00f3n en Argentina hacia el nuevo Ejecutivo que tomar\u00e1 posesi\u00f3n el 10 de diciembre comienza sin el previsto encuentro\u2026","rel":"","context":"En \u00abSin categor\u00eda\u00bb","block_context":{"text":"Sin categor\u00eda","link":"https:\/\/lasprimeras.com.do\/index.php\/category\/sin-categoria\/"},"img":{"alt_text":"Alberto Fern\u00e1ndez","src":"https:\/\/i0.wp.com\/lasprimeras.com.do\/wp-content\/uploads\/2023\/11\/Alberto-Fernandez.jpeg?resize=350%2C200&ssl=1","width":350,"height":200,"srcset":"https:\/\/i0.wp.com\/lasprimeras.com.do\/wp-content\/uploads\/2023\/11\/Alberto-Fernandez.jpeg?resize=350%2C200&ssl=1 1x, https:\/\/i0.wp.com\/lasprimeras.com.do\/wp-content\/uploads\/2023\/11\/Alberto-Fernandez.jpeg?resize=525%2C300&ssl=1 1.5x, https:\/\/i0.wp.com\/lasprimeras.com.do\/wp-content\/uploads\/2023\/11\/Alberto-Fernandez.jpeg?resize=700%2C400&ssl=1 2x"},"classes":[]},{"id":67861,"url":"https:\/\/lasprimeras.com.do\/index.php\/2023\/11\/20\/el-leon-la-peluca-y-el-guerrero-quien-es-javier-milei-el-presidente-electo-de-argentina\/","url_meta":{"origin":67881,"position":5},"title":"El le\u00f3n, la peluca y el guerrero. \u00bfQui\u00e9n es Javier Milei, el presidente electo de Argentina?","author":"Nelson Feliz","date":"20 de noviembre de 2023","format":false,"excerpt":"POR DAVID BILLER Y DANIEL POLITI BUENOS AIRES, Argentina (AP) \u2014 Sus legiones de fan\u00e1ticos lo llaman \u201cel loco\u201d y \u201cla peluca\u201d debido a su ferocidad y su mata de cabello rebelde, mientras \u00e9l se refiere a s\u00ed mismo como \u201cel le\u00f3n\u201d. Piensa que la educaci\u00f3n sexual es un complot\u2026","rel":"","context":"En \u00abSin categor\u00eda\u00bb","block_context":{"text":"Sin categor\u00eda","link":"https:\/\/lasprimeras.com.do\/index.php\/category\/sin-categoria\/"},"img":{"alt_text":"Javier Milei","src":"https:\/\/i0.wp.com\/lasprimeras.com.do\/wp-content\/uploads\/2023\/11\/Javier-Milei-2.jpg?resize=350%2C200&ssl=1","width":350,"height":200,"srcset":"https:\/\/i0.wp.com\/lasprimeras.com.do\/wp-content\/uploads\/2023\/11\/Javier-Milei-2.jpg?resize=350%2C200&ssl=1 1x, https:\/\/i0.wp.com\/lasprimeras.com.do\/wp-content\/uploads\/2023\/11\/Javier-Milei-2.jpg?resize=525%2C300&ssl=1 1.5x, https:\/\/i0.wp.com\/lasprimeras.com.do\/wp-content\/uploads\/2023\/11\/Javier-Milei-2.jpg?resize=700%2C400&ssl=1 2x"},"classes":[]}],"jetpack_sharing_enabled":true,"_links":{"self":[{"href":"https:\/\/lasprimeras.com.do\/index.php\/wp-json\/wp\/v2\/posts\/67881","targetHints":{"allow":["GET"]}}],"collection":[{"href":"https:\/\/lasprimeras.com.do\/index.php\/wp-json\/wp\/v2\/posts"}],"about":[{"href":"https:\/\/lasprimeras.com.do\/index.php\/wp-json\/wp\/v2\/types\/post"}],"author":[{"embeddable":true,"href":"https:\/\/lasprimeras.com.do\/index.php\/wp-json\/wp\/v2\/users\/3"}],"replies":[{"embeddable":true,"href":"https:\/\/lasprimeras.com.do\/index.php\/wp-json\/wp\/v2\/comments?post=67881"}],"version-history":[{"count":1,"href":"https:\/\/lasprimeras.com.do\/index.php\/wp-json\/wp\/v2\/posts\/67881\/revisions"}],"predecessor-version":[{"id":67883,"href":"https:\/\/lasprimeras.com.do\/index.php\/wp-json\/wp\/v2\/posts\/67881\/revisions\/67883"}],"wp:featuredmedia":[{"embeddable":true,"href":"https:\/\/lasprimeras.com.do\/index.php\/wp-json\/wp\/v2\/media\/67882"}],"wp:attachment":[{"href":"https:\/\/lasprimeras.com.do\/index.php\/wp-json\/wp\/v2\/media?parent=67881"}],"wp:term":[{"taxonomy":"category","embeddable":true,"href":"https:\/\/lasprimeras.com.do\/index.php\/wp-json\/wp\/v2\/categories?post=67881"},{"taxonomy":"post_tag","embeddable":true,"href":"https:\/\/lasprimeras.com.do\/index.php\/wp-json\/wp\/v2\/tags?post=67881"}],"curies":[{"name":"wp","href":"https:\/\/api.w.org\/{rel}","templated":true}]}}