{"id":67891,"date":"2023-11-18T07:35:00","date_gmt":"2023-11-18T11:35:00","guid":{"rendered":"https:\/\/lasprimeras.com.do\/?p=67891"},"modified":"2023-11-20T07:41:08","modified_gmt":"2023-11-20T11:41:08","slug":"fallece-rodolfo-lama-padre-de-la-radio-en-el-sur-dominicano","status":"publish","type":"post","link":"https:\/\/lasprimeras.com.do\/index.php\/2023\/11\/18\/fallece-rodolfo-lama-padre-de-la-radio-en-el-sur-dominicano\/","title":{"rendered":"Fallece Rodolfo Lama padre de la Radio en el Sur Dominicano"},"content":{"rendered":"\n<p>Falleci\u00f3 el s\u00e1bado el destacado radiodifusor y fundador de la cadena de radio Empresas Radiofonica que cubre toda la regi\u00f3n Sur, Rodolfo Lama Jaar.<\/p>\n\n\n\n<p>Lama Jaar, es reonocido como el &#8220;Padre de la Radio en el Sur Dominicano&#8221;.<\/p>\n\n\n\n<p>Dicho deceso fue informado a trav\u00e9s de las redes sociales por el comunicador y animador Tito J. Junior.<\/p>\n\n\n\n<p>Su partida deja un vac\u00edo imborrable en la industria de la comunicaci\u00f3n y en el coraz\u00f3n de quienes tuvieron el privilegio de conocerlo.<\/p>\n\n\n\n<p>Rodolfo Lama Jaar, dedic\u00f3 su vida al desarrollo y fortalecimiento de la radio en la regi\u00f3n sur de la Rep\u00fablica Dominicana.<\/p>\n\n\n\n<p>Su incansable trabajo y dedicaci\u00f3n contribuyeron de manera significativa al crecimiento y consolidaci\u00f3n de medio de comunicaci\u00f3n en la comunidad.<\/p>\n\n\n\n<p>Paz a su alma.<\/p>\n","protected":false},"excerpt":{"rendered":"<p>Falleci\u00f3 el s\u00e1bado el destacado radiodifusor y fundador de la cadena de radio Empresas Radiofonica que cubre toda la regi\u00f3n Sur, Rodolfo Lama Jaar. Lama Jaar, es reonocido como el&hellip;<\/p>\n","protected":false},"author":2,"featured_media":67894,"comment_status":"open","ping_status":"open","sticky":false,"template":"","format":"standard","meta":{"content-type":"","jetpack_post_was_ever_published":false,"_jetpack_newsletter_access":"","_jetpack_dont_email_post_to_subs":false,"_jetpack_newsletter_tier_id":0,"_jetpack_memberships_contains_paywalled_content":false,"_jetpack_memberships_contains_paid_content":false,"footnotes":""},"categories":[84],"tags":[1423,6446,9639,9640],"class_list":["post-67891","post","type-post","status-publish","format-standard","has-post-thumbnail","hentry","category-entretenimiento","tag-fallece","tag-padre","tag-radio-en-el-sur-dominicano","tag-rodolfo-lama"],"jetpack_featured_media_url":"https:\/\/lasprimeras.com.do\/wp-content\/uploads\/2023\/11\/lama.jpg","jetpack-related-posts":[{"id":67896,"url":"https:\/\/lasprimeras.com.do\/index.php\/2023\/11\/19\/cdl-lamenta-fallecimiento-de-radiodifusor-rodolfo-lama\/","url_meta":{"origin":67891,"position":0},"title":"CDL lamenta fallecimiento de radiodifusor Rodolfo Lama","author":"Nelson Feliz","date":"19 de noviembre de 2023","format":false,"excerpt":"Tras lamentar el fallecimiento del radiodifusor Rodolfo Z. Lama Jaar, el presidente Advitan del Colegio Dominicano de Locutores (CDL), Nelson Guti\u00e9rrez, destac\u00f3 sus aportes a la radio nacional y la formaci\u00f3n de varias generaciones como profesionales del micr\u00f3fono. Precis\u00f3, que Rodolfo Lama, fue fundador de Empresas Radiof\u00f3nicas y la cadena\u2026","rel":"","context":"En \u00abENTRETENIMIENTO\u00bb","block_context":{"text":"ENTRETENIMIENTO","link":"https:\/\/lasprimeras.com.do\/index.php\/category\/entretenimiento\/"},"img":{"alt_text":"","src":"https:\/\/i0.wp.com\/lasprimeras.com.do\/wp-content\/uploads\/2023\/11\/Rodolfo-Lama.jpg?resize=350%2C200&ssl=1","width":350,"height":200},"classes":[]},{"id":95956,"url":"https:\/\/lasprimeras.com.do\/index.php\/2025\/03\/23\/lama-destaca-transformacion-del-sector-salud-en-los-gobierno-abinader\/","url_meta":{"origin":67891,"position":1},"title":"Lama destaca transformaci\u00f3n del sector salud en los gobierno Abinader","author":"Nelson Feliz","date":"23 de marzo de 2025","format":false,"excerpt":"Mandatario ha remozado el 40% de hospitales p\u00fablicos del pa\u00eds. El director del Servicio Nacional de Salud, Mario Lama, afirm\u00f3 que el presidente Luis Abinader ha hecho posible el m\u00e1s importante proceso de remozamiento y transformaci\u00f3n del sistema sanitario del pa\u00eds desde la fundaci\u00f3n del Ministerio de Salud P\u00fablica, hace\u2026","rel":"","context":"En \u00abPORTADA\u00bb","block_context":{"text":"PORTADA","link":"https:\/\/lasprimeras.com.do\/index.php\/category\/portada\/"},"img":{"alt_text":"MARIO LAMA","src":"https:\/\/i0.wp.com\/lasprimeras.com.do\/wp-content\/uploads\/2025\/03\/MARIO-LAMA.jpg?resize=350%2C200&ssl=1","width":350,"height":200,"srcset":"https:\/\/i0.wp.com\/lasprimeras.com.do\/wp-content\/uploads\/2025\/03\/MARIO-LAMA.jpg?resize=350%2C200&ssl=1 1x, https:\/\/i0.wp.com\/lasprimeras.com.do\/wp-content\/uploads\/2025\/03\/MARIO-LAMA.jpg?resize=525%2C300&ssl=1 1.5x"},"classes":[]},{"id":113415,"url":"https:\/\/lasprimeras.com.do\/index.php\/2025\/11\/02\/mario-lama-destaca-como-historico-inversiones-del-gobierno-al-sector-salud\/","url_meta":{"origin":67891,"position":2},"title":"Mario Lama destaca como hist\u00f3rico inversiones del Gobierno al sector salud","author":"Nelson Feliz","date":"2 de noviembre de 2025","format":false,"excerpt":"Gran impacto hist\u00f3rico de las inversiones en salud durante gesti\u00f3n del presidente Abinader. El director del Servicio Nacional de Salud, Mario Lama, destac\u00f3 que la inauguraci\u00f3n del Hospital Regional Universitario Doctor \u00c1ngel Mar\u00eda Gat\u00f3n marca un avance trascendental para la salud en la regi\u00f3n Nordeste, al convertirse en una de\u2026","rel":"","context":"En \u00abPORTADA\u00bb","block_context":{"text":"PORTADA","link":"https:\/\/lasprimeras.com.do\/index.php\/category\/portada\/"},"img":{"alt_text":"","src":"https:\/\/i0.wp.com\/lasprimeras.com.do\/wp-content\/uploads\/2025\/11\/MARIO-LAMA-3.jpg?resize=350%2C200&ssl=1","width":350,"height":200,"srcset":"https:\/\/i0.wp.com\/lasprimeras.com.do\/wp-content\/uploads\/2025\/11\/MARIO-LAMA-3.jpg?resize=350%2C200&ssl=1 1x, https:\/\/i0.wp.com\/lasprimeras.com.do\/wp-content\/uploads\/2025\/11\/MARIO-LAMA-3.jpg?resize=525%2C300&ssl=1 1.5x, https:\/\/i0.wp.com\/lasprimeras.com.do\/wp-content\/uploads\/2025\/11\/MARIO-LAMA-3.jpg?resize=700%2C400&ssl=1 2x"},"classes":[]},{"id":114643,"url":"https:\/\/lasprimeras.com.do\/index.php\/2025\/09\/25\/mario-lama-recibe-distincion-como-miembro-de-merito-de-la-fundacion-carlos-iii\/","url_meta":{"origin":67891,"position":3},"title":"Mario Lama recibe distinci\u00f3n como Miembro de M\u00e9rito de la Fundaci\u00f3n Carlos III","author":"Nelson Feliz","date":"25 de septiembre de 2025","format":false,"excerpt":"El director del SNS desarrolla agenda acad\u00e9mica y hospitalaria para fortalecer cooperaci\u00f3n sanitaria entre RD y Espa\u00f1a Madrid, Espa\u00f1a. \u2013 El director ejecutivo del Servicio Nacional de Salud (SNS), doctor Mario Lama, fue distinguido como Miembro de M\u00e9rito de la Fundaci\u00f3n Carlos III, en reconocimiento a su trayectoria profesional y\u2026","rel":"","context":"En \u00abNACIONALES\u00bb","block_context":{"text":"NACIONALES","link":"https:\/\/lasprimeras.com.do\/index.php\/category\/nacionales\/"},"img":{"alt_text":"","src":"","width":0,"height":0},"classes":[]},{"id":102426,"url":"https:\/\/lasprimeras.com.do\/index.php\/2025\/07\/04\/criselis-martinez-la-dominicana-que-impulsa-la-voz-latina-en-los-medios-italianos\/","url_meta":{"origin":67891,"position":4},"title":"Criselis Mart\u00ednez: La dominicana que impulsa la voz latina en los medios italianos","author":"Nelson Feliz","date":"4 de julio de 2025","format":false,"excerpt":"Desde las ondas radiales de Santo Domingo hasta las plataformas televisivas de Roma, Criselis Mart\u00ednez ha trazado un camino extraordinario que la convierte en una voz fundamental de la comunidad latina en Italia. Con 15 a\u00f1os de trayectoria en suelo europeo, esta comunicadora dominicana ha logrado posicionar la cultura dominicana\u2026","rel":"","context":"En \u00abENTRETENIMIENTO\u00bb","block_context":{"text":"ENTRETENIMIENTO","link":"https:\/\/lasprimeras.com.do\/index.php\/category\/entretenimiento\/"},"img":{"alt_text":"Criselis Mart\u00ednez","src":"https:\/\/i0.wp.com\/lasprimeras.com.do\/wp-content\/uploads\/2025\/07\/Criselis-Martinez.jpg?resize=350%2C200&ssl=1","width":350,"height":200},"classes":[]},{"id":105169,"url":"https:\/\/lasprimeras.com.do\/index.php\/2025\/07\/31\/mario-lama-admite-carencia-de-psiquiatras-en-el-pais\/","url_meta":{"origin":67891,"position":5},"title":"Mario Lama admite carencia de psiquiatras en el pa\u00eds","author":"Nelson Feliz","date":"31 de julio de 2025","format":false,"excerpt":"Se necesitan m\u00e1s de mil psiquiatras para cubrir demanda; hasta el momento el pa\u00eds solo cuenta con al menos 300. El director ejecutivo del Servicio Nacional de Salud (SNS), Mario Lama, resalt\u00f3 este martes la carencia de profesionales en el \u00e1rea de psiquiatr\u00eda que hay en el pa\u00eds. Asegur\u00f3 que\u2026","rel":"","context":"En \u00abSALUD\u00bb","block_context":{"text":"SALUD","link":"https:\/\/lasprimeras.com.do\/index.php\/category\/salud\/"},"img":{"alt_text":"","src":"https:\/\/i0.wp.com\/lasprimeras.com.do\/wp-content\/uploads\/2025\/07\/Mario-Lama.jpeg?resize=350%2C200&ssl=1","width":350,"height":200,"srcset":"https:\/\/i0.wp.com\/lasprimeras.com.do\/wp-content\/uploads\/2025\/07\/Mario-Lama.jpeg?resize=350%2C200&ssl=1 1x, https:\/\/i0.wp.com\/lasprimeras.com.do\/wp-content\/uploads\/2025\/07\/Mario-Lama.jpeg?resize=525%2C300&ssl=1 1.5x, https:\/\/i0.wp.com\/lasprimeras.com.do\/wp-content\/uploads\/2025\/07\/Mario-Lama.jpeg?resize=700%2C400&ssl=1 2x"},"classes":[]}],"jetpack_sharing_enabled":true,"_links":{"self":[{"href":"https:\/\/lasprimeras.com.do\/index.php\/wp-json\/wp\/v2\/posts\/67891","targetHints":{"allow":["GET"]}}],"collection":[{"href":"https:\/\/lasprimeras.com.do\/index.php\/wp-json\/wp\/v2\/posts"}],"about":[{"href":"https:\/\/lasprimeras.com.do\/index.php\/wp-json\/wp\/v2\/types\/post"}],"author":[{"embeddable":true,"href":"https:\/\/lasprimeras.com.do\/index.php\/wp-json\/wp\/v2\/users\/2"}],"replies":[{"embeddable":true,"href":"https:\/\/lasprimeras.com.do\/index.php\/wp-json\/wp\/v2\/comments?post=67891"}],"version-history":[{"count":1,"href":"https:\/\/lasprimeras.com.do\/index.php\/wp-json\/wp\/v2\/posts\/67891\/revisions"}],"predecessor-version":[{"id":67895,"href":"https:\/\/lasprimeras.com.do\/index.php\/wp-json\/wp\/v2\/posts\/67891\/revisions\/67895"}],"wp:featuredmedia":[{"embeddable":true,"href":"https:\/\/lasprimeras.com.do\/index.php\/wp-json\/wp\/v2\/media\/67894"}],"wp:attachment":[{"href":"https:\/\/lasprimeras.com.do\/index.php\/wp-json\/wp\/v2\/media?parent=67891"}],"wp:term":[{"taxonomy":"category","embeddable":true,"href":"https:\/\/lasprimeras.com.do\/index.php\/wp-json\/wp\/v2\/categories?post=67891"},{"taxonomy":"post_tag","embeddable":true,"href":"https:\/\/lasprimeras.com.do\/index.php\/wp-json\/wp\/v2\/tags?post=67891"}],"curies":[{"name":"wp","href":"https:\/\/api.w.org\/{rel}","templated":true}]}}