{"id":67920,"date":"2023-11-20T12:33:42","date_gmt":"2023-11-20T16:33:42","guid":{"rendered":"https:\/\/lasprimeras.com.do\/?p=67920"},"modified":"2023-11-20T12:33:44","modified_gmt":"2023-11-20T16:33:44","slug":"roberto-angel-encabeza-la-accion-social-del-gobierno-en-san-jose-de-ocoa","status":"publish","type":"post","link":"https:\/\/lasprimeras.com.do\/index.php\/2023\/11\/20\/roberto-angel-encabeza-la-accion-social-del-gobierno-en-san-jose-de-ocoa\/","title":{"rendered":"Roberto \u00c1ngel encabeza la acci\u00f3n social del Gobierno en San Jos\u00e9 de Ocoa"},"content":{"rendered":"\n<p><strong>Anuncia Gobierno remozar\u00e1 casas da\u00f1adas por lluvias e inundaciones y supervisa entrega raciones alimenticias, colchones, otros suministros y servicios.<\/strong><\/p>\n\n\n\n<p>El director de Proyectos Estrat\u00e9gicos y Especiales de la Presidencia, Roberto \u00c1ngel Salcedo, encabez\u00f3 este lunes las acciones sociales del Gobierno en esta provincia y por instrucciones del presidente Luis Abinader anunci\u00f3 un plan de reparaci\u00f3n de viviendas da\u00f1adas por las lluvias e inundaciones del pasado fin de semana, ocasionada por un disturbio tropical que afect\u00f3 el pa\u00eds.<\/p>\n\n\n\n<p>Dijo que como parte de estas acciones el Gobierno tambi\u00e9n inici\u00f3 la entrega de colchones, de raciones alimenticias y otras ayudas a las familias m\u00e1s vulnerables y afectadas por el fen\u00f3meno natural en esta provincia de la regi\u00f3n Sur.<\/p>\n\n\n\n<p>A\u00f1adi\u00f3 que para el fin de semana pr\u00f3ximo se desarrollar\u00e1 un operativo amplio de fumigacion en toda la provincia para prevenir el dengue y otras enfermedades, as\u00ed como mitigar otros males sanitarios.<\/p>\n\n\n\n<p>Salcedo hizo el anuncio durante una conferencia de prensa tras encabezar junto a la gobernadora provincial, Josefa Oliva Castillo de Peralta, con las dem\u00e1s autoridades municipales y provinciales en la sede de la Gobernaci\u00f3n.<\/p>\n\n\n\n<p>Subray\u00f3 que el presidente Abinader instruy\u00f3 a todos los funcionarios del Gobierno a realizar un levantamiento sobre los da\u00f1os y desarrollar acciones sociales para aliviar el impacto del fen\u00f3meno natural en las sectores, comunidades y familias m\u00e1s afectadas y vulnerables de todo el pa\u00eds.<\/p>\n\n\n\n<p>&#8220;La idea es que todos los territorios que componen la provincia San Jos\u00e9 de Ocoa sientan la mano solidaria del Gobierno, la presencia, y por eso estaremos de manera permanente y sistem\u00e1tica aqu\u00ed, prestando servicios y asistencia a quienes lo requieran&#8221;, precis\u00f3 Roberto \u00c1ngel Salcedo.<\/p>\n\n\n\n<p>Visita previa<\/p>\n\n\n\n<p>El funcionario refiri\u00f3 que sostuvo el domingo un encuentro con las autoridades locales y recibi\u00f3 un informe preliminar sobre los da\u00f1os dejados por el fen\u00f3meno natural e instruy\u00f3 a funcionarios de la Direcci\u00f3n a su cargo, para concluir el levantamiento y dar cumplimiento a las instrucciones del presidente Luis Abinader.<\/p>\n\n\n\n<p>Luego recorri\u00f3 comunidades de los municipios Ocoa, Los Ranchitos y Sabana Larga para verificar los da\u00f1os y el impacto en la provincia dejados por el disturbio tropical.<\/p>\n\n\n\n<p>Este lunes, encabez\u00f3 y supervis\u00f3 en ambos municipios las entregas de suministros a las familias impactadas por las lluvias e inundaciones<\/p>\n\n\n\n<p>Estuvo acompa\u00f1ado del subdirector general, Carlos Hern\u00e1ndez, el director de Infraestructuras de la instituci\u00f3n, Jos\u00e9 Noboa, la directora del programa Dominicana Digna, Madelen D\u00edaz; Laura Ram\u00edrez Bison\u00f3, entre otros funcionarios<\/p>\n\n\n\n<p>El viernes y el s\u00e1bado pasados el pa\u00eds sufri\u00f3 el impacto de la depresi\u00f3n tropical, cuyas lluvias generaron crecidas de ca\u00f1adas, arroyos y r\u00edos que anegaron calles, avenidas y sectores residenciales, con un saldo de varias personas fallecidas y desaparecidas, asi como da\u00f1os a la producci\u00f3n agropecuaria, a veh\u00edculos y otras propiedades.<\/p>\n\n\n\n<p>Acci\u00f3n conjunta<\/p>\n\n\n\n<p>Roberto \u00c1ngel inform\u00f3 que junto a la Direcci\u00f3n de Proyectos Estrat\u00e9gicos y Especiales de la Presidencia participan en esta intervenci\u00f3n estatal en San Jos\u00e9 de Ocoa el INESPRE, el Plan Social de la Presidencia, La Defensa Civil, Los Comedores Econ\u00f3micos de la Presidencia de la Rep\u00fablica gobierno, la Gobernaci\u00f3n, los ayuntamientos y juntas de Distritos municipales, entre otras instituciones del gobierno.<\/p>\n","protected":false},"excerpt":{"rendered":"<p>Anuncia Gobierno remozar\u00e1 casas da\u00f1adas por lluvias e inundaciones y supervisa entrega raciones alimenticias, colchones, otros suministros y servicios. El director de Proyectos Estrat\u00e9gicos y Especiales de la Presidencia, Roberto&hellip;<\/p>\n","protected":false},"author":2,"featured_media":67921,"comment_status":"open","ping_status":"open","sticky":false,"template":"","format":"standard","meta":{"content-type":"","jetpack_post_was_ever_published":false,"_jetpack_newsletter_access":"","_jetpack_dont_email_post_to_subs":false,"_jetpack_newsletter_tier_id":0,"_jetpack_memberships_contains_paywalled_content":false,"_jetpack_memberships_contains_paid_content":false,"footnotes":""},"categories":[35,25],"tags":[9651,171,646,4393],"class_list":["post-67920","post","type-post","status-publish","format-standard","has-post-thumbnail","hentry","category-nacionales","category-portada","tag-accion-social","tag-gobierno","tag-roberto-angel-salcedo","tag-san-jose-de-ocoa"],"jetpack_featured_media_url":"https:\/\/lasprimeras.com.do\/wp-content\/uploads\/2023\/11\/Roberto-Angel-Salcedo.jpg","jetpack-related-posts":[{"id":68584,"url":"https:\/\/lasprimeras.com.do\/index.php\/2023\/11\/25\/roberto-angel-supervisa-ampliacion-de-acciones-sociales-del-gobierno-y-reparacion-de-viviendas-en-sj-de-ocoa\/","url_meta":{"origin":67920,"position":0},"title":"Roberto \u00c1ngel supervisa ampliaci\u00f3n de acciones sociales del Gobierno y reparaci\u00f3n de viviendas en SJ de Ocoa","author":"BIMARY DE JES\u00daS Matos","date":"25 de noviembre de 2023","format":false,"excerpt":"San Jos\u00e9 de Ocoa. - El director general de Proyectos Estrat\u00e9gicos y Especiales de la Presidencia, Roberto \u00c1ngel Salcedo, inici\u00f3 este viernes un programa masivo de fumigacion en esta provincia y supervis\u00f3 la ampliaci\u00f3n de las acciones sociales del Gobierno en beneficio de las miles de familias afectadas por las\u2026","rel":"","context":"En \u00abPORTADA\u00bb","block_context":{"text":"PORTADA","link":"https:\/\/lasprimeras.com.do\/index.php\/category\/portada\/"},"img":{"alt_text":"","src":"https:\/\/i0.wp.com\/lasprimeras.com.do\/wp-content\/uploads\/2023\/11\/WhatsApp-Image-2023-11-25-at-5.12.29-PM-3.jpeg?resize=350%2C200&ssl=1","width":350,"height":200,"srcset":"https:\/\/i0.wp.com\/lasprimeras.com.do\/wp-content\/uploads\/2023\/11\/WhatsApp-Image-2023-11-25-at-5.12.29-PM-3.jpeg?resize=350%2C200&ssl=1 1x, https:\/\/i0.wp.com\/lasprimeras.com.do\/wp-content\/uploads\/2023\/11\/WhatsApp-Image-2023-11-25-at-5.12.29-PM-3.jpeg?resize=525%2C300&ssl=1 1.5x, https:\/\/i0.wp.com\/lasprimeras.com.do\/wp-content\/uploads\/2023\/11\/WhatsApp-Image-2023-11-25-at-5.12.29-PM-3.jpeg?resize=700%2C400&ssl=1 2x"},"classes":[]},{"id":52282,"url":"https:\/\/lasprimeras.com.do\/index.php\/2023\/06\/08\/propeep-da-asistencia-y-repara-viviendas-a-familias-en-tres-provincias-del-sur-afectadas-por-lluvias\/","url_meta":{"origin":67920,"position":1},"title":"Propeep da asistencia y repara viviendas a familias en tres provincias del Sur afectadas por lluvias","author":"prenxa100","date":"8 de junio de 2023","format":false,"excerpt":"Roberto \u00c1ngel Salcedo, afirma que la intervenci\u00f3n realizada en las provincias Indenpencia, Bahoruco y San Juan est\u00e1n dentro las pol\u00edticas sociales del gobierno de Abinader. El director general de Proyectos Estrat\u00e9gicos y Especiales de la Presidencia (Propeep), Roberto \u00c1ngel Salcedo, inici\u00f3 este jueves un recorrido por las provincias del Sur\u2026","rel":"","context":"En \u00abNACIONALES\u00bb","block_context":{"text":"NACIONALES","link":"https:\/\/lasprimeras.com.do\/index.php\/category\/nacionales\/"},"img":{"alt_text":"","src":"","width":0,"height":0},"classes":[]},{"id":113332,"url":"https:\/\/lasprimeras.com.do\/index.php\/2025\/10\/31\/propeep-y-plan-social-brindan-apoyo-a-familias-ocoenas-afectadas-por-las-lluvias-de-melissa\/","url_meta":{"origin":67920,"position":2},"title":"Propeep y Plan Social brindan apoyo a familias ocoe\u00f1as afectadas por las lluvias de Melissa","author":"Nelson Feliz","date":"31 de octubre de 2025","format":false,"excerpt":"Por instrucciones del presidente Luis Abinader, diversas instituciones del Gobierno trabajan de manera coordinada para restablecer la normalidad y garantizar la protecci\u00f3n de las familias ocoe\u00f1as afectadas por el fen\u00f3meno atmosf\u00e9rico La direcci\u00f3n de Proyectos Estrat\u00e9gicos y Especiales de la Presidencia (Propeep) despleg\u00f3 este viernes una jornada de asistencia social\u2026","rel":"","context":"En \u00abNACIONALES\u00bb","block_context":{"text":"NACIONALES","link":"https:\/\/lasprimeras.com.do\/index.php\/category\/nacionales\/"},"img":{"alt_text":"","src":"https:\/\/i0.wp.com\/lasprimeras.com.do\/wp-content\/uploads\/2025\/10\/Propeep-1-2.jpg?resize=350%2C200&ssl=1","width":350,"height":200,"srcset":"https:\/\/i0.wp.com\/lasprimeras.com.do\/wp-content\/uploads\/2025\/10\/Propeep-1-2.jpg?resize=350%2C200&ssl=1 1x, https:\/\/i0.wp.com\/lasprimeras.com.do\/wp-content\/uploads\/2025\/10\/Propeep-1-2.jpg?resize=525%2C300&ssl=1 1.5x, https:\/\/i0.wp.com\/lasprimeras.com.do\/wp-content\/uploads\/2025\/10\/Propeep-1-2.jpg?resize=700%2C400&ssl=1 2x"},"classes":[]},{"id":69073,"url":"https:\/\/lasprimeras.com.do\/index.php\/2023\/11\/29\/roberto-angel-articula-con-varias-instituciones-del-gobierno-acciones-en-la-provincia-de-monte-plata\/","url_meta":{"origin":67920,"position":3},"title":"Roberto \u00c1ngel articula con varias instituciones del Gobierno, acciones en la provincia de Monte Plata","author":"Nelson Feliz","date":"29 de noviembre de 2023","format":false,"excerpt":"Las acciones incluyen reparaci\u00f3n y rehabilitaci\u00f3n de caminos vecinales, tramos de carreteras, puentes, viviendas, entregas de ayudas y enseres domesticos a familias afectadas por lluvias Yamas\u00e1, Monte Plata. - El director general de Proyectos Estrat\u00e9gicos y Especiales de la Presidencia, Roberto \u00c1ngel Salcedo, inici\u00f3 la articulaci\u00f3n interinstitucional en esta provincia\u2026","rel":"","context":"En \u00abNACIONALES\u00bb","block_context":{"text":"NACIONALES","link":"https:\/\/lasprimeras.com.do\/index.php\/category\/nacionales\/"},"img":{"alt_text":"Roberto \u00c1ngel Salcedo","src":"https:\/\/i0.wp.com\/lasprimeras.com.do\/wp-content\/uploads\/2023\/11\/Roberto-Angel-Salcedo-8.jpg?resize=350%2C200&ssl=1","width":350,"height":200,"srcset":"https:\/\/i0.wp.com\/lasprimeras.com.do\/wp-content\/uploads\/2023\/11\/Roberto-Angel-Salcedo-8.jpg?resize=350%2C200&ssl=1 1x, https:\/\/i0.wp.com\/lasprimeras.com.do\/wp-content\/uploads\/2023\/11\/Roberto-Angel-Salcedo-8.jpg?resize=525%2C300&ssl=1 1.5x, https:\/\/i0.wp.com\/lasprimeras.com.do\/wp-content\/uploads\/2023\/11\/Roberto-Angel-Salcedo-8.jpg?resize=700%2C400&ssl=1 2x"},"classes":[]},{"id":84761,"url":"https:\/\/lasprimeras.com.do\/index.php\/2024\/06\/15\/roberto-angel-destaca-gobierno-mejora-bienestar-de-las-familias-mas-vulnerables\/","url_meta":{"origin":67920,"position":4},"title":"Roberto \u00c1ngel destaca Gobierno mejora bienestar de las familias m\u00e1s vulnerables","author":"Nelson Feliz","date":"15 de junio de 2024","format":false,"excerpt":"Encabeza jornadas de inclusi\u00f3n social en municipios San Francisco de Macor\u00eds, Pimentel, Salcedo y Villa Tapia\u00a0 y visita local donde funcionar\u00e1 el primer Centro de Innovaci\u00f3n Cultural en Salcedo y explic\u00f3 c\u00f3mo funcionar\u00e1. El director general de Proyectos Estrat\u00e9gicos y Especiales de la Presidencia (Propeep), Roberto \u00c1ngel Salcedo, destac\u00f3 los\u2026","rel":"","context":"En \u00abNACIONALES\u00bb","block_context":{"text":"NACIONALES","link":"https:\/\/lasprimeras.com.do\/index.php\/category\/nacionales\/"},"img":{"alt_text":"Roberto \u00c1ngel Salcedo","src":"https:\/\/i0.wp.com\/lasprimeras.com.do\/wp-content\/uploads\/2024\/06\/Roberto-Angel-Salcedo.jpg?resize=350%2C200&ssl=1","width":350,"height":200,"srcset":"https:\/\/i0.wp.com\/lasprimeras.com.do\/wp-content\/uploads\/2024\/06\/Roberto-Angel-Salcedo.jpg?resize=350%2C200&ssl=1 1x, https:\/\/i0.wp.com\/lasprimeras.com.do\/wp-content\/uploads\/2024\/06\/Roberto-Angel-Salcedo.jpg?resize=525%2C300&ssl=1 1.5x"},"classes":[]},{"id":85023,"url":"https:\/\/lasprimeras.com.do\/index.php\/2024\/06\/21\/propeep-asiste-decenas-de-familias-afectadas-por-lluvias-torrenciales-en-constanza\/","url_meta":{"origin":67920,"position":5},"title":"Propeep asiste decenas de familias afectadas por lluvias torrenciales en Constanza","author":"Nelson Feliz","date":"21 de junio de 2024","format":false,"excerpt":"En respuesta a las recientes lluvias torrenciales que han afectado de forma significativa la comunidad de Tireo al Medio en Constanza, la Direcci\u00f3n General de Proyectos Estrat\u00e9gicos y Especiales de la Presidencia (Propeep) ha desplegado una misi\u00f3n de asistencia social, para brindar apoyo inmediato a decenas de familias afectadas por\u2026","rel":"","context":"En \u00abNACIONALES\u00bb","block_context":{"text":"NACIONALES","link":"https:\/\/lasprimeras.com.do\/index.php\/category\/nacionales\/"},"img":{"alt_text":"Roberto \u00c1ngel Salcedo","src":"https:\/\/i0.wp.com\/lasprimeras.com.do\/wp-content\/uploads\/2024\/06\/Roberto-Angel-Salcedo-4.jpg?resize=350%2C200&ssl=1","width":350,"height":200,"srcset":"https:\/\/i0.wp.com\/lasprimeras.com.do\/wp-content\/uploads\/2024\/06\/Roberto-Angel-Salcedo-4.jpg?resize=350%2C200&ssl=1 1x, https:\/\/i0.wp.com\/lasprimeras.com.do\/wp-content\/uploads\/2024\/06\/Roberto-Angel-Salcedo-4.jpg?resize=525%2C300&ssl=1 1.5x"},"classes":[]}],"jetpack_sharing_enabled":true,"_links":{"self":[{"href":"https:\/\/lasprimeras.com.do\/index.php\/wp-json\/wp\/v2\/posts\/67920","targetHints":{"allow":["GET"]}}],"collection":[{"href":"https:\/\/lasprimeras.com.do\/index.php\/wp-json\/wp\/v2\/posts"}],"about":[{"href":"https:\/\/lasprimeras.com.do\/index.php\/wp-json\/wp\/v2\/types\/post"}],"author":[{"embeddable":true,"href":"https:\/\/lasprimeras.com.do\/index.php\/wp-json\/wp\/v2\/users\/2"}],"replies":[{"embeddable":true,"href":"https:\/\/lasprimeras.com.do\/index.php\/wp-json\/wp\/v2\/comments?post=67920"}],"version-history":[{"count":1,"href":"https:\/\/lasprimeras.com.do\/index.php\/wp-json\/wp\/v2\/posts\/67920\/revisions"}],"predecessor-version":[{"id":67922,"href":"https:\/\/lasprimeras.com.do\/index.php\/wp-json\/wp\/v2\/posts\/67920\/revisions\/67922"}],"wp:featuredmedia":[{"embeddable":true,"href":"https:\/\/lasprimeras.com.do\/index.php\/wp-json\/wp\/v2\/media\/67921"}],"wp:attachment":[{"href":"https:\/\/lasprimeras.com.do\/index.php\/wp-json\/wp\/v2\/media?parent=67920"}],"wp:term":[{"taxonomy":"category","embeddable":true,"href":"https:\/\/lasprimeras.com.do\/index.php\/wp-json\/wp\/v2\/categories?post=67920"},{"taxonomy":"post_tag","embeddable":true,"href":"https:\/\/lasprimeras.com.do\/index.php\/wp-json\/wp\/v2\/tags?post=67920"}],"curies":[{"name":"wp","href":"https:\/\/api.w.org\/{rel}","templated":true}]}}