{"id":67926,"date":"2023-11-20T13:16:43","date_gmt":"2023-11-20T17:16:43","guid":{"rendered":"https:\/\/lasprimeras.com.do\/?p=67926"},"modified":"2023-11-20T13:16:44","modified_gmt":"2023-11-20T17:16:44","slug":"ministro-paliza-atender-familias-afectadas-sin-mirar-colores-partidarios","status":"publish","type":"post","link":"https:\/\/lasprimeras.com.do\/index.php\/2023\/11\/20\/ministro-paliza-atender-familias-afectadas-sin-mirar-colores-partidarios\/","title":{"rendered":"Ministro Paliza: &#8220;Atender familias afectadas sin mirar colores partidarios&#8221;"},"content":{"rendered":"\n<p><strong>Hoy visitaron los sectores de Arroyo Bonito, Bella Colina y Los Rieles de Santo Domingo Oeste.<\/strong><\/p>\n\n\n\n<p>El ministro Administrativo de la Presidencia, Jos\u00e9 Ignacio Paliza visit\u00f3 hoy el centro de acopio de Santo Domingo Oeste, desde donde se atender\u00e1n a las familias afectadas por las lluvias del fin de semana y exhort\u00f3 a los funcionarios atender las familias sin mirar colores partidarios.<\/p>\n\n\n\n<p>Varias patanas con madera y zinc, miles de raciones de alimentos, equipos pesados para la intervenci\u00f3n y limpieza de v\u00edas y ca\u00f1adas, colchones, colchonetas fueron llevados hoy para ser distribuidos en los sectores Arroyo Bonito, Bella Colina y Los Rieles de Santo Domingo Oeste.<\/p>\n\n\n\n<figure class=\"wp-block-image size-full is-resized\"><img decoding=\"async\" width=\"700\" height=\"467\" src=\"https:\/\/lasprimeras.com.do\/wp-content\/uploads\/2023\/11\/Jose-Ignacio-Paliza-2.jpg\" alt=\"\" class=\"wp-image-67928\" style=\"width:840px;height:auto\" srcset=\"https:\/\/lasprimeras.com.do\/wp-content\/uploads\/2023\/11\/Jose-Ignacio-Paliza-2.jpg 700w, https:\/\/lasprimeras.com.do\/wp-content\/uploads\/2023\/11\/Jose-Ignacio-Paliza-2-300x200.jpg 300w\" sizes=\"(max-width: 700px) 100vw, 700px\" \/><\/figure>\n\n\n\n<p>Paliza resalt\u00f3 que el Ministro de Salud P\u00fablica, doctor Daniel Rivera y todo su equipo desarrollar\u00e1n un amplio operativo preventivo con m\u00e1s de 500 mil dosis para atender a familias y combatir la Leptospirosis.<\/p>\n\n\n\n<p>El funcionario tambi\u00e9n dijo que los Comedores Econ\u00f3micos est\u00e1n instalando cocinas m\u00f3viles para entregar miles de raciones cocidas en las zonas.<\/p>\n\n\n\n<figure class=\"wp-block-image size-full is-resized\"><img decoding=\"async\" width=\"700\" height=\"467\" src=\"https:\/\/lasprimeras.com.do\/wp-content\/uploads\/2023\/11\/Jose-Ignacio-Paliza.jpg\" alt=\"\" class=\"wp-image-67929\" style=\"width:840px;height:auto\" srcset=\"https:\/\/lasprimeras.com.do\/wp-content\/uploads\/2023\/11\/Jose-Ignacio-Paliza.jpg 700w, https:\/\/lasprimeras.com.do\/wp-content\/uploads\/2023\/11\/Jose-Ignacio-Paliza-300x200.jpg 300w\" sizes=\"(max-width: 700px) 100vw, 700px\" \/><\/figure>\n\n\n\n<p>Santo Domingo Oeste fue asignada a la directora ejecutiva del programa SUPERATE, Gloria Reyes y el director ejecutivo del INABIE, V\u00edctor Castro.<\/p>\n\n\n\n<p>En el encuentro celebrado en el Cuerpo de Bomberos de Santo Domingo Oeste, participaron, los ministros Jos\u00e9 Leonel Cabrera (Neney), Daniel Rivera, la gobernadora Julia Drullard; Gloria Redes directora ejecutiva de SUP\u00c9RATE; la directora ejecutiva del Plan Social, Yadira Henr\u00edquez; alcalde Jos\u00e9 And\u00fajar, los viceministros Igor Rodr\u00edguez y Scarlet Benzan, entre otras personalidades.<\/p>\n","protected":false},"excerpt":{"rendered":"<p>Hoy visitaron los sectores de Arroyo Bonito, Bella Colina y Los Rieles de Santo Domingo Oeste. El ministro Administrativo de la Presidencia, Jos\u00e9 Ignacio Paliza visit\u00f3 hoy el centro de&hellip;<\/p>\n","protected":false},"author":2,"featured_media":67927,"comment_status":"open","ping_status":"open","sticky":false,"template":"","format":"standard","meta":{"content-type":"","jetpack_post_was_ever_published":false,"_jetpack_newsletter_access":"","_jetpack_dont_email_post_to_subs":false,"_jetpack_newsletter_tier_id":0,"_jetpack_memberships_contains_paywalled_content":false,"_jetpack_memberships_contains_paid_content":false,"footnotes":""},"categories":[35,25],"tags":[2944,4585,9653,1061,1420,9654],"class_list":["post-67926","post","type-post","status-publish","format-standard","has-post-thumbnail","hentry","category-nacionales","category-portada","tag-afectadas","tag-atender","tag-colores","tag-familias","tag-jose-ignacio-paliza","tag-partidarios"],"jetpack_featured_media_url":"https:\/\/lasprimeras.com.do\/wp-content\/uploads\/2023\/11\/Jose-Ignacio-Paliza-1.jpg","jetpack-related-posts":[{"id":69179,"url":"https:\/\/lasprimeras.com.do\/index.php\/2023\/11\/30\/paliza-mas-de-un-millon-de-raciones-cocidas-y-400-mil-crudas-han-sido-distribuidas-a-familias-necesitadas\/","url_meta":{"origin":67926,"position":0},"title":"Paliza: \u201cM\u00e1s de un mill\u00f3n de raciones cocidas y 400 mil crudas han sido distribuidas a familias necesitadas\u201d","author":"Nelson Feliz","date":"30 de noviembre de 2023","format":false,"excerpt":"-.En visita a Yamasa reitera que el compromiso es atender a todas las familias afectadas junto a los l\u00edderes comunitarios -.Resalta el impacto de 16 jornadas de inclusi\u00f3n realizadas por el Propeep en Ocoa y Monte Plata Con el compromiso asumido por el Gobierno dominicano de atender a todas las\u2026","rel":"","context":"En \u00abNACIONALES\u00bb","block_context":{"text":"NACIONALES","link":"https:\/\/lasprimeras.com.do\/index.php\/category\/nacionales\/"},"img":{"alt_text":"Jos\u00e9 Ignacio Paliza","src":"https:\/\/i0.wp.com\/lasprimeras.com.do\/wp-content\/uploads\/2023\/11\/Jose-Ignacio-Paliza-1-1.jpg?resize=350%2C200&ssl=1","width":350,"height":200,"srcset":"https:\/\/i0.wp.com\/lasprimeras.com.do\/wp-content\/uploads\/2023\/11\/Jose-Ignacio-Paliza-1-1.jpg?resize=350%2C200&ssl=1 1x, https:\/\/i0.wp.com\/lasprimeras.com.do\/wp-content\/uploads\/2023\/11\/Jose-Ignacio-Paliza-1-1.jpg?resize=525%2C300&ssl=1 1.5x, https:\/\/i0.wp.com\/lasprimeras.com.do\/wp-content\/uploads\/2023\/11\/Jose-Ignacio-Paliza-1-1.jpg?resize=700%2C400&ssl=1 2x"},"classes":[]},{"id":51832,"url":"https:\/\/lasprimeras.com.do\/index.php\/2023\/06\/04\/gobierno-acude-en-ayuda-de-familias-de-azua-neiba-y-jimani-afectadas-por-las-lluvias\/","url_meta":{"origin":67926,"position":1},"title":"Gobierno acude en ayuda de familias de Azua, Neiba y Jiman\u00ed afectadas por las lluvias","author":"prenxa100","date":"4 de junio de 2023","format":false,"excerpt":"Plan de Asistencia Social de la Presidencia y Comedores Econ\u00f3micos inician distribuci\u00f3n en diversas localidades. Por Wilson P\u00e9rez El ministro Administrativo de la Presidencia, Jos\u00e9 Ignacio Paliza, encabeza comisi\u00f3n enviada por el presidente Luis Abinader a las zonas afectadas por las lluvias en Azua, Neiba y Jiman\u00ed. Los aguaceros han\u2026","rel":"","context":"En \u00abNACIONALES\u00bb","block_context":{"text":"NACIONALES","link":"https:\/\/lasprimeras.com.do\/index.php\/category\/nacionales\/"},"img":{"alt_text":"","src":"","width":0,"height":0},"classes":[]},{"id":93514,"url":"https:\/\/lasprimeras.com.do\/index.php\/2025\/02\/12\/paliza-y-subervi-supervisan-saneamiento-de-la-canada-la-ochocienta-en-los-rios\/","url_meta":{"origin":67926,"position":2},"title":"Paliza y Suberv\u00ed supervisan saneamiento de la ca\u00f1ada La Ochocienta en Los R\u00edos","author":"Nelson Feliz","date":"12 de febrero de 2025","format":false,"excerpt":"La obra busca reducir los riesgos de inundaciones en la zona y beneficiar\u00e1 a m\u00e1s de 12 mil personas de distintas comunidades. El ministro de la Presidencia, Jos\u00e9 Ignacio Paliza, y el director de la Corporaci\u00f3n del Acueducto y Alcantarillado de Santo Domingo (CAASD), Felipe Suberv\u00ed, realizaron este mi\u00e9rcoles un\u2026","rel":"","context":"En \u00abNACIONALES\u00bb","block_context":{"text":"NACIONALES","link":"https:\/\/lasprimeras.com.do\/index.php\/category\/nacionales\/"},"img":{"alt_text":"","src":"https:\/\/i0.wp.com\/lasprimeras.com.do\/wp-content\/uploads\/2025\/02\/Foto-1-1.jpg?resize=350%2C200&ssl=1","width":350,"height":200,"srcset":"https:\/\/i0.wp.com\/lasprimeras.com.do\/wp-content\/uploads\/2025\/02\/Foto-1-1.jpg?resize=350%2C200&ssl=1 1x, https:\/\/i0.wp.com\/lasprimeras.com.do\/wp-content\/uploads\/2025\/02\/Foto-1-1.jpg?resize=525%2C300&ssl=1 1.5x"},"classes":[]},{"id":128101,"url":"https:\/\/lasprimeras.com.do\/index.php\/2026\/04\/19\/propeep-extiende-mano-solidaria-a-cientos-de-familias-imbert-y-montellano\/","url_meta":{"origin":67926,"position":3},"title":"Propeep extiende mano solidaria a cientos de familias Imbert y Montellano","author":"Nelson Feliz","date":"19 de abril de 2026","format":false,"excerpt":"Robert Polanco resalta que la acci\u00f3n social sostenida de la entidad durante los \u00faltimos 10 d\u00edas ha mitigado da\u00f1os en barrios de Santiago, Puerto Plata, San Francisco de Macor\u00eds, Hermanas Mirabal y el Gran Santo Domingo El Gobierno dominicano, a trav\u00e9s de los Proyectos Estrat\u00e9gicos y Especiales de la Presidencia\u2026","rel":"","context":"En \u00abNACIONALES\u00bb","block_context":{"text":"NACIONALES","link":"https:\/\/lasprimeras.com.do\/index.php\/category\/nacionales\/"},"img":{"alt_text":"Propeep","src":"https:\/\/i0.wp.com\/lasprimeras.com.do\/wp-content\/uploads\/2026\/04\/Propeep-1-1.jpg?resize=350%2C200&ssl=1","width":350,"height":200,"srcset":"https:\/\/i0.wp.com\/lasprimeras.com.do\/wp-content\/uploads\/2026\/04\/Propeep-1-1.jpg?resize=350%2C200&ssl=1 1x, https:\/\/i0.wp.com\/lasprimeras.com.do\/wp-content\/uploads\/2026\/04\/Propeep-1-1.jpg?resize=525%2C300&ssl=1 1.5x, https:\/\/i0.wp.com\/lasprimeras.com.do\/wp-content\/uploads\/2026\/04\/Propeep-1-1.jpg?resize=700%2C400&ssl=1 2x"},"classes":[]},{"id":115795,"url":"https:\/\/lasprimeras.com.do\/index.php\/2025\/11\/24\/paliza-advierte-podrian-surgir-mas-casos-ligados-al-narcotrafico\/","url_meta":{"origin":67926,"position":4},"title":"Paliza advierte podr\u00edan surgir m\u00e1s casos ligados al narcotr\u00e1fico","author":"Nelson Feliz","date":"24 de noviembre de 2025","format":false,"excerpt":"El ministro administrativo de la Presidencia asegura que no es deterioro, sino fin de la impunidad. El ministro administrativo de la Presidencia y presidente del Partido Revolucionario Moderno (PRM), Jos\u00e9 Ignacio Paliza, advirti\u00f3 este lunes que podr\u00edan salir a la luz nuevos casos relacionados con el narcotr\u00e1fico y el crimen\u2026","rel":"","context":"En \u00abPOLITICA\u00bb","block_context":{"text":"POLITICA","link":"https:\/\/lasprimeras.com.do\/index.php\/category\/politica\/"},"img":{"alt_text":"","src":"https:\/\/i0.wp.com\/lasprimeras.com.do\/wp-content\/uploads\/2025\/11\/Jose-Ignacio-Paliza.jpg?resize=350%2C200&ssl=1","width":350,"height":200,"srcset":"https:\/\/i0.wp.com\/lasprimeras.com.do\/wp-content\/uploads\/2025\/11\/Jose-Ignacio-Paliza.jpg?resize=350%2C200&ssl=1 1x, https:\/\/i0.wp.com\/lasprimeras.com.do\/wp-content\/uploads\/2025\/11\/Jose-Ignacio-Paliza.jpg?resize=525%2C300&ssl=1 1.5x, https:\/\/i0.wp.com\/lasprimeras.com.do\/wp-content\/uploads\/2025\/11\/Jose-Ignacio-Paliza.jpg?resize=700%2C400&ssl=1 2x"},"classes":[]},{"id":68734,"url":"https:\/\/lasprimeras.com.do\/index.php\/2023\/11\/27\/leonel-visito-zonas-afectadas-por-inundaciones-en-santo-domingo-oeste\/","url_meta":{"origin":67926,"position":5},"title":"Leonel visit\u00f3 zonas afectadas por inundaciones en Santo Domingo Oeste","author":"Nelson Feliz","date":"27 de noviembre de 2023","format":false,"excerpt":"El presidente del partido Fuerza del Pueblo, Leonel Fern\u00e1ndez, asisti\u00f3 a las zonas afectadas por inundaciones en Santo Domingo Oeste, donde perdieron la vida unas 16 personas el pasado s\u00e1bado 18 de noviembre, debido a la falta de previsi\u00f3n del gobierno de Luis Abinader ante los altos niveles de lluvia.\u2026","rel":"","context":"En \u00abPORTADA\u00bb","block_context":{"text":"PORTADA","link":"https:\/\/lasprimeras.com.do\/index.php\/category\/portada\/"},"img":{"alt_text":"Leonel Fern\u00e1ndez","src":"https:\/\/i0.wp.com\/lasprimeras.com.do\/wp-content\/uploads\/2023\/11\/Leonel-Fernandez-8.jpg?resize=350%2C200&ssl=1","width":350,"height":200,"srcset":"https:\/\/i0.wp.com\/lasprimeras.com.do\/wp-content\/uploads\/2023\/11\/Leonel-Fernandez-8.jpg?resize=350%2C200&ssl=1 1x, https:\/\/i0.wp.com\/lasprimeras.com.do\/wp-content\/uploads\/2023\/11\/Leonel-Fernandez-8.jpg?resize=525%2C300&ssl=1 1.5x, https:\/\/i0.wp.com\/lasprimeras.com.do\/wp-content\/uploads\/2023\/11\/Leonel-Fernandez-8.jpg?resize=700%2C400&ssl=1 2x"},"classes":[]}],"jetpack_sharing_enabled":true,"_links":{"self":[{"href":"https:\/\/lasprimeras.com.do\/index.php\/wp-json\/wp\/v2\/posts\/67926","targetHints":{"allow":["GET"]}}],"collection":[{"href":"https:\/\/lasprimeras.com.do\/index.php\/wp-json\/wp\/v2\/posts"}],"about":[{"href":"https:\/\/lasprimeras.com.do\/index.php\/wp-json\/wp\/v2\/types\/post"}],"author":[{"embeddable":true,"href":"https:\/\/lasprimeras.com.do\/index.php\/wp-json\/wp\/v2\/users\/2"}],"replies":[{"embeddable":true,"href":"https:\/\/lasprimeras.com.do\/index.php\/wp-json\/wp\/v2\/comments?post=67926"}],"version-history":[{"count":1,"href":"https:\/\/lasprimeras.com.do\/index.php\/wp-json\/wp\/v2\/posts\/67926\/revisions"}],"predecessor-version":[{"id":67930,"href":"https:\/\/lasprimeras.com.do\/index.php\/wp-json\/wp\/v2\/posts\/67926\/revisions\/67930"}],"wp:featuredmedia":[{"embeddable":true,"href":"https:\/\/lasprimeras.com.do\/index.php\/wp-json\/wp\/v2\/media\/67927"}],"wp:attachment":[{"href":"https:\/\/lasprimeras.com.do\/index.php\/wp-json\/wp\/v2\/media?parent=67926"}],"wp:term":[{"taxonomy":"category","embeddable":true,"href":"https:\/\/lasprimeras.com.do\/index.php\/wp-json\/wp\/v2\/categories?post=67926"},{"taxonomy":"post_tag","embeddable":true,"href":"https:\/\/lasprimeras.com.do\/index.php\/wp-json\/wp\/v2\/tags?post=67926"}],"curies":[{"name":"wp","href":"https:\/\/api.w.org\/{rel}","templated":true}]}}