{"id":67933,"date":"2023-11-20T14:45:17","date_gmt":"2023-11-20T18:45:17","guid":{"rendered":"https:\/\/lasprimeras.com.do\/?p=67933"},"modified":"2023-11-20T14:45:19","modified_gmt":"2023-11-20T18:45:19","slug":"110-acueductos-fuera-de-servicio-dejan-sin-agua-potable-a-mas-de-un-millon-600-mil-usuarios","status":"publish","type":"post","link":"https:\/\/lasprimeras.com.do\/index.php\/2023\/11\/20\/110-acueductos-fuera-de-servicio-dejan-sin-agua-potable-a-mas-de-un-millon-600-mil-usuarios\/","title":{"rendered":"110 acueductos fuera de servicio dejan sin agua potable a m\u00e1s de un mill\u00f3n 600 mil usuarios"},"content":{"rendered":"\n<p>Santo Domingo.-M\u00e1s de un mill\u00f3n 600 personas sin servicio de agua potable, ya que 110 acueductos est\u00e1n fuera de servicio por las inundaciones provocadas por las lluvias del fin de semana.<\/p>\n\n\n\n<p>As\u00ed lo inform\u00f3 el director del Centro de Operaciones de Emergencias (COE), Juan Manuel M\u00e9ndez, al ofrecer el bolet\u00edn de da\u00f1os causados por el fen\u00f3meno atmosf\u00e9rico que dej\u00f3 al menos 24 fallecidos, y 17,855 personas desplazadas.<\/p>\n\n\n\n<p>En tanto, que sin electricidad permanec\u00edan 14,993 usuarios, por tres circuitos afectados, tras reparar unos 36 circuitos.<\/p>\n\n\n\n<p>En cuanto al servicio vial, hay ocho carreras afectadas, cinco puentes y el paso a desnivel de la 27 de febrero con M\u00e1ximo G\u00f3mez, donde se produjo un desplome que dej\u00f3 nueve muertes, hay brigadas retiraron los escombros. Igual cinco puentes resultaron afectados por las lluvias.<\/p>\n\n\n\n<p>Las viviendas afectadas suman 3,571 y destruidas 22. Las personas movilizadas 17, 855 y las comunidades incomunicadas ocho.<\/p>\n","protected":false},"excerpt":{"rendered":"<p>Santo Domingo.-M\u00e1s de un mill\u00f3n 600 personas sin servicio de agua potable, ya que 110 acueductos est\u00e1n fuera de servicio por las inundaciones provocadas por las lluvias del fin de&hellip;<\/p>\n","protected":false},"author":3,"featured_media":67934,"comment_status":"open","ping_status":"open","sticky":false,"template":"","format":"standard","meta":{"content-type":"","jetpack_post_was_ever_published":false,"_jetpack_newsletter_access":"","_jetpack_dont_email_post_to_subs":false,"_jetpack_newsletter_tier_id":0,"_jetpack_memberships_contains_paywalled_content":false,"_jetpack_memberships_contains_paid_content":false,"footnotes":""},"categories":[25],"tags":[6092],"class_list":["post-67933","post","type-post","status-publish","format-standard","has-post-thumbnail","hentry","category-portada","tag-acueducto"],"jetpack_featured_media_url":"https:\/\/lasprimeras.com.do\/wp-content\/uploads\/2023\/11\/WhatsApp-Image-2023-11-20-at-12.59.20-PM.jpeg","jetpack-related-posts":[{"id":68198,"url":"https:\/\/lasprimeras.com.do\/index.php\/2023\/11\/22\/mas-de-un-millon-de-personas-sin-agua-potable-tras-disturbio-tropical\/","url_meta":{"origin":67933,"position":0},"title":"M\u00e1s de un mill\u00f3n de personas sin agua potable tras disturbio tropical","author":"Nelson Feliz","date":"22 de noviembre de 2023","format":false,"excerpt":"A cuatro d\u00edas del disturbio tropical que caus\u00f3 m\u00faltiples da\u00f1os en el pa\u00eds, en gran parte del Gran Santo Domingo, San Crist\u00f3bal, Azua y Duarte, m\u00e1s de un mill\u00f3n de personas contin\u00faan sin acceso a agua potable. El Instituto Nacional de Aguas Potables y Alcantarillados (Inapa) inform\u00f3, al caer la\u2026","rel":"","context":"En \u00abNACIONALES\u00bb","block_context":{"text":"NACIONALES","link":"https:\/\/lasprimeras.com.do\/index.php\/category\/nacionales\/"},"img":{"alt_text":"","src":"https:\/\/i0.wp.com\/lasprimeras.com.do\/wp-content\/uploads\/2023\/11\/ajuares.jpg?resize=350%2C200&ssl=1","width":350,"height":200,"srcset":"https:\/\/i0.wp.com\/lasprimeras.com.do\/wp-content\/uploads\/2023\/11\/ajuares.jpg?resize=350%2C200&ssl=1 1x, https:\/\/i0.wp.com\/lasprimeras.com.do\/wp-content\/uploads\/2023\/11\/ajuares.jpg?resize=525%2C300&ssl=1 1.5x, https:\/\/i0.wp.com\/lasprimeras.com.do\/wp-content\/uploads\/2023\/11\/ajuares.jpg?resize=700%2C400&ssl=1 2x"},"classes":[]},{"id":110302,"url":"https:\/\/lasprimeras.com.do\/index.php\/2025\/09\/27\/entre-desplazados-y-usuarios-sin-agua-potable-coe-reporta-mas-de-un-millon-de-personas-ademas-de-19-comunidades-aisladas\/","url_meta":{"origin":67933,"position":1},"title":"Entre desplazados y usuarios sin agua potable COE reporta m\u00e1s de un mill\u00f3n de personas; adem\u00e1s de 19 comunidades aisladas","author":"Nelson Feliz","date":"27 de septiembre de 2025","format":false,"excerpt":"Muestras reduce los niveles de alerta para 19 provincias . El Centro de Operaciones de Emergencias (COE) modific\u00f3 los niveles de alerta en el pa\u00eds manteniendo 11 provincias en alerta amarilla y ocho en alerta verde ante las posibles inundaciones urbanas y rurales, crecidas de r\u00edos, arroyos y ca\u00f1adas, as\u00ed\u2026","rel":"","context":"En \u00abCLIMA\u00bb","block_context":{"text":"CLIMA","link":"https:\/\/lasprimeras.com.do\/index.php\/category\/clima\/"},"img":{"alt_text":"","src":"https:\/\/i0.wp.com\/lasprimeras.com.do\/wp-content\/uploads\/2025\/09\/inundaciones.jpeg?resize=350%2C200&ssl=1","width":350,"height":200,"srcset":"https:\/\/i0.wp.com\/lasprimeras.com.do\/wp-content\/uploads\/2025\/09\/inundaciones.jpeg?resize=350%2C200&ssl=1 1x, https:\/\/i0.wp.com\/lasprimeras.com.do\/wp-content\/uploads\/2025\/09\/inundaciones.jpeg?resize=525%2C300&ssl=1 1.5x, https:\/\/i0.wp.com\/lasprimeras.com.do\/wp-content\/uploads\/2025\/09\/inundaciones.jpeg?resize=700%2C400&ssl=1 2x"},"classes":[]},{"id":122815,"url":"https:\/\/lasprimeras.com.do\/index.php\/2026\/02\/22\/abinader-y-fellito-subervi-ponen-en-servicio-acueducto-por-bombeo-mas-grande-del-pais\/","url_meta":{"origin":67933,"position":2},"title":"Abinader y Fellito Suberv\u00ed ponen en servicio acueducto por bombeo m\u00e1s grande del pa\u00eds","author":"Nelson Feliz","date":"22 de febrero de 2026","format":false,"excerpt":"Felipe -Fellito- Subervi destaca como un hito en la historia de la CAASD la puesta en funcionamiento de la Ampliaci\u00f3n del Acueducto Oriental Barrera de Salinidad recuperado y ampliado para llevar agua potable con mayor presi\u00f3n y continuidad a usuarios de los municipios Santo Domingo Este y Norte. El Presidente\u2026","rel":"","context":"En \u00abNACIONALES\u00bb","block_context":{"text":"NACIONALES","link":"https:\/\/lasprimeras.com.do\/index.php\/category\/nacionales\/"},"img":{"alt_text":"","src":"https:\/\/i0.wp.com\/lasprimeras.com.do\/wp-content\/uploads\/2026\/02\/acueducto.jpg?resize=350%2C200&ssl=1","width":350,"height":200,"srcset":"https:\/\/i0.wp.com\/lasprimeras.com.do\/wp-content\/uploads\/2026\/02\/acueducto.jpg?resize=350%2C200&ssl=1 1x, https:\/\/i0.wp.com\/lasprimeras.com.do\/wp-content\/uploads\/2026\/02\/acueducto.jpg?resize=525%2C300&ssl=1 1.5x, https:\/\/i0.wp.com\/lasprimeras.com.do\/wp-content\/uploads\/2026\/02\/acueducto.jpg?resize=700%2C400&ssl=1 2x"},"classes":[]},{"id":67911,"url":"https:\/\/lasprimeras.com.do\/index.php\/2023\/11\/20\/coe-reporta-mas-de-1500-viviendas-afectadas-por-disturbio-tropical\/","url_meta":{"origin":67933,"position":3},"title":"COE reporta m\u00e1s de 1,500 viviendas afectadas por disturbio tropical","author":"Nelson Feliz","date":"20 de noviembre de 2023","format":false,"excerpt":"En su informe de este domingo, el COE detall\u00f3 que seis viviendas resultaron afectadas, 17 destruidas; 7,915 personas fueron movilizadas a zonas seguras. El Centro de Operaciones de Emergencias (COE) inform\u00f3 que unas 1,583 viviendas han resultado afectadas tras el disturbio tropical que ha incidido en el pa\u00eds durante este\u2026","rel":"","context":"En \u00abNACIONALES\u00bb","block_context":{"text":"NACIONALES","link":"https:\/\/lasprimeras.com.do\/index.php\/category\/nacionales\/"},"img":{"alt_text":"","src":"https:\/\/i0.wp.com\/lasprimeras.com.do\/wp-content\/uploads\/2023\/11\/WhatsApp-Image-2023-11-18-at-8.18.25-AM-1.jpeg?resize=350%2C200&ssl=1","width":350,"height":200,"srcset":"https:\/\/i0.wp.com\/lasprimeras.com.do\/wp-content\/uploads\/2023\/11\/WhatsApp-Image-2023-11-18-at-8.18.25-AM-1.jpeg?resize=350%2C200&ssl=1 1x, https:\/\/i0.wp.com\/lasprimeras.com.do\/wp-content\/uploads\/2023\/11\/WhatsApp-Image-2023-11-18-at-8.18.25-AM-1.jpeg?resize=525%2C300&ssl=1 1.5x, https:\/\/i0.wp.com\/lasprimeras.com.do\/wp-content\/uploads\/2023\/11\/WhatsApp-Image-2023-11-18-at-8.18.25-AM-1.jpeg?resize=700%2C400&ssl=1 2x"},"classes":[]},{"id":101536,"url":"https:\/\/lasprimeras.com.do\/index.php\/2025\/06\/23\/caasd-avanza-en-la-rehabilitacion-de-acueductos-del-gsd\/","url_meta":{"origin":67933,"position":4},"title":"CAASD avanza en la rehabilitaci\u00f3n de acueductos del GSD","author":"Nelson Feliz","date":"23 de junio de 2025","format":false,"excerpt":"La instituci\u00f3n supera 23 a\u00f1os de rezago en el mantenimiento y sustituci\u00f3n de infraestructuras, equipos y redes de distribuci\u00f3n del preciado l\u00edquido. La Corporaci\u00f3n del Acueducto y Alcantarillado de Santo Domingo (CAASD), inform\u00f3 que avanzan en la rehabilitaci\u00f3n de los acueductos Haina Manoguayabo, Isabela y el sistema de bombeo El\u2026","rel":"","context":"En \u00abNACIONALES\u00bb","block_context":{"text":"NACIONALES","link":"https:\/\/lasprimeras.com.do\/index.php\/category\/nacionales\/"},"img":{"alt_text":"","src":"https:\/\/i0.wp.com\/lasprimeras.com.do\/wp-content\/uploads\/2025\/06\/caasd-3.jpg?resize=350%2C200&ssl=1","width":350,"height":200,"srcset":"https:\/\/i0.wp.com\/lasprimeras.com.do\/wp-content\/uploads\/2025\/06\/caasd-3.jpg?resize=350%2C200&ssl=1 1x, https:\/\/i0.wp.com\/lasprimeras.com.do\/wp-content\/uploads\/2025\/06\/caasd-3.jpg?resize=525%2C300&ssl=1 1.5x, https:\/\/i0.wp.com\/lasprimeras.com.do\/wp-content\/uploads\/2025\/06\/caasd-3.jpg?resize=700%2C400&ssl=1 2x"},"classes":[]},{"id":118425,"url":"https:\/\/lasprimeras.com.do\/index.php\/2025\/12\/28\/coraasan-e-inapa-avanzan-en-solucion-de-averia-del-tubo-que-abastece-de-agua-a-santiago-y-moca\/","url_meta":{"origin":67933,"position":5},"title":"Coraasan e INAPA avanzan en soluci\u00f3n de aver\u00eda del tubo que abastece de agua a Santiago y Moca","author":"Nelson Feliz","date":"28 de diciembre de 2025","format":false,"excerpt":"La Corporaci\u00f3n del Acueducto y Alcantarillado de Santiago (Coraasan) y el Instituto Nacional de Aguas Potables y Alcantarillados (INAPA), avanzan en la fase final de los trabajos para la soluci\u00f3n definitiva de la aver\u00eda registrada en la tuber\u00eda de aducci\u00f3n del acueducto Cibao Central, infraestructura clave que abastece de agua\u2026","rel":"","context":"En \u00abNACIONALES\u00bb","block_context":{"text":"NACIONALES","link":"https:\/\/lasprimeras.com.do\/index.php\/category\/nacionales\/"},"img":{"alt_text":"tuber\u00eda","src":"https:\/\/i0.wp.com\/lasprimeras.com.do\/wp-content\/uploads\/2025\/12\/tuberia.jpg?resize=350%2C200&ssl=1","width":350,"height":200,"srcset":"https:\/\/i0.wp.com\/lasprimeras.com.do\/wp-content\/uploads\/2025\/12\/tuberia.jpg?resize=350%2C200&ssl=1 1x, https:\/\/i0.wp.com\/lasprimeras.com.do\/wp-content\/uploads\/2025\/12\/tuberia.jpg?resize=525%2C300&ssl=1 1.5x, https:\/\/i0.wp.com\/lasprimeras.com.do\/wp-content\/uploads\/2025\/12\/tuberia.jpg?resize=700%2C400&ssl=1 2x"},"classes":[]}],"jetpack_sharing_enabled":true,"_links":{"self":[{"href":"https:\/\/lasprimeras.com.do\/index.php\/wp-json\/wp\/v2\/posts\/67933","targetHints":{"allow":["GET"]}}],"collection":[{"href":"https:\/\/lasprimeras.com.do\/index.php\/wp-json\/wp\/v2\/posts"}],"about":[{"href":"https:\/\/lasprimeras.com.do\/index.php\/wp-json\/wp\/v2\/types\/post"}],"author":[{"embeddable":true,"href":"https:\/\/lasprimeras.com.do\/index.php\/wp-json\/wp\/v2\/users\/3"}],"replies":[{"embeddable":true,"href":"https:\/\/lasprimeras.com.do\/index.php\/wp-json\/wp\/v2\/comments?post=67933"}],"version-history":[{"count":1,"href":"https:\/\/lasprimeras.com.do\/index.php\/wp-json\/wp\/v2\/posts\/67933\/revisions"}],"predecessor-version":[{"id":67935,"href":"https:\/\/lasprimeras.com.do\/index.php\/wp-json\/wp\/v2\/posts\/67933\/revisions\/67935"}],"wp:featuredmedia":[{"embeddable":true,"href":"https:\/\/lasprimeras.com.do\/index.php\/wp-json\/wp\/v2\/media\/67934"}],"wp:attachment":[{"href":"https:\/\/lasprimeras.com.do\/index.php\/wp-json\/wp\/v2\/media?parent=67933"}],"wp:term":[{"taxonomy":"category","embeddable":true,"href":"https:\/\/lasprimeras.com.do\/index.php\/wp-json\/wp\/v2\/categories?post=67933"},{"taxonomy":"post_tag","embeddable":true,"href":"https:\/\/lasprimeras.com.do\/index.php\/wp-json\/wp\/v2\/tags?post=67933"}],"curies":[{"name":"wp","href":"https:\/\/api.w.org\/{rel}","templated":true}]}}