{"id":67936,"date":"2023-11-20T14:46:45","date_gmt":"2023-11-20T18:46:45","guid":{"rendered":"https:\/\/lasprimeras.com.do\/?p=67936"},"modified":"2023-11-20T14:46:47","modified_gmt":"2023-11-20T18:46:47","slug":"mas-de-50-hospitales-afectados-por-las-lluvias-tienen-filtraciones-y-equipos-danados","status":"publish","type":"post","link":"https:\/\/lasprimeras.com.do\/index.php\/2023\/11\/20\/mas-de-50-hospitales-afectados-por-las-lluvias-tienen-filtraciones-y-equipos-danados\/","title":{"rendered":"M\u00e1s de 50 hospitales afectados por las lluvias; tienen filtraciones y equipos da\u00f1ados"},"content":{"rendered":"\n<p>Santo Domingo.-Distintos hospitales de la red p\u00fablica del Gran Santo Domingo y de varias provincias del pa\u00eds resultaron afectados con filtraciones en su planta f\u00edsica, inundaciones y da\u00f1os de equipos, incluyendo \u00e1reas quir\u00fargicas, de internamiento y de im\u00e1genes, como consecuencia de las lluvias que afectaron al pa\u00eds este s\u00e1bado.<\/p>\n\n\n\n<p>Los m\u00e1s afectados fueron los hospitales de la regi\u00f3n Metropolitana, que comprende los centros de salud de las provincias Santo Domingo y Monte Plata, de acuerdo con un levantamiento realizado ayer por el Servicio Nacional de Salud (SNS), a trav\u00e9s de su Direcci\u00f3n de Infraestructura y Equipos.<\/p>\n\n\n\n<p>El reporte detalla que en el Hospital Francisco Moscoso Puello, la entrada, \u00e1rea de Emergencia y los quir\u00f3fanos est\u00e1n colapsados por el agua, el Rayos X fijo y el tom\u00f3grafo fuera de servicio por las filtraciones y que CECANOT reporta grave problema de drenaje en el entorno y filtraciones en algunas \u00e1reas, adem\u00e1s de abundante agua en las zonas de acceso que penetr\u00f3 a la cocina del primer piso.<\/p>\n\n\n\n<p>Los hospitales Marcelino V\u00e9lez, Mario Tolentino Deep, Pedi\u00e1trico Hugo Mendoza e Infantil Robert Re\u00edd Cabral presentan filtraciones e inundaciones en varias \u00e1reas por lo que algunas habitaciones est\u00e1n fuera de servicio.<\/p>\n\n\n\n<p>Otros centros con filtraciones e inundaciones en menor medida, que reporta el SNS, son el Vinicio Calventi, el Materno Reynaldo Alm\u00e1nzar Jacinto Ma\u00f1\u00f3n, CEMADOJA, El Almirante, Alcarrizos II, Ciudad Juan Bosch, Santo Socorro, INCART, Salvador B. Gautier y Engombe, algunos de estos presentaron tambi\u00e9n fallas el\u00e9ctricas.<\/p>\n\n\n\n<p>Indica que en el Hospital Municipal Hacienda Estrella result\u00f3 inundada la zona intervenida por trabajos de remozamientos, adem\u00e1s de otras \u00e1reas de servicios. En el Servicio Regional de Salud Valdesia, el Hospital Juan Pablo Pina de San Crist\u00f3bal, presenta filtraciones en algunas \u00e1reas y reporta, hasta el momento, tres pacientes ingresados por derrumbe en Jamey, con diagn\u00f3sticos de abrasiones m\u00faltiples leves.<\/p>\n\n\n\n<p>El Hospital Provincial Nuestra Se\u00f1ora de Regla, en Ban\u00ed, tiene filtraciones en m\u00faltiples \u00e1reas, pisos inundados y \u00e1rea en construcci\u00f3n tambi\u00e9n llena de agua.<\/p>\n","protected":false},"excerpt":{"rendered":"<p>Santo Domingo.-Distintos hospitales de la red p\u00fablica del Gran Santo Domingo y de varias provincias del pa\u00eds resultaron afectados con filtraciones en su planta f\u00edsica, inundaciones y da\u00f1os de equipos,&hellip;<\/p>\n","protected":false},"author":3,"featured_media":67937,"comment_status":"open","ping_status":"open","sticky":false,"template":"","format":"standard","meta":{"content-type":"","jetpack_post_was_ever_published":false,"_jetpack_newsletter_access":"","_jetpack_dont_email_post_to_subs":false,"_jetpack_newsletter_tier_id":0,"_jetpack_memberships_contains_paywalled_content":false,"_jetpack_memberships_contains_paid_content":false,"footnotes":""},"categories":[35],"tags":[2130],"class_list":["post-67936","post","type-post","status-publish","format-standard","has-post-thumbnail","hentry","category-nacionales","tag-lluvias"],"jetpack_featured_media_url":"https:\/\/lasprimeras.com.do\/wp-content\/uploads\/2023\/11\/WhatsApp-Image-2023-11-20-at-12.59.20-PM-1.jpeg","jetpack-related-posts":[{"id":67970,"url":"https:\/\/lasprimeras.com.do\/index.php\/2023\/11\/20\/mas-de-50-hospitales-afectados-por-las-lluvias-tienen-filtraciones-y-equipos-danados-2\/","url_meta":{"origin":67936,"position":0},"title":"M\u00c1S DE 50 HOSPITALES AFECTADOS POR LAS LLUVIAS; TIENEN FILTRACIONES Y EQUIPOS DA\u00d1ADOS","author":"Nelson Feliz","date":"20 de noviembre de 2023","format":false,"excerpt":"Distintos hospitales de la red p\u00fablica del Gran Santo Domingo y de varias provincias del pa\u00eds resultaron afectados con filtraciones en su planta f\u00edsica, inundaciones y da\u00f1os de equipos, incluyendo \u00e1reas quir\u00fargicas, de internamiento y de im\u00e1genes, como consecuencia de las lluvias que afectaron al pa\u00eds este s\u00e1bado. Los m\u00e1s\u2026","rel":"","context":"En \u00abNACIONALES\u00bb","block_context":{"text":"NACIONALES","link":"https:\/\/lasprimeras.com.do\/index.php\/category\/nacionales\/"},"img":{"alt_text":"","src":"https:\/\/i0.wp.com\/lasprimeras.com.do\/wp-content\/uploads\/2023\/11\/WhatsApp-Image-2023-11-20-at-12.59.20-PM-2-696x341-1.jpeg?resize=350%2C200&ssl=1","width":350,"height":200,"srcset":"https:\/\/i0.wp.com\/lasprimeras.com.do\/wp-content\/uploads\/2023\/11\/WhatsApp-Image-2023-11-20-at-12.59.20-PM-2-696x341-1.jpeg?resize=350%2C200&ssl=1 1x, https:\/\/i0.wp.com\/lasprimeras.com.do\/wp-content\/uploads\/2023\/11\/WhatsApp-Image-2023-11-20-at-12.59.20-PM-2-696x341-1.jpeg?resize=525%2C300&ssl=1 1.5x"},"classes":[]},{"id":68141,"url":"https:\/\/lasprimeras.com.do\/index.php\/2023\/11\/22\/ponen-hospitales-en-alerta-para-responder-a-las-posibles-secuelas-por-intensas-lluvias\/","url_meta":{"origin":67936,"position":1},"title":"Ponen hospitales en alerta para responder a las posibles secuelas por intensas lluvias","author":"BIMARY DE JES\u00daS Matos","date":"22 de noviembre de 2023","format":false,"excerpt":"Santo Domingo.-La direcci\u00f3n nacional de la red hospitalaria del Servicio Nacional de Salud (SNS) ha comenzado a preparar los distintos hospitales de la red p\u00fablica para responder ante la posibilidad de que en los pr\u00f3ximos d\u00edas se registre un incremento en la demanda de atenci\u00f3n m\u00e9dica, como secuela de las\u2026","rel":"","context":"En \u00abNACIONALES\u00bb","block_context":{"text":"NACIONALES","link":"https:\/\/lasprimeras.com.do\/index.php\/category\/nacionales\/"},"img":{"alt_text":"","src":"https:\/\/i0.wp.com\/lasprimeras.com.do\/wp-content\/uploads\/2023\/11\/Noticias-de-energia-6-12.jpg?resize=350%2C200&ssl=1","width":350,"height":200,"srcset":"https:\/\/i0.wp.com\/lasprimeras.com.do\/wp-content\/uploads\/2023\/11\/Noticias-de-energia-6-12.jpg?resize=350%2C200&ssl=1 1x, https:\/\/i0.wp.com\/lasprimeras.com.do\/wp-content\/uploads\/2023\/11\/Noticias-de-energia-6-12.jpg?resize=525%2C300&ssl=1 1.5x, https:\/\/i0.wp.com\/lasprimeras.com.do\/wp-content\/uploads\/2023\/11\/Noticias-de-energia-6-12.jpg?resize=700%2C400&ssl=1 2x"},"classes":[]},{"id":85538,"url":"https:\/\/lasprimeras.com.do\/index.php\/2024\/07\/01\/pedernales-y-barahona-en-alerta-roja-seran-las-provincias-mas-afectadas-por-lluvias-de-beryl\/","url_meta":{"origin":67936,"position":2},"title":"Pedernales y Barahona en alerta roja: Ser\u00e1n las provincias m\u00e1s afectadas por lluvias de Beryl","author":"Nelson Feliz","date":"1 de julio de 2024","format":false,"excerpt":"Se esperan lluvias significativas en gran parte del territorio nacional, ya que se esperan entre 50 y 150 mil\u00edmetros y en lugares aislados, se podr\u00edan alcanzar hasta los 200. El Centro de Operaciones de Emergencia (COE) coloc\u00f3 bajo alerta roja a las provincias de Barahona y Pedernales, ya que ser\u00e1n\u2026","rel":"","context":"En \u00abNACIONALES\u00bb","block_context":{"text":"NACIONALES","link":"https:\/\/lasprimeras.com.do\/index.php\/category\/nacionales\/"},"img":{"alt_text":"","src":"https:\/\/i0.wp.com\/lasprimeras.com.do\/wp-content\/uploads\/2024\/07\/trayec.jpeg?resize=350%2C200&ssl=1","width":350,"height":200,"srcset":"https:\/\/i0.wp.com\/lasprimeras.com.do\/wp-content\/uploads\/2024\/07\/trayec.jpeg?resize=350%2C200&ssl=1 1x, https:\/\/i0.wp.com\/lasprimeras.com.do\/wp-content\/uploads\/2024\/07\/trayec.jpeg?resize=525%2C300&ssl=1 1.5x, https:\/\/i0.wp.com\/lasprimeras.com.do\/wp-content\/uploads\/2024\/07\/trayec.jpeg?resize=700%2C400&ssl=1 2x"},"classes":[]},{"id":62933,"url":"https:\/\/lasprimeras.com.do\/index.php\/2023\/10\/09\/cmd-anuncia-un-paro-de-labores-hoy-en-el-hospital-moscoso-puello\/","url_meta":{"origin":67936,"position":3},"title":"CMD anuncia un paro de labores hoy en el hospital Moscoso Puello","author":"BIMARY DE JES\u00daS Matos","date":"9 de octubre de 2023","format":false,"excerpt":"SANTO DOMINGO, Rep\u00fablica Dominicana.- El Colegio M\u00e9dico Dominicano anunci\u00f3 para este lunes un paro de labores por dos d\u00edas en el hospital Francisco Moscoso de esta capital, debido a la falta de insumos e incluso agua para brindar una atenci\u00f3n digna. El presidente del gremio, Sen\u00e9n Caba, precis\u00f3 que solo\u2026","rel":"","context":"En \u00abNACIONALES\u00bb","block_context":{"text":"NACIONALES","link":"https:\/\/lasprimeras.com.do\/index.php\/category\/nacionales\/"},"img":{"alt_text":"","src":"https:\/\/i0.wp.com\/lasprimeras.com.do\/wp-content\/uploads\/2023\/10\/WhatsApp-Image-2023-10-09-at-7.44.34-AM.png?resize=350%2C200&ssl=1","width":350,"height":200,"srcset":"https:\/\/i0.wp.com\/lasprimeras.com.do\/wp-content\/uploads\/2023\/10\/WhatsApp-Image-2023-10-09-at-7.44.34-AM.png?resize=350%2C200&ssl=1 1x, https:\/\/i0.wp.com\/lasprimeras.com.do\/wp-content\/uploads\/2023\/10\/WhatsApp-Image-2023-10-09-at-7.44.34-AM.png?resize=525%2C300&ssl=1 1.5x"},"classes":[]},{"id":62537,"url":"https:\/\/lasprimeras.com.do\/index.php\/2023\/10\/05\/medicos-del-moscoso-puello-anuncia-paro-el-lunes-y-el-martes-por-faltas-de-condiciones-en-el-centro\/","url_meta":{"origin":67936,"position":4},"title":"M\u00e9dicos del Moscoso Puello anuncia paro el lunes y el martes por faltas de condiciones en el centro","author":"BIMARY DE JES\u00daS Matos","date":"5 de octubre de 2023","format":false,"excerpt":"SANTO DOMINGO.- Los m\u00e9dicos residentes del hospital Francisco Moscoso Puello amenazaron con abandonar los servicios debido a la falta de condiciones para desarrollar sus labores en dicho centro de salud. El Consejo de Ense\u00f1anza del hospital tambi\u00e9n se expres\u00f3 al respecto y decret\u00f3 un paro para este lunes 9 y\u2026","rel":"","context":"En \u00abNACIONALES\u00bb","block_context":{"text":"NACIONALES","link":"https:\/\/lasprimeras.com.do\/index.php\/category\/nacionales\/"},"img":{"alt_text":"","src":"https:\/\/i0.wp.com\/lasprimeras.com.do\/wp-content\/uploads\/2023\/10\/WhatsApp-Image-2023-10-05-at-9.55.14-AM-1.webp?resize=350%2C200&ssl=1","width":350,"height":200,"srcset":"https:\/\/i0.wp.com\/lasprimeras.com.do\/wp-content\/uploads\/2023\/10\/WhatsApp-Image-2023-10-05-at-9.55.14-AM-1.webp?resize=350%2C200&ssl=1 1x, https:\/\/i0.wp.com\/lasprimeras.com.do\/wp-content\/uploads\/2023\/10\/WhatsApp-Image-2023-10-05-at-9.55.14-AM-1.webp?resize=525%2C300&ssl=1 1.5x, https:\/\/i0.wp.com\/lasprimeras.com.do\/wp-content\/uploads\/2023\/10\/WhatsApp-Image-2023-10-05-at-9.55.14-AM-1.webp?resize=700%2C400&ssl=1 2x"},"classes":[]},{"id":127148,"url":"https:\/\/lasprimeras.com.do\/index.php\/2026\/04\/09\/abinader-dispone-una-serie-de-medidas-para-acudir-en-auxilio-de-familias-afectadas-por-fuertes-lluvias\/","url_meta":{"origin":67936,"position":5},"title":"Abinader dispone una serie de medidas para acudir en auxilio de familias afectadas por fuertes lluvias","author":"Nelson Feliz","date":"9 de abril de 2026","format":false,"excerpt":"_Director del COE exhorta a la poblaci\u00f3n, en las zonas alertadas y en el resto del pa\u00eds, dar un estricto seguimiento a los informes del Indomet y a los lineamientos de los organismos de protecci\u00f3n civil._ _Alcaldesa del Distrito Nacional destaca r\u00e1pida respuesta de las autoridades ante las incidencias provocadas\u2026","rel":"","context":"En \u00abNACIONALES\u00bb","block_context":{"text":"NACIONALES","link":"https:\/\/lasprimeras.com.do\/index.php\/category\/nacionales\/"},"img":{"alt_text":"","src":"https:\/\/i0.wp.com\/lasprimeras.com.do\/wp-content\/uploads\/2026\/04\/IMG-20260408-WA0539.jpg?resize=350%2C200&ssl=1","width":350,"height":200,"srcset":"https:\/\/i0.wp.com\/lasprimeras.com.do\/wp-content\/uploads\/2026\/04\/IMG-20260408-WA0539.jpg?resize=350%2C200&ssl=1 1x, https:\/\/i0.wp.com\/lasprimeras.com.do\/wp-content\/uploads\/2026\/04\/IMG-20260408-WA0539.jpg?resize=525%2C300&ssl=1 1.5x, https:\/\/i0.wp.com\/lasprimeras.com.do\/wp-content\/uploads\/2026\/04\/IMG-20260408-WA0539.jpg?resize=700%2C400&ssl=1 2x, https:\/\/i0.wp.com\/lasprimeras.com.do\/wp-content\/uploads\/2026\/04\/IMG-20260408-WA0539.jpg?resize=1050%2C600&ssl=1 3x"},"classes":[]}],"jetpack_sharing_enabled":true,"_links":{"self":[{"href":"https:\/\/lasprimeras.com.do\/index.php\/wp-json\/wp\/v2\/posts\/67936","targetHints":{"allow":["GET"]}}],"collection":[{"href":"https:\/\/lasprimeras.com.do\/index.php\/wp-json\/wp\/v2\/posts"}],"about":[{"href":"https:\/\/lasprimeras.com.do\/index.php\/wp-json\/wp\/v2\/types\/post"}],"author":[{"embeddable":true,"href":"https:\/\/lasprimeras.com.do\/index.php\/wp-json\/wp\/v2\/users\/3"}],"replies":[{"embeddable":true,"href":"https:\/\/lasprimeras.com.do\/index.php\/wp-json\/wp\/v2\/comments?post=67936"}],"version-history":[{"count":1,"href":"https:\/\/lasprimeras.com.do\/index.php\/wp-json\/wp\/v2\/posts\/67936\/revisions"}],"predecessor-version":[{"id":67938,"href":"https:\/\/lasprimeras.com.do\/index.php\/wp-json\/wp\/v2\/posts\/67936\/revisions\/67938"}],"wp:featuredmedia":[{"embeddable":true,"href":"https:\/\/lasprimeras.com.do\/index.php\/wp-json\/wp\/v2\/media\/67937"}],"wp:attachment":[{"href":"https:\/\/lasprimeras.com.do\/index.php\/wp-json\/wp\/v2\/media?parent=67936"}],"wp:term":[{"taxonomy":"category","embeddable":true,"href":"https:\/\/lasprimeras.com.do\/index.php\/wp-json\/wp\/v2\/categories?post=67936"},{"taxonomy":"post_tag","embeddable":true,"href":"https:\/\/lasprimeras.com.do\/index.php\/wp-json\/wp\/v2\/tags?post=67936"}],"curies":[{"name":"wp","href":"https:\/\/api.w.org\/{rel}","templated":true}]}}