{"id":67958,"date":"2023-11-20T20:32:06","date_gmt":"2023-11-21T00:32:06","guid":{"rendered":"https:\/\/lasprimeras.com.do\/?p=67958"},"modified":"2023-11-20T20:32:08","modified_gmt":"2023-11-21T00:32:08","slug":"cnss-aprueba-manual-de-reparto-de-pension","status":"publish","type":"post","link":"https:\/\/lasprimeras.com.do\/index.php\/2023\/11\/20\/cnss-aprueba-manual-de-reparto-de-pension\/","title":{"rendered":"CNSS aprueba manual de reparto de pensi\u00f3n"},"content":{"rendered":"\n<p><strong>Unos 20,000 trabajadores p\u00fablicos podr\u00e1n realizar el traspaso desde las AFP al Sistema de Reparto Estatal.<\/strong><\/p>\n\n\n\n<p>El Consejo Nacional de Seguridad Social (CNSS) aprob\u00f3 el Manual de Procedimientos para el Traspaso desde el Sistema de Cuenta de Capitalizaci\u00f3n Individual (CCI) al Sistema de Reparto Estatal, para que unos 20,000 trabajadores del sector p\u00fablico puedan iniciar su solicitud de cambio.<\/p>\n\n\n\n<p>La decisi\u00f3n se adopt\u00f3 despu\u00e9s que el Consejo aprob\u00f3, el 6 de julio de este a\u00f1o, la resoluci\u00f3n 572-07 que favorece el proceso.<\/p>\n\n\n\n<p>En otras palabras, los trabajadores del sector p\u00fablico que tengan m\u00e1s de 60 a\u00f1os de edad y 20 a\u00f1os de servicio, que hayan cotizado en el sistema de pensiones por reparto y que ahora se encuentran en el sistema individual, podr\u00e1n optar por su retorno al Sistema de Reparto Estatal.<\/p>\n\n\n\n<p>El objetivo del manual es establecer el procedimiento relativo al tr\u00e1mite de solicitudes de retorno voluntario de trabajadores que estuvieron activos cotizando bajo el amparo del Sistema de Reparto Estatal, al momento o previo al inicio del Seguro de Vejez, Discapacidad y Sobrevivencia que comenz\u00f3 el d\u00eda 1 de junio del 2003.<\/p>\n\n\n\n<p>Tambi\u00e9n se evaluar\u00e1n las solicitudes de afiliados con aportes provenientes del sector privado al Sistema de Reparto Estatal, para el beneficio de una pensi\u00f3n.<\/p>\n\n\n\n<p>En una reuni\u00f3n ordinaria encabezada por el ministro de Trabajo y presidente del CNSS, Luis Miguel De Camps, se aprob\u00f3 la resoluci\u00f3n No. 579-02 que permitir\u00e1 que miles de servidores p\u00fablicos con derechos adquiridos y que actualmente cotizan en alguna Administradora de Fondos de Pensiones (AFP) puedan optar por este traspaso.<\/p>\n\n\n\n<p>La resoluci\u00f3n establece que la Comisi\u00f3n Interinstitucional Evaluadora de traspasos estar\u00e1 integrada por la Direcci\u00f3n General de Informaci\u00f3n y Defensa de los Afiliados (DIDA), entidad coordinadora, la Superintendencia de Pensiones (Sipen), la Direcci\u00f3n General de Jubilaciones y Pensiones (DGJP) y la Asociaci\u00f3n Dominicana de Administradoras de Fondos de Pensiones (Adafp).<\/p>\n\n\n\n<p>La Comisi\u00f3n Evaluadora tendr\u00e1 como funciones conocer, evaluar y decidir sobre las solicitudes de traspaso de fondos para aquellos trabajadores que deseen el retorno voluntario al Sistema de Reparto.<\/p>\n\n\n\n<p>Tambi\u00e9n, evaluar\u00e1 los casos de afiliados al Sistema de Reparto con aportes del sector privado que cumplan con los requerimientos para obtener una pensi\u00f3n estatal administrada por la DGJP.<\/p>\n\n\n\n<p>Sobre los requisitos para solicitar el cambio<\/p>\n\n\n\n<p>De acuerdo con el documento, uno de los requisitos que el trabajador debe cumplir para solicitar el cambio de sistema es tener como m\u00ednimo 20 a\u00f1os de servicio y 60 a\u00f1os de edad.<\/p>\n\n\n\n<p>Adem\u00e1s, haber estado activo en un Sistema de Reparto administrado por la DGJP, previo o al momento del inicio del Seguro de Vejez, Discapacidad y Sobrevivencia (SVDS), el cual comenz\u00f3 el 1 de junio del 2003.<\/p>\n\n\n\n<p>El manual establece que la DIDA recibir\u00e1 las solicitudes de traspasos voluntarios desde la Cuenta de Capitalizaci\u00f3n Individual (CCI) al Sistema de Reparto Estatal de los afiliados solicitantes.<\/p>\n\n\n\n<p>Llenar el formulario de solicitud y aportar documentos que evidencien la vinculaci\u00f3n del servidor con alguna entidad p\u00fablica o privada.<\/p>\n\n\n\n<p>El usuario podr\u00e1 cancelarla su solicitud de cambio del sistema individual a reparto \u00fanicamente cuando la comisi\u00f3n no la haya aprobado.<\/p>\n\n\n\n<p>El proceso de verificaci\u00f3n de requisitos tarda aproximadamente cinco d\u00edas h\u00e1biles.<\/p>\n\n\n\n<p>El Sistema de Reparto Estatal se basa en aportaciones definidas, que constituyen un fondo com\u00fan del cual los afiliados en edad de retiro reciben las pensiones.<\/p>\n\n\n\n<p>En este sistema, el monto de la pensi\u00f3n asignada a cada beneficiario no guarda relaci\u00f3n con el aporte realizado durante su vida laboral.<\/p>\n","protected":false},"excerpt":{"rendered":"<p>Unos 20,000 trabajadores p\u00fablicos podr\u00e1n realizar el traspaso desde las AFP al Sistema de Reparto Estatal. El Consejo Nacional de Seguridad Social (CNSS) aprob\u00f3 el Manual de Procedimientos para el&hellip;<\/p>\n","protected":false},"author":2,"featured_media":67959,"comment_status":"open","ping_status":"open","sticky":false,"template":"","format":"standard","meta":{"content-type":"","jetpack_post_was_ever_published":false,"_jetpack_newsletter_access":"","_jetpack_dont_email_post_to_subs":false,"_jetpack_newsletter_tier_id":0,"_jetpack_memberships_contains_paywalled_content":false,"_jetpack_memberships_contains_paid_content":false,"footnotes":""},"categories":[39,25],"tags":[4381,9657,8147,4383,4382],"class_list":["post-67958","post","type-post","status-publish","format-standard","has-post-thumbnail","hentry","category-economia","category-portada","tag-cnss","tag-manual","tag-pension","tag-reparto","tag-servidores-publicos"],"jetpack_featured_media_url":"https:\/\/lasprimeras.com.do\/wp-content\/uploads\/2023\/11\/DIDA-recibira-las-solicitudes-de-traspasos-voluntarios.jpg","jetpack-related-posts":[{"id":54113,"url":"https:\/\/lasprimeras.com.do\/index.php\/2023\/07\/07\/cnss-aprueba-traspaso-a-mas-20-mil-servidores-publicos-al-sistema-de-reparto\/","url_meta":{"origin":67958,"position":0},"title":"CNSS aprueba traspaso a m\u00e1s 20 mil servidores p\u00fablicos al Sistema de Reparto","author":"Nelson Feliz","date":"7 de julio de 2023","format":false,"excerpt":"El Consejo Nacional de Seguridad Social (CNSS), a trav\u00e9s de la resoluci\u00f3n No. 572-07 aprob\u00f3 que m\u00e1s de 20 mil servidores p\u00fablicos puedan optar por un retorno voluntario al Sistema de Reparto, dichos trabajadores fueron afiliados en el 2003 en el Seguro de Vejez, Discapacidad y Sobrevivencia, que establece la\u2026","rel":"","context":"En \u00abECONOM\u00cdA\u00bb","block_context":{"text":"ECONOM\u00cdA","link":"https:\/\/lasprimeras.com.do\/index.php\/category\/economia\/"},"img":{"alt_text":"Administradora de Fondos de Pensiones","src":"https:\/\/i0.wp.com\/lasprimeras.com.do\/wp-content\/uploads\/2023\/07\/Luis-Miguel-De-Camps.jpg?resize=350%2C200&ssl=1","width":350,"height":200,"srcset":"https:\/\/i0.wp.com\/lasprimeras.com.do\/wp-content\/uploads\/2023\/07\/Luis-Miguel-De-Camps.jpg?resize=350%2C200&ssl=1 1x, https:\/\/i0.wp.com\/lasprimeras.com.do\/wp-content\/uploads\/2023\/07\/Luis-Miguel-De-Camps.jpg?resize=525%2C300&ssl=1 1.5x, https:\/\/i0.wp.com\/lasprimeras.com.do\/wp-content\/uploads\/2023\/07\/Luis-Miguel-De-Camps.jpg?resize=700%2C400&ssl=1 2x"},"classes":[]},{"id":68274,"url":"https:\/\/lasprimeras.com.do\/index.php\/2023\/11\/22\/dida-convoca-comite-interinstitucional\/","url_meta":{"origin":67958,"position":1},"title":"DIDA convoca Comit\u00e9 Interinstitucional","author":"Nelson Feliz","date":"22 de noviembre de 2023","format":false,"excerpt":"Iniciar Procesos Aprobaci\u00f3n Traspaso Sistema de Reparto Servidores P\u00fablicos Afiliados a una AFP. Por Martin Restituyo La Titular de la Direcci\u00f3n General de Informaci\u00f3n y Defensa de los Afiliados a la Seguridad Social (DIDA) Carolina Serrata M\u00e9ndez convoc\u00f3 la Comisi\u00f3n Interinstitucional de Traspasos de Cuenta de Capitalizaci\u00f3n Individual al Sistema\u2026","rel":"","context":"En \u00abECONOM\u00cdA\u00bb","block_context":{"text":"ECONOM\u00cdA","link":"https:\/\/lasprimeras.com.do\/index.php\/category\/economia\/"},"img":{"alt_text":"Carolina Serrata M\u00e9ndez","src":"https:\/\/i0.wp.com\/lasprimeras.com.do\/wp-content\/uploads\/2023\/11\/Carolina-Serrata-Mendez.jpg?resize=350%2C200&ssl=1","width":350,"height":200,"srcset":"https:\/\/i0.wp.com\/lasprimeras.com.do\/wp-content\/uploads\/2023\/11\/Carolina-Serrata-Mendez.jpg?resize=350%2C200&ssl=1 1x, https:\/\/i0.wp.com\/lasprimeras.com.do\/wp-content\/uploads\/2023\/11\/Carolina-Serrata-Mendez.jpg?resize=525%2C300&ssl=1 1.5x, https:\/\/i0.wp.com\/lasprimeras.com.do\/wp-content\/uploads\/2023\/11\/Carolina-Serrata-Mendez.jpg?resize=700%2C400&ssl=1 2x"},"classes":[]},{"id":54128,"url":"https:\/\/lasprimeras.com.do\/index.php\/2023\/07\/07\/adafp-respalda-resolucion-cnss-que-facilita-acceso-a-pensiones-a-trabajadores-del-estado\/","url_meta":{"origin":67958,"position":2},"title":"ADAFP respalda resoluci\u00f3n CNSS que facilita acceso a pensiones a trabajadores del Estado","author":"Nelson Feliz","date":"7 de julio de 2023","format":false,"excerpt":"El gremio de las AFP valor\u00f3 la Resoluci\u00f3n 572-07 del Consejo Nacional de la Seguridad Social (CNSS), que facilitar\u00e1 que miles de trabajadores en edad de retiro, que cotizaron en el sistema anterior, obtengan pensiones estatales y que, adem\u00e1s, si han aportado al sistema con empleadores privados podr\u00e1n recibir el\u2026","rel":"","context":"En \u00abECONOM\u00cdA\u00bb","block_context":{"text":"ECONOM\u00cdA","link":"https:\/\/lasprimeras.com.do\/index.php\/category\/economia\/"},"img":{"alt_text":"Kirsis J\u00e1quez, presidenta ejecutiva ADAFP.jpg","src":"https:\/\/i0.wp.com\/lasprimeras.com.do\/wp-content\/uploads\/2023\/07\/Kirsis-Jaquez-presidenta-ejecutiva-ADAFP.jpg-.jpg?resize=350%2C200&ssl=1","width":350,"height":200,"srcset":"https:\/\/i0.wp.com\/lasprimeras.com.do\/wp-content\/uploads\/2023\/07\/Kirsis-Jaquez-presidenta-ejecutiva-ADAFP.jpg-.jpg?resize=350%2C200&ssl=1 1x, https:\/\/i0.wp.com\/lasprimeras.com.do\/wp-content\/uploads\/2023\/07\/Kirsis-Jaquez-presidenta-ejecutiva-ADAFP.jpg-.jpg?resize=525%2C300&ssl=1 1.5x, https:\/\/i0.wp.com\/lasprimeras.com.do\/wp-content\/uploads\/2023\/07\/Kirsis-Jaquez-presidenta-ejecutiva-ADAFP.jpg-.jpg?resize=700%2C400&ssl=1 2x"},"classes":[]},{"id":61055,"url":"https:\/\/lasprimeras.com.do\/index.php\/2023\/09\/21\/el-gobierno-ha-otorgado-95-mil-525-pensiones-en-diversas-modalidades\/","url_meta":{"origin":67958,"position":3},"title":"El Gobierno ha otorgado 95 mil 525 pensiones en diversas modalidades","author":"Nelson Feliz","date":"21 de septiembre de 2023","format":false,"excerpt":"El director general de Jubilaciones y Pensiones a Cargo del Estado, Juan Rosa, inform\u00f3 que durante la gesti\u00f3n gubernamental que encabeza el presidente Luis Abinader, se han otorgado 95 mil 525 pensiones en sus diversas modalidades, tales como, solidarias, especiales, del IDSS, civiles y policiales, y realizado ajustes a unas\u2026","rel":"","context":"En \u00abECONOM\u00cdA\u00bb","block_context":{"text":"ECONOM\u00cdA","link":"https:\/\/lasprimeras.com.do\/index.php\/category\/economia\/"},"img":{"alt_text":"Juan Rosa","src":"https:\/\/i0.wp.com\/lasprimeras.com.do\/wp-content\/uploads\/2023\/09\/Juan-Rosa.jpg?resize=350%2C200&ssl=1","width":350,"height":200,"srcset":"https:\/\/i0.wp.com\/lasprimeras.com.do\/wp-content\/uploads\/2023\/09\/Juan-Rosa.jpg?resize=350%2C200&ssl=1 1x, https:\/\/i0.wp.com\/lasprimeras.com.do\/wp-content\/uploads\/2023\/09\/Juan-Rosa.jpg?resize=525%2C300&ssl=1 1.5x, https:\/\/i0.wp.com\/lasprimeras.com.do\/wp-content\/uploads\/2023\/09\/Juan-Rosa.jpg?resize=700%2C400&ssl=1 2x"},"classes":[]},{"id":114428,"url":"https:\/\/lasprimeras.com.do\/index.php\/2025\/11\/13\/uct-exige-a-hacienda-devolver-fondos-de-pensiones-retenidos-a-ex-trabajadores-de-nestle\/","url_meta":{"origin":67958,"position":4},"title":"UCT exige a Hacienda devolver fondos de pensiones retenidos a ex trabajadores de Nestl\u00e9","author":"Nelson Feliz","date":"13 de noviembre de 2025","format":false,"excerpt":"La Confederaci\u00f3n Uni\u00f3n Clasista de Trabajadores (UCT) exige al Ministro de Hacienda, Mag\u00edn Javier D\u00edaz, que ordene la devoluci\u00f3n de fondos retenidos a ocho ex trabajadores de Nestl\u00e9. Estos empleados, originalmente afiliados a un sistema de capitalizaci\u00f3n individual (AFP Siembra), fueron traspasados sin su consentimiento al sistema de reparto estatal.\u2026","rel":"","context":"En \u00abECONOM\u00cdA\u00bb","block_context":{"text":"ECONOM\u00cdA","link":"https:\/\/lasprimeras.com.do\/index.php\/category\/economia\/"},"img":{"alt_text":"","src":"https:\/\/i0.wp.com\/lasprimeras.com.do\/wp-content\/uploads\/2025\/11\/pensionados.jpg?resize=350%2C200&ssl=1","width":350,"height":200,"srcset":"https:\/\/i0.wp.com\/lasprimeras.com.do\/wp-content\/uploads\/2025\/11\/pensionados.jpg?resize=350%2C200&ssl=1 1x, https:\/\/i0.wp.com\/lasprimeras.com.do\/wp-content\/uploads\/2025\/11\/pensionados.jpg?resize=525%2C300&ssl=1 1.5x, https:\/\/i0.wp.com\/lasprimeras.com.do\/wp-content\/uploads\/2025\/11\/pensionados.jpg?resize=700%2C400&ssl=1 2x"},"classes":[]},{"id":117006,"url":"https:\/\/lasprimeras.com.do\/index.php\/2025\/12\/07\/dida-objeta-resolucion-624-05-de-contrato-poliza-del-cnss-por-violar-derechos-de-los-afiliados\/","url_meta":{"origin":67958,"position":5},"title":"DIDA objeta Resoluci\u00f3n 624-05 de Contrato P\u00f3liza del CNSS por violar derechos de los afiliados","author":"Nelson Feliz","date":"7 de diciembre de 2025","format":false,"excerpt":"\u00a0Solicita dejar sin efecto dicha Resoluci\u00f3n y su Contrato P\u00f3liza alegando que el mismo vulnera derechos fundamentales de los afiliados y contradice el mandato Constitucional de ampliar la cobertura, no de restringirla. La Direcci\u00f3n General de Informaci\u00f3n y Defensa de los Afiliados a la Seguridad Social (DIDA) someti\u00f3 ante el\u2026","rel":"","context":"En \u00abNACIONALES\u00bb","block_context":{"text":"NACIONALES","link":"https:\/\/lasprimeras.com.do\/index.php\/category\/nacionales\/"},"img":{"alt_text":"El\u00edas B\u00e1ez","src":"https:\/\/i0.wp.com\/lasprimeras.com.do\/wp-content\/uploads\/2025\/12\/Elias-Baez-1.jpg?resize=350%2C200&ssl=1","width":350,"height":200,"srcset":"https:\/\/i0.wp.com\/lasprimeras.com.do\/wp-content\/uploads\/2025\/12\/Elias-Baez-1.jpg?resize=350%2C200&ssl=1 1x, https:\/\/i0.wp.com\/lasprimeras.com.do\/wp-content\/uploads\/2025\/12\/Elias-Baez-1.jpg?resize=525%2C300&ssl=1 1.5x, https:\/\/i0.wp.com\/lasprimeras.com.do\/wp-content\/uploads\/2025\/12\/Elias-Baez-1.jpg?resize=700%2C400&ssl=1 2x"},"classes":[]}],"jetpack_sharing_enabled":true,"_links":{"self":[{"href":"https:\/\/lasprimeras.com.do\/index.php\/wp-json\/wp\/v2\/posts\/67958","targetHints":{"allow":["GET"]}}],"collection":[{"href":"https:\/\/lasprimeras.com.do\/index.php\/wp-json\/wp\/v2\/posts"}],"about":[{"href":"https:\/\/lasprimeras.com.do\/index.php\/wp-json\/wp\/v2\/types\/post"}],"author":[{"embeddable":true,"href":"https:\/\/lasprimeras.com.do\/index.php\/wp-json\/wp\/v2\/users\/2"}],"replies":[{"embeddable":true,"href":"https:\/\/lasprimeras.com.do\/index.php\/wp-json\/wp\/v2\/comments?post=67958"}],"version-history":[{"count":1,"href":"https:\/\/lasprimeras.com.do\/index.php\/wp-json\/wp\/v2\/posts\/67958\/revisions"}],"predecessor-version":[{"id":67960,"href":"https:\/\/lasprimeras.com.do\/index.php\/wp-json\/wp\/v2\/posts\/67958\/revisions\/67960"}],"wp:featuredmedia":[{"embeddable":true,"href":"https:\/\/lasprimeras.com.do\/index.php\/wp-json\/wp\/v2\/media\/67959"}],"wp:attachment":[{"href":"https:\/\/lasprimeras.com.do\/index.php\/wp-json\/wp\/v2\/media?parent=67958"}],"wp:term":[{"taxonomy":"category","embeddable":true,"href":"https:\/\/lasprimeras.com.do\/index.php\/wp-json\/wp\/v2\/categories?post=67958"},{"taxonomy":"post_tag","embeddable":true,"href":"https:\/\/lasprimeras.com.do\/index.php\/wp-json\/wp\/v2\/tags?post=67958"}],"curies":[{"name":"wp","href":"https:\/\/api.w.org\/{rel}","templated":true}]}}