{"id":68035,"date":"2023-11-21T08:10:41","date_gmt":"2023-11-21T12:10:41","guid":{"rendered":"https:\/\/lasprimeras.com.do\/?p=68035"},"modified":"2023-11-21T08:10:43","modified_gmt":"2023-11-21T12:10:43","slug":"expresidente-del-codia-diandino-fue-advertido-en-1999-que-el-diseno-era-inadecuado","status":"publish","type":"post","link":"https:\/\/lasprimeras.com.do\/index.php\/2023\/11\/21\/expresidente-del-codia-diandino-fue-advertido-en-1999-que-el-diseno-era-inadecuado\/","title":{"rendered":"Expresidente del CODIA: Diandino fue advertido en 1999 que el dise\u00f1o era inadecuado"},"content":{"rendered":"\n<p>El expresidente del&nbsp;Colegio Dominicano de Ingenieros, Arquitectos y Agrimensores (CODIA),&nbsp;Teodoro Tejada, inform\u00f3 que una comisi\u00f3n del gremio solicit\u00f3 en 1999 al exministro de Obras P\u00fablica (MOP), Diandino Pe\u00f1a, la sustituci\u00f3n de los paneles prefabricados del paso a desnivel de la avenida 27 de febrero con M\u00e1ximo G\u00f3mez.<\/p>\n\n\n\n<p>Tejada, declar\u00f3 que el entonces ministro de Obras P\u00fablicas Ing. Diandino Pe\u00f1a, no accedi\u00f3 al llamado, sino que m\u00e1s bien, entr\u00f3 en conflicto con el gremio y contin\u00fao la instalaci\u00f3n de los paneles prefabricados y a los siete meses la obra empez\u00f3 agrietarse, sin embargo no se tom\u00f3 la medida de lugar.<\/p>\n\n\n\n<p>El exdirector del&nbsp;CODIA,&nbsp;indic\u00f3 que recomendaron cambiarlo debido a que el dise\u00f1o era inadecuado, pero que Diandino lo que hizo fue una bravuconer\u00eda y nombr\u00f3 una comisi\u00f3n que dieron un informe contrario en base a lo que le beneficiara al ministro.<\/p>\n\n\n\n<p>Teodoro Tejada, revel\u00f3 que el muro colaps\u00f3 porque no se dise\u00f1\u00f3 en base a un estudio hidrot\u00e9cnico, y determinaron que el \u00e1rea donde transitan los veh\u00edculos no era tan fuerte para crearle esa carga viva.<\/p>\n","protected":false},"excerpt":{"rendered":"<p>El expresidente del&nbsp;Colegio Dominicano de Ingenieros, Arquitectos y Agrimensores (CODIA),&nbsp;Teodoro Tejada, inform\u00f3 que una comisi\u00f3n del gremio solicit\u00f3 en 1999 al exministro de Obras P\u00fablica (MOP), Diandino Pe\u00f1a, la sustituci\u00f3n&hellip;<\/p>\n","protected":false},"author":2,"featured_media":68036,"comment_status":"open","ping_status":"open","sticky":false,"template":"","format":"standard","meta":{"content-type":"","jetpack_post_was_ever_published":false,"_jetpack_newsletter_access":"","_jetpack_dont_email_post_to_subs":false,"_jetpack_newsletter_tier_id":0,"_jetpack_memberships_contains_paywalled_content":false,"_jetpack_memberships_contains_paid_content":false,"footnotes":""},"categories":[35],"tags":[9672,9671,4060,9670,4698,24],"class_list":["post-68035","post","type-post","status-publish","format-standard","has-post-thumbnail","hentry","category-nacionales","tag-av-maximo-gomez","tag-av-27-de-febrero","tag-codia","tag-diandino-pena","tag-expresidente","tag-muertes"],"jetpack_featured_media_url":"https:\/\/lasprimeras.com.do\/wp-content\/uploads\/2023\/11\/Teodoro-Tejada.jpg","jetpack-related-posts":[{"id":68680,"url":"https:\/\/lasprimeras.com.do\/index.php\/2023\/11\/26\/tejada-estima-losa-desnivel-27-febrero-cedio-por-error-diseno\/","url_meta":{"origin":68035,"position":0},"title":"Tejada estima losa desnivel 27 Febrero cedi\u00f3 por error dise\u00f1o","author":"Nelson Feliz","date":"26 de noviembre de 2023","format":false,"excerpt":"Desliga Obras P\u00fablicas del incidente, no es responsable drenaje. El expresidente del Colegio Dominicano de Ingenieros, Arquitectos y Agrimensores (CODIA), Teodoro Tejada, consider\u00f3 que el colapso de las losas del paso a desnivel de la 27 de Febrero con M\u00e1ximo G\u00f3mez, el pasado 18 de noviembre, que provoc\u00f3 las muertes\u2026","rel":"","context":"En \u00abNACIONALES\u00bb","block_context":{"text":"NACIONALES","link":"https:\/\/lasprimeras.com.do\/index.php\/category\/nacionales\/"},"img":{"alt_text":"Teodoro Tejada","src":"https:\/\/i0.wp.com\/lasprimeras.com.do\/wp-content\/uploads\/2023\/11\/Teodoro-Tejada-1.jpg?resize=350%2C200&ssl=1","width":350,"height":200,"srcset":"https:\/\/i0.wp.com\/lasprimeras.com.do\/wp-content\/uploads\/2023\/11\/Teodoro-Tejada-1.jpg?resize=350%2C200&ssl=1 1x, https:\/\/i0.wp.com\/lasprimeras.com.do\/wp-content\/uploads\/2023\/11\/Teodoro-Tejada-1.jpg?resize=525%2C300&ssl=1 1.5x, https:\/\/i0.wp.com\/lasprimeras.com.do\/wp-content\/uploads\/2023\/11\/Teodoro-Tejada-1.jpg?resize=700%2C400&ssl=1 2x"},"classes":[]},{"id":68038,"url":"https:\/\/lasprimeras.com.do\/index.php\/2023\/11\/21\/osiris-de-leon-recomienda-evaluar-tuneles-y-pasos-a-desnivel-en-el-gsd-y-santiago\/","url_meta":{"origin":68035,"position":1},"title":"Osiris de Le\u00f3n recomienda evaluar t\u00faneles y pasos a desnivel en el GSD y Santiago","author":"Nelson Feliz","date":"21 de noviembre de 2023","format":false,"excerpt":"El ge\u00f3logo Osiris de Le\u00f3n recomend\u00f3 a las autoridades gubernamentales evaluar todos los t\u00faneles y pasos a desnivel en el Gran Santo Domingo y Santiago para devolver a los ciudadanos la confianza de usar esas estructuras a partir de la tragedia del s\u00e1bado en la Avenida 27 de febrero, con\u2026","rel":"","context":"En \u00abNACIONALES\u00bb","block_context":{"text":"NACIONALES","link":"https:\/\/lasprimeras.com.do\/index.php\/category\/nacionales\/"},"img":{"alt_text":"Osiris de Leon","src":"https:\/\/i0.wp.com\/lasprimeras.com.do\/wp-content\/uploads\/2023\/07\/Osiris-de-Leon.jpg?resize=350%2C200&ssl=1","width":350,"height":200,"srcset":"https:\/\/i0.wp.com\/lasprimeras.com.do\/wp-content\/uploads\/2023\/07\/Osiris-de-Leon.jpg?resize=350%2C200&ssl=1 1x, https:\/\/i0.wp.com\/lasprimeras.com.do\/wp-content\/uploads\/2023\/07\/Osiris-de-Leon.jpg?resize=525%2C300&ssl=1 1.5x, https:\/\/i0.wp.com\/lasprimeras.com.do\/wp-content\/uploads\/2023\/07\/Osiris-de-Leon.jpg?resize=700%2C400&ssl=1 2x"},"classes":[]},{"id":55145,"url":"https:\/\/lasprimeras.com.do\/index.php\/2023\/07\/18\/tejada-reclama-instituciones-publicas-se-acojan-equilibrio-economico-dispuso-abinader\/","url_meta":{"origin":68035,"position":2},"title":"Tejada reclama instituciones p\u00fablicas se acojan equilibrio econ\u00f3mico dispuso Abinader","author":"Nelson Feliz","date":"18 de julio de 2023","format":false,"excerpt":"El expresidente del Colegio de Ingenieros, Arquitectos y Agrimensores \u2013CODIA-, Teodoro Tejada favoreci\u00f3 las declaraciones del actual presidente del CODIA, en cuanto a que la mayor\u00eda de las obras del estado est\u00e1n paralizadas, porque a\u00fan no se ha realizado el equilibrio econ\u00f3mico frente al alza que han sufrido los materiales\u2026","rel":"","context":"En \u00abECONOM\u00cdA\u00bb","block_context":{"text":"ECONOM\u00cdA","link":"https:\/\/lasprimeras.com.do\/index.php\/category\/economia\/"},"img":{"alt_text":"Teodoro Tejada","src":"https:\/\/i0.wp.com\/lasprimeras.com.do\/wp-content\/uploads\/2023\/07\/Teodoro-Tejada.jpg?resize=350%2C200&ssl=1","width":350,"height":200,"srcset":"https:\/\/i0.wp.com\/lasprimeras.com.do\/wp-content\/uploads\/2023\/07\/Teodoro-Tejada.jpg?resize=350%2C200&ssl=1 1x, https:\/\/i0.wp.com\/lasprimeras.com.do\/wp-content\/uploads\/2023\/07\/Teodoro-Tejada.jpg?resize=525%2C300&ssl=1 1.5x, https:\/\/i0.wp.com\/lasprimeras.com.do\/wp-content\/uploads\/2023\/07\/Teodoro-Tejada.jpg?resize=700%2C400&ssl=1 2x"},"classes":[]},{"id":111395,"url":"https:\/\/lasprimeras.com.do\/index.php\/2025\/10\/07\/codia-mas-del-60-de-los-proyectos-de-construccion-en-el-cibao-se-desarrollan-de-manera-irregular\/","url_meta":{"origin":68035,"position":3},"title":"Codia: m\u00e1s del 60 % de los proyectos de construcci\u00f3n en el Cibao se desarrollan de manera irregular","author":"Nelson Feliz","date":"7 de octubre de 2025","format":false,"excerpt":"El presidente del gremio en la regional norte dice que muchos proyectos se levantan sin supervisi\u00f3n t\u00e9cnica ni validaci\u00f3n de planos, lo que representa un riesgo para la poblaci\u00f3n. El presidente del Colegio Dominicano de Ingenieros, Arquitectos y Agrimensores (Codia) Regional Norte, expres\u00f3 preocupaci\u00f3n por la alta cantidad de proyectos\u2026","rel":"","context":"En \u00abNACIONALES\u00bb","block_context":{"text":"NACIONALES","link":"https:\/\/lasprimeras.com.do\/index.php\/category\/nacionales\/"},"img":{"alt_text":"","src":"https:\/\/i0.wp.com\/lasprimeras.com.do\/wp-content\/uploads\/2025\/10\/Ramon-Martinez.jpg?resize=350%2C200&ssl=1","width":350,"height":200,"srcset":"https:\/\/i0.wp.com\/lasprimeras.com.do\/wp-content\/uploads\/2025\/10\/Ramon-Martinez.jpg?resize=350%2C200&ssl=1 1x, https:\/\/i0.wp.com\/lasprimeras.com.do\/wp-content\/uploads\/2025\/10\/Ramon-Martinez.jpg?resize=525%2C300&ssl=1 1.5x, https:\/\/i0.wp.com\/lasprimeras.com.do\/wp-content\/uploads\/2025\/10\/Ramon-Martinez.jpg?resize=700%2C400&ssl=1 2x"},"classes":[]},{"id":116599,"url":"https:\/\/lasprimeras.com.do\/index.php\/2025\/12\/02\/tejada-defiende-constitucionalidad-de-aplicar-ley-83-24-a-obras-estatales\/","url_meta":{"origin":68035,"position":4},"title":"Tejada defiende constitucionalidad de aplicar Ley 83-24 a obras estatales","author":"Nelson Feliz","date":"2 de diciembre de 2025","format":false,"excerpt":"El ex presidente del Colegio de Ingenieros, Arquitectos y Agrimensores (CODIA) ingeniero Teodoro Tejada consider\u00f3 que es constitucional aplicar la Ley 83-24 a todas las obras estatales, cuyos presupuestos est\u00e1n afectados por el \"nudo legal\" heredado de administraciones anteriores, a los fines de que se puedan modificar los contratos de\u2026","rel":"","context":"En \u00abNACIONALES\u00bb","block_context":{"text":"NACIONALES","link":"https:\/\/lasprimeras.com.do\/index.php\/category\/nacionales\/"},"img":{"alt_text":"","src":"https:\/\/i0.wp.com\/lasprimeras.com.do\/wp-content\/uploads\/2024\/11\/Teodoro-Tejada.jpg?resize=350%2C200&ssl=1","width":350,"height":200,"srcset":"https:\/\/i0.wp.com\/lasprimeras.com.do\/wp-content\/uploads\/2024\/11\/Teodoro-Tejada.jpg?resize=350%2C200&ssl=1 1x, https:\/\/i0.wp.com\/lasprimeras.com.do\/wp-content\/uploads\/2024\/11\/Teodoro-Tejada.jpg?resize=525%2C300&ssl=1 1.5x"},"classes":[]},{"id":109916,"url":"https:\/\/lasprimeras.com.do\/index.php\/2025\/09\/23\/tejada-denuncia-practicas-excluyentes-en-licitaciones-del-mivhed\/","url_meta":{"origin":68035,"position":5},"title":"Tejada denuncia pr\u00e1cticas excluyentes en licitaciones del MIVHED","author":"Nelson Feliz","date":"23 de septiembre de 2025","format":false,"excerpt":"El ex presidente del Colegio de Ingenieros, Arquitectos y Agrimensores (CODIA), ingeniero Teodoro Tejada, denunci\u00f3 que el ministro de la Vivienda, H\u00e1bitat y Edificaciones (MIVHED), Carlos Bonilla, contin\u00faa con pr\u00e1cticas nocivas en los procesos de licitaci\u00f3n p\u00fablica para la construcci\u00f3n de obras. El ex presidente del CODIA advirti\u00f3 que esas\u2026","rel":"","context":"En \u00abECONOM\u00cdA\u00bb","block_context":{"text":"ECONOM\u00cdA","link":"https:\/\/lasprimeras.com.do\/index.php\/category\/economia\/"},"img":{"alt_text":"Teodoro Tejada","src":"https:\/\/i0.wp.com\/lasprimeras.com.do\/wp-content\/uploads\/2025\/09\/Teodoro-Tejada.jpg?resize=350%2C200&ssl=1","width":350,"height":200,"srcset":"https:\/\/i0.wp.com\/lasprimeras.com.do\/wp-content\/uploads\/2025\/09\/Teodoro-Tejada.jpg?resize=350%2C200&ssl=1 1x, https:\/\/i0.wp.com\/lasprimeras.com.do\/wp-content\/uploads\/2025\/09\/Teodoro-Tejada.jpg?resize=525%2C300&ssl=1 1.5x, https:\/\/i0.wp.com\/lasprimeras.com.do\/wp-content\/uploads\/2025\/09\/Teodoro-Tejada.jpg?resize=700%2C400&ssl=1 2x"},"classes":[]}],"jetpack_sharing_enabled":true,"_links":{"self":[{"href":"https:\/\/lasprimeras.com.do\/index.php\/wp-json\/wp\/v2\/posts\/68035","targetHints":{"allow":["GET"]}}],"collection":[{"href":"https:\/\/lasprimeras.com.do\/index.php\/wp-json\/wp\/v2\/posts"}],"about":[{"href":"https:\/\/lasprimeras.com.do\/index.php\/wp-json\/wp\/v2\/types\/post"}],"author":[{"embeddable":true,"href":"https:\/\/lasprimeras.com.do\/index.php\/wp-json\/wp\/v2\/users\/2"}],"replies":[{"embeddable":true,"href":"https:\/\/lasprimeras.com.do\/index.php\/wp-json\/wp\/v2\/comments?post=68035"}],"version-history":[{"count":1,"href":"https:\/\/lasprimeras.com.do\/index.php\/wp-json\/wp\/v2\/posts\/68035\/revisions"}],"predecessor-version":[{"id":68037,"href":"https:\/\/lasprimeras.com.do\/index.php\/wp-json\/wp\/v2\/posts\/68035\/revisions\/68037"}],"wp:featuredmedia":[{"embeddable":true,"href":"https:\/\/lasprimeras.com.do\/index.php\/wp-json\/wp\/v2\/media\/68036"}],"wp:attachment":[{"href":"https:\/\/lasprimeras.com.do\/index.php\/wp-json\/wp\/v2\/media?parent=68035"}],"wp:term":[{"taxonomy":"category","embeddable":true,"href":"https:\/\/lasprimeras.com.do\/index.php\/wp-json\/wp\/v2\/categories?post=68035"},{"taxonomy":"post_tag","embeddable":true,"href":"https:\/\/lasprimeras.com.do\/index.php\/wp-json\/wp\/v2\/tags?post=68035"}],"curies":[{"name":"wp","href":"https:\/\/api.w.org\/{rel}","templated":true}]}}