{"id":68038,"date":"2023-11-21T08:39:42","date_gmt":"2023-11-21T12:39:42","guid":{"rendered":"https:\/\/lasprimeras.com.do\/?p=68038"},"modified":"2023-11-21T08:39:44","modified_gmt":"2023-11-21T12:39:44","slug":"osiris-de-leon-recomienda-evaluar-tuneles-y-pasos-a-desnivel-en-el-gsd-y-santiago","status":"publish","type":"post","link":"https:\/\/lasprimeras.com.do\/index.php\/2023\/11\/21\/osiris-de-leon-recomienda-evaluar-tuneles-y-pasos-a-desnivel-en-el-gsd-y-santiago\/","title":{"rendered":"Osiris de Le\u00f3n recomienda evaluar t\u00faneles y pasos a desnivel en el GSD y Santiago"},"content":{"rendered":"\n<p>El ge\u00f3logo Osiris de Le\u00f3n recomend\u00f3 a las autoridades gubernamentales evaluar todos los t\u00faneles y pasos a desnivel en el Gran Santo Domingo y Santiago para devolver a los ciudadanos la confianza de usar esas estructuras a partir de la tragedia del s\u00e1bado en la Avenida 27 de febrero, con la M\u00e1ximo G\u00f3mez.<\/p>\n\n\n\n<p>Dijo que con el cambio clim\u00e1tico van ocurrir eventos peores que el del s\u00e1bado, cuando en la capital cayeron 434 mil\u00edmetros de agua, lo que es equivalente a las lluvias de cinco meses en un d\u00eda, por lo que&nbsp;entiende que es necesario priorizar el drenaje pluvial.<\/p>\n\n\n\n<p>Osiris de Le\u00f3n record\u00f3 que esa misma estructura presenta problemas en 1999, cuando se estaba terminando la construcci\u00f3n y el Colegio de Ingenieros, Arquitectos y Agrimensores (Codia) despu\u00e9s de hacer una evaluaci\u00f3n recomend\u00f3 que se demolieran, pero no se hizo caso.<\/p>\n\n\n\n<p>El experto en Geolog\u00eda y Estudios de Suelos y Medio Ambientales, asegur\u00f3 que el Ministro de Obras P\u00fablicas de ese entonces no accedi\u00f3 al llamado y entr\u00f3 en conflicto con el gremio y contin\u00fao la instalaci\u00f3n de los paneles prefabricados y a los siete meses la obra comenz\u00f3 a presentar problemas.<\/p>\n\n\n\n<p>Dijo que los pasos a desnivel al igual que los t\u00faneles son seguros, pero deben revisarse las entradas y salidas para evitar futuros desplomes de la losa, c\u00f3mo ocurri\u00f3 el pasado s\u00e1bado en la Avenida 27 de febrero, con la M\u00e1ximo G\u00f3mez, en el Distrito Nacional.<\/p>\n","protected":false},"excerpt":{"rendered":"<p>El ge\u00f3logo Osiris de Le\u00f3n recomend\u00f3 a las autoridades gubernamentales evaluar todos los t\u00faneles y pasos a desnivel en el Gran Santo Domingo y Santiago para devolver a los ciudadanos&hellip;<\/p>\n","protected":false},"author":2,"featured_media":53813,"comment_status":"open","ping_status":"open","sticky":false,"template":"","format":"standard","meta":{"content-type":"","jetpack_post_was_ever_published":false,"_jetpack_newsletter_access":"","_jetpack_dont_email_post_to_subs":false,"_jetpack_newsletter_tier_id":0,"_jetpack_memberships_contains_paywalled_content":false,"_jetpack_memberships_contains_paid_content":false,"footnotes":""},"categories":[35],"tags":[927,1416,9673,1049,9674],"class_list":["post-68038","post","type-post","status-publish","format-standard","has-post-thumbnail","hentry","category-nacionales","tag-gran-santo-domingo","tag-osiris-de-leon","tag-pasos-a-desnivel","tag-santiago","tag-tuneles"],"jetpack_featured_media_url":"https:\/\/lasprimeras.com.do\/wp-content\/uploads\/2023\/07\/Osiris-de-Leon.jpg","jetpack-related-posts":[{"id":78726,"url":"https:\/\/lasprimeras.com.do\/index.php\/2024\/03\/19\/osiris-de-leon-el-paso-a-desnivel-de-la-27-con-maximo-gomez-esta-avanzados-en-un-90\/","url_meta":{"origin":68038,"position":0},"title":"Osiris de Le\u00f3n: El paso a desnivel de la 27 con M\u00e1ximo G\u00f3mez est\u00e1 avanzados en un 90%","author":"Nelson Feliz","date":"19 de marzo de 2024","format":false,"excerpt":"El ge\u00f3logo y Ambientalista Osiris de Le\u00f3n, inform\u00f3 que los trabajos de reconstrucci\u00f3n del paso a desnivel de la avenida 27 de febrero con M\u00e1ximo G\u00f3mez est\u00e1n avanzados en aproximadamente un 90%. El presidente de la Comisi\u00f3n para la Supervisi\u00f3n de las Infraestructuras Nacionales ante el Cambio Clim\u00e1tico, se\u00f1al\u00f3 que\u2026","rel":"","context":"En \u00abNACIONALES\u00bb","block_context":{"text":"NACIONALES","link":"https:\/\/lasprimeras.com.do\/index.php\/category\/nacionales\/"},"img":{"alt_text":"TUNEL","src":"https:\/\/i0.wp.com\/lasprimeras.com.do\/wp-content\/uploads\/2024\/03\/TUNEL.jpeg?resize=350%2C200&ssl=1","width":350,"height":200,"srcset":"https:\/\/i0.wp.com\/lasprimeras.com.do\/wp-content\/uploads\/2024\/03\/TUNEL.jpeg?resize=350%2C200&ssl=1 1x, https:\/\/i0.wp.com\/lasprimeras.com.do\/wp-content\/uploads\/2024\/03\/TUNEL.jpeg?resize=525%2C300&ssl=1 1.5x, https:\/\/i0.wp.com\/lasprimeras.com.do\/wp-content\/uploads\/2024\/03\/TUNEL.jpeg?resize=700%2C400&ssl=1 2x"},"classes":[]},{"id":122037,"url":"https:\/\/lasprimeras.com.do\/index.php\/2026\/02\/12\/osiris-de-leon-reporta-749-infraestructuras-criticas-en-todo-el-territorio\/","url_meta":{"origin":68038,"position":1},"title":"Osiris de Le\u00f3n reporta 749 infraestructuras cr\u00edticas en todo el territorio","author":"Nelson Feliz","date":"12 de febrero de 2026","format":false,"excerpt":"El ge\u00f3logo y ambientalista Osiris de Le\u00f3n present\u00f3 el informe de resultados de la Comisi\u00f3n de Supervisi\u00f3n de Infraestructuras P\u00fablicas ante el Cambio Clim\u00e1tico, destacando que en dos a\u00f1os de trabajo el organismo ha evaluado de manera exhaustiva 749 infraestructuras cr\u00edticas en todo el territorio nacional. De Le\u00f3n, manifest\u00f3 que\u2026","rel":"","context":"En \u00abNACIONALES\u00bb","block_context":{"text":"NACIONALES","link":"https:\/\/lasprimeras.com.do\/index.php\/category\/nacionales\/"},"img":{"alt_text":"Osiris de Le\u00f3n","src":"https:\/\/i0.wp.com\/lasprimeras.com.do\/wp-content\/uploads\/2026\/02\/Osiris-de-Leon.jpg?resize=350%2C200&ssl=1","width":350,"height":200,"srcset":"https:\/\/i0.wp.com\/lasprimeras.com.do\/wp-content\/uploads\/2026\/02\/Osiris-de-Leon.jpg?resize=350%2C200&ssl=1 1x, https:\/\/i0.wp.com\/lasprimeras.com.do\/wp-content\/uploads\/2026\/02\/Osiris-de-Leon.jpg?resize=525%2C300&ssl=1 1.5x, https:\/\/i0.wp.com\/lasprimeras.com.do\/wp-content\/uploads\/2026\/02\/Osiris-de-Leon.jpg?resize=700%2C400&ssl=1 2x"},"classes":[]},{"id":68007,"url":"https:\/\/lasprimeras.com.do\/index.php\/2023\/11\/21\/abinader-dice-origen-de-colapso-en-paso-a-desnivel-se-debio-a-una-falla-de-diseno-y-construccion\/","url_meta":{"origin":68038,"position":2},"title":"Abinader dice origen de colapso en paso a desnivel se debi\u00f3 a una falla de dise\u00f1o y construcci\u00f3n","author":"BIMARY DE JES\u00daS Matos","date":"21 de noviembre de 2023","format":false,"excerpt":"Santo Domingo. \u2013 El presidente Luis Abinader aclara no fue falta de mantenimiento, sino una falla de dise\u00f1o y construcci\u00f3n, el origen del colapso en el t\u00fanel de la Avenida 27 de Febrero con M\u00e1ximo G\u00f3mez. Ante esta situaci\u00f3n, inform\u00f3 sobre la creaci\u00f3n de una comisi\u00f3n para la supervisi\u00f3n de\u2026","rel":"","context":"En \u00abNACIONALES\u00bb","block_context":{"text":"NACIONALES","link":"https:\/\/lasprimeras.com.do\/index.php\/category\/nacionales\/"},"img":{"alt_text":"","src":"https:\/\/i0.wp.com\/lasprimeras.com.do\/wp-content\/uploads\/2023\/11\/WhatsApp-Image-2023-11-20-at-6.40.46-PM-1.webp?resize=350%2C200&ssl=1","width":350,"height":200,"srcset":"https:\/\/i0.wp.com\/lasprimeras.com.do\/wp-content\/uploads\/2023\/11\/WhatsApp-Image-2023-11-20-at-6.40.46-PM-1.webp?resize=350%2C200&ssl=1 1x, https:\/\/i0.wp.com\/lasprimeras.com.do\/wp-content\/uploads\/2023\/11\/WhatsApp-Image-2023-11-20-at-6.40.46-PM-1.webp?resize=525%2C300&ssl=1 1.5x"},"classes":[]},{"id":67961,"url":"https:\/\/lasprimeras.com.do\/index.php\/2023\/11\/20\/presidente-crea-comision-para-evaluar-estructuras-la-presidira-osiris-de-leon\/","url_meta":{"origin":68038,"position":3},"title":"Presidente crea comisi\u00f3n para evaluar estructuras; la presidir\u00e1 Osiris de Le\u00f3n","author":"Nelson Feliz","date":"20 de noviembre de 2023","format":false,"excerpt":"El presidente Luis Abinader anunci\u00f3 este lunes la creaci\u00f3n de una comisi\u00f3n independiente para evaluar las infraestructuras ante los efectos cada vez m\u00e1s frecuentes del cambio clim\u00e1tico. La decisi\u00f3n la tom\u00f3 luego de que uno de los muros del paso a desnivel de la avenida 27 de Febrero con M\u00e1ximo\u2026","rel":"","context":"En \u00abNACIONALES\u00bb","block_context":{"text":"NACIONALES","link":"https:\/\/lasprimeras.com.do\/index.php\/category\/nacionales\/"},"img":{"alt_text":"Luis Abinader en La Semanal con la Prensa","src":"https:\/\/i0.wp.com\/lasprimeras.com.do\/wp-content\/uploads\/2023\/10\/Luis-Abinader-en-La-Semanal-con-la-Prensa.jpg?resize=350%2C200&ssl=1","width":350,"height":200,"srcset":"https:\/\/i0.wp.com\/lasprimeras.com.do\/wp-content\/uploads\/2023\/10\/Luis-Abinader-en-La-Semanal-con-la-Prensa.jpg?resize=350%2C200&ssl=1 1x, https:\/\/i0.wp.com\/lasprimeras.com.do\/wp-content\/uploads\/2023\/10\/Luis-Abinader-en-La-Semanal-con-la-Prensa.jpg?resize=525%2C300&ssl=1 1.5x, https:\/\/i0.wp.com\/lasprimeras.com.do\/wp-content\/uploads\/2023\/10\/Luis-Abinader-en-La-Semanal-con-la-Prensa.jpg?resize=700%2C400&ssl=1 2x"},"classes":[]},{"id":68348,"url":"https:\/\/lasprimeras.com.do\/index.php\/2023\/11\/23\/roberto-rosario-y-osiris-de-leon-se-enfrentan-y-sacan-cuchillos\/","url_meta":{"origin":68038,"position":4},"title":"Roberto Rosario y Osiris de Le\u00f3n se enfrentan y \u201csacan cuchillos\u201d","author":"Nelson Feliz","date":"23 de noviembre de 2023","format":false,"excerpt":"Por Freddy Medrano El expresidente de la Junta Central Electoral (JCE), Roberto Rosario M\u00e1rquez, y el ingeniero ge\u00f3logo Osiris de Le\u00f3n, se enfrentaron con ca\u00f1ones de artiller\u00eda pesada sobre el tema de la reelecci\u00f3n del presidente Luis Abinader con miras a las elecciones del pr\u00f3ximo a\u00f1o. Rosario M\u00e1rquez, tambi\u00e9n dirigente\u2026","rel":"","context":"En \u00abNACIONALES\u00bb","block_context":{"text":"NACIONALES","link":"https:\/\/lasprimeras.com.do\/index.php\/category\/nacionales\/"},"img":{"alt_text":"","src":"","width":0,"height":0},"classes":[]},{"id":106538,"url":"https:\/\/lasprimeras.com.do\/index.php\/2025\/08\/16\/osiris-de-leon-advierte-que-la-presa-de-guagui-en-la-vega-es-un-riesgo-mortal\/","url_meta":{"origin":68038,"position":5},"title":"Osiris de Le\u00f3n advierte que la presa de Guagu\u00ed en La Vega es un riesgo mortal","author":"Nelson Feliz","date":"16 de agosto de 2025","format":false,"excerpt":"El ge\u00f3logo y ambientalista Osiris de Le\u00f3n alert\u00f3 sobre los peligros de construir la presa de Guagu\u00ed en su ubicaci\u00f3n original, asegurando que las rocas del terreno no soportan el peso ni la presi\u00f3n y advirti\u00f3 que insistir en el proyecto ser\u00eda jugar con la vida de miles de personas\u2026","rel":"","context":"En \u00abNACIONALES\u00bb","block_context":{"text":"NACIONALES","link":"https:\/\/lasprimeras.com.do\/index.php\/category\/nacionales\/"},"img":{"alt_text":"","src":"https:\/\/i0.wp.com\/lasprimeras.com.do\/wp-content\/uploads\/2025\/08\/presa-guaygui-1.jpeg?resize=350%2C200&ssl=1","width":350,"height":200,"srcset":"https:\/\/i0.wp.com\/lasprimeras.com.do\/wp-content\/uploads\/2025\/08\/presa-guaygui-1.jpeg?resize=350%2C200&ssl=1 1x, https:\/\/i0.wp.com\/lasprimeras.com.do\/wp-content\/uploads\/2025\/08\/presa-guaygui-1.jpeg?resize=525%2C300&ssl=1 1.5x, https:\/\/i0.wp.com\/lasprimeras.com.do\/wp-content\/uploads\/2025\/08\/presa-guaygui-1.jpeg?resize=700%2C400&ssl=1 2x"},"classes":[]}],"jetpack_sharing_enabled":true,"_links":{"self":[{"href":"https:\/\/lasprimeras.com.do\/index.php\/wp-json\/wp\/v2\/posts\/68038","targetHints":{"allow":["GET"]}}],"collection":[{"href":"https:\/\/lasprimeras.com.do\/index.php\/wp-json\/wp\/v2\/posts"}],"about":[{"href":"https:\/\/lasprimeras.com.do\/index.php\/wp-json\/wp\/v2\/types\/post"}],"author":[{"embeddable":true,"href":"https:\/\/lasprimeras.com.do\/index.php\/wp-json\/wp\/v2\/users\/2"}],"replies":[{"embeddable":true,"href":"https:\/\/lasprimeras.com.do\/index.php\/wp-json\/wp\/v2\/comments?post=68038"}],"version-history":[{"count":1,"href":"https:\/\/lasprimeras.com.do\/index.php\/wp-json\/wp\/v2\/posts\/68038\/revisions"}],"predecessor-version":[{"id":68039,"href":"https:\/\/lasprimeras.com.do\/index.php\/wp-json\/wp\/v2\/posts\/68038\/revisions\/68039"}],"wp:featuredmedia":[{"embeddable":true,"href":"https:\/\/lasprimeras.com.do\/index.php\/wp-json\/wp\/v2\/media\/53813"}],"wp:attachment":[{"href":"https:\/\/lasprimeras.com.do\/index.php\/wp-json\/wp\/v2\/media?parent=68038"}],"wp:term":[{"taxonomy":"category","embeddable":true,"href":"https:\/\/lasprimeras.com.do\/index.php\/wp-json\/wp\/v2\/categories?post=68038"},{"taxonomy":"post_tag","embeddable":true,"href":"https:\/\/lasprimeras.com.do\/index.php\/wp-json\/wp\/v2\/tags?post=68038"}],"curies":[{"name":"wp","href":"https:\/\/api.w.org\/{rel}","templated":true}]}}